{"id":98519,"date":"2025-09-16T13:19:16","date_gmt":"2025-09-16T11:19:16","guid":{"rendered":"https:\/\/cultureelpersbureau.nl\/?p=98519"},"modified":"2025-09-16T13:19:19","modified_gmt":"2025-09-16T11:19:19","slug":"raad-voor-cultuur-maakt-nieuw-werkprogramma-bekend","status":"publish","type":"post","link":"https:\/\/staging.cultuurpers.nl\/fr\/2025\/09\/raad-voor-cultuur-maakt-nieuw-werkprogramma-bekend\/","title":{"rendered":"Le Conseil Culture annonce un nouveau programme de travail"},"content":{"rendered":"<p>Le programme de travail 2025-2026 du Conseil de la culture a \u00e9t\u00e9 publi\u00e9 aujourd'hui. Le Conseil de la culture est l'organe consultatif statutaire ind\u00e9pendant du gouvernement et du parlement dans les domaines de la culture, du patrimoine, du secteur cr\u00e9atif et des m\u00e9dias. Gr\u00e2ce \u00e0 ses conseils, le Conseil surveille et promeut une vie culturelle riche et une offre m\u00e9diatique diversifi\u00e9e. Le Conseil apporte cette&nbsp;<\/p>\n\n\n\n<figure class=\"wp-block-image\"><img decoding=\"async\" src=\"https:\/\/www.raadvoorcultuur.nl\/binaries\/medium\/content\/gallery\/raadvoorcultuur\/content-afbeeldingen\/actueel\/werkprogramma2526-bijgesneden.png\" alt=\"Programme de travail 2025 2026 r\u00e9duit\"\/><\/figure>\n\n\n\n<p>Cette ann\u00e9e, le Conseil \u00e9mettra des avis sur le contr\u00f4le du secteur culturel et le financement de la culture. En 2026, l'agenda du Conseil comprend des avis sur : la libert\u00e9 artistique et journalistique ; l'impact de l'intelligence artificielle sur le secteur culturel ; la protection des monuments de guerre ; et les revenus des droits dans le secteur de la musique.&nbsp;<\/p>\n\n\n\n<p>La pr\u00e9sidente Kristel Baele sur le programme de travail :&nbsp;<em>\"En tant que conseil consultatif, nous avons le privil\u00e8ge de penser \u00e0 l'avenir, loin des illusions du jour. Cela nous donne la possibilit\u00e9 de mettre \u00e0 l'ordre du jour les sujets qui, selon nous, auront le plus d'impact. Nous esp\u00e9rons que nos conseils dans ce processus seront utiles pour des choix politiques durables qui rendront le secteur culturel et cr\u00e9atif et le domaine des m\u00e9dias encore plus forts\".<\/em><\/p>\n\n\n\n<p>Les avis du Conseil sont \u00e9labor\u00e9s avec la participation et l'expertise de personnes et d'organisations du monde de la culture, du patrimoine, du secteur cr\u00e9atif et des m\u00e9dias. Le Conseil s'efforce toujours de tirer des enseignements et des informations de la pratique en impliquant le terrain et en les juxtaposant aux enseignements de la science.<\/p>\n\n\n\n<h2 class=\"wp-block-heading\">Voir aussi<\/h2>\n\n\n\n<div class=\"su-note\"  style=\"border-color:#e5e54c;border-radius:3px;-moz-border-radius:3px;-webkit-border-radius:3px;\"><div class=\"su-note-inner su-u-clearfix su-u-trim\" style=\"background-color:#FFFF66;border-color:#ffffff;color:#333333;border-radius:3px;-moz-border-radius:3px;-webkit-border-radius:3px;\"><a href=\"https:\/\/www.raadvoorcultuur.nl\/documenten\/jaarplannen\/2025\/09\/16\/werkprogramma-2025-2026\">Programme de travail du Conseil Culture 2025 - 2026<\/a> - Plan annuel | 16-09-2025<\/div><\/div>","protected":false},"excerpt":{"rendered":"<p>Le programme de travail 2025-2026 du Conseil de la culture a \u00e9t\u00e9 publi\u00e9 aujourd'hui. Le Conseil de la culture est l'organe consultatif statutaire ind\u00e9pendant du gouvernement et du parlement dans les domaines de la culture, du patrimoine, du secteur cr\u00e9atif et des m\u00e9dias. Gr\u00e2ce \u00e0 ses conseils, le Conseil surveille et promeut une vie culturelle riche et une offre m\u00e9diatique diversifi\u00e9e. Le Conseil apporte cette&nbsp;<a href=\"https:\/\/staging.cultuurpers.nl\/fr\/2025\/09\/raad-voor-cultuur-maakt-nieuw-werkprogramma-bekend\/\" rel=\"bookmark\">Lire la suite \"<span class=\"screen-reader-text\">Le Conseil Culture annonce un nouveau programme de travail<\/span><\/a><\/p>","protected":false},"author":13,"featured_media":71730,"comment_status":"open","ping_status":"closed","sticky":false,"template":"","format":"standard","meta":{"_eb_attr":"","_monsterinsights_skip_tracking":false,"_monsterinsights_sitenote_active":false,"_monsterinsights_sitenote_note":"","_monsterinsights_sitenote_category":0,"neve_meta_sidebar":"","neve_meta_container":"","neve_meta_enable_content_width":"","neve_meta_content_width":0,"neve_meta_title_alignment":"","neve_meta_author_avatar":"","neve_post_elements_order":"","neve_meta_disable_header":"","neve_meta_disable_footer":"","neve_meta_disable_title":"","neve_meta_reading_time":"","_themeisle_gutenberg_block_has_review":false,"_jetpack_memberships_contains_paid_content":false,"activitypub_content_warning":"","activitypub_content_visibility":"","activitypub_max_image_attachments":3,"activitypub_interaction_policy_quote":"anyone","activitypub_status":"federated","footnotes":"","jetpack_publicize_message":"","jetpack_publicize_feature_enabled":true,"jetpack_social_post_already_shared":false,"jetpack_social_options":{"image_generator_settings":{"template":"highway","default_image_id":0,"font":"","enabled":false},"version":2}},"categories":[15614,11917],"tags":[1148],"class_list":["post-98519","post","type-post","status-publish","format-standard","has-post-thumbnail","hentry","category-beleid","category-persberichten","tag-raad-voor-cultuur"],"aioseo_notices":[],"jetpack_publicize_connections":[],"jetpack_featured_media_url":"https:\/\/staging.cultuurpers.nl\/wp-content\/uploads\/2021\/11\/raadvcultiir.jpg","jetpack-related-posts":[{"id":96953,"url":"https:\/\/staging.cultuurpers.nl\/fr\/2025\/03\/voorzitter-raad-voor-cultuur-roept-op-tot-samenwerking-in-uitdagende-tijden\/","url_meta":{"origin":98519,"position":0},"title":"Le pr\u00e9sident du Conseil de la culture appelle \u00e0 la coop\u00e9ration en ces temps difficiles","author":"een van onze leden","date":"31 mars 2025","format":false,"excerpt":"\"Laten we samen verder bouwen aan een culturele en creatieve sector die blijft verbinden en vernieuwen\". Met deze oproep opent voorzitter Kristel Baele het online jaarverslag 2024 van de Raad voor Cultuur, dat vandaag is gepubliceerd. In haar voorwoord staat ze stil bij de uitdagingen waar instellingen, kunstenaars, makers en\u2026","rel":"","context":"Dans &quot;beleid&quot;","block_context":{"text":"beleid","link":"https:\/\/staging.cultuurpers.nl\/fr\/genre\/beleid\/"},"img":{"alt_text":"logo raad voor cultuur","src":"https:\/\/i0.wp.com\/staging.cultuurpers.nl\/wp-content\/uploads\/2015\/10\/raad-voor-cultuur.jpg?resize=350%2C200&ssl=1","width":350,"height":200,"srcset":"https:\/\/i0.wp.com\/staging.cultuurpers.nl\/wp-content\/uploads\/2015\/10\/raad-voor-cultuur.jpg?resize=350%2C200&ssl=1 1x, https:\/\/i0.wp.com\/staging.cultuurpers.nl\/wp-content\/uploads\/2015\/10\/raad-voor-cultuur.jpg?resize=525%2C300&ssl=1 1.5x, https:\/\/i0.wp.com\/staging.cultuurpers.nl\/wp-content\/uploads\/2015\/10\/raad-voor-cultuur.jpg?resize=700%2C400&ssl=1 2x"},"classes":[]}],"jetpack_shortlink":"https:\/\/wp.me\/p3yKke-pD1","jetpack_sharing_enabled":true,"_links":{"self":[{"href":"https:\/\/staging.cultuurpers.nl\/fr\/wp-json\/wp\/v2\/posts\/98519","targetHints":{"allow":["GET"]}}],"collection":[{"href":"https:\/\/staging.cultuurpers.nl\/fr\/wp-json\/wp\/v2\/posts"}],"about":[{"href":"https:\/\/staging.cultuurpers.nl\/fr\/wp-json\/wp\/v2\/types\/post"}],"author":[{"embeddable":true,"href":"https:\/\/staging.cultuurpers.nl\/fr\/wp-json\/wp\/v2\/users\/13"}],"replies":[{"embeddable":true,"href":"https:\/\/staging.cultuurpers.nl\/fr\/wp-json\/wp\/v2\/comments?post=98519"}],"version-history":[{"count":2,"href":"https:\/\/staging.cultuurpers.nl\/fr\/wp-json\/wp\/v2\/posts\/98519\/revisions"}],"predecessor-version":[{"id":98523,"href":"https:\/\/staging.cultuurpers.nl\/fr\/wp-json\/wp\/v2\/posts\/98519\/revisions\/98523"}],"wp:featuredmedia":[{"embeddable":true,"href":"https:\/\/staging.cultuurpers.nl\/fr\/wp-json\/wp\/v2\/media\/71730"}],"wp:attachment":[{"href":"https:\/\/staging.cultuurpers.nl\/fr\/wp-json\/wp\/v2\/media?parent=98519"}],"wp:term":[{"taxonomy":"category","embeddable":true,"href":"https:\/\/staging.cultuurpers.nl\/fr\/wp-json\/wp\/v2\/categories?post=98519"},{"taxonomy":"post_tag","embeddable":true,"href":"https:\/\/staging.cultuurpers.nl\/fr\/wp-json\/wp\/v2\/tags?post=98519"}],"curies":[{"name":"wp","href":"https:\/\/api.w.org\/{rel}","templated":true}]}}