{"id":98228,"date":"2025-08-14T14:35:52","date_gmt":"2025-08-14T12:35:52","guid":{"rendered":"https:\/\/cultureelpersbureau.nl\/?p=98228"},"modified":"2025-08-14T14:39:15","modified_gmt":"2025-08-14T12:39:15","slug":"een-avond-rauwe-dans-en-verrassingen-ick-presenteert-ick-dans-parade-2025","status":"publish","type":"post","link":"https:\/\/staging.cultuurpers.nl\/fr\/2025\/08\/een-avond-rauwe-dans-en-verrassingen-ick-presenteert-ick-dans-parade-2025\/","title":{"rendered":"UNE SOIR\u00c9E DE DANSE BRUTE ET DE SURPRISES - ICK PR\u00c9SENTE : ICK DANCE PARADE 2025"},"content":{"rendered":"<p>Le samedi 6 septembre 2025, Meervaart se transformera en un vibrant terrain d'essai du mouvement. Au cours de la parade annuelle de l'ICK Dans, l'ICK Dans Amsterdam montrera son c\u00f4t\u00e9 brut, curieux et \u00e9nergique. Les danseurs et les cr\u00e9ateurs donnent un aper\u00e7u exclusif de la nouvelle saison - avec des \u0153uvres qui sont encore en cours d'\u00e9laboration et d'autres qui sont d\u00e9j\u00e0 en cours d'ex\u00e9cution.<\/p>\n\n\n\n<h3 class=\"wp-block-heading\">Brut, impr\u00e9visible et plein de promesses<\/h3>\n\n\n\n<h2 class=\"wp-block-heading\">PENDANT UNE HEURE, UN MONDE DE DANSE<\/h2>\n\n\n\n<p>En soixante minutes, le public traversera une s\u00e9rie de pop-ups, d'esquisses, d'exp\u00e9riences technologiques et de br\u00e8ves rencontres. Cr\u00e9ateurs, <em>ICK<\/em>-danseurs et le nouveau lot <em>ICK-NEXT <\/em>les danseurs se tiennent c\u00f4te \u00e0 c\u00f4te. Le travail des chor\u00e9graphes<em>\u00a0Emio Greco | Pieter C. Scholten<\/em> est entrecoup\u00e9e de voix nouvelles telles que<em> Robin Coops<\/em>\u00a0et<em>\u00a0Melissa Diktas<\/em>.<\/p>\n\n\n\n<p>La soir\u00e9e n'est pas un spectacle achev\u00e9, mais un collage vivant : des rebondissements inattendus, des styles qui s'entrechoquent et un flux d'\u00e9nergie constant. Un pr\u00e9sentateur guide le public tout au long de la soir\u00e9e, en fournissant le contexte et en laissant les cr\u00e9ations parler d'elles-m\u00eames.<\/p>\n\n\n\n<p>La parade de danse d'ICK est le moment id\u00e9al pour faire connaissance avec ICK ou d\u00e9couvrir son travail sous un angle diff\u00e9rent. Que vous soyez passionn\u00e9, professionnel ou simplement curieux, cette soir\u00e9e vous offre un rare aper\u00e7u des coulisses du processus cr\u00e9atif.<\/p>\n\n\n\n<div class=\"su-note\"  style=\"border-color:#e5e54c;border-radius:3px;-moz-border-radius:3px;-webkit-border-radius:3px;\"><div class=\"su-note-inner su-u-clearfix su-u-trim\" style=\"background-color:#FFFF66;border-color:#ffffff;color:#333333;border-radius:3px;-moz-border-radius:3px;-webkit-border-radius:3px;\"><strong>Date : <\/strong><em>6 septembre 2025 \u00e0 20:00<\/em> | <strong>Emplacement : <\/strong><em>Meervaart, Meer et Vaart 300<\/em> | <a href=\"https:\/\/manage.pressmailings.com\/click\/?id=72481973&amp;url=958306&amp;signature=u1OPHWO058_b9n114ncDkKt6hbjsewUKV01DgQrMBZ8\" target=\"_blank\" rel=\"noreferrer noopener\">Informations et billets<\/a><\/div><\/div>","protected":false},"excerpt":{"rendered":"<p>Le samedi 6 septembre 2025, Meervaart se transformera en un vibrant terrain d'essai du mouvement. Au cours de la parade annuelle de l'ICK Dans, l'ICK Dans Amsterdam montrera son c\u00f4t\u00e9 brut, curieux et \u00e9nergique. Les danseurs et les cr\u00e9ateurs donnent un aper\u00e7u exclusif de la nouvelle saison - avec des \u0153uvres qui sont encore en cours d'\u00e9laboration et d'autres qui sont d\u00e9j\u00e0 en cours d'ex\u00e9cution.&nbsp;<a href=\"https:\/\/staging.cultuurpers.nl\/fr\/2025\/08\/een-avond-rauwe-dans-en-verrassingen-ick-presenteert-ick-dans-parade-2025\/\" rel=\"bookmark\">Lire la suite \"<span class=\"screen-reader-text\">UNE SOIR\u00c9E DE DANSE BRUTE ET DE SURPRISES - ICK PR\u00c9SENTE : ICK DANCE PARADE 2025<\/span><\/a><\/p>","protected":false},"author":13,"featured_media":98229,"comment_status":"open","ping_status":"closed","sticky":false,"template":"","format":"standard","meta":{"_eb_attr":"","_monsterinsights_skip_tracking":false,"_monsterinsights_sitenote_active":false,"_monsterinsights_sitenote_note":"","_monsterinsights_sitenote_category":0,"neve_meta_sidebar":"","neve_meta_container":"","neve_meta_enable_content_width":"","neve_meta_content_width":0,"neve_meta_title_alignment":"","neve_meta_author_avatar":"","neve_post_elements_order":"","neve_meta_disable_header":"","neve_meta_disable_footer":"","neve_meta_disable_title":"","neve_meta_reading_time":"","_themeisle_gutenberg_block_has_review":false,"_jetpack_memberships_contains_paid_content":false,"activitypub_content_warning":"","activitypub_content_visibility":"","activitypub_max_image_attachments":3,"activitypub_interaction_policy_quote":"anyone","activitypub_status":"federated","footnotes":"","jetpack_publicize_message":"","jetpack_publicize_feature_enabled":true,"jetpack_social_post_already_shared":false,"jetpack_social_options":{"image_generator_settings":{"template":"highway","default_image_id":0,"enabled":false},"version":2}},"categories":[6695,11917,8843],"tags":[15397],"class_list":["post-98228","post","type-post","status-publish","format-standard","has-post-thumbnail","hentry","category-dans","category-persberichten","category-podiumkunst","tag-ick-amsterdam"],"aioseo_notices":[],"jetpack_publicize_connections":[],"jetpack_featured_media_url":"https:\/\/staging.cultuurpers.nl\/wp-content\/uploads\/2025\/08\/Replay_2541.jpg","jetpack-related-posts":[{"id":95682,"url":"https:\/\/staging.cultuurpers.nl\/fr\/2024\/11\/ick-dans-amsterdam-verlegt-focus\/","url_meta":{"origin":98228,"position":0},"title":"ICK DANS AMSTERDAM CHANGE D'ORIENTATION","author":"een van onze leden","date":"5 novembre 2024","format":false,"excerpt":"ICK Dans Amsterdam be\u00ebindigt per 2025 de productiehuisfunctie. Dit besluit volgt het advies van het Amsterdams Fonds voor de Kunst (AFK), dat heeft besloten deze functie en de bijbehorende financiering niet toe te kennen. Naast de eigen producties gaat ICK de focus de komende jaren richten op onderzoek met name\u2026","rel":"","context":"Dans &quot;DANS&quot;","block_context":{"text":"DANS","link":"https:\/\/staging.cultuurpers.nl\/fr\/genre\/podiumkunst\/dans\/"},"img":{"alt_text":"","src":"https:\/\/i0.wp.com\/staging.cultuurpers.nl\/wp-content\/uploads\/2024\/11\/691d367ceedeef75950c12211025daf147e43fea-scaled.jpeg?resize=350%2C200&ssl=1","width":350,"height":200,"srcset":"https:\/\/i0.wp.com\/staging.cultuurpers.nl\/wp-content\/uploads\/2024\/11\/691d367ceedeef75950c12211025daf147e43fea-scaled.jpeg?resize=350%2C200&ssl=1 1x, https:\/\/i0.wp.com\/staging.cultuurpers.nl\/wp-content\/uploads\/2024\/11\/691d367ceedeef75950c12211025daf147e43fea-scaled.jpeg?resize=525%2C300&ssl=1 1.5x, https:\/\/i0.wp.com\/staging.cultuurpers.nl\/wp-content\/uploads\/2024\/11\/691d367ceedeef75950c12211025daf147e43fea-scaled.jpeg?resize=700%2C400&ssl=1 2x, https:\/\/i0.wp.com\/staging.cultuurpers.nl\/wp-content\/uploads\/2024\/11\/691d367ceedeef75950c12211025daf147e43fea-scaled.jpeg?resize=1050%2C600&ssl=1 3x, https:\/\/i0.wp.com\/staging.cultuurpers.nl\/wp-content\/uploads\/2024\/11\/691d367ceedeef75950c12211025daf147e43fea-scaled.jpeg?resize=1400%2C800&ssl=1 4x"},"classes":[]},{"id":94271,"url":"https:\/\/staging.cultuurpers.nl\/fr\/2024\/05\/unieke-samenwerking-ick-dans-amsterdam-en-mma-wereldkampioen-marloes-coenen\/","url_meta":{"origin":98228,"position":1},"title":"Collaboration unique entre ICK Dance Amsterdam et la championne du monde de MMA Marloes Coenen","author":"een van onze leden","date":"16 mai 2024","format":false,"excerpt":"Op 24 mei a.s. vindt in Frascati Theater te Amsterdam een unieke samenwerking plaats tussen ICK Dans Amsterdam en MMA-wereldkampioen Marloes Coenen. Aansluitend op de voorstelling ROCCO\/ROCCA \u2013 een meermaals bekroonde dansvoorstelling van Emio Greco | Pieter C. Scholten \u2013 gaat Marloes Coenen na afloop van de voorstelling op 24\u2026","rel":"","context":"Dans &quot;DANS&quot;","block_context":{"text":"DANS","link":"https:\/\/staging.cultuurpers.nl\/fr\/genre\/podiumkunst\/dans\/"},"img":{"alt_text":"campagnebeeld door Alex Avgud","src":"https:\/\/i0.wp.com\/staging.cultuurpers.nl\/wp-content\/uploads\/2024\/05\/img14724_orig.webp?resize=350%2C200&ssl=1","width":350,"height":200,"srcset":"https:\/\/i0.wp.com\/staging.cultuurpers.nl\/wp-content\/uploads\/2024\/05\/img14724_orig.webp?resize=350%2C200&ssl=1 1x, https:\/\/i0.wp.com\/staging.cultuurpers.nl\/wp-content\/uploads\/2024\/05\/img14724_orig.webp?resize=525%2C300&ssl=1 1.5x, https:\/\/i0.wp.com\/staging.cultuurpers.nl\/wp-content\/uploads\/2024\/05\/img14724_orig.webp?resize=700%2C400&ssl=1 2x, https:\/\/i0.wp.com\/staging.cultuurpers.nl\/wp-content\/uploads\/2024\/05\/img14724_orig.webp?resize=1050%2C600&ssl=1 3x"},"classes":[]},{"id":88438,"url":"https:\/\/staging.cultuurpers.nl\/fr\/2022\/10\/we-want-it-all-nu-te-zien-op-de-5e-editie-van-het-ick-fest-in-meervaart-theater\/","url_meta":{"origin":98228,"position":2},"title":"We Want it All est maintenant pr\u00e9sent\u00e9 \u00e0 la 5e \u00e9dition de l'ICK-Fest au th\u00e9\u00e2tre Meervaart.","author":"een van onze leden","date":"19 octobre 2022","format":false,"excerpt":"Na de internationale premi\u00e8res in Lugano (Zwitserland) en onlangs als opening van het Romaeuropa festival in Itali\u00eb, is We Want it All nu te zien op de 5e editie van het ICK-Fest in Meervaart theater. Op zaterdag 29 oktober | 21.00u zal tijdens het festival We Want it All haar\u2026","rel":"","context":"Dans &quot;BEELDEND&quot;","block_context":{"text":"BEELDEND","link":"https:\/\/staging.cultuurpers.nl\/fr\/genre\/beeldende-kunst-2\/"},"img":{"alt_text":"","src":"https:\/\/i0.wp.com\/staging.cultuurpers.nl\/wp-content\/uploads\/2022\/10\/collage.jpeg?resize=350%2C200&ssl=1","width":350,"height":200,"srcset":"https:\/\/i0.wp.com\/staging.cultuurpers.nl\/wp-content\/uploads\/2022\/10\/collage.jpeg?resize=350%2C200&ssl=1 1x, https:\/\/i0.wp.com\/staging.cultuurpers.nl\/wp-content\/uploads\/2022\/10\/collage.jpeg?resize=525%2C300&ssl=1 1.5x, https:\/\/i0.wp.com\/staging.cultuurpers.nl\/wp-content\/uploads\/2022\/10\/collage.jpeg?resize=700%2C400&ssl=1 2x, https:\/\/i0.wp.com\/staging.cultuurpers.nl\/wp-content\/uploads\/2022\/10\/collage.jpeg?resize=1050%2C600&ssl=1 3x, https:\/\/i0.wp.com\/staging.cultuurpers.nl\/wp-content\/uploads\/2022\/10\/collage.jpeg?resize=1400%2C800&ssl=1 4x"},"classes":[]},{"id":93851,"url":"https:\/\/staging.cultuurpers.nl\/fr\/2024\/03\/nieuwe-montage-theaterstudio-in-amsterdam\/","url_meta":{"origin":98228,"position":3},"title":"Nouveau studio de montage et de th\u00e9\u00e2tre \u00e0 Amsterdam","author":"een van onze leden","date":"23 mars 2024","format":false,"excerpt":"Top of the Bill voor nieuwe generatie makers: 'Theaterstudio Artist Space' Op 21 maart heeft ICK Dans Amsterdam de deuren geopend van haar nieuwe, state-of-the-art montagestudio aan het WG-terrein in hartje Amsterdam. Dankzij de nieuwe sponsor ETC (Electronic Theatre Controls) is de studio nu voorzien van hoogwaardige, duurzame LED-verlichting en\u2026","rel":"","context":"Dans &quot;DANS&quot;","block_context":{"text":"DANS","link":"https:\/\/staging.cultuurpers.nl\/fr\/genre\/podiumkunst\/dans\/"},"img":{"alt_text":"","src":"https:\/\/i0.wp.com\/staging.cultuurpers.nl\/wp-content\/uploads\/2024\/03\/2e9d1f53a1d3e227bafbf43c75665916e4ac8b18.png?resize=350%2C200&ssl=1","width":350,"height":200,"srcset":"https:\/\/i0.wp.com\/staging.cultuurpers.nl\/wp-content\/uploads\/2024\/03\/2e9d1f53a1d3e227bafbf43c75665916e4ac8b18.png?resize=350%2C200&ssl=1 1x, https:\/\/i0.wp.com\/staging.cultuurpers.nl\/wp-content\/uploads\/2024\/03\/2e9d1f53a1d3e227bafbf43c75665916e4ac8b18.png?resize=525%2C300&ssl=1 1.5x, https:\/\/i0.wp.com\/staging.cultuurpers.nl\/wp-content\/uploads\/2024\/03\/2e9d1f53a1d3e227bafbf43c75665916e4ac8b18.png?resize=700%2C400&ssl=1 2x, https:\/\/i0.wp.com\/staging.cultuurpers.nl\/wp-content\/uploads\/2024\/03\/2e9d1f53a1d3e227bafbf43c75665916e4ac8b18.png?resize=1050%2C600&ssl=1 3x, https:\/\/i0.wp.com\/staging.cultuurpers.nl\/wp-content\/uploads\/2024\/03\/2e9d1f53a1d3e227bafbf43c75665916e4ac8b18.png?resize=1400%2C800&ssl=1 4x"},"classes":[]},{"id":97910,"url":"https:\/\/staging.cultuurpers.nl\/fr\/2025\/07\/rhino-dance-marathon-30-jaar-moderne-dansgeschiedenis-samengebald-in-een-explosief-feest\/","url_meta":{"origin":98228,"position":4},"title":"Rhino Dance Marathon : 30 ans d'histoire de la danse moderne condens\u00e9s dans une f\u00eate explosive","author":"Wijbrand Schaap","date":"11 juillet 2025","format":false,"excerpt":"En interpr\u00e9tant les premi\u00e8res mesures de Saint Matthieu de Bach sur un piano \u00e9lectrique largement amplifi\u00e9, quelque chose se passe dans la salle. Les notes inqui\u00e9tantes retentissent dans une grande salle au plafond bas, puis les danseurs entrent en sc\u00e8ne et projettent contre ce plafond un faisceau d'\u00e9nergie qui vous enfonce profond\u00e9ment dans votre si\u00e8ge. Si vous","rel":"","context":"Dans &quot;DANS&quot;","block_context":{"text":"DANS","link":"https:\/\/staging.cultuurpers.nl\/fr\/genre\/podiumkunst\/dans\/"},"img":{"alt_text":"","src":"https:\/\/i0.wp.com\/staging.cultuurpers.nl\/wp-content\/uploads\/2025\/07\/Rimasto-%C2%A9-Jean-Pierrew-Stoop_LOW.jpg?resize=350%2C200&ssl=1","width":350,"height":200,"srcset":"https:\/\/i0.wp.com\/staging.cultuurpers.nl\/wp-content\/uploads\/2025\/07\/Rimasto-%C2%A9-Jean-Pierrew-Stoop_LOW.jpg?resize=350%2C200&ssl=1 1x, https:\/\/i0.wp.com\/staging.cultuurpers.nl\/wp-content\/uploads\/2025\/07\/Rimasto-%C2%A9-Jean-Pierrew-Stoop_LOW.jpg?resize=525%2C300&ssl=1 1.5x, https:\/\/i0.wp.com\/staging.cultuurpers.nl\/wp-content\/uploads\/2025\/07\/Rimasto-%C2%A9-Jean-Pierrew-Stoop_LOW.jpg?resize=700%2C400&ssl=1 2x, https:\/\/i0.wp.com\/staging.cultuurpers.nl\/wp-content\/uploads\/2025\/07\/Rimasto-%C2%A9-Jean-Pierrew-Stoop_LOW.jpg?resize=1050%2C600&ssl=1 3x, https:\/\/i0.wp.com\/staging.cultuurpers.nl\/wp-content\/uploads\/2025\/07\/Rimasto-%C2%A9-Jean-Pierrew-Stoop_LOW.jpg?resize=1400%2C800&ssl=1 4x"},"classes":[]}],"jetpack_shortlink":"https:\/\/wp.me\/p3yKke-pyk","jetpack_sharing_enabled":true,"_links":{"self":[{"href":"https:\/\/staging.cultuurpers.nl\/fr\/wp-json\/wp\/v2\/posts\/98228","targetHints":{"allow":["GET"]}}],"collection":[{"href":"https:\/\/staging.cultuurpers.nl\/fr\/wp-json\/wp\/v2\/posts"}],"about":[{"href":"https:\/\/staging.cultuurpers.nl\/fr\/wp-json\/wp\/v2\/types\/post"}],"author":[{"embeddable":true,"href":"https:\/\/staging.cultuurpers.nl\/fr\/wp-json\/wp\/v2\/users\/13"}],"replies":[{"embeddable":true,"href":"https:\/\/staging.cultuurpers.nl\/fr\/wp-json\/wp\/v2\/comments?post=98228"}],"version-history":[{"count":1,"href":"https:\/\/staging.cultuurpers.nl\/fr\/wp-json\/wp\/v2\/posts\/98228\/revisions"}],"predecessor-version":[{"id":98230,"href":"https:\/\/staging.cultuurpers.nl\/fr\/wp-json\/wp\/v2\/posts\/98228\/revisions\/98230"}],"wp:featuredmedia":[{"embeddable":true,"href":"https:\/\/staging.cultuurpers.nl\/fr\/wp-json\/wp\/v2\/media\/98229"}],"wp:attachment":[{"href":"https:\/\/staging.cultuurpers.nl\/fr\/wp-json\/wp\/v2\/media?parent=98228"}],"wp:term":[{"taxonomy":"category","embeddable":true,"href":"https:\/\/staging.cultuurpers.nl\/fr\/wp-json\/wp\/v2\/categories?post=98228"},{"taxonomy":"post_tag","embeddable":true,"href":"https:\/\/staging.cultuurpers.nl\/fr\/wp-json\/wp\/v2\/tags?post=98228"}],"curies":[{"name":"wp","href":"https:\/\/api.w.org\/{rel}","templated":true}]}}