{"id":98167,"date":"2025-08-11T11:29:35","date_gmt":"2025-08-11T09:29:35","guid":{"rendered":"https:\/\/cultureelpersbureau.nl\/?p=98167"},"modified":"2025-08-11T11:29:38","modified_gmt":"2025-08-11T09:29:38","slug":"griet-op-de-beeck-verklaart-eva-crutzen-genezen-in-derde-aflevering-van-zomergasten-2025","status":"publish","type":"post","link":"https:\/\/staging.cultuurpers.nl\/fr\/2025\/08\/griet-op-de-beeck-verklaart-eva-crutzen-genezen-in-derde-aflevering-van-zomergasten-2025\/","title":{"rendered":"Griet Op de Beeck d\u00e9clare Eva Crutzen \"gu\u00e9rie\" dans le troisi\u00e8me \u00e9pisode de Zomergasten 2025"},"content":{"rendered":"<p>\"Je t'ai vu enthousiaste\". C'est une phrase assez int\u00e9ressante en termes de construction. Rien d'inattendu dans la bouche d'une personne comme Griet Op de Beeck, qui a plus que m\u00e9rit\u00e9 ses lettres de noblesse dans le domaine artistique. Mais pourquoi cette observation, suivie de celle d'Op de Beeck selon laquelle les choses \"s'arrangeraient bien\" avec Eva Crutzen, a-t-elle \u00e9t\u00e9 la conclusion de trois heures de Summer Guest ?\u00a0<\/p>\n\n\n\n<p>Avons-nous manqu\u00e9 un diagnostic sur le canap\u00e9, \u00e0 la maison, au d\u00e9but de la soir\u00e9e ? L'actrice, \u00e9crivain, chanteuse, productrice de t\u00e9l\u00e9vision et artiste de cabaret Eva Crutzen \u00e9tait-elle venue \u00e0 Hilversum pour demander de l'aide et, par cons\u00e9quent, Diederik Ebbinge \u00e9tait-il lui aussi hors champ, \u00e0 la table du r\u00e9alisateur, en train de discuter avec les techniciens, qu'il connaissait manifestement encore du tournage de Promenade ?\u00a0<\/p>\n\n\n\n<h2 class=\"wp-block-heading\">Devoirs<\/h2>\n\n\n\n<p>Quelques questions sur le troisi\u00e8me \u00e9pisode de <a href=\"https:\/\/staging.cultuurpers.nl\/?s=zomergasten&amp;sort=newest\">cette curieuse saison<\/a> Les invit\u00e9s de l'\u00e9t\u00e9. Nous avions commenc\u00e9 la soir\u00e9e ici, chez nous, sur le canap\u00e9, avec un peu d'espoir. Peut-\u00eatre que Griet Op de Beeck, qui a souffert dans les deux premiers \u00e9pisodes d'une trop grande focalisation sur sa propre histoire (avec Eus) et d'un manque d'\u00e9coute (avec Simon Kuper), laisserait maintenant la place \u00e0 Eva Crutzen pour parler des inspirations qui ont fait d'elle l'une des apparitions les plus marquantes du paysage t\u00e9l\u00e9visuel.&nbsp;<\/p>\n\n\n\n<p>Les choses se g\u00e2tent rapidement. Une fois de plus, Op de Beeck n'a pas pr\u00e9sent\u00e9 son invit\u00e9. Bien s\u00fbr, nous aurions tous pu faire nos devoirs (comme certains lecteurs de ces articles le sugg\u00e9reront), mais une telle introduction n'est pas seulement l\u00e0 pour le t\u00e9l\u00e9spectateur non initi\u00e9. Elle permet \u00e9galement au t\u00e9l\u00e9spectateur bien introduit de savoir quel sera l'angle de l'interview de trois heures.&nbsp;<\/p>\n\n\n\n<h2 class=\"wp-block-heading\">Soigneusement chronologique<\/h2>\n\n\n\n<p>Ce que nous avons obtenu, c'est un r\u00e9sum\u00e9 soign\u00e9 de la vie de Crutzen en commen\u00e7ant par le d\u00e9but, l'accroche principale \u00e9tant la mort de sa m\u00e8re \u00e0 un jeune \u00e2ge. C'est tr\u00e8s grave, bien s\u00fbr, mais ce n'est pas vraiment un secret, et c'est aussi une porte ouverte pour tout psychologue amateur qui a d\u00e9j\u00e0 commenc\u00e9 sa propre analyse avec ChatGPT.\u00a0<\/p>\n\n\n\n<p>D\u00e8s la premi\u00e8re minute, il \u00e9tait clair qu'Op de Beeck voulait savoir ce que Crutzen ressentait \u00e0 propos des fragments qu'elle avait choisis. Souvent, avant que l'invit\u00e9e ne puisse elle-m\u00eame nous dire pourquoi elle a fait ce choix, Op de Beeck s'orientait d\u00e9j\u00e0 vers ce qu'elle pensait \u00eatre l'incitation au sentiment. Ainsi, nous n'avons rien appris sur la vie et le travail de Crutzen, mais elle a pu rester dans sa zone de confort en discutant confortablement de sentiments.&nbsp;<\/p>\n\n\n\n<h2 class=\"wp-block-heading\">Une riposte muscl\u00e9e<\/h2>\n\n\n\n<p>En outre, Op de Beeck a exig\u00e9 d'Eva Crutzen qu'elle soit vuln\u00e9rable, sans rien lui donner en retour. Cela est apparu clairement \u00e0 la toute fin, lorsqu'elle a momentan\u00e9ment baiss\u00e9 son armure et utilis\u00e9 le mot \"je\" \u00e0 propos d'un sujet sensible, apr\u00e8s quoi Crutzen lui a pos\u00e9 une contre-question. Crutzen lui a alors pos\u00e9 une contre-question, qui lui a \u00e9t\u00e9 renvoy\u00e9e en pleine figure avec un angle droit si fort qu'elle n'a plus os\u00e9 apr\u00e8s cela. Ainsi, la derni\u00e8re chance de conversation s'est \u00e9vanouie et la soir\u00e9e de th\u00e9rapie amateur est rest\u00e9e plut\u00f4t superficielle. Cet \u00e9t\u00e9, l'invit\u00e9 d'\u00e9t\u00e9 sera vuln\u00e9rable, mais pas Op de Beeck.<\/p>\n\n\n\n<p>On peut deviner pourquoi les trois heures ont invariablement port\u00e9 sur ce que l'invit\u00e9e ressentait \u00e0 propos de ses extraits soigneusement s\u00e9lectionn\u00e9s. L'exemple le plus frappant est celui de l'extrait du documentaire sur les <a href=\"https:\/\/www.filmvandaag.nl\/film\/6233-young-heart\/online-kijken\">Jeune@C\u0153ur<\/a>dans lequel un vieil homme presque mort chante une chanson de Coldplay qu'il allait en fait chanter avec un ami, qui est lui-m\u00eame mort trop t\u00f4t. <\/p>\n\n\n\n<p>On pourrait parler pendant des heures de ce documentaire, dans lequel des metteurs en sc\u00e8ne du No Theatre, bas\u00e9 aux \u00c9tats-Unis, prennent sous leur aile un ch\u0153ur de chant compos\u00e9 de personnes \u00e2g\u00e9es. Par exemple, il devient clair \u00e0 un moment donn\u00e9 que les jeunes cr\u00e9ateurs se pr\u00e9occupent moins du bien-\u00eatre de leurs choristes tr\u00e8s \u00e2g\u00e9s que de la valeur artistique universelle de leurs propres efforts, avec lesquels la chorale (que j'ai vue \u00e0 plusieurs reprises) est en train de travailler. <a href=\"https:\/\/www.wijbrandschaap.nl\/2004\/09\/road-to-nowhere-youngheart\/\">T\u00e9moin en direct<\/a>) a fait l'objet d'une sorte d'\"ageploitation\". Ce pourrait \u00eatre l'occasion d'une s\u00e9rie douloureuse de Diederik Ebbinge, dans l'\u00e9quipe duquel Eva Crutzen fait fureur depuis quelques ann\u00e9es.\u00a0<\/p>\n\n\n\n<h2 class=\"wp-block-heading\">Parlez-moi de votre m\u00e8re<\/h2>\n\n\n\n<p>Il est int\u00e9ressant de parler de ce genre de choses, mais M. Op de Beeck voulait seulement savoir comment Mme Crutzen (38 ans) se sentait par rapport au fait qu'elle \u00e9tait plus \u00e2g\u00e9e que sa m\u00e8re lorsqu'elle est morte. Inutile de dire que des larmes ont coul\u00e9, et cela s'\u00e9tait d\u00e9j\u00e0 produit ce soir.<\/p>\n\n\n\n<p>Qu'est-ce qui a pouss\u00e9 Op de Beeck \u00e0 placer ses d\u00e9clarations (car elle pose rarement des questions) sur la vie \u00e9motionnelle de son invit\u00e9 au centre de ces trois heures ? Pourquoi la phrase \" Je vous ai vu vous sentir impatient \" est-elle la conclusion qu'Op de Beeck a exprim\u00e9e au sujet de sa patiente avec une sorte de d\u00e9tachement sup\u00e9rieur ? Pourquoi, apr\u00e8s trois heures, \u00e9tait-elle s\u00fbre qu'Eva Crutzen irait bien ?<\/p>\n\n\n\n<p>Est-ce parce que, chez les psychologues, l'acteur est plut\u00f4t mal consid\u00e9r\u00e9, comme quelqu'un qui ne revient jamais vraiment \u00e0 lui, mais qui se cache derri\u00e8re des personnages et se moque des vrais probl\u00e8mes ? Op de Beeck, qui ne garde pas un souvenir tr\u00e8s heureux de sa carri\u00e8re dans le th\u00e9\u00e2tre flamand, avait-il pens\u00e9 \u00e0 montrer \u00e0 Eva Crutzen le chemin de ses sentiments ?&nbsp;<\/p>\n\n\n\n<h2 class=\"wp-block-heading\">Aidez Halsema \u00e0 passer l'\u00e9t\u00e9<\/h2>\n\n\n\n<p>Quelque part en fin de soir\u00e9e, un message est arriv\u00e9 sur Bluesky de la part de Femke Halsema, qui sera l'invit\u00e9e de Griet Op de Beeck lors de l'avant-derni\u00e8re \u00e9mission de cette ann\u00e9e. Le maire d'Amsterdam, qui subit les foudres de la partie misogyne de la droite hollandaise, est tr\u00e8s enthousiaste, r\u00e9v\u00e8le-t-elle.\u00a0<\/p>\n\n\n\n<p>Apr\u00e8s cette soir\u00e9e, nous pouvons la rassurer : Op de Beeck sera seulement curieux de savoir ce que vous ressentez. Tout comme l'expert en g\u00e9nocide qui s'assi\u00e9ra sur le divan la semaine prochaine n'aura qu'\u00e0 vous dire ce que cela fait \u00e0 votre sentiment de vivre aujourd'hui.&nbsp;<\/p>\n\n\n\n<p>La conclusion, vraisemblablement, sera qu'ils sont tous les deux autoris\u00e9s \u00e0 \u00eatre compl\u00e8tement absents pendant un certain temps. Apr\u00e8s tout, Eva l'\u00e9tait aussi.<\/p>\n\n\n\n<div class=\"su-note\"  style=\"border-color:#e5e54c;border-radius:3px;-moz-border-radius:3px;-webkit-border-radius:3px;\"><div class=\"su-note-inner su-u-clearfix su-u-trim\" style=\"background-color:#FFFF66;border-color:#ffffff;color:#333333;border-radius:3px;-moz-border-radius:3px;-webkit-border-radius:3px;\">L\u00e9gende : Summer Nights 2025 \u00e9pisode 3, toujours disponible jusqu'\u00e0 trois semaines apr\u00e8s sa diffusion.\u00a0 <a href=\"https:\/\/npo.nl\/start\/serie\/vpro-zomergasten\/seizoen-37\/vpro-zomergasten_13\/afspelen\">Zomergasten | NPO Start<\/a><\/div><\/div>","protected":false},"excerpt":{"rendered":"<p>\"Je t'ai vu enthousiaste\". C'est une phrase assez int\u00e9ressante en termes de construction. Rien d'inattendu dans la bouche d'une personne comme Griet Op de Beeck, qui a plus que m\u00e9rit\u00e9 ses lettres de noblesse dans le domaine artistique. Mais pourquoi cette observation a-t-elle \u00e9t\u00e9 suivie d'une observation d'Op de Beeck selon laquelle les choses \"s'arrangeraient bien\" avec Eva Crutzen,&nbsp;<a href=\"https:\/\/staging.cultuurpers.nl\/fr\/2025\/08\/griet-op-de-beeck-verklaart-eva-crutzen-genezen-in-derde-aflevering-van-zomergasten-2025\/\" rel=\"bookmark\">Lire la suite \"<span class=\"screen-reader-text\">Griet Op de Beeck d\u00e9clare Eva Crutzen \"gu\u00e9rie\" dans le troisi\u00e8me \u00e9pisode de Zomergasten 2025<\/span><\/a><\/p>","protected":false},"author":4,"featured_media":98168,"comment_status":"open","ping_status":"closed","sticky":false,"template":"","format":"standard","meta":{"_eb_attr":"","_monsterinsights_skip_tracking":false,"_monsterinsights_sitenote_active":false,"_monsterinsights_sitenote_note":"","_monsterinsights_sitenote_category":0,"neve_meta_sidebar":"","neve_meta_container":"","neve_meta_enable_content_width":"","neve_meta_content_width":0,"neve_meta_title_alignment":"","neve_meta_author_avatar":"","neve_post_elements_order":"","neve_meta_disable_header":"","neve_meta_disable_footer":"","neve_meta_disable_title":"","neve_meta_reading_time":"","_themeisle_gutenberg_block_has_review":false,"_jetpack_memberships_contains_paid_content":false,"activitypub_content_warning":"","activitypub_content_visibility":"","activitypub_max_image_attachments":3,"activitypub_interaction_policy_quote":"anyone","activitypub_status":"federated","footnotes":"","jetpack_publicize_message":"","jetpack_publicize_feature_enabled":true,"jetpack_social_post_already_shared":true,"jetpack_social_options":{"image_generator_settings":{"template":"highway","default_image_id":0,"enabled":false},"version":2}},"categories":[6095,9619,8843,8842,11687],"tags":[16422,16423,58,1907],"class_list":["post-98167","post","type-post","status-publish","format-standard","has-post-thumbnail","hentry","category-featured","category-media","category-podiumkunst","category-televisie","category-donatie-gevraagd","tag-eva-crutzen","tag-griet-op-de-beeck","tag-recensie","tag-zomergasten"],"aioseo_notices":[],"jetpack_publicize_connections":[],"jetpack_featured_media_url":"https:\/\/staging.cultuurpers.nl\/wp-content\/uploads\/2025\/08\/Schermafdruk-van-2025-08-11-11-21-25.png","jetpack-related-posts":[{"id":98257,"url":"https:\/\/staging.cultuurpers.nl\/fr\/2025\/08\/de-miraculeuze-come-back-van-griet-op-de-beeck-tijdens-zomergasten-met-ugur-umit-ungor\/","url_meta":{"origin":98167,"position":0},"title":"Le retour miraculeux de Griet Op de Beeck \u00e0 Zomergasten avec U\u011fur \u00dcmit \u00dcng\u00f6r","author":"Wijbrand Schaap","date":"18 ao\u00fbt 2025","format":false,"excerpt":"\"Se pr\u00e9occuper de la souffrance des autres. \u00c9coutez-les et souciez-vous d'eux\". Rarement, au cours des derni\u00e8res d\u00e9cennies, un \u00e9pisode des Invit\u00e9s d'\u00e9t\u00e9 ne s'est achev\u00e9 sur un accord final aussi lourd que celui du dimanche 17 ao\u00fbt 2025. L'invit\u00e9 d'\u00e9t\u00e9 U\u011fur \u00dcmit \u00dcng\u00f6r a ainsi couronn\u00e9 l'impression profonde qu'il a laiss\u00e9e pendant les trois heures de l'\u00e9mission.","rel":"","context":"Dans &quot;ACTUEEL&quot;","block_context":{"text":"ACTUEEL","link":"https:\/\/staging.cultuurpers.nl\/fr\/genre\/nieuws\/"},"img":{"alt_text":"","src":"https:\/\/i0.wp.com\/staging.cultuurpers.nl\/wp-content\/uploads\/2025\/08\/Schermafdruk-van-2025-08-18-11-26-05.png?resize=350%2C200&ssl=1","width":350,"height":200,"srcset":"https:\/\/i0.wp.com\/staging.cultuurpers.nl\/wp-content\/uploads\/2025\/08\/Schermafdruk-van-2025-08-18-11-26-05.png?resize=350%2C200&ssl=1 1x, https:\/\/i0.wp.com\/staging.cultuurpers.nl\/wp-content\/uploads\/2025\/08\/Schermafdruk-van-2025-08-18-11-26-05.png?resize=525%2C300&ssl=1 1.5x, https:\/\/i0.wp.com\/staging.cultuurpers.nl\/wp-content\/uploads\/2025\/08\/Schermafdruk-van-2025-08-18-11-26-05.png?resize=700%2C400&ssl=1 2x, https:\/\/i0.wp.com\/staging.cultuurpers.nl\/wp-content\/uploads\/2025\/08\/Schermafdruk-van-2025-08-18-11-26-05.png?resize=1050%2C600&ssl=1 3x, https:\/\/i0.wp.com\/staging.cultuurpers.nl\/wp-content\/uploads\/2025\/08\/Schermafdruk-van-2025-08-18-11-26-05.png?resize=1400%2C800&ssl=1 4x"},"classes":[]},{"id":98095,"url":"https:\/\/staging.cultuurpers.nl\/fr\/2025\/08\/snakken-naar-stiltes-in-memorabele-zomergasten-met-simon-kuper\/","url_meta":{"origin":98167,"position":1},"title":"Des silences dans les m\u00e9morables #Zomergasten avec Simon Kuper","author":"Wijbrand Schaap","date":"4 ao\u00fbt 2025","format":false,"excerpt":"\u201cJa, snap ik.\u201d Het klonk best vaak uit de mond van presentator Griet Op De Beeck, tijdens uitzending 2 van Zomergasten 2025. Dat zei ze dan, voordat ze had gecheckt of wij thuis dat ook gesnapt hadden. Best lastig, want er waren zoveel wijsheden en doordenkers in het uiterst boeiende\u2026","rel":"","context":"Dans &quot;Featured&quot;","block_context":{"text":"Featured","link":"https:\/\/staging.cultuurpers.nl\/fr\/genre\/featured\/"},"img":{"alt_text":"","src":"https:\/\/i0.wp.com\/staging.cultuurpers.nl\/wp-content\/uploads\/2025\/08\/IMG_20250803_223213-EDIT-scaled.jpg?resize=350%2C200&ssl=1","width":350,"height":200,"srcset":"https:\/\/i0.wp.com\/staging.cultuurpers.nl\/wp-content\/uploads\/2025\/08\/IMG_20250803_223213-EDIT-scaled.jpg?resize=350%2C200&ssl=1 1x, https:\/\/i0.wp.com\/staging.cultuurpers.nl\/wp-content\/uploads\/2025\/08\/IMG_20250803_223213-EDIT-scaled.jpg?resize=525%2C300&ssl=1 1.5x, https:\/\/i0.wp.com\/staging.cultuurpers.nl\/wp-content\/uploads\/2025\/08\/IMG_20250803_223213-EDIT-scaled.jpg?resize=700%2C400&ssl=1 2x, https:\/\/i0.wp.com\/staging.cultuurpers.nl\/wp-content\/uploads\/2025\/08\/IMG_20250803_223213-EDIT-scaled.jpg?resize=1050%2C600&ssl=1 3x, https:\/\/i0.wp.com\/staging.cultuurpers.nl\/wp-content\/uploads\/2025\/08\/IMG_20250803_223213-EDIT-scaled.jpg?resize=1400%2C800&ssl=1 4x"},"classes":[]},{"id":98393,"url":"https:\/\/staging.cultuurpers.nl\/fr\/2025\/09\/herman-koch-en-griet-op-de-beeck-sluiten-zomergasten-2025-af-met-drie-uur-die-nergens-over-gaan\/","url_meta":{"origin":98167,"position":2},"title":"Herman Koch et Griet Op de Beeck concluent Zomergasten 2025 avec trois heures qui ne parlent de rien.","author":"Wijbrand Schaap","date":"1 septembre 2025","format":false,"excerpt":"Elle s'attendait \u00e0 une soir\u00e9e hostile aux hommes, a d\u00e9clar\u00e9 l'animatrice Griet Op de Beeck imm\u00e9diatement apr\u00e8s l'ouverture des derniers invit\u00e9s d'\u00e9t\u00e9 de cette saison. \"C'est ce que vous pensez ?\", a demand\u00e9 Herman Koch, avec son regard p\u00e9tillant habituel. \"Parce que ce sont tous des hommes qui ne s'en sortent pas bien\". a d\u00e9clar\u00e9 Op de Beeck. Koch : \"Mais il y a","rel":"","context":"Dans &quot;Featured&quot;","block_context":{"text":"Featured","link":"https:\/\/staging.cultuurpers.nl\/fr\/genre\/featured\/"},"img":{"alt_text":"","src":"https:\/\/i0.wp.com\/staging.cultuurpers.nl\/wp-content\/uploads\/2025\/09\/Schermafdruk-van-2025-09-01-16-53-53.png?resize=350%2C200&ssl=1","width":350,"height":200,"srcset":"https:\/\/i0.wp.com\/staging.cultuurpers.nl\/wp-content\/uploads\/2025\/09\/Schermafdruk-van-2025-09-01-16-53-53.png?resize=350%2C200&ssl=1 1x, https:\/\/i0.wp.com\/staging.cultuurpers.nl\/wp-content\/uploads\/2025\/09\/Schermafdruk-van-2025-09-01-16-53-53.png?resize=525%2C300&ssl=1 1.5x, https:\/\/i0.wp.com\/staging.cultuurpers.nl\/wp-content\/uploads\/2025\/09\/Schermafdruk-van-2025-09-01-16-53-53.png?resize=700%2C400&ssl=1 2x, https:\/\/i0.wp.com\/staging.cultuurpers.nl\/wp-content\/uploads\/2025\/09\/Schermafdruk-van-2025-09-01-16-53-53.png?resize=1050%2C600&ssl=1 3x, https:\/\/i0.wp.com\/staging.cultuurpers.nl\/wp-content\/uploads\/2025\/09\/Schermafdruk-van-2025-09-01-16-53-53.png?resize=1400%2C800&ssl=1 4x"},"classes":[]},{"id":98025,"url":"https:\/\/staging.cultuurpers.nl\/fr\/2025\/07\/gepantserde-griet-op-de-beeck-was-niet-nieuwsgierig-naar-ozcan-akyol-in-eerste-zomergasten-van-2025\/","url_meta":{"origin":98167,"position":3},"title":"La blind\u00e9e Griet Op de Beeck n'\u00e9tait pas curieuse d'\u00d6zcan Akyol lors des premi\u00e8res 2025 Summer Guests\u00a0","author":"Wijbrand Schaap","date":"28 juillet 2025","format":false,"excerpt":"Waarom zou je iemand drie uur lang interviewen, die zelf al niet van de buis te slaan is? Wat vraag je iemand die in zijn overal leesbare werk uitgebreid vertelt over hoe hij werd wie hij geworden is? Welke strategie kies je om tot het \u2018rosebud\u2019-moment te komen, waarop iedereen\u2026","rel":"","context":"Dans &quot;Featured&quot;","block_context":{"text":"Featured","link":"https:\/\/staging.cultuurpers.nl\/fr\/genre\/featured\/"},"img":{"alt_text":"","src":"https:\/\/i0.wp.com\/staging.cultuurpers.nl\/wp-content\/uploads\/2025\/07\/Schermafdruk-van-2025-07-28-11-25-55.png?resize=350%2C200&ssl=1","width":350,"height":200,"srcset":"https:\/\/i0.wp.com\/staging.cultuurpers.nl\/wp-content\/uploads\/2025\/07\/Schermafdruk-van-2025-07-28-11-25-55.png?resize=350%2C200&ssl=1 1x, https:\/\/i0.wp.com\/staging.cultuurpers.nl\/wp-content\/uploads\/2025\/07\/Schermafdruk-van-2025-07-28-11-25-55.png?resize=525%2C300&ssl=1 1.5x, https:\/\/i0.wp.com\/staging.cultuurpers.nl\/wp-content\/uploads\/2025\/07\/Schermafdruk-van-2025-07-28-11-25-55.png?resize=700%2C400&ssl=1 2x, https:\/\/i0.wp.com\/staging.cultuurpers.nl\/wp-content\/uploads\/2025\/07\/Schermafdruk-van-2025-07-28-11-25-55.png?resize=1050%2C600&ssl=1 3x, https:\/\/i0.wp.com\/staging.cultuurpers.nl\/wp-content\/uploads\/2025\/07\/Schermafdruk-van-2025-07-28-11-25-55.png?resize=1400%2C800&ssl=1 4x"},"classes":[]},{"id":98316,"url":"https:\/\/staging.cultuurpers.nl\/fr\/2025\/08\/we-hebben-die-vervelende-vragen-van-griet-op-de-beeck-aan-femke-halsema-even-gemist-tijdens-zomergasten\/","url_meta":{"origin":98167,"position":4},"title":"Nous avons bri\u00e8vement manqu\u00e9 ces questions aga\u00e7antes de Griet op de Beeck \u00e0 Femke Halsema pendant Zomergasten.","author":"Wijbrand Schaap","date":"25 ao\u00fbt 2025","format":false,"excerpt":"\u201cDit hadden we echt niet van je mogen vragen.\u201d Als je dat als jurycommentaar krijgt op je auditie voor de toneelschool, heb je iets gruwelijk g\u00eanants gedaan. Femke Halsema had voor haar auditie aan de Arnhemse toneelschool een monoloog voorbereid uit Oriana Fallaci\u2019s roman \u2018Een Man\u2019 over haar geliefde, de\u2026","rel":"","context":"Dans &quot;Featured&quot;","block_context":{"text":"Featured","link":"https:\/\/staging.cultuurpers.nl\/fr\/genre\/featured\/"},"img":{"alt_text":"","src":"https:\/\/i0.wp.com\/staging.cultuurpers.nl\/wp-content\/uploads\/2025\/08\/Schermafdruk-van-2025-08-25-11-41-58.png?resize=350%2C200&ssl=1","width":350,"height":200,"srcset":"https:\/\/i0.wp.com\/staging.cultuurpers.nl\/wp-content\/uploads\/2025\/08\/Schermafdruk-van-2025-08-25-11-41-58.png?resize=350%2C200&ssl=1 1x, https:\/\/i0.wp.com\/staging.cultuurpers.nl\/wp-content\/uploads\/2025\/08\/Schermafdruk-van-2025-08-25-11-41-58.png?resize=525%2C300&ssl=1 1.5x, https:\/\/i0.wp.com\/staging.cultuurpers.nl\/wp-content\/uploads\/2025\/08\/Schermafdruk-van-2025-08-25-11-41-58.png?resize=700%2C400&ssl=1 2x, https:\/\/i0.wp.com\/staging.cultuurpers.nl\/wp-content\/uploads\/2025\/08\/Schermafdruk-van-2025-08-25-11-41-58.png?resize=1050%2C600&ssl=1 3x, https:\/\/i0.wp.com\/staging.cultuurpers.nl\/wp-content\/uploads\/2025\/08\/Schermafdruk-van-2025-08-25-11-41-58.png?resize=1400%2C800&ssl=1 4x"},"classes":[]},{"id":38028,"url":"https:\/\/staging.cultuurpers.nl\/fr\/2016\/08\/ontwapenend-en-aangrijpend-mona-blaast-omver-tfboulevard\/","url_meta":{"origin":98167,"position":5},"title":"MONA de Griet Op de Beeck va t'\u00e9poustoufler au Festival Boulevard #TFBoulevard","author":"Henri Drost","date":"9 ao\u00fbt 2016","format":false,"excerpt":"Nee, deze zinnen zitten niet in de theatermonoloog Mona van Griet Op de Beeck, maar vatten de bestseller Kom hier dat ik u kus (28 drukken in krap twee jaar) mooi samen. Het eerste deel bewerkte Op de Beeck tot een van de indrukwekkendste voorstellingen van Festival Boulevard. We zien\u2026","rel":"","context":"Dans &quot;ACTUEEL&quot;","block_context":{"text":"ACTUEEL","link":"https:\/\/staging.cultuurpers.nl\/fr\/genre\/nieuws\/"},"img":{"alt_text":"","src":"https:\/\/i0.wp.com\/staging.cultuurpers.nl\/wp-content\/uploads\/2016\/08\/mona-bowie-verschuren.jpg?resize=350%2C200&ssl=1","width":350,"height":200,"srcset":"https:\/\/i0.wp.com\/staging.cultuurpers.nl\/wp-content\/uploads\/2016\/08\/mona-bowie-verschuren.jpg?resize=350%2C200&ssl=1 1x, https:\/\/i0.wp.com\/staging.cultuurpers.nl\/wp-content\/uploads\/2016\/08\/mona-bowie-verschuren.jpg?resize=525%2C300&ssl=1 1.5x, https:\/\/i0.wp.com\/staging.cultuurpers.nl\/wp-content\/uploads\/2016\/08\/mona-bowie-verschuren.jpg?resize=700%2C400&ssl=1 2x"},"classes":[]}],"jetpack_shortlink":"https:\/\/wp.me\/p3yKke-pxl","jetpack_sharing_enabled":true,"_links":{"self":[{"href":"https:\/\/staging.cultuurpers.nl\/fr\/wp-json\/wp\/v2\/posts\/98167","targetHints":{"allow":["GET"]}}],"collection":[{"href":"https:\/\/staging.cultuurpers.nl\/fr\/wp-json\/wp\/v2\/posts"}],"about":[{"href":"https:\/\/staging.cultuurpers.nl\/fr\/wp-json\/wp\/v2\/types\/post"}],"author":[{"embeddable":true,"href":"https:\/\/staging.cultuurpers.nl\/fr\/wp-json\/wp\/v2\/users\/4"}],"replies":[{"embeddable":true,"href":"https:\/\/staging.cultuurpers.nl\/fr\/wp-json\/wp\/v2\/comments?post=98167"}],"version-history":[{"count":2,"href":"https:\/\/staging.cultuurpers.nl\/fr\/wp-json\/wp\/v2\/posts\/98167\/revisions"}],"predecessor-version":[{"id":98170,"href":"https:\/\/staging.cultuurpers.nl\/fr\/wp-json\/wp\/v2\/posts\/98167\/revisions\/98170"}],"wp:featuredmedia":[{"embeddable":true,"href":"https:\/\/staging.cultuurpers.nl\/fr\/wp-json\/wp\/v2\/media\/98168"}],"wp:attachment":[{"href":"https:\/\/staging.cultuurpers.nl\/fr\/wp-json\/wp\/v2\/media?parent=98167"}],"wp:term":[{"taxonomy":"category","embeddable":true,"href":"https:\/\/staging.cultuurpers.nl\/fr\/wp-json\/wp\/v2\/categories?post=98167"},{"taxonomy":"post_tag","embeddable":true,"href":"https:\/\/staging.cultuurpers.nl\/fr\/wp-json\/wp\/v2\/tags?post=98167"}],"curies":[{"name":"wp","href":"https:\/\/api.w.org\/{rel}","templated":true}]}}