{"id":98123,"date":"2025-08-07T10:09:42","date_gmt":"2025-08-07T08:09:42","guid":{"rendered":"https:\/\/cultureelpersbureau.nl\/?p=98123"},"modified":"2025-08-07T10:09:45","modified_gmt":"2025-08-07T08:09:45","slug":"fair-pay-in-de-amateurkunst","status":"publish","type":"post","link":"https:\/\/staging.cultuurpers.nl\/fr\/2025\/08\/fair-pay-in-de-amateurkunst\/","title":{"rendered":"R\u00e9mun\u00e9ration \u00e9quitable dans les arts amateurs"},"content":{"rendered":"<p><strong>Ensemble, comment pouvons-nous garantir un secteur o\u00f9 la qualit\u00e9 est \u00e9galement durable ?<\/strong><\/p>\n\n\n\n<p>\"<em>Entre artisanat et politique\", j'ai d\u00e9j\u00e0 \u00e9crit sur la fa\u00e7on dont l'art amateur \u00e9volue - dans sa forme, sa structure et sa signification. Mais une question revient sans cesse : comment faire en sorte que les professionnels qui s'occupent de ce domaine soient \u00e9galement r\u00e9mun\u00e9r\u00e9s de mani\u00e8re \u00e9quitable ?<\/em><\/p>\n\n\n\n<p>C'est une question qui met mal \u00e0 l'aise. Parce que nous voulons tous de la qualit\u00e9. L'inspiration. De leadership. La continuit\u00e9.<br \/>Mais nous repoussons encore trop souvent la conversation sur l'argent.<\/p>\n\n\n\n<p>Et cela a des cons\u00e9quences.<\/p>\n\n\n\n<h2 class=\"wp-block-heading\"><a><\/a> <strong>Les chiffres ne mentent pas<\/strong><\/h2>\n\n\n\n<p>De la <strong>mesure de r\u00e9f\u00e9rence de la plate-forme ACCT (2025-2028)<\/strong> Il s'av\u00e8re que.. :<\/p>\n\n\n\n<ul class=\"wp-block-list\">\n<li>Le taux de zzp typique est d'environ <strong>54 \u20ac par heure<\/strong><\/li>\n\n\n\n<li><strong>30% des heures travaill\u00e9es ne seront pas rembours\u00e9es<\/strong><\/li>\n\n\n\n<li>Le taux effectif acquis s'\u00e9l\u00e8ve donc \u00e0 <strong>38 \u20ac par heure<\/strong><\/li>\n\n\n\n<li>Sans pension. Sans invalidit\u00e9. Sans marge de man\u0153uvre pour investir dans le d\u00e9veloppement\u3010source : CAOP\/ACCT\u3011.<\/li>\n<\/ul>\n\n\n\n<p><em>Les professionnels font la diff\u00e9rence - musicalement, p\u00e9dagogiquement, socialement - mais sont \u00e9conomiquement d\u00e9savantag\u00e9s. Et cela peut et doit s'am\u00e9liorer.<\/em><\/p>\n\n\n\n<h2 class=\"wp-block-heading\"><strong>Les chefs d'orchestre : un personnage cl\u00e9 en position de faiblesse<\/strong><\/h2>\n\n\n\n<p>Dans l'\u00e9tude <em>Chefs d'orchestre et directeurs en mouvement<\/em> (LKCA), nous voyons comment les chefs d'orchestre se tortillent pour remplir tous les r\u00f4les :<br \/>- Directeur artistique<br \/>- P\u00e9dagogue<br \/>- Communicateur<br \/>- Freelance sans filet de s\u00e9curit\u00e9<\/p>\n\n\n\n<p>Ils combinent souvent plusieurs associations pour joindre les deux bouts et investissent eux-m\u00eames dans la formation continue et la pr\u00e9paration. Mais ils sont rarement reconnus structurellement comme des professionnels avec une position professionnelle \u00e0 part enti\u00e8re\u3010source : LKCA\u3011.<\/p>\n\n\n\n<h2 class=\"wp-block-heading\"><strong>Les outils existent, mais ils ne touchent pas encore suffisamment de personnes<\/strong><\/h2>\n\n\n\n<p>Plate-forme L'ACCT a \u00e9labor\u00e9 une <strong>module tarifaire<\/strong> et des outils de soutien tels que fairPACCT. Transparents, conviviaux et adapt\u00e9s aux pratiques culturelles.<\/p>\n\n\n\n<p>Pourtant, seule une petite partie des professionnels et des conseils d'administration les utilisent activement. Il ne s'agit pas d'un manque de volont\u00e9, mais souvent d'une m\u00e9connaissance, d'une incapacit\u00e9 \u00e0 agir ou d'une inqui\u00e9tude quant \u00e0 la viabilit\u00e9 financi\u00e8re.<\/p>\n\n\n\n<h2 class=\"wp-block-heading\"><strong>Et pendant ce temps, le domaine \u00e9volue...<\/strong><\/h2>\n\n\n\n<p>Le mod\u00e8le associatif classique est en d\u00e9clin. De plus en plus, les gens travaillent ensemble dans le cadre de projets temporaires, de r\u00e9seaux informels ou d'initiatives de quartier - sans conseil d'administration formel ni entit\u00e9 juridique.<\/p>\n\n\n\n<p>Cela n\u00e9cessite de nouvelles formes d'organisation et de remboursement :<\/p>\n\n\n\n<ul class=\"wp-block-list\">\n<li>Travailler avec des accords clairs \u00e0 l'avance<\/li>\n\n\n\n<li>Utiliser le module de tarification \u00e9galement pour les collaborations temporaires<\/li>\n\n\n\n<li>Impliquer des crayons ou des interm\u00e9diaires pour la manipulation<\/li>\n\n\n\n<li>Demander explicitement aux fonds et aux municipalit\u00e9s un espace pour la r\u00e9mun\u00e9ration \u00e9quitable<\/li>\n<\/ul>\n\n\n\n<p><em>Sans structure, pas de paiement ? Non - sans imagination, pas d'innovation.<\/em><\/p>\n\n\n\n<h2 class=\"wp-block-heading\"><strong>Les organisations fa\u00eeti\u00e8res : des acteurs cl\u00e9s dans une position difficile<\/strong><\/h2>\n\n\n\n<p>De nombreux parapluies nationaux ont la <em>Accord de bonne pratique<\/em> sign\u00e9. C'est pr\u00e9cieux. Elles font partie de conversations importantes sur la professionnalisation et le positionnement.<\/p>\n\n\n\n<p>En m\u00eame temps, ils sont ancr\u00e9s dans un domaine qui varie consid\u00e9rablement en termes de soutien, d'\u00e9tat d'esprit et de volont\u00e9 de changement. C'est ce qui complique les choses :<\/p>\n\n\n\n<ul class=\"nv-cv-m wp-block-list\">\n<li>Comment informer vos partisans sans les ali\u00e9ner ?<\/li>\n\n\n\n<li>Comment encourager une r\u00e9mun\u00e9ration \u00e9quitable sans perdre de membres ?<\/li>\n<\/ul>\n\n\n\n<p>Je vois de nombreux d\u00f4mes qui cherchent le bon ton, le bon rythme. Et pourtant, il est important qu'ils continuent \u00e0 utiliser leur position en tant que connecteurs. Non pas en imposant, mais en donnant des conseils. En partageant leurs connaissances, en diffusant de bons exemples et en maintenant ouverte la conversation sur l'appr\u00e9ciation.<\/p>\n\n\n\n<p><em>Parce que ceux qui repr\u00e9sentent le domaine l'aident aussi \u00e0 avancer en osant nommer les points qui f\u00e2chent.<\/em><\/p>\n\n\n\n<h2 class=\"wp-block-heading\"><strong>L'espace politique existe<\/strong><\/h2>\n\n\n\n<p>Le <strong>Note VNG \"Sauvegarder la culture ensemble\" (ao\u00fbt 2024)<\/strong> montre :<br \/>La r\u00e9mun\u00e9ration \u00e9quitable ne doit pas n\u00e9cessairement co\u00fbter des millions. Avec des conditions cibl\u00e9es et une marge de man\u0153uvre politique, les municipalit\u00e9s peuvent faire de la r\u00e9mun\u00e9ration \u00e9quitable une r\u00e9alit\u00e9. <em>structurellement possible<\/em> make\u3010source:VNG\u3011.<\/p>\n\n\n\n<p>\"Les municipalit\u00e9s, en tant que premier gouvernement, sont le principal bailleur de fonds de la culture. Ce faisant, elles assument une r\u00e9mun\u00e9ration \u00e9quitable.\" - VNG, 2024<\/p>\n\n\n\n<p>Lorsque les municipalit\u00e9s reconnaissent les cr\u00e9ateurs et les interm\u00e9diaires non formels comme des partenaires \u00e0 part enti\u00e8re, il est possible d'envisager une v\u00e9ritable professionnalisation dans le domaine de l'amateurisme.<\/p>\n\n\n\n<h2 class=\"wp-block-heading\"><strong>O\u00f9 se trouvent les opportunit\u00e9s ?<\/strong><\/h2>\n\n\n\n<ul class=\"nv-cv-m wp-block-list\">\n<li><strong>Pour les professionnels<\/strong>Les outils : Utiliser les outils existants. Donnez un nom \u00e0 votre valeur. Soyez ouvert sur vos tarifs.<\/li>\n\n\n\n<li><strong>Pour les conseils d'administration<\/strong>Les questions \u00e0 se poser : Discutez avec votre chef d'orchestre ou votre professeur de discipline. Ne parlez pas de \"co\u00fbt\", mais de \"qualit\u00e9\".<\/li>\n\n\n\n<li><strong>Pour les d\u00f4mes<\/strong>: Continuez \u00e0 faire de la place pour l'apprentissage, le partage et l'ajustement. Une r\u00e9mun\u00e9ration \u00e9quitable n'exige pas la perfection, mais une orientation.<\/li>\n\n\n\n<li><strong>Pour les municipalit\u00e9s et les fonds<\/strong>: Int\u00e9grez la r\u00e9mun\u00e9ration \u00e9quitable dans votre politique. Non seulement dans les institutions, mais aussi dans les initiatives sans structure formelle.<\/li>\n<\/ul>\n\n\n\n<h2 class=\"wp-block-heading\"><strong>En conclusion - personnelle<\/strong><\/h2>\n\n\n\n<p>Je n'\u00e9cris pas cela en tant qu'outsider, mais en tant que personne qui conna\u00eet le secteur de l'int\u00e9rieur. Qui voit combien de valeur est cr\u00e9\u00e9e dans les salles de r\u00e9p\u00e9tition, les studios et les gymnases. Qui sait combien d'amour et de savoir-faire sont mis dans la culture locale.<\/p>\n\n\n\n<p>Mais l'amour n'est pas un mod\u00e8le \u00e9conomique.<br \/>Et la qualit\u00e9 exige d'\u00eatre reconnue, y compris en euros.<\/p>\n\n\n\n<p>Ensemble, cherchons des moyens de consid\u00e9rer la r\u00e9mun\u00e9ration \u00e9quitable non pas comme un obstacle, mais comme un fondement. Pour une industrie durable. humaine. Et tourn\u00e9e vers l'avenir.<\/p>\n\n\n\n<p>Vous souhaitez mettre en place un syst\u00e8me de r\u00e9mun\u00e9ration \u00e9quitable au sein de votre organisation, de votre municipalit\u00e9 ou de votre r\u00e9seau ?<br \/>Consultez le module de tarification ou contactez-nous pour une s\u00e9ance d'inspiration ou un atelier de travail.<\/p>","protected":false},"excerpt":{"rendered":"<p>Comment pouvons-nous garantir ensemble un secteur dont la qualit\u00e9 est \u00e9galement durable ? \"Entre artisanat et politique\", j'ai \u00e9crit pr\u00e9c\u00e9demment sur la fa\u00e7on dont l'art amateur \u00e9volue - dans sa forme, sa structure et sa signification. Mais une question revient sans cesse : comment faire en sorte que les professionnels qui portent ce secteur soient \u00e9galement r\u00e9mun\u00e9r\u00e9s de mani\u00e8re \u00e9quitable ? C'est une question qui met mal \u00e0 l'aise. Apr\u00e8s tout, nous voulons tous une qualit\u00e9....&nbsp;<a href=\"https:\/\/staging.cultuurpers.nl\/fr\/2025\/08\/fair-pay-in-de-amateurkunst\/\" rel=\"bookmark\">Lire la suite \"<span class=\"screen-reader-text\">R\u00e9mun\u00e9ration \u00e9quitable dans les arts amateurs<\/span><\/a><\/p>","protected":false},"author":1259,"featured_media":98124,"comment_status":"open","ping_status":"closed","sticky":false,"template":"","format":"standard","meta":{"_eb_attr":"","_monsterinsights_skip_tracking":false,"_monsterinsights_sitenote_active":false,"_monsterinsights_sitenote_note":"","_monsterinsights_sitenote_category":0,"neve_meta_sidebar":"","neve_meta_container":"","neve_meta_enable_content_width":"","neve_meta_content_width":0,"neve_meta_title_alignment":"","neve_meta_author_avatar":"","neve_post_elements_order":"","neve_meta_disable_header":"","neve_meta_disable_footer":"","neve_meta_disable_title":"","neve_meta_reading_time":"","_themeisle_gutenberg_block_has_review":false,"_jetpack_memberships_contains_paid_content":false,"activitypub_content_warning":"","activitypub_content_visibility":"","activitypub_max_image_attachments":3,"activitypub_interaction_policy_quote":"anyone","activitypub_status":"federated","footnotes":"","jetpack_publicize_message":"","jetpack_publicize_feature_enabled":true,"jetpack_social_post_already_shared":false,"jetpack_social_options":{"image_generator_settings":{"template":"highway","default_image_id":0,"enabled":false},"version":2}},"categories":[15614,6095,11687],"tags":[4305,16383,16314],"class_list":["post-98123","post","type-post","status-publish","format-standard","has-post-thumbnail","hentry","category-beleid","category-featured","category-donatie-gevraagd","tag-amateurkunst","tag-fair-pay","tag-platform-acct"],"aioseo_notices":[],"jetpack_publicize_connections":[],"jetpack_featured_media_url":"https:\/\/staging.cultuurpers.nl\/wp-content\/uploads\/2025\/08\/pexels-photo-210600.jpeg","jetpack-related-posts":[{"id":98088,"url":"https:\/\/staging.cultuurpers.nl\/fr\/2025\/08\/wie-pakt-de-handschoen-op-amateurkunst-vraagt-om-systeemvernieuwing\/","url_meta":{"origin":98123,"position":0},"title":"Qui rel\u00e8vera le gant ? Les arts amateurs appellent \u00e0 l'innovation du syst\u00e8me","author":"Johan Boonekamp","date":"4 ao\u00fbt 2025","format":false,"excerpt":"Als cultureel strateeg werk ik al jaren op het snijvlak van beleid en praktijk. In 2024 besloot ik me vergaand te verdiepen in de amateurmuziek: een domein waar ik als klarinettist persoonlijk aan verbonden ben, maar dat in beleid vaak slechts zijdelings wordt erkend. Wat begon als een praktijkverkenning werd\u2026","rel":"","context":"Dans &quot;beleid&quot;","block_context":{"text":"beleid","link":"https:\/\/staging.cultuurpers.nl\/fr\/genre\/beleid\/"},"img":{"alt_text":"","src":"https:\/\/i0.wp.com\/staging.cultuurpers.nl\/wp-content\/uploads\/2025\/08\/MixCollage-03-Aug-2025-03-12-PM-2292-scaled.jpg?resize=350%2C200&ssl=1","width":350,"height":200,"srcset":"https:\/\/i0.wp.com\/staging.cultuurpers.nl\/wp-content\/uploads\/2025\/08\/MixCollage-03-Aug-2025-03-12-PM-2292-scaled.jpg?resize=350%2C200&ssl=1 1x, https:\/\/i0.wp.com\/staging.cultuurpers.nl\/wp-content\/uploads\/2025\/08\/MixCollage-03-Aug-2025-03-12-PM-2292-scaled.jpg?resize=525%2C300&ssl=1 1.5x, https:\/\/i0.wp.com\/staging.cultuurpers.nl\/wp-content\/uploads\/2025\/08\/MixCollage-03-Aug-2025-03-12-PM-2292-scaled.jpg?resize=700%2C400&ssl=1 2x, https:\/\/i0.wp.com\/staging.cultuurpers.nl\/wp-content\/uploads\/2025\/08\/MixCollage-03-Aug-2025-03-12-PM-2292-scaled.jpg?resize=1050%2C600&ssl=1 3x, https:\/\/i0.wp.com\/staging.cultuurpers.nl\/wp-content\/uploads\/2025\/08\/MixCollage-03-Aug-2025-03-12-PM-2292-scaled.jpg?resize=1400%2C800&ssl=1 4x"},"classes":[]},{"id":97107,"url":"https:\/\/staging.cultuurpers.nl\/fr\/2025\/04\/eerlijke-betaling-zelfstandigen-in-cultuur-onmogelijk-zonder-degelijk-onderzoek-naar-declarabele-uren\/","url_meta":{"origin":98123,"position":1},"title":"Il est impossible de r\u00e9mun\u00e9rer \u00e9quitablement les travailleurs ind\u00e9pendants dans le secteur de la culture sans une \u00e9tude solide sur les heures facturables.","author":"Wilmar Dik","date":"23 avril 2025","format":false,"excerpt":"Een starttarief van \u20ac27 per uur zonder gedegen onderzoek naar declarabele uren binnen de AV\/Film sector is geen Fair Pay. Het leidt tot een netto jaarinkomen onder het minimumloon en is niet houdbaar, niet eerlijk en zeker niet toekomstbestendig. De creatieve sector heeft recht op een tarievensysteem dat uitgaat van\u2026","rel":"","context":"Dans &quot;ACTUEEL&quot;","block_context":{"text":"ACTUEEL","link":"https:\/\/staging.cultuurpers.nl\/fr\/genre\/nieuws\/"},"img":{"alt_text":"","src":"https:\/\/i0.wp.com\/staging.cultuurpers.nl\/wp-content\/uploads\/formidable\/7\/film-of-fotografie-bij-je-marketing.jpg?resize=350%2C200&ssl=1","width":350,"height":200,"srcset":"https:\/\/i0.wp.com\/staging.cultuurpers.nl\/wp-content\/uploads\/formidable\/7\/film-of-fotografie-bij-je-marketing.jpg?resize=350%2C200&ssl=1 1x, https:\/\/i0.wp.com\/staging.cultuurpers.nl\/wp-content\/uploads\/formidable\/7\/film-of-fotografie-bij-je-marketing.jpg?resize=525%2C300&ssl=1 1.5x, https:\/\/i0.wp.com\/staging.cultuurpers.nl\/wp-content\/uploads\/formidable\/7\/film-of-fotografie-bij-je-marketing.jpg?resize=700%2C400&ssl=1 2x, https:\/\/i0.wp.com\/staging.cultuurpers.nl\/wp-content\/uploads\/formidable\/7\/film-of-fotografie-bij-je-marketing.jpg?resize=1050%2C600&ssl=1 3x"},"classes":[]},{"id":97013,"url":"https:\/\/staging.cultuurpers.nl\/fr\/2025\/04\/achterstand-fair-pay-in-film-en-audiovisuele-sector-grootste-van-alle-creatieve-bedrijfstakken\/","url_meta":{"origin":98123,"position":2},"title":"Le retard en mati\u00e8re de r\u00e9mun\u00e9ration \u00e9quitable dans le secteur du cin\u00e9ma et de l'audiovisuel est le plus important de toutes les industries cr\u00e9atives","author":"een van onze leden","date":"10 avril 2025","format":false,"excerpt":"Des interventions substantielles sont n\u00e9cessaires pour permettre un paiement \u00e9quitable dans le secteur n\u00e9erlandais du cin\u00e9ma et de l'audiovisuel. C'est ce qui ressort du rapport intitul\u00e9 \"Additional costs in the film and audiovisual sector\" (Co\u00fbts suppl\u00e9mentaires dans le secteur du cin\u00e9ma et de l'audiovisuel), r\u00e9alis\u00e9 par PPMC Economic Advice \u00e0 la demande de Kunsten '92. Les co\u00fbts li\u00e9s \u00e0 la mise en \u0153uvre de la r\u00e9mun\u00e9ration \u00e9quitable s'\u00e9l\u00e8vent en moyenne \u00e0 42% du montant total de l'imp\u00f4t sur le revenu des personnes physiques.","rel":"","context":"Dans &quot;beleid&quot;","block_context":{"text":"beleid","link":"https:\/\/staging.cultuurpers.nl\/fr\/genre\/beleid\/"},"img":{"alt_text":"","src":"","width":0,"height":0},"classes":[]},{"id":97251,"url":"https:\/\/staging.cultuurpers.nl\/fr\/2025\/05\/bestaanszekerheid-voor-zzpers-waarom-minimumtarieven-per-sector-nodig-zijn\/","url_meta":{"origin":98123,"position":3},"title":"S\u00e9curit\u00e9 des moyens de subsistance pour les travailleurs ind\u00e9pendants : pourquoi des taux minimaux par secteur sont n\u00e9cessaires","author":"Wilmar Dik","date":"8 mai 2025","format":false,"excerpt":"Le gouvernement devrait veiller \u00e0 ce que chacun puisse gagner suffisamment, mais il \u00e9choue dans de nombreux secteurs. Entre-temps, il est question d'une accumulation obligatoire des droits \u00e0 pension et d'une assurance invalidit\u00e9 obligatoire (AOV) pour les travailleurs ind\u00e9pendants. La concurrence pousse les taux dans certains secteurs en dessous d'un niveau viable, ce qui peut se faire au d\u00e9triment d'une pension et d'une AOV.","rel":"","context":"Dans &quot;beleid&quot;","block_context":{"text":"beleid","link":"https:\/\/staging.cultuurpers.nl\/fr\/genre\/beleid\/"},"img":{"alt_text":"","src":"https:\/\/i0.wp.com\/staging.cultuurpers.nl\/wp-content\/uploads\/2025\/05\/bedrijfskosten-van-een-freelancer-1290px.jpg?resize=350%2C200&ssl=1","width":350,"height":200,"srcset":"https:\/\/i0.wp.com\/staging.cultuurpers.nl\/wp-content\/uploads\/2025\/05\/bedrijfskosten-van-een-freelancer-1290px.jpg?resize=350%2C200&ssl=1 1x, https:\/\/i0.wp.com\/staging.cultuurpers.nl\/wp-content\/uploads\/2025\/05\/bedrijfskosten-van-een-freelancer-1290px.jpg?resize=525%2C300&ssl=1 1.5x, https:\/\/i0.wp.com\/staging.cultuurpers.nl\/wp-content\/uploads\/2025\/05\/bedrijfskosten-van-een-freelancer-1290px.jpg?resize=700%2C400&ssl=1 2x, https:\/\/i0.wp.com\/staging.cultuurpers.nl\/wp-content\/uploads\/2025\/05\/bedrijfskosten-van-een-freelancer-1290px.jpg?resize=1050%2C600&ssl=1 3x"},"classes":[]},{"id":92759,"url":"https:\/\/staging.cultuurpers.nl\/fr\/2023\/11\/in-perspectief-18-is-het-al-begonnen-of-is-jazzbeleid-in-nederland-alweer-voorbij\/","url_meta":{"origin":98123,"position":4},"title":"PERSPECTIVE 18 : La politique du jazz aux Pays-Bas a-t-elle d\u00e9j\u00e0 commenc\u00e9 ou est-elle d\u00e9j\u00e0 termin\u00e9e ?","author":"Erik Akkermans","date":"14 novembre 2023","format":false,"excerpt":"In de serie In Perspectief kijkt Erik Akkermans terug en vooruit naar ontwikkelingen in cultuurbeleid en -praktijk. Vandaag: beleid voor jazz en ge\u00efmproviseerde muziek. Van de Oude Schans naar Rijswijk Mei 1983, maandagochtend, kwart over acht. Locatie: de zielloze kantoortoren in Rijswijk waar het Ministerie van Welzijn, Volksgezondheid en Cultuur\u2026","rel":"","context":"Dans &quot;beleid&quot;","block_context":{"text":"beleid","link":"https:\/\/staging.cultuurpers.nl\/fr\/genre\/beleid\/"},"img":{"alt_text":"DALL\u00b7E 2023-11-14 17.16.50 - A noir-style, black and white illustration of modern jazz musicians performing in the Dutch House of Representatives (Tweede Kamer der Staten-Generaal","src":"https:\/\/i0.wp.com\/staging.cultuurpers.nl\/wp-content\/uploads\/2023\/11\/DALL%C2%B7E-2023-11-14-17.16.50-A-noir-style-black-and-white-illustration-of-modern-jazz-musicians-performing-in-the-Dutch-House-of-Representatives-Tweede-Kamer-der-Staten-Generaal.png?resize=350%2C200&ssl=1","width":350,"height":200,"srcset":"https:\/\/i0.wp.com\/staging.cultuurpers.nl\/wp-content\/uploads\/2023\/11\/DALL%C2%B7E-2023-11-14-17.16.50-A-noir-style-black-and-white-illustration-of-modern-jazz-musicians-performing-in-the-Dutch-House-of-Representatives-Tweede-Kamer-der-Staten-Generaal.png?resize=350%2C200&ssl=1 1x, https:\/\/i0.wp.com\/staging.cultuurpers.nl\/wp-content\/uploads\/2023\/11\/DALL%C2%B7E-2023-11-14-17.16.50-A-noir-style-black-and-white-illustration-of-modern-jazz-musicians-performing-in-the-Dutch-House-of-Representatives-Tweede-Kamer-der-Staten-Generaal.png?resize=525%2C300&ssl=1 1.5x, https:\/\/i0.wp.com\/staging.cultuurpers.nl\/wp-content\/uploads\/2023\/11\/DALL%C2%B7E-2023-11-14-17.16.50-A-noir-style-black-and-white-illustration-of-modern-jazz-musicians-performing-in-the-Dutch-House-of-Representatives-Tweede-Kamer-der-Staten-Generaal.png?resize=700%2C400&ssl=1 2x"},"classes":[]}],"jetpack_shortlink":"https:\/\/wp.me\/p3yKke-pwD","jetpack_sharing_enabled":true,"_links":{"self":[{"href":"https:\/\/staging.cultuurpers.nl\/fr\/wp-json\/wp\/v2\/posts\/98123","targetHints":{"allow":["GET"]}}],"collection":[{"href":"https:\/\/staging.cultuurpers.nl\/fr\/wp-json\/wp\/v2\/posts"}],"about":[{"href":"https:\/\/staging.cultuurpers.nl\/fr\/wp-json\/wp\/v2\/types\/post"}],"author":[{"embeddable":true,"href":"https:\/\/staging.cultuurpers.nl\/fr\/wp-json\/wp\/v2\/users\/1259"}],"replies":[{"embeddable":true,"href":"https:\/\/staging.cultuurpers.nl\/fr\/wp-json\/wp\/v2\/comments?post=98123"}],"version-history":[{"count":1,"href":"https:\/\/staging.cultuurpers.nl\/fr\/wp-json\/wp\/v2\/posts\/98123\/revisions"}],"predecessor-version":[{"id":98125,"href":"https:\/\/staging.cultuurpers.nl\/fr\/wp-json\/wp\/v2\/posts\/98123\/revisions\/98125"}],"wp:featuredmedia":[{"embeddable":true,"href":"https:\/\/staging.cultuurpers.nl\/fr\/wp-json\/wp\/v2\/media\/98124"}],"wp:attachment":[{"href":"https:\/\/staging.cultuurpers.nl\/fr\/wp-json\/wp\/v2\/media?parent=98123"}],"wp:term":[{"taxonomy":"category","embeddable":true,"href":"https:\/\/staging.cultuurpers.nl\/fr\/wp-json\/wp\/v2\/categories?post=98123"},{"taxonomy":"post_tag","embeddable":true,"href":"https:\/\/staging.cultuurpers.nl\/fr\/wp-json\/wp\/v2\/tags?post=98123"}],"curies":[{"name":"wp","href":"https:\/\/api.w.org\/{rel}","templated":true}]}}