{"id":98080,"date":"2025-08-03T14:35:17","date_gmt":"2025-08-03T12:35:17","guid":{"rendered":"https:\/\/cultureelpersbureau.nl\/?p=98080"},"modified":"2025-08-03T14:35:20","modified_gmt":"2025-08-03T12:35:20","slug":"afgezette-bestuurders-zamelen-geld-in-voor-rechtszaak-tegen-kunstenbond","status":"publish","type":"post","link":"https:\/\/staging.cultuurpers.nl\/fr\/2025\/08\/afgezette-bestuurders-zamelen-geld-in-voor-rechtszaak-tegen-kunstenbond\/","title":{"rendered":"Les directeurs licenci\u00e9s collectent des fonds pour financer le proc\u00e8s intent\u00e9 \u00e0 l'Union des arts"},"content":{"rendered":"<p>Cette semaine, des informations ont \u00e9t\u00e9 publi\u00e9es en ligne selon lesquelles deux membres du conseil d'administration de l'Union des arts auraient \u00e9t\u00e9 \u00e9vinc\u00e9s (<em>\"vir\u00e9\"<\/em>, selon leur propre <a href=\"https:\/\/www.gofundme.com\/f\/rechtszaak-tegen-de-kunstenbond?lang=nl_NL&amp;ts=1753851000\"><u>message<\/u><\/a>). Ben van den Dungen, l'un des directeurs en disgr\u00e2ce, justifie cette situation par un \"d\u00e9ficit inattendu\" dans les \u00e9tats financiers : \"[...].<em>Le Kunstenbond - et avec lui la d\u00e9fense des musiciens - traverse une crise profonde, apr\u00e8s qu'il a \u00e9t\u00e9 r\u00e9v\u00e9l\u00e9 que la direction a largement d\u00e9pass\u00e9 le budget sans l'approbation explicite du conseil d'administration et du conseil des membres. Au lieu du d\u00e9ficit d'exploitation (sic) de 600 000 euros pr\u00e9vu au budget, l'association a enregistr\u00e9 un d\u00e9ficit d'exploitation de plus de 1,1 million d'euros. L'argent des membres\".<\/em><\/p>\n\n\n\n<p>Selon M. Van den Dungen, il a \u00e9t\u00e9 nomm\u00e9, avec Ellister van der Molen, par le conseil des membres. <em>\"licenci\u00e9\".<\/em> parce qu'ils <em>\"questions pos\u00e9es\"<\/em> au sujet du d\u00e9passement du budget. Le conseil des membres a vot\u00e9 leur \"licenciement\" en leur absence, selon les plaignants.<\/p>\n\n\n\n<h2 class=\"wp-block-heading\"><a><\/a>Insalubrit\u00e9<\/h2>\n\n\n\n<p>Van den Dungen et Van der Molen contestent leur mise en accusation et constituent un groupe de pression. <a href=\"https:\/\/www.gofundme.com\/f\/rechtszaak-tegen-de-kunstenbond?lang=nl_NL&amp;ts=1753851000\"><u>crowdfunding<\/u><\/a> a \u00e9t\u00e9 lanc\u00e9. Ils souhaitent recueillir 5 500 euros aupr\u00e8s des parties int\u00e9ress\u00e9es pour d\u00e9poser un m\u00e9moire contre l'Union des arts.<\/p>\n\n\n\n<p>Il est donc temps de v\u00e9rifier aupr\u00e8s de l'Union des arts ce qu'il en est. Manu van Kersbergen, pr\u00e9sident du Kunstenbond depuis janvier dernier, nie l'existence d'une crise. Selon lui, l'\u00e9viction des deux anciens membres du conseil d'administration est le r\u00e9sultat de \"<em>un processus d\u00e9mocratique<\/em>\" que \"<em>conform\u00e9ment \u00e0 tous les r\u00e8glements et statuts de l'Union artistique a \u00e9t\u00e9 adopt\u00e9e.<\/em>\" Le Conseil des membres, l'organe de d\u00e9cision le plus \u00e9lev\u00e9 de l'association (compos\u00e9 de 13 membres), a d\u00e9cid\u00e9 \u00e0 la majorit\u00e9 que <em>\"Ces deux membres du conseil d'administration ne peuvent vraiment pas continuer sur cette base plus longtemps.<\/em><\/p>\n\n\n\n<p>Selon le pr\u00e9sident, l'affirmation des ex-gouverneurs selon laquelle leur renonciation d\u00e9coulait de questions critiques sur les d\u00e9passements de budget est erron\u00e9e : <em>\"Le c\u0153ur du probl\u00e8me \u00e9tait que la prise de d\u00e9cision commune au sein d'un conseil coll\u00e9gial n'\u00e9tait plus possible. Cette relation perturb\u00e9e durait depuis un certain temps et avait \u00e9t\u00e9 discut\u00e9e \u00e0 plusieurs reprises. Elle est r\u00e9apparue au moment o\u00f9 les deux anciens membres du conseil d'administration n'ont pas voulu assumer leurs responsabilit\u00e9s de gestion et ont agi de mani\u00e8re administrativement non conforme en ne signant d\u00e9lib\u00e9r\u00e9ment pas un projet d'\u00e9tat financier.<\/em><\/p>\n\n\n\n<h2 class=\"wp-block-heading\"><a><\/a>Pas de questions critiques<\/h2>\n\n\n\n<p>Ce projet d'\u00e9tat financier est pr\u00e9par\u00e9 par le directeur financier et l'auditeur, puis soumis au conseil d'administration, qui pr\u00e9pare officiellement les \u00e9tats financiers. Le r\u00f4le du conseil d'administration dans cette signature est, selon Van Kersbergen <em>\"v\u00e9rifier l'exactitude des informations qui y sont consign\u00e9es\",<\/em> ne pas remettre en cause les informations interm\u00e9diaires d\u00e9j\u00e0 discut\u00e9es par ce m\u00eame conseil.<\/p>\n\n\n\n<p>Le pr\u00e9sident a contest\u00e9 l'affirmation des anciens membres du conseil d'administration selon laquelle ils n'auraient pas \u00e9t\u00e9 inform\u00e9s de l'\u00e9volution de la situation financi\u00e8re. Au cours des r\u00e9unions r\u00e9guli\u00e8res du conseil d'administration tout au long de l'ann\u00e9e 2024, les rapports trimestriels ont d\u00e9j\u00e0 \u00e9t\u00e9 pr\u00e9sent\u00e9s, re\u00e7us et discut\u00e9s par l'ensemble du conseil d'administration, y compris Van den Dungen et Van der Molen. M\u00eame lors de la derni\u00e8re r\u00e9union de 2024 au cours de laquelle ces chiffres sont apparus clairement, \u00e0 l'automne 2024, les membres du conseil d'administration aujourd'hui d\u00e9chus n'ont pas pos\u00e9 de questions critiques. C'est ce qui ressort des proc\u00e8s-verbaux et des enregistrements de ces r\u00e9unions.<\/p>\n\n\n\n<h2 class=\"wp-block-heading\"><a><\/a>Gestion jet\u00e9e devant un bus<\/h2>\n\n\n\n<p>Apr\u00e8s cela, quelque chose a apparemment mal tourn\u00e9, selon Van Kersbergen : \".<em>Lorsque j'ai propos\u00e9 une nouvelle r\u00e9union, ils sont devenus insensibles, ont annul\u00e9 des r\u00e9unions et ont ouvert une voie et une ligne de communication avec le Conseil des d\u00e9put\u00e9s de leur propre initiative\".<\/em><\/p>\n\n\n\n<p>Le fait que Van den Dungen et Van der Molen aient cherch\u00e9 \u00e0 entrer en contact avec le conseil des membres en dehors du conseil lui-m\u00eame va \u00e0 l'encontre du code de gouvernance, selon le pr\u00e9sident. Les anciens membres du conseil d'administration ont exprim\u00e9 leur m\u00e9fiance \u00e0 l'\u00e9gard du directeur devant l'ensemble du conseil des membres. Selon M. Van Kersbergen, ils ont ainsi jet\u00e9 le conseil d'administration devant le bus. \"<em>Ce comportement a rendu la situation dangereuse pour le reste du conseil, en particulier pour le nouveau tr\u00e9sorier, qui a v\u00e9cu cette p\u00e9riode comme tr\u00e8s dangereuse. La d\u00e9sinformation et les r\u00e9criminations de grande ampleur ont provoqu\u00e9 une escalade\".<\/em><\/p>\n\n\n\n<p>Cela contredit l'affirmation des anciens membres du conseil d'administration selon laquelle c'est pr\u00e9cis\u00e9ment eux qui ne se sentaient pas en s\u00e9curit\u00e9.<\/p>\n\n\n\n<h2 class=\"wp-block-heading\"><a><\/a>Pas d'argent des membres<\/h2>\n\n\n\n<p>Reste la question de savoir si ce d\u00e9passement de budget \u00e0 <em>\"L'argent des d\u00e9put\u00e9s\"<\/em> va. Selon l'Union des arts, il s'agit d'investissements en vue d'un avenir financi\u00e8rement durable.<em>En novembre 2022, un plan strat\u00e9gique a \u00e9t\u00e9 approuv\u00e9 \u00e0 l'unanimit\u00e9 par le conseil d'administration et le conseil des membres, y compris les anciens membres du conseil d'administration concern\u00e9s. Le plan optait pour une voie d'investissement plut\u00f4t que pour l'aust\u00e9rit\u00e9. Il pourrait \u00eatre financ\u00e9 par d'importantes r\u00e9serves financi\u00e8res, provenant d'un portefeuille d'investissement, et non de contributions. Ce plan reconna\u00eet explicitement qu'il conduira \u00e0 un d\u00e9ficit d'exploitation plus important au cours des premi\u00e8res ann\u00e9es, avec un budget neutre ou positif apr\u00e8s 2026. Le d\u00e9ficit de 2024 n'est donc pas un revers inattendu, mais une cons\u00e9quence anticip\u00e9e et logique de ce choix commun\".<\/em><\/p>\n\n\n\n<p>Le fait que les membres du conseil d'administration n'\u00e9taient pas pr\u00e9sents lors de la r\u00e9union au cours de laquelle le conseil des membres a d\u00e9cid\u00e9 de les r\u00e9voquer n'est pas non plus un acte d\u00e9lib\u00e9r\u00e9, selon M. Van Kersbergen : <em>\"Apr\u00e8s la pr\u00e9sentation du projet de comptes annuels le 13 mai 2025, au cours de laquelle leur opposition soudaine s'est manifest\u00e9e, nous avons programm\u00e9 deux r\u00e9unions de discussion et de m\u00e9diation. Ils ont choisi de ne pas s'y pr\u00e9senter et avaient d\u00e9j\u00e0 ouvert leur ligne unilat\u00e9rale avec le conseil des membres. C'est donc le conseil des membres lui-m\u00eame qui a d\u00e9pos\u00e9 la motion, a programm\u00e9 une r\u00e9union et l'a vot\u00e9e\".<\/em> Avec le r\u00e9sultat que l'on conna\u00eet.<\/p>\n\n\n\n<p>Au moment de la r\u00e9daction de cet article, plus de 4900 des 5500 euros demand\u00e9s pour la proc\u00e9dure de r\u00e9f\u00e9r\u00e9 avaient \u00e9t\u00e9 collect\u00e9s.<\/p>\n\n\n\n<div class=\"su-note\"  style=\"border-color:#e5e54c;border-radius:3px;-moz-border-radius:3px;-webkit-border-radius:3px;\"><div class=\"su-note-inner su-u-clearfix su-u-trim\" style=\"background-color:#FFFF66;border-color:#ffffff;color:#333333;border-radius:3px;-moz-border-radius:3px;-webkit-border-radius:3px;\">Au nom des deux membres sortants du conseil d'administration, Ben van den Dungen a r\u00e9pondu \u00e0 notre demande de r\u00e9futation : <\/p>\n\n\n\n<h2 class=\"wp-block-heading\">R\u00e9action Ben van den Dungen et Ellister van der Molen<\/h2>\n\n\n\n<p><strong>A propos de la \"d\u00e9mission\" :<\/strong> Le 29 juillet, nous avons re\u00e7u un e-mail du pr\u00e9sident Michael Klier intitul\u00e9 \"D\u00e9mission du conseil d'administration prononc\u00e9e par le conseil des membres\", qui disait litt\u00e9ralement que la motion sur notre d\u00e9mission avait \u00e9t\u00e9 adopt\u00e9e par 7 voix contre 6\".<\/p>\n\n\n\n<p>\u201c<strong>Sur la communication :<\/strong> L'engagement de coordonner avec nous la communication aux membres a \u00e9t\u00e9 viol\u00e9 dans les 24 heures. Au lieu du projet promis, nous avons re\u00e7u unilat\u00e9ralement une communication finale\".<\/p>\n\n\n\n<p>\u201c<strong>Sur les \u00e9tats financiers :<\/strong> Le fait que le projet de comptes annuels ait depuis \u00e9t\u00e9 retir\u00e9 et soit en cours de r\u00e9vision parce que les chiffres du budget ne correspondaient pas au budget approuv\u00e9 par le Conseil des membres rend l'accusation d'action \"peu hygi\u00e9nique sur le plan de la gestion\" digne d'int\u00e9r\u00eat. Depuis le d\u00e9but, nous avons demand\u00e9 des \u00e9claircissements et des discussions, qui nous ont \u00e9t\u00e9 refus\u00e9s \u00e0 chaque fois.<\/p>\n\n\n\n<p>\u201c<strong>Sur les rapports trimestriels :<\/strong> Aucun rapport trimestriel n'a \u00e9t\u00e9 pr\u00e9sent\u00e9 au conseil d'administration pour le quatri\u00e8me trimestre 2024. Les chiffres financiers \u00e9taient compl\u00e8tement inattendus pour nous\".<\/p>\n\n\n\n<p>\u201c<strong>Sur le d\u00e9ficit d'exploitation :<\/strong> Le d\u00e9ficit de plus de 1,1 million d'euros n'\u00e9tait pas un d\u00e9ficit planifi\u00e9 ou convenu. Le budget pr\u00e9voyait environ 600 000 euros - d\u00e9passer ce montant, sans discussion ni approbation, est une violation de ces d\u00e9cisions\".<\/p>\n\n\n\n<p>\u201c<strong>Sur l'initiative de licenciement :<\/strong> La proposition de d\u00e9mission n'est pas venue spontan\u00e9ment du Conseil des membres, mais a \u00e9t\u00e9 initi\u00e9e par le pr\u00e9sident du conseil d'administration en son nom et au nom de trois autres membres du conseil d'administration par le biais d'un courriel envoy\u00e9 en juin\".<\/p>\n\n\n\n<p>\u201c<strong>Sur notre absence :<\/strong> Nous avions d\u00e9j\u00e0 indiqu\u00e9 d\u00e9but juin que nous ne pourrions pas \u00eatre pr\u00e9sents le 28 juillet en raison d'engagements professionnels pr\u00e9vus de longue date (tourn\u00e9e dans les pays baltes, enregistrement en studio en France)\".<\/p>\n\n\n\n<p>\u201c<strong>Sur la m\u00e9diation :<\/strong> Nous avons demand\u00e9 \u00e0 plusieurs reprises une discussion commune, \u00e9ventuellement sous une direction ind\u00e9pendante. Nos coll\u00e8gues membres du conseil d'administration ont refus\u00e9 ces propositions \u00e0 chaque fois\".<\/p>\n\n\n\n<p><em>\"Qu'il y ait une divergence d'opinion n'est pas un probl\u00e8me. Mais le fait que cette diff\u00e9rence n'ait jamais \u00e9t\u00e9 discut\u00e9e sur le fond, qu'il n'y ait pas eu de place pour la discussion et qu'elle ait abouti \u00e0 une d\u00e9cision de licenciement en notre absence, voil\u00e0 ce qui nous pr\u00e9occupe. C'est pour cette raison que nous demandons un examen juridique de cette action\".<\/em><\/div><\/div>","protected":false},"excerpt":{"rendered":"<p>Cette semaine, des rapports ont \u00e9t\u00e9 publi\u00e9s en ligne selon lesquels deux membres du conseil d'administration du Kunstenbond auraient \u00e9t\u00e9 \u00e9vinc\u00e9s (\"licenci\u00e9s\", selon leur propre message). Ben van den Dungen, l'un des administrateurs disgraci\u00e9s, invoque un \"d\u00e9ficit inattendu\" dans les comptes annuels : \"Le Kunstenbond - et, avec lui, la d\u00e9fense des musiciens - traverse une crise profonde,&nbsp;<a href=\"https:\/\/staging.cultuurpers.nl\/fr\/2025\/08\/afgezette-bestuurders-zamelen-geld-in-voor-rechtszaak-tegen-kunstenbond\/\" rel=\"bookmark\">Lire la suite \"<span class=\"screen-reader-text\">Les directeurs licenci\u00e9s collectent des fonds pour financer le proc\u00e8s intent\u00e9 \u00e0 l'Union des arts<\/span><\/a><\/p>","protected":false},"author":4,"featured_media":98081,"comment_status":"open","ping_status":"closed","sticky":false,"template":"","format":"standard","meta":{"_eb_attr":"","_monsterinsights_skip_tracking":false,"_monsterinsights_sitenote_active":false,"_monsterinsights_sitenote_note":"","_monsterinsights_sitenote_category":0,"neve_meta_sidebar":"","neve_meta_container":"","neve_meta_enable_content_width":"","neve_meta_content_width":0,"neve_meta_title_alignment":"","neve_meta_author_avatar":"","neve_post_elements_order":"","neve_meta_disable_header":"","neve_meta_disable_footer":"","neve_meta_disable_title":"","neve_meta_reading_time":"","_themeisle_gutenberg_block_has_review":false,"_jetpack_memberships_contains_paid_content":false,"activitypub_content_warning":"","activitypub_content_visibility":"","activitypub_max_image_attachments":3,"activitypub_interaction_policy_quote":"anyone","activitypub_status":"federated","footnotes":"","jetpack_publicize_message":"","jetpack_publicize_feature_enabled":true,"jetpack_social_post_already_shared":false,"jetpack_social_options":{"image_generator_settings":{"template":"highway","default_image_id":0,"enabled":false},"version":2}},"categories":[1,15614,6095,11687],"tags":[15891,11690],"class_list":["post-98080","post","type-post","status-publish","format-standard","has-post-thumbnail","hentry","category-nieuws","category-beleid","category-featured","category-donatie-gevraagd","tag-code-cultural-governance","tag-kunstenbond"],"aioseo_notices":[],"jetpack_publicize_connections":[],"jetpack_featured_media_url":"https:\/\/staging.cultuurpers.nl\/wp-content\/uploads\/2025\/08\/MixCollage-03-Aug-2025-02-22-PM-6718-scaled.jpg","jetpack-related-posts":[{"id":61912,"url":"https:\/\/staging.cultuurpers.nl\/fr\/2019\/09\/de-keerzijde-van-fair-practice-kunstenbond-in-onmogelijke-spagaat-na-doorstart-utrechts-centrum-voor-de-kunsten\/","url_meta":{"origin":98080,"position":0},"title":"Le revers de la m\u00e9daille de la pratique \u00e9quitable : le Kunstenbond en rupture impossible apr\u00e8s la \"relance\" du Centre des arts d'Utrecht.","author":"Wijbrand Schaap","date":"19 septembre 2019","format":false,"excerpt":"'Schrijnend om te zien hoe een gebrek aan daadkracht, duidelijkheid en leiderschap \u2013 zowel bij de gemeente Utrecht als de directie van het UCK \u2013 kon leiden tot een gespletenheid en zelfs breuk onder medewerkers.' Karin Boelhouwer van de Kunstenbond zit ermee, en ze heeft een punt.\u00a0 Het Utrechts Centrum\u2026","rel":"","context":"Dans &quot;ACTUEEL&quot;","block_context":{"text":"ACTUEEL","link":"https:\/\/staging.cultuurpers.nl\/fr\/genre\/nieuws\/"},"img":{"alt_text":"","src":"https:\/\/i0.wp.com\/staging.cultuurpers.nl\/wp-content\/uploads\/2018\/12\/marnixzaal.jpg?resize=350%2C200&ssl=1","width":350,"height":200,"srcset":"https:\/\/i0.wp.com\/staging.cultuurpers.nl\/wp-content\/uploads\/2018\/12\/marnixzaal.jpg?resize=350%2C200&ssl=1 1x, https:\/\/i0.wp.com\/staging.cultuurpers.nl\/wp-content\/uploads\/2018\/12\/marnixzaal.jpg?resize=525%2C300&ssl=1 1.5x, https:\/\/i0.wp.com\/staging.cultuurpers.nl\/wp-content\/uploads\/2018\/12\/marnixzaal.jpg?resize=700%2C400&ssl=1 2x"},"classes":[]},{"id":61717,"url":"https:\/\/staging.cultuurpers.nl\/fr\/2019\/08\/sociaal-fonds-podiumkunsten-blijkt-moneypit-vermogen-in-vijf-jaar-tijd-gehalveerd-en-het-einde-is-nog-niet-in-zicht\/","url_meta":{"origin":98080,"position":1},"title":"Le Fonds social Arts du spectacle s'av\u00e8re \u00eatre un gouffre financier : les actifs ont \u00e9t\u00e9 divis\u00e9s par deux en cinq ans. Pourquoi cette mauvaise nouvelle ?","author":"Wijbrand Schaap","date":"20 ao\u00fbt 2019","format":false,"excerpt":"'Si nous continuons au rythme actuel, le fonds sera \u00e9puis\u00e9 dans un avenir pr\u00e9visible.' C'est ce que l'on peut lire dans le rapport annuel 2018 du Fonds social du spectacle vivant. De nombreuses raisons de tirer la sonnette d'alarme, en effet. S'agit-il d'une nouvelle victime des coupes budg\u00e9taires du cabinet ? Il s'av\u00e8re que ce n'est pas vraiment le cas. Quand tu","rel":"","context":"Dans &quot;ACTUEEL&quot;","block_context":{"text":"ACTUEEL","link":"https:\/\/staging.cultuurpers.nl\/fr\/genre\/nieuws\/"},"img":{"alt_text":"","src":"https:\/\/i0.wp.com\/staging.cultuurpers.nl\/wp-content\/uploads\/2019\/08\/24691130317_3d56f66a1c_o.jpg?resize=350%2C200&ssl=1","width":350,"height":200,"srcset":"https:\/\/i0.wp.com\/staging.cultuurpers.nl\/wp-content\/uploads\/2019\/08\/24691130317_3d56f66a1c_o.jpg?resize=350%2C200&ssl=1 1x, https:\/\/i0.wp.com\/staging.cultuurpers.nl\/wp-content\/uploads\/2019\/08\/24691130317_3d56f66a1c_o.jpg?resize=525%2C300&ssl=1 1.5x, https:\/\/i0.wp.com\/staging.cultuurpers.nl\/wp-content\/uploads\/2019\/08\/24691130317_3d56f66a1c_o.jpg?resize=700%2C400&ssl=1 2x, https:\/\/i0.wp.com\/staging.cultuurpers.nl\/wp-content\/uploads\/2019\/08\/24691130317_3d56f66a1c_o.jpg?resize=1050%2C600&ssl=1 3x"},"classes":[]},{"id":58952,"url":"https:\/\/staging.cultuurpers.nl\/fr\/2018\/12\/podiumkunstenaars-lopen-miljoen-aan-europese-subsidie-mis-door-bestuurlijk-onvermogen\/","url_meta":{"origin":98080,"position":2},"title":"Les artistes interpr\u00e8tes ne re\u00e7oivent pas un million de subventions europ\u00e9ennes en raison d'une \"incapacit\u00e9 administrative\".","author":"Wijbrand Schaap","date":"12 d\u00e9cembre 2018","format":false,"excerpt":"'Onfatsoenlijk en onbeschoft', zo noemt Miep van Diggelen, oud-bestuursvoorzitter van het Sociaal Fonds Podiumkunsten (SFPK), het handelen van het bestuur van datzelfde fonds. Dat bestuur, of althans een vijftal leden van het zevenkoppige bestuur, besloot - buiten de offici\u00eble vergadering om - een eerder door hen in gang gezette subsidieaanvraag\u2026","rel":"","context":"Dans &quot;ACTUEEL&quot;","block_context":{"text":"ACTUEEL","link":"https:\/\/staging.cultuurpers.nl\/fr\/genre\/nieuws\/"},"img":{"alt_text":"","src":"https:\/\/i0.wp.com\/staging.cultuurpers.nl\/wp-content\/uploads\/2018\/12\/Interieur_voor-_en_achterkamer_zijn_gekoppeld_door_een_kastenwand_met_schuifdeuren_open_toestand_-_Dwingeloo_-_20412513_-_RCE.jpg?resize=350%2C200&ssl=1","width":350,"height":200,"srcset":"https:\/\/i0.wp.com\/staging.cultuurpers.nl\/wp-content\/uploads\/2018\/12\/Interieur_voor-_en_achterkamer_zijn_gekoppeld_door_een_kastenwand_met_schuifdeuren_open_toestand_-_Dwingeloo_-_20412513_-_RCE.jpg?resize=350%2C200&ssl=1 1x, https:\/\/i0.wp.com\/staging.cultuurpers.nl\/wp-content\/uploads\/2018\/12\/Interieur_voor-_en_achterkamer_zijn_gekoppeld_door_een_kastenwand_met_schuifdeuren_open_toestand_-_Dwingeloo_-_20412513_-_RCE.jpg?resize=525%2C300&ssl=1 1.5x, https:\/\/i0.wp.com\/staging.cultuurpers.nl\/wp-content\/uploads\/2018\/12\/Interieur_voor-_en_achterkamer_zijn_gekoppeld_door_een_kastenwand_met_schuifdeuren_open_toestand_-_Dwingeloo_-_20412513_-_RCE.jpg?resize=700%2C400&ssl=1 2x, https:\/\/i0.wp.com\/staging.cultuurpers.nl\/wp-content\/uploads\/2018\/12\/Interieur_voor-_en_achterkamer_zijn_gekoppeld_door_een_kastenwand_met_schuifdeuren_open_toestand_-_Dwingeloo_-_20412513_-_RCE.jpg?resize=1050%2C600&ssl=1 3x"},"classes":[]},{"id":91934,"url":"https:\/\/staging.cultuurpers.nl\/fr\/2023\/09\/akkoord-cao-toneel-en-dans-2024\/","url_meta":{"origin":98080,"position":3},"title":"Accord convention collective th\u00e9\u00e2tre et danse 2024","author":"een van onze leden","date":"13 septembre 2023","format":false,"excerpt":"Amsterdam, 12 september 2023 - De collectieve arbeidsovereenkomst toneel en dans is door zowel de achterban van de NAPK als van de Kunstenbond akkoord verklaard. In de cao is een algemene salarisverhoging afgesproken van 5% plus een verhoging met een vast bedrag van \u20ac 150,-. Deze salarisontwikkeling betekent een gemiddelde\u2026","rel":"","context":"Dans &quot;ACTUEEL&quot;","block_context":{"text":"ACTUEEL","link":"https:\/\/staging.cultuurpers.nl\/fr\/genre\/nieuws\/"},"img":{"alt_text":"logo Nederladse associatie voor Podiumkunsten","src":"https:\/\/i0.wp.com\/staging.cultuurpers.nl\/wp-content\/uploads\/2014\/12\/napk.png?resize=350%2C200&ssl=1","width":350,"height":200,"srcset":"https:\/\/i0.wp.com\/staging.cultuurpers.nl\/wp-content\/uploads\/2014\/12\/napk.png?resize=350%2C200&ssl=1 1x, https:\/\/i0.wp.com\/staging.cultuurpers.nl\/wp-content\/uploads\/2014\/12\/napk.png?resize=525%2C300&ssl=1 1.5x, https:\/\/i0.wp.com\/staging.cultuurpers.nl\/wp-content\/uploads\/2014\/12\/napk.png?resize=700%2C400&ssl=1 2x"},"classes":[]},{"id":62725,"url":"https:\/\/staging.cultuurpers.nl\/fr\/2019\/11\/de-keuze-om-freelancers-onder-te-betalen-is-onbegrijpelijk-en-een-smet-op-het-blazoen-leiders-in-cultuur-roepen-op-tot-eerlijke-betaling-zzpers\/","url_meta":{"origin":98080,"position":4},"title":"La d\u00e9cision de sous-payer les free-lances est incompr\u00e9hensible et fait tache d'huile. - Les \"leaders de la culture\" r\u00e9clament une r\u00e9mun\u00e9ration \u00e9quitable pour les free-lances","author":"Wijbrand Schaap","date":"28 novembre 2019","format":false,"excerpt":"'Hoeveel talentvolle makers moeten we nog verliezen aan andere sectoren, omdat ze de ondermaatse waardering niet kunnen rijmen met de kwaliteit van hun product? Mensen kiezen op den duur eieren voor hun geld, wanneer kinderen moeten gevoed of hypotheken betaald. De sector holt zichzelf uit als we niet beter voor\u2026","rel":"","context":"Dans &quot;ACTUEEL&quot;","block_context":{"text":"ACTUEEL","link":"https:\/\/staging.cultuurpers.nl\/fr\/genre\/nieuws\/"},"img":{"alt_text":"","src":"https:\/\/i0.wp.com\/staging.cultuurpers.nl\/wp-content\/uploads\/2019\/11\/Schermafdruk-van-2019-11-28-12-03-43.png?resize=350%2C200&ssl=1","width":350,"height":200,"srcset":"https:\/\/i0.wp.com\/staging.cultuurpers.nl\/wp-content\/uploads\/2019\/11\/Schermafdruk-van-2019-11-28-12-03-43.png?resize=350%2C200&ssl=1 1x, https:\/\/i0.wp.com\/staging.cultuurpers.nl\/wp-content\/uploads\/2019\/11\/Schermafdruk-van-2019-11-28-12-03-43.png?resize=525%2C300&ssl=1 1.5x, https:\/\/i0.wp.com\/staging.cultuurpers.nl\/wp-content\/uploads\/2019\/11\/Schermafdruk-van-2019-11-28-12-03-43.png?resize=700%2C400&ssl=1 2x"},"classes":[]}],"jetpack_shortlink":"https:\/\/wp.me\/p3yKke-pvW","jetpack_sharing_enabled":true,"_links":{"self":[{"href":"https:\/\/staging.cultuurpers.nl\/fr\/wp-json\/wp\/v2\/posts\/98080","targetHints":{"allow":["GET"]}}],"collection":[{"href":"https:\/\/staging.cultuurpers.nl\/fr\/wp-json\/wp\/v2\/posts"}],"about":[{"href":"https:\/\/staging.cultuurpers.nl\/fr\/wp-json\/wp\/v2\/types\/post"}],"author":[{"embeddable":true,"href":"https:\/\/staging.cultuurpers.nl\/fr\/wp-json\/wp\/v2\/users\/4"}],"replies":[{"embeddable":true,"href":"https:\/\/staging.cultuurpers.nl\/fr\/wp-json\/wp\/v2\/comments?post=98080"}],"version-history":[{"count":2,"href":"https:\/\/staging.cultuurpers.nl\/fr\/wp-json\/wp\/v2\/posts\/98080\/revisions"}],"predecessor-version":[{"id":98086,"href":"https:\/\/staging.cultuurpers.nl\/fr\/wp-json\/wp\/v2\/posts\/98080\/revisions\/98086"}],"wp:featuredmedia":[{"embeddable":true,"href":"https:\/\/staging.cultuurpers.nl\/fr\/wp-json\/wp\/v2\/media\/98081"}],"wp:attachment":[{"href":"https:\/\/staging.cultuurpers.nl\/fr\/wp-json\/wp\/v2\/media?parent=98080"}],"wp:term":[{"taxonomy":"category","embeddable":true,"href":"https:\/\/staging.cultuurpers.nl\/fr\/wp-json\/wp\/v2\/categories?post=98080"},{"taxonomy":"post_tag","embeddable":true,"href":"https:\/\/staging.cultuurpers.nl\/fr\/wp-json\/wp\/v2\/tags?post=98080"}],"curies":[{"name":"wp","href":"https:\/\/api.w.org\/{rel}","templated":true}]}}