{"id":98010,"date":"2025-07-22T11:50:43","date_gmt":"2025-07-22T09:50:43","guid":{"rendered":"https:\/\/cultureelpersbureau.nl\/?p=98010"},"modified":"2025-07-22T11:50:45","modified_gmt":"2025-07-22T09:50:45","slug":"raad-voor-cultuur-adviseert-over-aanwijzing-eerste-post-65-monumenten","status":"publish","type":"post","link":"https:\/\/staging.cultuurpers.nl\/fr\/2025\/07\/raad-voor-cultuur-adviseert-over-aanwijzing-eerste-post-65-monumenten\/","title":{"rendered":"Le Conseil de la culture donne son avis sur la d\u00e9signation des premiers monuments de l'apr\u00e8s-65"},"content":{"rendered":"<p>\u00c0 la demande du ministre Bruins de l'\u00c9ducation, de la Culture et des Sciences, le Conseil de la culture a donn\u00e9 son avis sur le projet de programme de d\u00e9signation de 12 monuments nationaux de la p\u00e9riode 1965-1990, \u00e9galement connue sous le nom de Post 65. Au cours de ces ann\u00e9es, pas moins de quatre millions de biens immobiliers ont \u00e9t\u00e9 r\u00e9alis\u00e9s aux Pays-Bas. De nombreux b\u00e2timents et zones datant de cette \u00e9poque sont aujourd'hui sous pression en raison de la pr\u00e9servation, du rezonage et d'autres t\u00e2ches spatiales.<\/p>\n\n\n\n<p>Pour \u00e9viter que des \u00e9l\u00e9ments pr\u00e9cieux du patrimoine de cette p\u00e9riode ne disparaissent sans qu'on s'en aper\u00e7oive ou au hasard, il est n\u00e9cessaire de mieux les conna\u00eetre, de les reconna\u00eetre et de les soutenir. Avec le programme de d\u00e9signation, le ministre souhaite faire un premier pas vers une attention, une appr\u00e9ciation et une pr\u00e9servation plus positives de ce patrimoine relativement jeune.<\/p>\n\n\n\n<p>Le Conseil reconna\u00eet l'importance du soutien et de la pr\u00e9servation des objets caract\u00e9ristiques de la p\u00e9riode de l'apr\u00e8s 65 ans. L'importance sociale de ce patrimoine est grande, mais en m\u00eame temps le Conseil note que la reconnaissance publique est encore limit\u00e9e. Selon le Conseil, le programme actuel peut contribuer \u00e0 renforcer le soutien du public.&nbsp;<\/p>\n\n\n\n<h2 class=\"wp-block-heading\"><strong>Soutien provincial<\/strong><\/h2>\n\n\n\n<p>Selon le Conseil, il est essentiel que toutes les provinces reconnaissent ces premi\u00e8res d\u00e9signations nationales et s'y associent. La d\u00e9signation d'un monument sp\u00e9cial et \u00e9vocateur \u00e0 l'\u00e9chelle nationale dans chaque province peut contribuer \u00e0 obtenir le soutien n\u00e9cessaire des provinces (et, en leur sein, des municipalit\u00e9s). Cela permet non seulement d'accro\u00eetre le soutien r\u00e9gional, mais aussi de souligner la valeur nationale du patrimoine de l'apr\u00e8s 65. De l'avis du Conseil, chaque province devrait \u00eatre repr\u00e9sent\u00e9e dans les premi\u00e8res d\u00e9signations de l'\u00c9tat, y compris la Drenthe, le Brabant-Septentrional et la Hollande-Septentrionale, qui ne sont actuellement pas repr\u00e9sent\u00e9es dans la premi\u00e8re s\u00e9lection.<\/p>\n\n\n\n<h2 class=\"wp-block-heading\"><strong>Renforcer l'\u00e9tayage<\/strong><\/h2>\n\n\n\n<p>Le Conseil recommande \u00e9galement de renforcer la justification des choix effectu\u00e9s. Le Conseil estime que la s\u00e9lection actuelle de douze objets est attrayante, mais que les motifs de la s\u00e9lection de ces monuments en tant qu'exemples de la p\u00e9riode ne sont pas suffisamment clairs. Dans le cadre du processus de suivi d'un programme plus vaste de d\u00e9signation de l'apr\u00e8s 65, le Conseil recommande donc de justifier plus soigneusement les d\u00e9signations individuelles et d'\u00e9tayer clairement leur importance nationale.<\/p>\n\n\n\n<h2 class=\"wp-block-heading\"><strong>Une plus grande attention port\u00e9e aux espaces publics verts et aux zones rurales<\/strong><\/h2>\n\n\n\n<p>Enfin, le Conseil note l'importance des espaces publics verts et des zones rurales dans la p\u00e9riode post-65. Ces \u00e9l\u00e9ments sont actuellement sous-expos\u00e9s dans la s\u00e9lection. C'est pr\u00e9cis\u00e9ment l\u00e0 que le Conseil estime qu'il existe des possibilit\u00e9s de promouvoir une plus grande sensibilisation \u00e0 l'apr\u00e8s-65, par exemple en mettant explicitement l'accent sur les monuments sp\u00e9ciaux dans les communaut\u00e9s villageoises et sur le processus de remembrement.<\/p>\n\n\n\n<div class=\"su-note\"  style=\"border-color:#e5e54c;border-radius:3px;-moz-border-radius:3px;-webkit-border-radius:3px;\"><div class=\"su-note-inner su-u-clearfix su-u-trim\" style=\"background-color:#FFFF66;border-color:#ffffff;color:#333333;border-radius:3px;-moz-border-radius:3px;-webkit-border-radius:3px;\"><a href=\"https:\/\/www.raadvoorcultuur.nl\/documenten\/adviezen\/2025\/07\/advies-post-65\/advies-post-65\">Lettre d'avis Programme de d\u00e9signation Post 65Advies | 22-07-2025<\/a><\/div><\/div>","protected":false},"excerpt":{"rendered":"<p>\u00c0 la demande du ministre Bruins de l'\u00c9ducation, de la Culture et des Sciences, le Conseil de la culture a donn\u00e9 son avis sur le projet de programme de d\u00e9signation de 12 monuments nationaux de la p\u00e9riode 1965-1990, \u00e9galement connue sous le nom de Post 65. Au cours de ces ann\u00e9es, pas moins de quatre millions de biens immobiliers ont \u00e9t\u00e9 r\u00e9alis\u00e9s aux Pays-Bas. De nombreux b\u00e2timents et zones datant de cette \u00e9poque sont aujourd'hui sous le contr\u00f4le de la Commission europ\u00e9enne.&nbsp;<a href=\"https:\/\/staging.cultuurpers.nl\/fr\/2025\/07\/raad-voor-cultuur-adviseert-over-aanwijzing-eerste-post-65-monumenten\/\" rel=\"bookmark\">Lire la suite \"<span class=\"screen-reader-text\">Le Conseil de la culture donne son avis sur la d\u00e9signation des premiers monuments de l'apr\u00e8s-65<\/span><\/a><\/p>","protected":false},"author":13,"featured_media":98011,"comment_status":"open","ping_status":"closed","sticky":false,"template":"","format":"standard","meta":{"_eb_attr":"","_monsterinsights_skip_tracking":false,"_monsterinsights_sitenote_active":false,"_monsterinsights_sitenote_note":"","_monsterinsights_sitenote_category":0,"neve_meta_sidebar":"","neve_meta_container":"","neve_meta_enable_content_width":"","neve_meta_content_width":0,"neve_meta_title_alignment":"","neve_meta_author_avatar":"","neve_post_elements_order":"","neve_meta_disable_header":"","neve_meta_disable_footer":"","neve_meta_disable_title":"","neve_meta_reading_time":"","_themeisle_gutenberg_block_has_review":false,"_jetpack_memberships_contains_paid_content":false,"activitypub_content_warning":"","activitypub_content_visibility":"","activitypub_max_image_attachments":3,"activitypub_interaction_policy_quote":"anyone","activitypub_status":"federated","footnotes":"","jetpack_publicize_message":"","jetpack_publicize_feature_enabled":true,"jetpack_social_post_already_shared":false,"jetpack_social_options":{"image_generator_settings":{"template":"highway","default_image_id":0,"enabled":false},"version":2}},"categories":[15614,10340,11917],"tags":[1148],"class_list":["post-98010","post","type-post","status-publish","format-standard","has-post-thumbnail","hentry","category-beleid","category-erfgoed","category-persberichten","tag-raad-voor-cultuur"],"aioseo_notices":[],"jetpack_publicize_connections":[],"jetpack_featured_media_url":"https:\/\/staging.cultuurpers.nl\/wp-content\/uploads\/2025\/07\/beeld-post-65-website.png","jetpack-related-posts":[{"id":42608,"url":"https:\/\/staging.cultuurpers.nl\/fr\/2017\/01\/raad-cultuur-zoekt-leden\/","url_meta":{"origin":98010,"position":0},"title":"Le Conseil de la culture recherche : MEMBRES (m\u00e9dias, journalisme et science)","author":"een van onze leden","date":"7 janvier 2017","format":false,"excerpt":"De Raad voor Cultuur is het wettelijke adviesorgaan van de regering en het parlement op het terrein van cultuur en media. De raad is onafhankelijk en adviseert, gevraagd en ongevraagd, over actuele beleidskwesties en subsidieaanvragen. De raad wil adviezen maken met visie en durf; adviezen die een verschil maken en\u2026","rel":"","context":"Dans &quot;advertentie-archief&quot;","block_context":{"text":"advertentie-archief","link":"https:\/\/staging.cultuurpers.nl\/fr\/genre\/service\/advertenties\/advertentie-archief\/"},"img":{"alt_text":"","src":"https:\/\/i0.wp.com\/staging.cultuurpers.nl\/wp-content\/uploads\/2016\/12\/leden-raad-cultuur.png?resize=350%2C200&ssl=1","width":350,"height":200,"srcset":"https:\/\/i0.wp.com\/staging.cultuurpers.nl\/wp-content\/uploads\/2016\/12\/leden-raad-cultuur.png?resize=350%2C200&ssl=1 1x, https:\/\/i0.wp.com\/staging.cultuurpers.nl\/wp-content\/uploads\/2016\/12\/leden-raad-cultuur.png?resize=525%2C300&ssl=1 1.5x"},"classes":[]}],"jetpack_shortlink":"https:\/\/wp.me\/p3yKke-puO","jetpack_sharing_enabled":true,"_links":{"self":[{"href":"https:\/\/staging.cultuurpers.nl\/fr\/wp-json\/wp\/v2\/posts\/98010","targetHints":{"allow":["GET"]}}],"collection":[{"href":"https:\/\/staging.cultuurpers.nl\/fr\/wp-json\/wp\/v2\/posts"}],"about":[{"href":"https:\/\/staging.cultuurpers.nl\/fr\/wp-json\/wp\/v2\/types\/post"}],"author":[{"embeddable":true,"href":"https:\/\/staging.cultuurpers.nl\/fr\/wp-json\/wp\/v2\/users\/13"}],"replies":[{"embeddable":true,"href":"https:\/\/staging.cultuurpers.nl\/fr\/wp-json\/wp\/v2\/comments?post=98010"}],"version-history":[{"count":1,"href":"https:\/\/staging.cultuurpers.nl\/fr\/wp-json\/wp\/v2\/posts\/98010\/revisions"}],"predecessor-version":[{"id":98012,"href":"https:\/\/staging.cultuurpers.nl\/fr\/wp-json\/wp\/v2\/posts\/98010\/revisions\/98012"}],"wp:featuredmedia":[{"embeddable":true,"href":"https:\/\/staging.cultuurpers.nl\/fr\/wp-json\/wp\/v2\/media\/98011"}],"wp:attachment":[{"href":"https:\/\/staging.cultuurpers.nl\/fr\/wp-json\/wp\/v2\/media?parent=98010"}],"wp:term":[{"taxonomy":"category","embeddable":true,"href":"https:\/\/staging.cultuurpers.nl\/fr\/wp-json\/wp\/v2\/categories?post=98010"},{"taxonomy":"post_tag","embeddable":true,"href":"https:\/\/staging.cultuurpers.nl\/fr\/wp-json\/wp\/v2\/tags?post=98010"}],"curies":[{"name":"wp","href":"https:\/\/api.w.org\/{rel}","templated":true}]}}