{"id":97950,"date":"2025-07-15T14:12:59","date_gmt":"2025-07-15T12:12:59","guid":{"rendered":"https:\/\/cultureelpersbureau.nl\/?p=97950"},"modified":"2025-07-15T14:13:02","modified_gmt":"2025-07-15T12:13:02","slug":"fonds-21-investeert-bijna-half-miljoen-euro-in-projecten-die-jongeren-mede-eigenaar-maken-van-kunst-en-cultuur","status":"publish","type":"post","link":"https:\/\/staging.cultuurpers.nl\/fr\/2025\/07\/fonds-21-investeert-bijna-half-miljoen-euro-in-projecten-die-jongeren-mede-eigenaar-maken-van-kunst-en-cultuur\/","title":{"rendered":"Le Fonds 21 investit pr\u00e8s d'un demi-million d'euros dans des projets qui rendent les jeunes copropri\u00e9taires des arts et de la culture."},"content":{"rendered":"<p><strong>Vingt initiatives innovantes b\u00e9n\u00e9ficieront d'une contribution du syst\u00e8me d'incitation <em>La culture pour la g\u00e9n\u00e9ration Z<\/em> Au total, le fonds investit 460 000 euros dans des projets qui ne se contentent pas de s'adresser aux jeunes en tant que public, mais qui les impliquent activement dans le contenu, l'organisation et l'ex\u00e9cution.<\/strong><\/p>\n\n\n\n<p>Avec ce programme, le Fonds 21 met les institutions culturelles au d\u00e9fi de laisser les jeunes r\u00e9fl\u00e9chir et d\u00e9cider d\u00e8s le d\u00e9part. L'int\u00e9r\u00eat a \u00e9t\u00e9 grand : le Fonds 21 a re\u00e7u 162 candidatures de tout le pays. Les projets s\u00e9lectionn\u00e9s sont diversifi\u00e9s en termes de forme et de discipline, allant de la culture nocturne aux biblioth\u00e8ques et des arts visuels aux arts du spectacle.<\/p>\n\n\n\n<p>\"<em>Nous constatons que de nombreuses institutions sont dispos\u00e9es \u00e0 donner aux jeunes une v\u00e9ritable voix, mais qu'elles manquent parfois d'espace ou de ressources pour l'exp\u00e9rimenter. Avec ce programme, nous encourageons un mouvement auquel les jeunes participent pleinement, ce qui demande du courage. Nous aimons r\u00e9compenser ce courage<\/em>.\" - Henk Christophersen, directeur-directeur du Fonds 21.<\/p>\n\n\n\n<h2 class=\"wp-block-heading\"><strong>Place \u00e0 l'innovation et \u00e0 l'appropriation<\/strong><\/h2>\n\n\n\n<p>Le principal groupe cible du Fonds 21 est constitu\u00e9 par les jeunes \u00e2g\u00e9s de 12 \u00e0 30 ans. \u00c0 ce stade de la vie, des th\u00e8mes tels que l'identit\u00e9, l'orientation et la connexion sont importants. L'art et la culture peuvent jouer un r\u00f4le \u00e0 cet \u00e9gard.<\/p>\n\n\n\n<p>Avec ce projet, le Fonds 21 veut lancer un mouvement dans lequel les jeunes jouent naturellement un r\u00f4le dans les arts et la culture. Non pas comme un aboutissement, mais d\u00e8s le d\u00e9but. Leur participation au contenu, \u00e0 l'organisation et \u00e0 la prise de d\u00e9cision ne devrait pas \u00eatre une exception, mais faire partie de la pratique courante. En laissant la place \u00e0 l'exp\u00e9rimentation et \u00e0 de nouvelles m\u00e9thodes de travail, le Fonds 21 encourage les institutions \u00e0 donner r\u00e9ellement la parole aux jeunes et \u00e0 contribuer ainsi \u00e0 un secteur tourn\u00e9 vers l'avenir.<\/p>\n\n\n\n<h2 class=\"wp-block-heading\"><strong>Deux exemples tir\u00e9s de la s\u00e9lection :<\/strong><\/h2>\n\n\n\n<p><strong>Nid<\/strong> (La Haye) d\u00e9veloppe un programme de plusieurs jours avec des jeunes \u00e0 l'intersection de l'art, de la musique et de la culture nocturne, en collaboration avec de jeunes cr\u00e9ateurs locaux.<\/p>\n\n\n\n<p><strong>Th\u00e9\u00e2tre du parc Bijlmer<\/strong> (Amsterdam Zuidoost) renforce la diversit\u00e9 culturelle et l'actualit\u00e9 de sa programmation avec un panel de jeunes (15-25 ans). Les jeunes contribuent activement, par leurs choix de m\u00e9dias et de contenus, \u00e0 une offre th\u00e9\u00e2trale innovante.<\/p>\n\n\n\n<p>Voir la liste compl\u00e8te des projets s\u00e9lectionn\u00e9s et en savoir plus sur le programme : <a href=\"https:\/\/www.fonds21.nl\/nieuws\/835\/cultuur-voor-gen-z-de-resultaten\">https:\/\/www.fonds21.nl\/nieuws\/835\/cultuur-voor-gen-z-de-resultaten<\/a><\/p>\n\n\n\n<h2 class=\"wp-block-heading\"><strong>\u00c0 propos du Fonds 21<\/strong><\/h2>\n\n\n\n<p>Le Fonds 21 est un fonds priv\u00e9 qui soutient des projets significatifs pour la soci\u00e9t\u00e9 d'aujourd'hui. Nous le faisons dans les domaines des arts et de la culture, des arts et de l'\u00e9ducation et de la jeunesse et de la soci\u00e9t\u00e9. Nous soutenons des projets professionnels de grande qualit\u00e9, en mettant l'accent sur les initiatives destin\u00e9es aux jeunes (12-30 ans). Chaque ann\u00e9e, nous investissons plus de 11 millions d'euros dans des initiatives qui contribuent de mani\u00e8re positive aux d\u00e9fis de notre \u00e9poque. Ce faisant, nous nous consid\u00e9rons non seulement comme un bailleur de fonds, mais aussi comme un partenaire engag\u00e9 qui identifie et r\u00e9pertorie les opportunit\u00e9s.<\/p>\n\n\n\n<p><br \/>\u00a0<br \/>\u00a0<\/p>","protected":false},"excerpt":{"rendered":"<p>Vingt initiatives innovantes recevront une contribution du Fonds 21 dans le cadre de son programme d'incitation \"Culture for Gen Z\". Au total, le Fonds investira 460 000 euros dans des projets qui ne s'adressent pas seulement aux jeunes en tant que public, mais qui les impliquent activement dans le contenu, l'organisation et la repr\u00e9sentation. Avec ce programme, le Fonds 21 incite les institutions culturelles \u00e0 impliquer les jeunes d\u00e8s le d\u00e9but.&nbsp;<a href=\"https:\/\/staging.cultuurpers.nl\/fr\/2025\/07\/fonds-21-investeert-bijna-half-miljoen-euro-in-projecten-die-jongeren-mede-eigenaar-maken-van-kunst-en-cultuur\/\" rel=\"bookmark\">Lire la suite \"<span class=\"screen-reader-text\">Le Fonds 21 investit pr\u00e8s d'un demi-million d'euros dans des projets qui rendent les jeunes copropri\u00e9taires des arts et de la culture.<\/span><\/a><\/p>","protected":false},"author":13,"featured_media":97951,"comment_status":"open","ping_status":"closed","sticky":false,"template":"","format":"standard","meta":{"_eb_attr":"","_monsterinsights_skip_tracking":false,"_monsterinsights_sitenote_active":false,"_monsterinsights_sitenote_note":"","_monsterinsights_sitenote_category":0,"neve_meta_sidebar":"","neve_meta_container":"","neve_meta_enable_content_width":"","neve_meta_content_width":0,"neve_meta_title_alignment":"","neve_meta_author_avatar":"","neve_post_elements_order":"","neve_meta_disable_header":"","neve_meta_disable_footer":"","neve_meta_disable_title":"","neve_meta_reading_time":"","_themeisle_gutenberg_block_has_review":false,"_jetpack_memberships_contains_paid_content":false,"activitypub_content_warning":"","activitypub_content_visibility":"","activitypub_max_image_attachments":3,"activitypub_interaction_policy_quote":"anyone","activitypub_status":"federated","footnotes":"","jetpack_publicize_message":"","jetpack_publicize_feature_enabled":true,"jetpack_social_post_already_shared":false,"jetpack_social_options":{"image_generator_settings":{"template":"highway","default_image_id":0,"enabled":false},"version":2}},"categories":[15614,11917],"tags":[],"class_list":["post-97950","post","type-post","status-publish","format-standard","has-post-thumbnail","hentry","category-beleid","category-persberichten"],"aioseo_notices":[],"jetpack_publicize_connections":[],"jetpack_featured_media_url":"https:\/\/staging.cultuurpers.nl\/wp-content\/uploads\/2025\/07\/cultuurvoorgenz_v2.jpg","jetpack-related-posts":[{"id":4050,"url":"https:\/\/staging.cultuurpers.nl\/fr\/2011\/01\/alles-om-amateurs-de-tribune-op-te-krijgen-geld-voor-danstuinen-buurtbewoners-en-het-concertgebouw\/","url_meta":{"origin":97950,"position":0},"title":"Tout pour faire monter les amateurs dans les gradins : de l'argent pour les \"jardins de la danse\", les habitants du quartier et la salle de concert.","author":"een van onze leden","date":"11 janvier 2011","format":false,"excerpt":"Ongeveer 8 miljoen Nederlanders doen iets met kunst. Ze hebben muziekles, macramee\u00ebn plantenhangers, verven borden of zetten kerstkaarten in elkaar. Maar ze spelen ook toneel, zingen in een koor, maken deel uit van een hiphopcrew of death metal-band. Dat deze beoefenaren van amateurkunst niet automatisch ook vaste bezoekers zijn van\u2026","rel":"","context":"Dans &quot;ACTUEEL&quot;","block_context":{"text":"ACTUEEL","link":"https:\/\/staging.cultuurpers.nl\/fr\/genre\/nieuws\/"},"img":{"alt_text":"","src":"https:\/\/i0.wp.com\/staging.cultuurpers.nl\/wp-content\/uploads\/2011\/01\/zina.jpg?resize=350%2C200&ssl=1","width":350,"height":200,"srcset":"https:\/\/i0.wp.com\/staging.cultuurpers.nl\/wp-content\/uploads\/2011\/01\/zina.jpg?resize=350%2C200&ssl=1 1x, https:\/\/i0.wp.com\/staging.cultuurpers.nl\/wp-content\/uploads\/2011\/01\/zina.jpg?resize=525%2C300&ssl=1 1.5x, https:\/\/i0.wp.com\/staging.cultuurpers.nl\/wp-content\/uploads\/2011\/01\/zina.jpg?resize=700%2C400&ssl=1 2x"},"classes":[]},{"id":6168,"url":"https:\/\/staging.cultuurpers.nl\/fr\/2011\/11\/bibliotheek-geen-cultuur-eu-geld-voor-beeldcultuur-corbijn-in-den-haag-btw-gevolgen-in-maastricht\/","url_meta":{"origin":97950,"position":1},"title":"La biblioth\u00e8que pas la culture, l'argent de l'UE pour la culture visuelle, Corbijn \u00e0 La Haye, les implications de la TVA \u00e0 Maastricht.","author":"een van onze leden","date":"26 novembre 2011","format":false,"excerpt":"Tropenmuseum door internationale contacten beetje exotisch (..) \u201eHet Tropenmuseum lijkt nog een issue voor politiek Den Haag, maar over de bibliotheekservice en het theater hoor ik niets.\u201d Van overheveling naar subsidie door het ministerie van OCW lijkt geen sprake te zijn. Ook Heemskerk vraagt zich af of staatssecretaris Knapen voldoende\u2026","rel":"","context":"Dans &quot;ACTUEEL&quot;","block_context":{"text":"ACTUEEL","link":"https:\/\/staging.cultuurpers.nl\/fr\/genre\/nieuws\/"},"img":{"alt_text":"","src":"https:\/\/i0.wp.com\/staging.cultuurpers.nl\/wp-content\/uploads\/2011\/11\/Tropenmuseum.jpg?resize=350%2C200&ssl=1","width":350,"height":200,"srcset":"https:\/\/i0.wp.com\/staging.cultuurpers.nl\/wp-content\/uploads\/2011\/11\/Tropenmuseum.jpg?resize=350%2C200&ssl=1 1x, https:\/\/i0.wp.com\/staging.cultuurpers.nl\/wp-content\/uploads\/2011\/11\/Tropenmuseum.jpg?resize=525%2C300&ssl=1 1.5x, https:\/\/i0.wp.com\/staging.cultuurpers.nl\/wp-content\/uploads\/2011\/11\/Tropenmuseum.jpg?resize=700%2C400&ssl=1 2x, https:\/\/i0.wp.com\/staging.cultuurpers.nl\/wp-content\/uploads\/2011\/11\/Tropenmuseum.jpg?resize=1050%2C600&ssl=1 3x, https:\/\/i0.wp.com\/staging.cultuurpers.nl\/wp-content\/uploads\/2011\/11\/Tropenmuseum.jpg?resize=1400%2C800&ssl=1 4x"},"classes":[]},{"id":9845,"url":"https:\/\/staging.cultuurpers.nl\/fr\/2012\/10\/rutte-2-geen-echt-herstel-gaten-wel-andere-toon\/","url_meta":{"origin":97950,"position":2},"title":"Rutte 2 : Pas de v\u00e9ritables trous de r\u00e9cup\u00e9ration, mais un ton diff\u00e9rent","author":"een van onze leden","date":"29 octobre 2012","format":false,"excerpt":"Daar is het dan: het regeerakkoord van het nieuwe kabinet van de man die eerder de termen 'subisidieslaaf' en 'lege zalen' in verband wist te brengen met de schone kunsten. De toon is nu anders, en dat danken we aan de inbreng van de PvdA, zoals we dus eerder blijkbaar\u2026","rel":"","context":"Dans &quot;ACTUEEL&quot;","block_context":{"text":"ACTUEEL","link":"https:\/\/staging.cultuurpers.nl\/fr\/genre\/nieuws\/"},"img":{"alt_text":"","src":"","width":0,"height":0},"classes":[]},{"id":53792,"url":"https:\/\/staging.cultuurpers.nl\/fr\/2017\/11\/10-miljoen-terug-engelshoven-means-business\/","url_meta":{"origin":97950,"position":3},"title":"10 millions de dollars de retour. Van Engelshoven n'a pas froid aux yeux.","author":"Wijbrand Schaap","date":"10 novembre 2017","format":false,"excerpt":"Dit is natuurlijk echt eigenlijk beter nieuws dan wat er al in het regeerakkoord stond. De vorig jaar bevochten 10 miljoen extra voor podiumkunstinstellingen die wel goed genoeg waren, maar onder de zaaglijn vielen wegens geld op, krijgen structureel geld erbij. Goed nieuws voor een paar clubs die het anders\u2026","rel":"","context":"Dans &quot;ACTUEEL&quot;","block_context":{"text":"ACTUEEL","link":"https:\/\/staging.cultuurpers.nl\/fr\/genre\/nieuws\/"},"img":{"alt_text":"","src":"https:\/\/i0.wp.com\/staging.cultuurpers.nl\/wp-content\/uploads\/2017\/10\/Ingrid_van_Engelshoven.jpg?resize=350%2C200&ssl=1","width":350,"height":200,"srcset":"https:\/\/i0.wp.com\/staging.cultuurpers.nl\/wp-content\/uploads\/2017\/10\/Ingrid_van_Engelshoven.jpg?resize=350%2C200&ssl=1 1x, https:\/\/i0.wp.com\/staging.cultuurpers.nl\/wp-content\/uploads\/2017\/10\/Ingrid_van_Engelshoven.jpg?resize=525%2C300&ssl=1 1.5x, https:\/\/i0.wp.com\/staging.cultuurpers.nl\/wp-content\/uploads\/2017\/10\/Ingrid_van_Engelshoven.jpg?resize=700%2C400&ssl=1 2x"},"classes":[]},{"id":38931,"url":"https:\/\/staging.cultuurpers.nl\/fr\/2016\/09\/gezocht-adviseurs-eenmalige-subsidies-amsterdams-fonds-kunst-afk\/","url_meta":{"origin":97950,"position":4},"title":"Recherch\u00e9s : Conseillers subventions ponctuelles - Amsterdam Fund for the Arts (AFK)","author":"een van onze leden","date":"6 septembre 2016","format":false,"excerpt":"Vacature: Adviseurs eenmalige subsidies - Amsterdams Fonds voor de Kunst (AFK)\u00a0Per 1 maart 2017 Het Amsterdams Fonds voor de Kunst (AFK) investeert in kunst die het leven in de stad verrijkt. Het AFK verstrekt subsidies aan kunstenaars en culturele organisaties, jaagt innovatie aan en stimuleert de kwaliteit, dynamiek en pluriformiteit\u2026","rel":"","context":"Dans &quot;ACTUEEL&quot;","block_context":{"text":"ACTUEEL","link":"https:\/\/staging.cultuurpers.nl\/fr\/genre\/nieuws\/"},"img":{"alt_text":"AFK - Amsterdams Fonds voor de Kunst","src":"https:\/\/i0.wp.com\/staging.cultuurpers.nl\/wp-content\/uploads\/2016\/09\/bow.jpg?resize=350%2C200&ssl=1","width":350,"height":200,"srcset":"https:\/\/i0.wp.com\/staging.cultuurpers.nl\/wp-content\/uploads\/2016\/09\/bow.jpg?resize=350%2C200&ssl=1 1x, https:\/\/i0.wp.com\/staging.cultuurpers.nl\/wp-content\/uploads\/2016\/09\/bow.jpg?resize=525%2C300&ssl=1 1.5x, https:\/\/i0.wp.com\/staging.cultuurpers.nl\/wp-content\/uploads\/2016\/09\/bow.jpg?resize=700%2C400&ssl=1 2x, https:\/\/i0.wp.com\/staging.cultuurpers.nl\/wp-content\/uploads\/2016\/09\/bow.jpg?resize=1050%2C600&ssl=1 3x"},"classes":[]}],"jetpack_shortlink":"https:\/\/wp.me\/p3yKke-ptQ","jetpack_sharing_enabled":true,"_links":{"self":[{"href":"https:\/\/staging.cultuurpers.nl\/fr\/wp-json\/wp\/v2\/posts\/97950","targetHints":{"allow":["GET"]}}],"collection":[{"href":"https:\/\/staging.cultuurpers.nl\/fr\/wp-json\/wp\/v2\/posts"}],"about":[{"href":"https:\/\/staging.cultuurpers.nl\/fr\/wp-json\/wp\/v2\/types\/post"}],"author":[{"embeddable":true,"href":"https:\/\/staging.cultuurpers.nl\/fr\/wp-json\/wp\/v2\/users\/13"}],"replies":[{"embeddable":true,"href":"https:\/\/staging.cultuurpers.nl\/fr\/wp-json\/wp\/v2\/comments?post=97950"}],"version-history":[{"count":1,"href":"https:\/\/staging.cultuurpers.nl\/fr\/wp-json\/wp\/v2\/posts\/97950\/revisions"}],"predecessor-version":[{"id":97952,"href":"https:\/\/staging.cultuurpers.nl\/fr\/wp-json\/wp\/v2\/posts\/97950\/revisions\/97952"}],"wp:featuredmedia":[{"embeddable":true,"href":"https:\/\/staging.cultuurpers.nl\/fr\/wp-json\/wp\/v2\/media\/97951"}],"wp:attachment":[{"href":"https:\/\/staging.cultuurpers.nl\/fr\/wp-json\/wp\/v2\/media?parent=97950"}],"wp:term":[{"taxonomy":"category","embeddable":true,"href":"https:\/\/staging.cultuurpers.nl\/fr\/wp-json\/wp\/v2\/categories?post=97950"},{"taxonomy":"post_tag","embeddable":true,"href":"https:\/\/staging.cultuurpers.nl\/fr\/wp-json\/wp\/v2\/tags?post=97950"}],"curies":[{"name":"wp","href":"https:\/\/api.w.org\/{rel}","templated":true}]}}