{"id":97937,"date":"2025-07-14T10:33:00","date_gmt":"2025-07-14T08:33:00","guid":{"rendered":"https:\/\/cultureelpersbureau.nl\/?p=97937"},"modified":"2025-07-13T17:38:20","modified_gmt":"2025-07-13T15:38:20","slug":"dia-de-los-muertos-komt-eraan-nieuwe-kleutervoorstelling-skeletje-5-brengt-ode-aan-het-leven","status":"publish","type":"post","link":"https:\/\/staging.cultuurpers.nl\/fr\/2025\/07\/dia-de-los-muertos-komt-eraan-nieuwe-kleutervoorstelling-skeletje-5-brengt-ode-aan-het-leven\/","title":{"rendered":"DIA DE LOS MUERTOS \u00c0 VENIR : LE NOUVEAU SPECTACLE PR\u00c9SCOLAIRE SKELETON (5+) REND HOMMAGE \u00c0 LA VIE\u00a0"},"content":{"rendered":"<p><strong>Le samedi 11 octobre, la nouvelle \u00e9mission pour enfants d'\u00e2ge pr\u00e9scolaire sera diffus\u00e9e. <em><a href=\"https:\/\/www.maastd.nl\/skeletje\">Squelette <\/a><\/em><a href=\"https:\/\/www.maastd.nl\/skeletje\">(5+)<\/a> a \u00e9t\u00e9 cr\u00e9\u00e9 au Maaspodium de Rotterdam. \u00c0 l'approche du D\u00eda de los Muertos en novembre, f\u00eate c\u00e9l\u00e9brant les adieux et le souvenir avec des couleurs, des fleurs et de la musique, la troupe de th\u00e9\u00e2tre Grote Mensen et Maas theatre and dance cr\u00e9ent un rituel vivant sur sc\u00e8ne. Apr\u00e8s la premi\u00e8re, le spectacle sera pr\u00e9sent\u00e9 dans les th\u00e9\u00e2tres n\u00e9erlandais jusqu'au d\u00e9but du mois de janvier.&nbsp;<\/strong><\/p>\n\n\n\n<p><em>Squelette <\/em>est un spectacle po\u00e9tique, dr\u00f4le et r\u00e9confortant sur le th\u00e8me des adieux. Maas theatre and dance et le Theatre Group Big People vous emm\u00e8nent dans un voyage \u00e0 travers les souvenirs, les rituels de deuil et le myst\u00e8re de la mort avec humour, musique, jeu et couleur. Parce que dire au revoir peut aussi \u00eatre beau. Et parfois m\u00eame festif.&nbsp;&nbsp;<\/p>\n\n\n\n<p>Deux joueurs explorent ce que signifie \u00eatre mort. L'un d'eux est mort, mais ne l'a pas encore r\u00e9alis\u00e9. Cela entra\u00eene une certaine confusion et des moments inattendus et dr\u00f4les. Ensemble, ils cherchent des moyens de faire leurs adieux : que reste-t-il de quelqu'un et comment lui donner un sens ? Peu \u00e0 peu, un rituel plein de lumi\u00e8res, d'histoires et de confusion se met en place. Et de la place pour la joie.&nbsp;<\/p>\n\n\n\n<p>\u00c0 l'aide de burlesques, de magie, de danse et de jeux visuels, un m\u00e9morial rempli de fleurs, de bougies, de squelettes et d'histoires se d\u00e9veloppe. Skeleton, avec le public, construit sa propre c\u00e9r\u00e9monie d'adieu. Ni lourde ni solennelle, mais ludique, \u00e9mouvante et pleine de vie. Un spectacle pour tous ceux qui ont \u00e9t\u00e9 touch\u00e9s par la perte d'un \u00eatre cher et qui veulent d\u00e9couvrir comment utiliser les festons, la danse et les souvenirs pour en faire une f\u00eate.&nbsp;<\/p>\n\n\n\n<p>Inspir\u00e9s par des traditions telles que le D\u00eda de los Muertos, o\u00f9 les adieux et le souvenir sont c\u00e9l\u00e9br\u00e9s avec des couleurs, des fleurs et de la musique, le groupe th\u00e9\u00e2tral Big People et Maas theatre and dance cr\u00e9ent un rituel vivant sur sc\u00e8ne. La tristesse est pr\u00e9sente, mais la f\u00eate l'est tout autant. Une ode vibrante \u00e0 la vie !&nbsp;<\/p>\n\n\n\n<p>Un spectacle o\u00f9 la perte et les souvenirs prennent vie. Pour tous : grands, petits, charnus ou osseux, \u00e0 partir de 5 ans.&nbsp;<\/p>\n\n\n\n<h2 class=\"wp-block-heading\"><strong>DES SUJETS COMPLEXES AU NIVEAU DU DUPLICATA \u00a0<\/strong><\/h2>\n\n\n\n<p>Depuis des ann\u00e9es, le th\u00e9\u00e2tre et la danse de Maas sont connus pour leur travail aupr\u00e8s des tout-petits et des enfants d'\u00e2ge pr\u00e9scolaire : du th\u00e9\u00e2tre pour les tr\u00e8s jeunes o\u00f9 de grands th\u00e8mes sont abord\u00e9s de mani\u00e8re ludique. Le directeur artistique Ren\u00e9 Geerlings a d\u00e9j\u00e0 cr\u00e9\u00e9 de nombreuses productions r\u00e9ussies pour les tout-petits, dans lesquelles des sujets complexes tels que l'anarchisme, la num\u00e9risation et la mondialisation ont \u00e9t\u00e9 traduits \u00e0 un niveau \"duplo\" compr\u00e9hensible pour les tout-petits et les enfants d'\u00e2ge pr\u00e9scolaire. <em>AaiPet <\/em>et <em>BullyBully<\/em>). Plusieurs de ces spectacles font \u00e9galement l'objet de tourn\u00e9es internationales dans diverses distributions, tandis que de nouvelles \u0153uvres sont d\u00e9velopp\u00e9es \u00e0 Rotterdam par de nouveaux cr\u00e9ateurs tels que Sara Giampaolo, Anne-Fe de Boer, Esther Schouten et Grote Mensen.\u00a0<\/p>\n\n\n\n<h2 class=\"wp-block-heading\"><strong>GROUPE DE TH\u00c9\u00c2TRE BIG PEOPLE ABOUT SKELETON\u00a0<\/strong><\/h2>\n\n\n\n<p><em>\"Nous r\u00e9alisons Skeleton parce que nous pensons qu'il est temps de parler de la mort d'une mani\u00e8re diff\u00e9rente. Pas seulement comme quelque chose de triste, mais comme quelque chose qui vient avec la vie. Dans de nombreuses cultures, comme au Mexique et au Suriname, o\u00f9 se trouvent certaines de nos racines, les gens organisent des c\u00e9l\u00e9brations et des rituels color\u00e9s pour se souvenir de leurs proches d\u00e9c\u00e9d\u00e9s. Cela nous inspire \u00e9norm\u00e9ment. Nous voulons montrer aux enfants et aux adultes que l'on peut aussi dire au revoir avec des lumi\u00e8res, des fleurs, des danses et des histoires. Il est r\u00e9confortant de penser ensemble \u00e0 ceux qui vous manquent et de c\u00e9l\u00e9brer le fait que quelqu'un a \u00e9t\u00e9 l\u00e0.&nbsp;<\/em><\/p>\n\n\n\n<p><em>Avec Skeleton, nous construisons sur sc\u00e8ne un lieu de m\u00e9moire plein de musique, d'humour et de magie. Nous montrons que chacun a une histoire en lui, un squelette plein de souvenirs. Et qu'il est bon de continuer \u00e0 raconter ces histoires. Car si nous apprenons \u00e0 faire notre deuil ensemble, nous pouvons aussi gu\u00e9rir ensemble.&nbsp;<\/em><\/p>","protected":false},"excerpt":{"rendered":"<p>Le samedi 11 octobre, le nouveau spectacle pour enfants d'\u00e2ge pr\u00e9scolaire Skeletje (5+) sera pr\u00e9sent\u00e9 pour la premi\u00e8re fois au Maaspodium de Rotterdam. \u00c0 l'approche du D\u00eda de los Muertos en novembre, la f\u00eate qui c\u00e9l\u00e8bre les adieux et le souvenir avec des couleurs, des fleurs et de la musique, la troupe de th\u00e9\u00e2tre Grote Mensen et Maas theatre and dance mettent en place un rituel anim\u00e9 sur sc\u00e8ne. Apr\u00e8s&nbsp;<a href=\"https:\/\/staging.cultuurpers.nl\/fr\/2025\/07\/dia-de-los-muertos-komt-eraan-nieuwe-kleutervoorstelling-skeletje-5-brengt-ode-aan-het-leven\/\" rel=\"bookmark\">Lire la suite \"<span class=\"screen-reader-text\">DIA DE LOS MUERTOS \u00c0 VENIR : LE NOUVEAU SPECTACLE PR\u00c9SCOLAIRE SKELETON (5+) REND HOMMAGE \u00c0 LA VIE\u00a0<\/span><\/a><\/p>","protected":false},"author":13,"featured_media":97939,"comment_status":"open","ping_status":"closed","sticky":false,"template":"","format":"standard","meta":{"_eb_attr":"","_monsterinsights_skip_tracking":false,"_monsterinsights_sitenote_active":false,"_monsterinsights_sitenote_note":"","_monsterinsights_sitenote_category":0,"neve_meta_sidebar":"","neve_meta_container":"","neve_meta_enable_content_width":"","neve_meta_content_width":0,"neve_meta_title_alignment":"","neve_meta_author_avatar":"","neve_post_elements_order":"","neve_meta_disable_header":"","neve_meta_disable_footer":"","neve_meta_disable_title":"","neve_meta_reading_time":"","_themeisle_gutenberg_block_has_review":false,"_jetpack_memberships_contains_paid_content":false,"activitypub_content_warning":"","activitypub_content_visibility":"","activitypub_max_image_attachments":3,"activitypub_interaction_policy_quote":"anyone","activitypub_status":"federated","footnotes":"","jetpack_publicize_message":"","jetpack_publicize_feature_enabled":true,"jetpack_social_post_already_shared":true,"jetpack_social_options":{"image_generator_settings":{"template":"highway","default_image_id":0,"enabled":false},"version":2}},"categories":[11917,8843],"tags":[],"class_list":["post-97937","post","type-post","status-publish","format-standard","has-post-thumbnail","hentry","category-persberichten","category-podiumkunst"],"aioseo_notices":[],"jetpack_publicize_connections":[],"jetpack_featured_media_url":"https:\/\/staging.cultuurpers.nl\/wp-content\/uploads\/2025\/07\/diadelosmuertos.jpg","jetpack-related-posts":[{"id":68242,"url":"https:\/\/staging.cultuurpers.nl\/fr\/2021\/01\/moniek-merckx-neemt-afscheid-van-maas-theater-dans-ik-zou-het-iedere-maker-gunnen-dat-je-dit-publiek-eens-voor-je-hebt\/","url_meta":{"origin":97937,"position":0},"title":"Moniek Merkx fait ses adieux au Maas Theatre &amp; Dance : \"J'accorderais \u00e0 n'importe quel cr\u00e9ateur d'avoir une fois ce public devant lui\".","author":"Wijbrand Schaap","date":"15 janvier 2021","format":false,"excerpt":"Moniek Merkx neemt op 3 februari van dit jaar afscheid als directeur van Maas Theater&Dans. Ze was in 2013 mede-oprichter van dit Rotterdamse gezelschap dat theater maakt voor mensen van klein tot groot. Een gedwongen fusie met twee andere jeugdtheaterhuizen uit de Maasstad ontwikkelde zich onder haar leiding tot een\u2026","rel":"","context":"Dans &quot;PODCAST&quot;","block_context":{"text":"PODCAST","link":"https:\/\/staging.cultuurpers.nl\/fr\/genre\/podcast\/"},"img":{"alt_text":"","src":"https:\/\/i0.wp.com\/staging.cultuurpers.nl\/wp-content\/uploads\/2021\/01\/HR-Moniek-Merkx-3-%C2%A9Fred-Ernst-1.jpg?resize=350%2C200&ssl=1","width":350,"height":200,"srcset":"https:\/\/i0.wp.com\/staging.cultuurpers.nl\/wp-content\/uploads\/2021\/01\/HR-Moniek-Merkx-3-%C2%A9Fred-Ernst-1.jpg?resize=350%2C200&ssl=1 1x, https:\/\/i0.wp.com\/staging.cultuurpers.nl\/wp-content\/uploads\/2021\/01\/HR-Moniek-Merkx-3-%C2%A9Fred-Ernst-1.jpg?resize=525%2C300&ssl=1 1.5x, https:\/\/i0.wp.com\/staging.cultuurpers.nl\/wp-content\/uploads\/2021\/01\/HR-Moniek-Merkx-3-%C2%A9Fred-Ernst-1.jpg?resize=700%2C400&ssl=1 2x, https:\/\/i0.wp.com\/staging.cultuurpers.nl\/wp-content\/uploads\/2021\/01\/HR-Moniek-Merkx-3-%C2%A9Fred-Ernst-1.jpg?resize=1050%2C600&ssl=1 3x, https:\/\/i0.wp.com\/staging.cultuurpers.nl\/wp-content\/uploads\/2021\/01\/HR-Moniek-Merkx-3-%C2%A9Fred-Ernst-1.jpg?resize=1400%2C800&ssl=1 4x"},"classes":[]},{"id":67191,"url":"https:\/\/staging.cultuurpers.nl\/fr\/2020\/10\/het-maaspodium-blijft-open\/","url_meta":{"origin":97937,"position":1},"title":"Le Maaspodium reste ouvert","author":"een van onze leden","date":"14 octobre 2020","format":false,"excerpt":"D'octobre \u00e0 d\u00e9cembre, une quarantaine de spectacles familiaux et de repr\u00e9sentations pour les jeunes et les jeunes adultes sont \u00e0 l'affiche du Maaspodium. Pour garantir la s\u00e9curit\u00e9, il n'y a pas de programmes en marge des repr\u00e9sentations.","rel":"","context":"Dans &quot;Alleen voor leden&quot;","block_context":{"text":"Alleen voor leden","link":"https:\/\/staging.cultuurpers.nl\/fr\/genre\/service\/members-only\/"},"img":{"alt_text":"","src":"https:\/\/i0.wp.com\/staging.cultuurpers.nl\/wp-content\/uploads\/2020\/10\/Maaspodium-buiten-foto-Sophia-van-den-Hoek-KLEIN.jpg?resize=350%2C200&ssl=1","width":350,"height":200,"srcset":"https:\/\/i0.wp.com\/staging.cultuurpers.nl\/wp-content\/uploads\/2020\/10\/Maaspodium-buiten-foto-Sophia-van-den-Hoek-KLEIN.jpg?resize=350%2C200&ssl=1 1x, https:\/\/i0.wp.com\/staging.cultuurpers.nl\/wp-content\/uploads\/2020\/10\/Maaspodium-buiten-foto-Sophia-van-den-Hoek-KLEIN.jpg?resize=525%2C300&ssl=1 1.5x, https:\/\/i0.wp.com\/staging.cultuurpers.nl\/wp-content\/uploads\/2020\/10\/Maaspodium-buiten-foto-Sophia-van-den-Hoek-KLEIN.jpg?resize=700%2C400&ssl=1 2x, https:\/\/i0.wp.com\/staging.cultuurpers.nl\/wp-content\/uploads\/2020\/10\/Maaspodium-buiten-foto-Sophia-van-den-Hoek-KLEIN.jpg?resize=1050%2C600&ssl=1 3x, https:\/\/i0.wp.com\/staging.cultuurpers.nl\/wp-content\/uploads\/2020\/10\/Maaspodium-buiten-foto-Sophia-van-den-Hoek-KLEIN.jpg?resize=1400%2C800&ssl=1 4x"},"classes":[]},{"id":43963,"url":"https:\/\/staging.cultuurpers.nl\/fr\/2017\/02\/afscheidsvoorstelling-arthur-rosenfeld-gaat-over-een-persoon-ana-teixido\/","url_meta":{"origin":97937,"position":2},"title":"Le spectacle d'adieu Arthur Rosenfeld parle d'une seule personne. Ana Teixido.","author":"Ruben Brugman","date":"6 f\u00e9vrier 2017","format":false,"excerpt":"Choreograaf Arthur Rosenfeld nam op 5 februari 2017 (voorlopig) afscheid van een lange danscarri\u00e8re. Een die vooral steunt op zijn vrouw, danseres Ana Teixido. Zo\u2019n afscheid gaat bij Rosenfeld niet zonder slag of stoot. Het veld ruimen voor een ander, wie wil dat nou echt? Exit pursued by a bear,\u2026","rel":"","context":"Dans &quot;Alleen voor leden&quot;","block_context":{"text":"Alleen voor leden","link":"https:\/\/staging.cultuurpers.nl\/fr\/genre\/service\/members-only\/"},"img":{"alt_text":"Exit pursued by a bear","src":"https:\/\/i0.wp.com\/staging.cultuurpers.nl\/wp-content\/uploads\/2017\/02\/Exit-pursued-by-a-bear.jpg?resize=350%2C200&ssl=1","width":350,"height":200,"srcset":"https:\/\/i0.wp.com\/staging.cultuurpers.nl\/wp-content\/uploads\/2017\/02\/Exit-pursued-by-a-bear.jpg?resize=350%2C200&ssl=1 1x, https:\/\/i0.wp.com\/staging.cultuurpers.nl\/wp-content\/uploads\/2017\/02\/Exit-pursued-by-a-bear.jpg?resize=525%2C300&ssl=1 1.5x"},"classes":[]}],"jetpack_shortlink":"https:\/\/wp.me\/p3yKke-ptD","jetpack_sharing_enabled":true,"_links":{"self":[{"href":"https:\/\/staging.cultuurpers.nl\/fr\/wp-json\/wp\/v2\/posts\/97937","targetHints":{"allow":["GET"]}}],"collection":[{"href":"https:\/\/staging.cultuurpers.nl\/fr\/wp-json\/wp\/v2\/posts"}],"about":[{"href":"https:\/\/staging.cultuurpers.nl\/fr\/wp-json\/wp\/v2\/types\/post"}],"author":[{"embeddable":true,"href":"https:\/\/staging.cultuurpers.nl\/fr\/wp-json\/wp\/v2\/users\/13"}],"replies":[{"embeddable":true,"href":"https:\/\/staging.cultuurpers.nl\/fr\/wp-json\/wp\/v2\/comments?post=97937"}],"version-history":[{"count":1,"href":"https:\/\/staging.cultuurpers.nl\/fr\/wp-json\/wp\/v2\/posts\/97937\/revisions"}],"predecessor-version":[{"id":97940,"href":"https:\/\/staging.cultuurpers.nl\/fr\/wp-json\/wp\/v2\/posts\/97937\/revisions\/97940"}],"wp:featuredmedia":[{"embeddable":true,"href":"https:\/\/staging.cultuurpers.nl\/fr\/wp-json\/wp\/v2\/media\/97939"}],"wp:attachment":[{"href":"https:\/\/staging.cultuurpers.nl\/fr\/wp-json\/wp\/v2\/media?parent=97937"}],"wp:term":[{"taxonomy":"category","embeddable":true,"href":"https:\/\/staging.cultuurpers.nl\/fr\/wp-json\/wp\/v2\/categories?post=97937"},{"taxonomy":"post_tag","embeddable":true,"href":"https:\/\/staging.cultuurpers.nl\/fr\/wp-json\/wp\/v2\/tags?post=97937"}],"curies":[{"name":"wp","href":"https:\/\/api.w.org\/{rel}","templated":true}]}}