{"id":97876,"date":"2025-07-04T17:43:02","date_gmt":"2025-07-04T15:43:02","guid":{"rendered":"https:\/\/cultureelpersbureau.nl\/?p=97876"},"modified":"2025-07-04T17:43:05","modified_gmt":"2025-07-04T15:43:05","slug":"gratis-dansevenement-voor-alle-amsterdammers-rhino-dance-marathon","status":"publish","type":"post","link":"https:\/\/staging.cultuurpers.nl\/fr\/2025\/07\/gratis-dansevenement-voor-alle-amsterdammers-rhino-dance-marathon\/","title":{"rendered":"\u00c9V\u00c9NEMENT DE DANSE GRATUIT POUR TOUS LES AMSTERDAMMERS : RHINO DANCE MARATHON"},"content":{"rendered":"<p>Une ode physique \u00e0 trente ans d'Emio Greco | Pieter C. Scholten<br \/>Les 10 et 11 juillet prochains, ce seront deux jours de f\u00eate non-stop au Space for Dance Art, New West. Dans ce marathon, les performances embl\u00e9matiques de EG | PC fusionnent avec le travail de nouveaux cr\u00e9ateurs pionniers. Le Rhino Dance Marathon fait partie de Julidans 2025 et est en acc\u00e8s libre et continu.\u00a0<\/p>\n\n\n\n<p>Un voyage sans d\u00e9but ni fin. Tout bouge.\u00a0<\/p>\n\n\n\n<p>CE \u00c0 QUOI IL FAUT S'ATTENDRE<\/p>\n\n\n\n<p>- <em>Don(a) Quichotte<\/em>incarn\u00e9 par Robin Coops, le signal de d\u00e9part du marathon. Nous y rencontrons \u00e9galement la nouvelle g\u00e9n\u00e9ration de cr\u00e9ateurs : Melisa Dikta\u015f, Lucinda Wessels, David Feenstra, Robbeduz (Nimanong), Liza Sulaiman et Amit Palgi.<\/p>\n\n\n\n<p>- Des \u0153uvres embl\u00e9matiques telles que <em>EXTRA SEC<\/em>, <em>L'ENFER<\/em>, <em>PASSIONE<\/em> et <em>DISPARITION<\/em><\/p>\n\n\n\n<p>- La collision des corps dans des \u0153uvres telles que l'acclam\u00e9e <em>ROCCO<\/em>, <em>NOUS, LE SOUFFLE<\/em> et <em>NOUS VOULONS TOUT<\/em><\/p>\n\n\n\n<p>- Un duel entre l'homme et l'intelligence artificielle dans l'espace de l'Union europ\u00e9enne. <em>Machine \u00e0 intuition<\/em>o\u00f9 le corps contredit la machine<\/p>\n\n\n\n<p>- Un salon du film avec des films en premi\u00e8re projection tels que <em>FRA<\/em> \u00e0 <em>BLASPH\u00c8ME RAPSODIE<\/em>La pand\u00e9mie de grippe aviaire, r\u00e9alis\u00e9e pendant la pand\u00e9mie de grippe aviaire<\/p>\n\n\n\n<p>- Un parcours dans le b\u00e2timent \u00e0 travers des \u00e9crans, des costumes, des objets et des textes, au cours duquel trente performances sont remises en mouvement.<\/p>\n\n\n\n<p>- L'exp\u00e9rience <em>Le corps \u00e0 distance<\/em> o\u00f9 le public est invit\u00e9 \u00e0 faire l'exp\u00e9rience de la danse par le biais de la r\u00e9alit\u00e9 virtuelle<\/p>\n\n\n\n<div class=\"su-note\"  style=\"border-color:#e5e54c;border-radius:3px;-moz-border-radius:3px;-webkit-border-radius:3px;\"><div class=\"su-note-inner su-u-clearfix su-u-trim\" style=\"background-color:#FFFF66;border-color:#ffffff;color:#333333;border-radius:3px;-moz-border-radius:3px;-webkit-border-radius:3px;\">Le Rhino Dance Marathon n'est pas un spectacle r\u00e9gulier, mais un programme r\u00e9parti sur sept espaces, avec une programmation compl\u00e8te c\u00e9l\u00e9brant le travail de 30 ans d'EG | PC.\u00a0<\/div><\/div>","protected":false},"excerpt":{"rendered":"<p>Une ode physique aux trente ans d'Emio Greco | Pieter C. ScholtenLes 10 et 11 juillet prochains, ce seront deux jours de f\u00eate non-stop au Space for Dance Art, Nieuw-West. Dans ce marathon, les performances embl\u00e9matiques de EG | PC fusionnent avec le travail de nouveaux cr\u00e9ateurs pionniers. Le Rhino Dance Marathon fait partie de Julidans.&nbsp;<a href=\"https:\/\/staging.cultuurpers.nl\/fr\/2025\/07\/gratis-dansevenement-voor-alle-amsterdammers-rhino-dance-marathon\/\" rel=\"bookmark\">Lire la suite \"<span class=\"screen-reader-text\">\u00c9V\u00c9NEMENT DE DANSE GRATUIT POUR TOUS LES AMSTERDAMMERS : RHINO DANCE MARATHON<\/span><\/a><\/p>","protected":false},"author":13,"featured_media":97877,"comment_status":"open","ping_status":"closed","sticky":false,"template":"","format":"standard","meta":{"_eb_attr":"","_monsterinsights_skip_tracking":false,"_monsterinsights_sitenote_active":false,"_monsterinsights_sitenote_note":"","_monsterinsights_sitenote_category":0,"neve_meta_sidebar":"","neve_meta_container":"","neve_meta_enable_content_width":"","neve_meta_content_width":0,"neve_meta_title_alignment":"","neve_meta_author_avatar":"","neve_post_elements_order":"","neve_meta_disable_header":"","neve_meta_disable_footer":"","neve_meta_disable_title":"","neve_meta_reading_time":"","_themeisle_gutenberg_block_has_review":false,"_jetpack_memberships_contains_paid_content":false,"activitypub_content_warning":"","activitypub_content_visibility":"","activitypub_max_image_attachments":3,"activitypub_interaction_policy_quote":"anyone","activitypub_status":"federated","footnotes":"","jetpack_publicize_message":"","jetpack_publicize_feature_enabled":true,"jetpack_social_post_already_shared":false,"jetpack_social_options":{"image_generator_settings":{"template":"highway","default_image_id":0,"enabled":false},"version":2}},"categories":[6695,11917,8843],"tags":[15397],"class_list":["post-97876","post","type-post","status-publish","format-standard","has-post-thumbnail","hentry","category-dans","category-persberichten","category-podiumkunst","tag-ick-amsterdam"],"aioseo_notices":[],"jetpack_publicize_connections":[],"jetpack_featured_media_url":"https:\/\/staging.cultuurpers.nl\/wp-content\/uploads\/2025\/07\/Rimasto-\u00a9-Jean-Pierrew-Stoop_LOW.jpg","jetpack-related-posts":[{"id":97910,"url":"https:\/\/staging.cultuurpers.nl\/fr\/2025\/07\/rhino-dance-marathon-30-jaar-moderne-dansgeschiedenis-samengebald-in-een-explosief-feest\/","url_meta":{"origin":97876,"position":0},"title":"Rhino Dance Marathon : 30 ans d'histoire de la danse moderne condens\u00e9s dans une f\u00eate explosive","author":"Wijbrand Schaap","date":"11 juillet 2025","format":false,"excerpt":"En interpr\u00e9tant les premi\u00e8res mesures de Saint Matthieu de Bach sur un piano \u00e9lectrique largement amplifi\u00e9, quelque chose se passe dans la salle. Les notes inqui\u00e9tantes retentissent dans une grande salle au plafond bas, puis les danseurs entrent en sc\u00e8ne et projettent contre ce plafond un faisceau d'\u00e9nergie qui vous enfonce profond\u00e9ment dans votre si\u00e8ge. Si vous","rel":"","context":"Dans &quot;DANS&quot;","block_context":{"text":"DANS","link":"https:\/\/staging.cultuurpers.nl\/fr\/genre\/podiumkunst\/dans\/"},"img":{"alt_text":"","src":"https:\/\/i0.wp.com\/staging.cultuurpers.nl\/wp-content\/uploads\/2025\/07\/Rimasto-%C2%A9-Jean-Pierrew-Stoop_LOW.jpg?resize=350%2C200&ssl=1","width":350,"height":200,"srcset":"https:\/\/i0.wp.com\/staging.cultuurpers.nl\/wp-content\/uploads\/2025\/07\/Rimasto-%C2%A9-Jean-Pierrew-Stoop_LOW.jpg?resize=350%2C200&ssl=1 1x, https:\/\/i0.wp.com\/staging.cultuurpers.nl\/wp-content\/uploads\/2025\/07\/Rimasto-%C2%A9-Jean-Pierrew-Stoop_LOW.jpg?resize=525%2C300&ssl=1 1.5x, https:\/\/i0.wp.com\/staging.cultuurpers.nl\/wp-content\/uploads\/2025\/07\/Rimasto-%C2%A9-Jean-Pierrew-Stoop_LOW.jpg?resize=700%2C400&ssl=1 2x, https:\/\/i0.wp.com\/staging.cultuurpers.nl\/wp-content\/uploads\/2025\/07\/Rimasto-%C2%A9-Jean-Pierrew-Stoop_LOW.jpg?resize=1050%2C600&ssl=1 3x, https:\/\/i0.wp.com\/staging.cultuurpers.nl\/wp-content\/uploads\/2025\/07\/Rimasto-%C2%A9-Jean-Pierrew-Stoop_LOW.jpg?resize=1400%2C800&ssl=1 4x"},"classes":[]},{"id":9256,"url":"https:\/\/staging.cultuurpers.nl\/fr\/2012\/04\/the-young-makers-marathon-from-the-beautiful-absurditiy-parkinson-to-the-claustrophobia-of-cows-theory\/","url_meta":{"origin":97876,"position":1},"title":"Le marathon des jeunes cr\u00e9ateurs : du magnifiquement absurde Parkin'son \u00e0 la claustrophobie de Cow's Theory.","author":"Dani\u00ebl Bertina","date":"28 avril 2012","format":false,"excerpt":"The Young Makers Marathon For Your Eyes Only at Springdance features performances by students from the influential dance academies School voor Nieuwe Dans Ontwikkeling (The Netherlands) and P.A.R.T.S. (Belgium). I had the pleaure to see two of them. Cow\u2019s Theory by Cecila Lisa Eliceche (P.A.R.T.S.) is a hyperintense piece of\u2026","rel":"","context":"Dans &quot;SPECIALS&quot;","block_context":{"text":"SPECIALS","link":"https:\/\/staging.cultuurpers.nl\/fr\/genre\/service\/specials\/"},"img":{"alt_text":"","src":"https:\/\/i0.wp.com\/staging.cultuurpers.nl\/wp-content\/uploads\/2012\/04\/parkin.jpeg?resize=350%2C200&ssl=1","width":350,"height":200,"srcset":"https:\/\/i0.wp.com\/staging.cultuurpers.nl\/wp-content\/uploads\/2012\/04\/parkin.jpeg?resize=350%2C200&ssl=1 1x, https:\/\/i0.wp.com\/staging.cultuurpers.nl\/wp-content\/uploads\/2012\/04\/parkin.jpeg?resize=525%2C300&ssl=1 1.5x"},"classes":[]},{"id":70555,"url":"https:\/\/staging.cultuurpers.nl\/fr\/2021\/07\/dansgeschiedenis-in-actie-dance-on-ensemble-brengt-iconische-werken-met-hedendaagse-antwoorden\/","url_meta":{"origin":97876,"position":2},"title":"L'histoire de la danse en action - Dance On Ensemble interpr\u00e8te des \u0153uvres embl\u00e9matiques, avec des r\u00e9ponses contemporaines.","author":"Helen Westerik","date":"18 juillet 2021","format":false,"excerpt":"Dat Julidans een sterke editie beleeft werd eigenlijk al duidelijk met de gedurfde en heerlijke openingsavond. Die voorstelling nodigde uit na te denken over wat dans is. Making Dances - Dancing Replies laat je over de zelfde vraag nadenken, maar op een heel andere manier. Dance On Ensemble, het Berlijnse\u2026","rel":"","context":"Dans &quot;DANS&quot;","block_context":{"text":"DANS","link":"https:\/\/staging.cultuurpers.nl\/fr\/genre\/podiumkunst\/dans\/"},"img":{"alt_text":"","src":"https:\/\/i0.wp.com\/staging.cultuurpers.nl\/wp-content\/uploads\/2021\/07\/210707_Dance_On_Deep_Song_by_Jubal_Battisti_126.jpg?resize=350%2C200&ssl=1","width":350,"height":200,"srcset":"https:\/\/i0.wp.com\/staging.cultuurpers.nl\/wp-content\/uploads\/2021\/07\/210707_Dance_On_Deep_Song_by_Jubal_Battisti_126.jpg?resize=350%2C200&ssl=1 1x, https:\/\/i0.wp.com\/staging.cultuurpers.nl\/wp-content\/uploads\/2021\/07\/210707_Dance_On_Deep_Song_by_Jubal_Battisti_126.jpg?resize=525%2C300&ssl=1 1.5x, https:\/\/i0.wp.com\/staging.cultuurpers.nl\/wp-content\/uploads\/2021\/07\/210707_Dance_On_Deep_Song_by_Jubal_Battisti_126.jpg?resize=700%2C400&ssl=1 2x, https:\/\/i0.wp.com\/staging.cultuurpers.nl\/wp-content\/uploads\/2021\/07\/210707_Dance_On_Deep_Song_by_Jubal_Battisti_126.jpg?resize=1050%2C600&ssl=1 3x, https:\/\/i0.wp.com\/staging.cultuurpers.nl\/wp-content\/uploads\/2021\/07\/210707_Dance_On_Deep_Song_by_Jubal_Battisti_126.jpg?resize=1400%2C800&ssl=1 4x"},"classes":[]},{"id":93768,"url":"https:\/\/staging.cultuurpers.nl\/fr\/2024\/03\/georgina-verbaan-speelt-hoofdrol-in-24-uurs-theatrale-marathon-the-second-woman-een-vrouw-een-rol-honderd-mannen\/","url_meta":{"origin":97876,"position":3},"title":"Georgina Verbaan joue le r\u00f4le principal dans le marathon th\u00e9\u00e2tral de 24 heures The Second Woman.  Une femme, un r\u00f4le, cent hommes. \u00a0\u00a0","author":"een van onze leden","date":"12 mars 2024","format":false,"excerpt":"Georgina Verbaan speelt van 28 op 29 juni vierentwintig uur lang in het Holland Festival de hoofdrol in de voorstelling The Second Woman van Nat Randall en Anna Breckon, een unieke hallucinante filmische theaterervaring. \u00a0 Tijdens deze theatermarathon, live in ITA en tegelijkertijd op het scherm in Koninklijk Theater Tuschinski,\u2026","rel":"","context":"Dans &quot;FILM&quot;","block_context":{"text":"FILM","link":"https:\/\/staging.cultuurpers.nl\/fr\/genre\/film-3\/"},"img":{"alt_text":"","src":"https:\/\/i0.wp.com\/staging.cultuurpers.nl\/wp-content\/uploads\/2024\/03\/Georgina_Verbaan_foto_Janiek_Dam-scaled.jpg?resize=350%2C200&ssl=1","width":350,"height":200,"srcset":"https:\/\/i0.wp.com\/staging.cultuurpers.nl\/wp-content\/uploads\/2024\/03\/Georgina_Verbaan_foto_Janiek_Dam-scaled.jpg?resize=350%2C200&ssl=1 1x, https:\/\/i0.wp.com\/staging.cultuurpers.nl\/wp-content\/uploads\/2024\/03\/Georgina_Verbaan_foto_Janiek_Dam-scaled.jpg?resize=525%2C300&ssl=1 1.5x, https:\/\/i0.wp.com\/staging.cultuurpers.nl\/wp-content\/uploads\/2024\/03\/Georgina_Verbaan_foto_Janiek_Dam-scaled.jpg?resize=700%2C400&ssl=1 2x, https:\/\/i0.wp.com\/staging.cultuurpers.nl\/wp-content\/uploads\/2024\/03\/Georgina_Verbaan_foto_Janiek_Dam-scaled.jpg?resize=1050%2C600&ssl=1 3x, https:\/\/i0.wp.com\/staging.cultuurpers.nl\/wp-content\/uploads\/2024\/03\/Georgina_Verbaan_foto_Janiek_Dam-scaled.jpg?resize=1400%2C800&ssl=1 4x"},"classes":[]},{"id":23331,"url":"https:\/\/staging.cultuurpers.nl\/fr\/2015\/06\/ene-lulu-is\/","url_meta":{"origin":97876,"position":4},"title":"Une Lulu n'est pas l'autre","author":"Helen Westerik","date":"14 juin 2015","format":false,"excerpt":"Eye organiseerde een Lulu Marathon als onderdeel van de William Kentridge-tentoonstelling in het Holland Festival. Kentridge regisseerde de opera Lulu van Alban Berg. Eye vertoonde in dat kader de twee belangrijkste Lulu-films die hem als inspiratie dienden. De eerste was Erdgeist van Leopold Jessner (1923) en de tweede was Die\u2026","rel":"","context":"Dans &quot;ACTUEEL&quot;","block_context":{"text":"ACTUEEL","link":"https:\/\/staging.cultuurpers.nl\/fr\/genre\/nieuws\/"},"img":{"alt_text":"","src":"https:\/\/i0.wp.com\/staging.cultuurpers.nl\/wp-content\/uploads\/2015\/06\/louise-brooks-black-helmet.jpg?resize=350%2C200&ssl=1","width":350,"height":200,"srcset":"https:\/\/i0.wp.com\/staging.cultuurpers.nl\/wp-content\/uploads\/2015\/06\/louise-brooks-black-helmet.jpg?resize=350%2C200&ssl=1 1x, https:\/\/i0.wp.com\/staging.cultuurpers.nl\/wp-content\/uploads\/2015\/06\/louise-brooks-black-helmet.jpg?resize=525%2C300&ssl=1 1.5x, https:\/\/i0.wp.com\/staging.cultuurpers.nl\/wp-content\/uploads\/2015\/06\/louise-brooks-black-helmet.jpg?resize=700%2C400&ssl=1 2x, https:\/\/i0.wp.com\/staging.cultuurpers.nl\/wp-content\/uploads\/2015\/06\/louise-brooks-black-helmet.jpg?resize=1050%2C600&ssl=1 3x"},"classes":[]}],"jetpack_shortlink":"https:\/\/wp.me\/p3yKke-psE","jetpack_sharing_enabled":true,"_links":{"self":[{"href":"https:\/\/staging.cultuurpers.nl\/fr\/wp-json\/wp\/v2\/posts\/97876","targetHints":{"allow":["GET"]}}],"collection":[{"href":"https:\/\/staging.cultuurpers.nl\/fr\/wp-json\/wp\/v2\/posts"}],"about":[{"href":"https:\/\/staging.cultuurpers.nl\/fr\/wp-json\/wp\/v2\/types\/post"}],"author":[{"embeddable":true,"href":"https:\/\/staging.cultuurpers.nl\/fr\/wp-json\/wp\/v2\/users\/13"}],"replies":[{"embeddable":true,"href":"https:\/\/staging.cultuurpers.nl\/fr\/wp-json\/wp\/v2\/comments?post=97876"}],"version-history":[{"count":1,"href":"https:\/\/staging.cultuurpers.nl\/fr\/wp-json\/wp\/v2\/posts\/97876\/revisions"}],"predecessor-version":[{"id":97878,"href":"https:\/\/staging.cultuurpers.nl\/fr\/wp-json\/wp\/v2\/posts\/97876\/revisions\/97878"}],"wp:featuredmedia":[{"embeddable":true,"href":"https:\/\/staging.cultuurpers.nl\/fr\/wp-json\/wp\/v2\/media\/97877"}],"wp:attachment":[{"href":"https:\/\/staging.cultuurpers.nl\/fr\/wp-json\/wp\/v2\/media?parent=97876"}],"wp:term":[{"taxonomy":"category","embeddable":true,"href":"https:\/\/staging.cultuurpers.nl\/fr\/wp-json\/wp\/v2\/categories?post=97876"},{"taxonomy":"post_tag","embeddable":true,"href":"https:\/\/staging.cultuurpers.nl\/fr\/wp-json\/wp\/v2\/tags?post=97876"}],"curies":[{"name":"wp","href":"https:\/\/api.w.org\/{rel}","templated":true}]}}