{"id":97848,"date":"2025-07-02T15:04:54","date_gmt":"2025-07-02T13:04:54","guid":{"rendered":"https:\/\/cultureelpersbureau.nl\/?p=97848"},"modified":"2025-07-02T15:04:59","modified_gmt":"2025-07-02T13:04:59","slug":"nieuwe-namen-bekend-voor-ilfu","status":"publish","type":"post","link":"https:\/\/staging.cultuurpers.nl\/fr\/2025\/07\/nieuwe-namen-bekend-voor-ilfu\/","title":{"rendered":"Nouveaux noms pour l'ILFU"},"content":{"rendered":"<p>En tant que festival de litt\u00e9rature, nous avons chaque ann\u00e9e une liste de r\u00eave d'\u00e9crivains internationaux importants et pertinents que nous aimerions avoir comme invit\u00e9s. Nous consultons les \u00e9diteurs et les agents, \u00e9laborons des plans et des concepts. Nous t\u00e9l\u00e9phonons, nous envoyons des courriels, nous \u00e9crivons des lettres. En g\u00e9n\u00e9ral, nous obtenons quelques r\u00e9sultats, parfois tr\u00e8s peu. Mais cette ann\u00e9e, nous avons de la chance : en plus de tous les grands \u00e9crivains que nous connaissons d\u00e9j\u00e0, nous avons la possibilit\u00e9 d'organiser des rencontres avec d'autres \u00e9crivains. <a href=\"https:\/\/ilfu.com\/agenda\/exploring-stories-2025\">Explorer les histoires<\/a> et <a href=\"https:\/\/landing.ilfu.com\/boekfest\/\">F\u00eate du livre<\/a>Nous pouvons maintenant, pour notre plus grande joie, compter sur pas moins de <strong>quatre<\/strong> Ajoutez des \u00e9crivains fantastiques qui viendront parler de leur livre \u00e0 l'ILFU.<\/p>\n\n\n\n<p>Le lundi 22 septembre, nous accueillerons l'\u00e9crivain anglais sp\u00e9cialiste de la nature <strong>Robert Macfarlane<\/strong> et le mercredi 24 septembre <strong>Elizabeth Strout<\/strong> connue notamment pour ses romans sur Olive Kitteridge. Tous deux peuvent \u00eatre vus \u00e0 TivoliVredenburg. <strong>Deborah Levy<\/strong> vient \u00e0 la biblioth\u00e8que d'Utrecht le jeudi 2 octobre. Son best-seller Warm Milk a \u00e9t\u00e9 film\u00e9 et peut \u00eatre vu dans tous les cin\u00e9mas cet \u00e9t\u00e9. Le vendredi 3 octobre, l'ic\u00f4ne intellectuelle et f\u00e9ministe <strong>Chimamanda Ngozi Adichie<\/strong> au KABUL \u00e0 GoGo, un club bien connu \u00e0 Utrecht.<\/p>\n\n\n\n<p>Vous trouverez plus d'informations sur chaque auteur ci-dessous. La vente des billets a commenc\u00e9 aujourd'hui.<br \/><strong>Lundi 22 septembre<br \/>Robert Macfarlane<\/strong><br \/><br \/><img loading=\"lazy\" decoding=\"async\" width=\"560\" height=\"224\" src=\"https:\/\/prdproduction.ams3.digitaloceanspaces.com\/zenith\/4612\/2025_07\/6864cc863e86c.png\"\/><br \/><br \/>Le 22 septembre 2025, l'\u00e9crivain naturaliste anglais Robert Macfarlane viendra au festival ILFU. Un invit\u00e9 de r\u00eave qui, jusqu'\u00e0 pr\u00e9sent, \u00e9tait trop occup\u00e9 \u00e0 marcher dans les montagnes, \u00e0 creuser sous terre, \u00e0 nager dans des rivi\u00e8res en voie de disparition, mais qui peut enfin venir aux Pays-Bas.<br \/>Cette ann\u00e9e, son nouveau livre a \u00e9t\u00e9 publi\u00e9\u00a0<em>Une rivi\u00e8re vit-elle ?<\/em>dans lequel il emm\u00e8ne ses lecteurs dans un voyage personnel le long de trois rivi\u00e8res. Macfarlane part en compagnie d'experts et d'activistes autochtones, qui lui montrent comment la vie fluviale est de plus en plus menac\u00e9e et d\u00e9truite. Robert Macfarlane est un grand \u00e9crivain litt\u00e9raire, engag\u00e9 dans le monde actuel qui l'entoure et un orateur inspir\u00e9 - tous ceux qui l'entendent sont suspendus \u00e0 chacun de ses mots.<br \/>Pour plus d'informations, cliquez sur <a href=\"https:\/\/ilfu.com\/agenda\/book-talk-robert-macfarlane\">ici<\/a>.<br \/><strong>Mercredi 24 septembre<br \/>Elizabeth Strout<\/strong><\/p>\n\n\n\n<p><img loading=\"lazy\" decoding=\"async\" width=\"560\" height=\"315\" src=\"https:\/\/prdproduction.ams3.digitaloceanspaces.com\/zenith\/4612\/2025_07\/6864cce76ce09.jpg\"\/><br \/><br \/>Il y a quelques ann\u00e9es, nous avions d\u00e9j\u00e0 eu l'occasion de la rencontrer en ligne, et cette ann\u00e9e, elle est en chair et en os au festival ILFU : Elizabeth Strout !<\/p>\n\n\n\n<p>Elizabeth Strout est une auteure d'histoires qui a fa\u00e7onn\u00e9 tout un monde au fil des ans, avec de nombreux personnages qui reviennent dans diff\u00e9rents livres. La bourrue Olive Kitteridge au grand c\u0153ur, l'\u00e9crivain Lucy Barton qui a longtemps cach\u00e9 la grande pauvret\u00e9 dans laquelle elle a grandi, le gentil Bob Burgess, son fr\u00e8re et les blessures de leur enfance. Parfois, un livre est consacr\u00e9 \u00e0 l'un d'entre eux et Strout montre sa force psychologique, parfois \u00e0 la fa\u00e7on dont leurs vies se rejoignent, ce qui lui permet de brosser de magnifiques portraits sociaux. Dans ses r\u00e9cits et portraits virtuoses, Strout, laur\u00e9ate du prix Pulitzer et admir\u00e9e dans le monde entier, est pass\u00e9e ma\u00eetre dans l'art de montrer \u00e0 la fois les frictions et l'intimit\u00e9, l'indomptabilit\u00e9 et l'inad\u00e9quation de la vie.\u00a0<br \/>Tous les gens ordinaires sont extraordinaires\", a-t-elle d\u00e9clar\u00e9 lors d'une interview. Il faut alors \u00eatre capable de le montrer, ce qu'elle sait faire comme personne d'autre.<br \/>Pour plus d'informations, cliquez sur <a href=\"https:\/\/ilfu.com\/agenda\/book-talk-elizabeth-strout\">ici<\/a>.<\/p>\n\n\n\n<p><strong>Jeudi 2 octobre<br \/>Deborah Levy<\/strong><\/p>\n\n\n\n<p><img loading=\"lazy\" decoding=\"async\" width=\"560\" height=\"315\" src=\"https:\/\/prdproduction.ams3.digitaloceanspaces.com\/zenith\/4612\/2025_07\/6864cd44d20d4.jpg\"\/><br \/><br \/>Certains \u00e9crivains transforment la litt\u00e9rature au point de la modifier. Non pas avec de grands mots et des programmes, mais avec un style unique ou un processus inattendu qui leur permet d'ajouter quelque chose \u00e0 ce qui existait d\u00e9j\u00e0. Deborah Levy est l'un de ces \u00e9crivains. Avec sa trilogie, qu'elle qualifie elle-m\u00eame de \"biographie vivante\", elle a cr\u00e9\u00e9 un nouveau genre, aussi narratif qu'essayiste, aussi stylis\u00e9 que personnel.<\/p>\n\n\n\n<p>La popularit\u00e9 des livres de Levy est probablement due en partie \u00e0 son ton, cette combinaison irr\u00e9sistible de f\u00e9minisme, d'acuit\u00e9 philosophique et de d\u00e9tails quotidiens. Comme aucune autre, Levy \u00e9crit sur la mani\u00e8re de s'imposer en tant que femme dans un monde domin\u00e9 par les hommes, et sur le r\u00f4le que les d\u00e9sirs \"marginaux\" - des chaussures aux maisons de r\u00eave - jouent (ou peuvent jouer) dans ce contexte. Son roman\u00a0<em>Lait chaud\u00a0<\/em>est film\u00e9 avec Fiona Shaw, Emma Mackey et Vicky Krieps et sortira en salle cet \u00e9t\u00e9.<\/p>\n\n\n\n<p>Clique sur <a href=\"https:\/\/ilfu.com\/agenda\/book-talk-deborah-levy\">ici<\/a> pour plus d'informations.<\/p>\n\n\n\n<p><strong>Vendredi 3 octobre<br \/>Chimamanda Ngozi Adichie<\/strong><br \/><br \/><img loading=\"lazy\" decoding=\"async\" width=\"560\" height=\"315\" src=\"https:\/\/prdproduction.ams3.digitaloceanspaces.com\/zenith\/4612\/2025_07\/6864cd93772a5.jpg\"\/><br \/><br \/>Chimamanda Ngozi Adichie est sans aucun doute l'une des voix les plus influentes de sa g\u00e9n\u00e9ration. Elle a perc\u00e9 en 2006 avec le roman <em>La moiti\u00e9 d'un soleil jaune<\/em> et a confirm\u00e9 sa r\u00e9putation avec <em>Amerikanah <\/em>(2012), un grand roman d'immigration qui a \u00e9t\u00e9 salu\u00e9 par beaucoup comme l'un des meilleurs livres du 21e si\u00e8cle. Depuis des ann\u00e9es, Adichie \u00e9volue avec aisance entre la litt\u00e9rature, la politique et la culture pop, s\u00e9duisant les lecteurs du monde entier par son message f\u00e9ministe et son style ac\u00e9r\u00e9.<\/p>\n\n\n\n<p>Dans son nouveau roman <em>R\u00eave<\/em> <em>Compter<\/em> Adichie entrem\u00eale les histoires de quatre femmes africaines autour des th\u00e8mes de l'amiti\u00e9, de la f\u00e9minit\u00e9, du traumatisme et de la maternit\u00e9. Nous suivons les vies de Chiamaka, Zikora, Omelogor et Kadiatou, qui luttent toutes contre les choix qu'elles (doivent) faire. L'accent est mis sur l'histoire poignante de Kadiatou, un personnage que l'auteur a model\u00e9 sur Nafissatou Diallo, le valet qui a \u00e9t\u00e9 agress\u00e9 dans une chambre d'h\u00f4tel \u00e0 New York par l'ancien chef du FMI Dominique Strauss-Kahn en 2011.<\/p>\n\n\n\n<p>Avec son <a href=\"https:\/\/www.ted.com\/talks\/chimamanda_ngozi_adichie_we_should_all_be_feminists?share=1dfb754f51\">Ted Talk<\/a> et l'essai du m\u00eame nom <em>Nous devrions tous \u00eatre f\u00e9ministes<\/em> (2014) a d\u00e9finitivement \u00e9tabli Adichie comme une ic\u00f4ne intellectuelle et f\u00e9ministe. L'essai lui a \u00e9galement conf\u00e9r\u00e9 le statut de pop-star, ce qui est rare en litt\u00e9rature : en Su\u00e8de, tous les jeunes de 16 ans ont re\u00e7u l'essai en cadeau, Beyonc\u00e9 a sampl\u00e9 des extraits de son texte et, depuis, les \u00e9v\u00e9nements auxquels participe Adichie affichent invariablement complet longtemps \u00e0 l'avance.<\/p>\n\n\n\n<p>Clique sur <a href=\"https:\/\/landing.ilfu.com\/chimamanda\/\">ici<\/a> pour plus d'informations.<\/p>","protected":false},"excerpt":{"rendered":"<p>En tant que festival de litt\u00e9rature, nous avons chaque ann\u00e9e une liste de r\u00eave d'\u00e9crivains internationaux importants et pertinents que nous aimerions avoir comme invit\u00e9s. Nous consultons les \u00e9diteurs et les agents, \u00e9laborons des plans et des concepts. Nous t\u00e9l\u00e9phonons, nous envoyons des courriels, nous \u00e9crivons des lettres. En g\u00e9n\u00e9ral, nous obtenons quelques r\u00e9sultats, parfois tr\u00e8s peu. Mais cette ann\u00e9e, nous avons de la chance : en plus de tous les grands \u00e9crivains que nous connaissons d\u00e9j\u00e0, nous avons la possibilit\u00e9 d'organiser des rencontres avec d'autres \u00e9crivains.&nbsp;<a href=\"https:\/\/staging.cultuurpers.nl\/fr\/2025\/07\/nieuwe-namen-bekend-voor-ilfu\/\" rel=\"bookmark\">Lire la suite \"<span class=\"screen-reader-text\">Nouveaux noms pour l'ILFU<\/span><\/a><\/p>","protected":false},"author":13,"featured_media":97849,"comment_status":"open","ping_status":"closed","sticky":false,"template":"","format":"standard","meta":{"_eb_attr":"","_monsterinsights_skip_tracking":false,"_monsterinsights_sitenote_active":false,"_monsterinsights_sitenote_note":"","_monsterinsights_sitenote_category":0,"neve_meta_sidebar":"","neve_meta_container":"","neve_meta_enable_content_width":"","neve_meta_content_width":0,"neve_meta_title_alignment":"","neve_meta_author_avatar":"","neve_post_elements_order":"","neve_meta_disable_header":"","neve_meta_disable_footer":"","neve_meta_disable_title":"","neve_meta_reading_time":"","_themeisle_gutenberg_block_has_review":false,"_jetpack_memberships_contains_paid_content":false,"activitypub_content_warning":"","activitypub_content_visibility":"","activitypub_max_image_attachments":3,"activitypub_interaction_policy_quote":"anyone","activitypub_status":"federated","footnotes":"","jetpack_publicize_message":"","jetpack_publicize_feature_enabled":true,"jetpack_social_post_already_shared":false,"jetpack_social_options":{"image_generator_settings":{"template":"highway","default_image_id":0,"enabled":false},"version":2}},"categories":[1,4763,11917],"tags":[],"class_list":["post-97848","post","type-post","status-publish","format-standard","has-post-thumbnail","hentry","category-nieuws","category-literatuur-2","category-persberichten"],"aioseo_notices":[],"jetpack_publicize_connections":[],"jetpack_featured_media_url":"https:\/\/staging.cultuurpers.nl\/wp-content\/uploads\/2025\/07\/6864cc1aefebf.png","jetpack-related-posts":[{"id":91325,"url":"https:\/\/staging.cultuurpers.nl\/fr\/2023\/07\/nieuwe-namen-voor-ilfu-ilfu-vindt-dit-jaar-plaats-van-23-september-t-m-7-oktober\/","url_meta":{"origin":97848,"position":0},"title":"De nouveaux noms pour l'ILFU - L'ILFU aura lieu cette ann\u00e9e du 23 septembre au 7 octobre.","author":"een van onze leden","date":"7 juillet 2023","format":false,"excerpt":"Het openingsweekeinde van het International Literature Festival Utrecht bestaat uit een optreden van Maggie Nelson, het NK Poetry Slam, de Utrechtse Boekenmarkt, de start van de 1000-Dichtersmarathon en de inauguratie van Babs Gons als Dichter des Vaderlands. In de twee weken daarna vinden optredens plaats van o.a. Philippe Claudel, Jeanette\u2026","rel":"","context":"Dans &quot;LITERAIR&quot;","block_context":{"text":"LITERAIR","link":"https:\/\/staging.cultuurpers.nl\/fr\/genre\/literatuur-2\/"},"img":{"alt_text":"logo ilfu","src":"https:\/\/i0.wp.com\/staging.cultuurpers.nl\/wp-content\/uploads\/2023\/01\/c8db5ec9-5589-68d7-ecf1-c299c0810d12.png?resize=350%2C200&ssl=1","width":350,"height":200,"srcset":"https:\/\/i0.wp.com\/staging.cultuurpers.nl\/wp-content\/uploads\/2023\/01\/c8db5ec9-5589-68d7-ecf1-c299c0810d12.png?resize=350%2C200&ssl=1 1x, https:\/\/i0.wp.com\/staging.cultuurpers.nl\/wp-content\/uploads\/2023\/01\/c8db5ec9-5589-68d7-ecf1-c299c0810d12.png?resize=525%2C300&ssl=1 1.5x, https:\/\/i0.wp.com\/staging.cultuurpers.nl\/wp-content\/uploads\/2023\/01\/c8db5ec9-5589-68d7-ecf1-c299c0810d12.png?resize=700%2C400&ssl=1 2x, https:\/\/i0.wp.com\/staging.cultuurpers.nl\/wp-content\/uploads\/2023\/01\/c8db5ec9-5589-68d7-ecf1-c299c0810d12.png?resize=1050%2C600&ssl=1 3x"},"classes":[]},{"id":70549,"url":"https:\/\/staging.cultuurpers.nl\/fr\/2021\/07\/utrechts-literatuurfestival-ilfu-opent-kaartverkoop-voor-festivalweek-eind-september-met-o-a-roxane-gay-angie-thomas-edouard-louis-en-max-porter\/","url_meta":{"origin":97848,"position":1},"title":"Le festival de litt\u00e9rature d'Utrecht ILFU ouvre la vente de billets pour la semaine du festival fin septembre, avec notamment Roxane Gay, Angie Thomas, \u00c9douard Louis et Max Porter.","author":"een van onze leden","date":"16 juillet 2021","format":false,"excerpt":"Ondanks aanhoudende corona-onzekerheid in de culturele sector maakt International Literature Festival Utrecht (ILFU) vandaag een groot deel van het programma bekend. Het grootste literaire festival van Nederland vindt plaats van 23 september t\/m 2 oktober 2021 en programmeert een keur een internationale schrijvers, dichters, muzikanten en theatermakers in TivoliVredenburg. Onder\u2026","rel":"","context":"Dans &quot;ACTUEEL&quot;","block_context":{"text":"ACTUEEL","link":"https:\/\/staging.cultuurpers.nl\/fr\/genre\/nieuws\/"},"img":{"alt_text":"","src":"https:\/\/i0.wp.com\/staging.cultuurpers.nl\/wp-content\/uploads\/2021\/07\/WhyFictionMatters-groen30.png?resize=350%2C200&ssl=1","width":350,"height":200,"srcset":"https:\/\/i0.wp.com\/staging.cultuurpers.nl\/wp-content\/uploads\/2021\/07\/WhyFictionMatters-groen30.png?resize=350%2C200&ssl=1 1x, https:\/\/i0.wp.com\/staging.cultuurpers.nl\/wp-content\/uploads\/2021\/07\/WhyFictionMatters-groen30.png?resize=525%2C300&ssl=1 1.5x, https:\/\/i0.wp.com\/staging.cultuurpers.nl\/wp-content\/uploads\/2021\/07\/WhyFictionMatters-groen30.png?resize=700%2C400&ssl=1 2x, https:\/\/i0.wp.com\/staging.cultuurpers.nl\/wp-content\/uploads\/2021\/07\/WhyFictionMatters-groen30.png?resize=1050%2C600&ssl=1 3x, https:\/\/i0.wp.com\/staging.cultuurpers.nl\/wp-content\/uploads\/2021\/07\/WhyFictionMatters-groen30.png?resize=1400%2C800&ssl=1 4x"},"classes":[]},{"id":94299,"url":"https:\/\/staging.cultuurpers.nl\/fr\/2024\/05\/eerste-namen-voor-ilfus-festivalweekend-exploring-stories\/","url_meta":{"origin":97848,"position":2},"title":"Premiers noms pour le week-end du festival Exploring Stories de l'ILFU","author":"een van onze leden","date":"21 mai 2024","format":false,"excerpt":"Het festivalthema van ILFU 2024 is \u2018I am many Stories'. Het ILFU (International Literature Festival Utrecht) vindt dit jaar plaats van 21 september t\/m 5 oktober, en draagt het aan Marilyn Monroe ontleende motto \u2018I am many stories\u2019. Tot het programma behoren vaste ingredi\u00ebnten zoals de Utrechtse Boekenmarkt, het NK\u2026","rel":"","context":"Dans &quot;LITERAIR&quot;","block_context":{"text":"LITERAIR","link":"https:\/\/staging.cultuurpers.nl\/fr\/genre\/literatuur-2\/"},"img":{"alt_text":"campagnebeeld ILFU","src":"https:\/\/i0.wp.com\/staging.cultuurpers.nl\/wp-content\/uploads\/2024\/05\/60a497e8-f3e1-1a04-fe25-5042d58c476d.png?resize=350%2C200&ssl=1","width":350,"height":200,"srcset":"https:\/\/i0.wp.com\/staging.cultuurpers.nl\/wp-content\/uploads\/2024\/05\/60a497e8-f3e1-1a04-fe25-5042d58c476d.png?resize=350%2C200&ssl=1 1x, https:\/\/i0.wp.com\/staging.cultuurpers.nl\/wp-content\/uploads\/2024\/05\/60a497e8-f3e1-1a04-fe25-5042d58c476d.png?resize=525%2C300&ssl=1 1.5x, https:\/\/i0.wp.com\/staging.cultuurpers.nl\/wp-content\/uploads\/2024\/05\/60a497e8-f3e1-1a04-fe25-5042d58c476d.png?resize=700%2C400&ssl=1 2x, https:\/\/i0.wp.com\/staging.cultuurpers.nl\/wp-content\/uploads\/2024\/05\/60a497e8-f3e1-1a04-fe25-5042d58c476d.png?resize=1050%2C600&ssl=1 3x, https:\/\/i0.wp.com\/staging.cultuurpers.nl\/wp-content\/uploads\/2024\/05\/60a497e8-f3e1-1a04-fe25-5042d58c476d.png?resize=1400%2C800&ssl=1 4x"},"classes":[]},{"id":97449,"url":"https:\/\/staging.cultuurpers.nl\/fr\/2025\/06\/boekfest-lezers-schrijvers-uitgevers-en-media-vieren-samen-de-start-van-het-nieuwe-boekenseizoen\/","url_meta":{"origin":97848,"position":3},"title":"Bookfest : lecteurs, \u00e9crivains, \u00e9diteurs et m\u00e9dias c\u00e9l\u00e8brent ensemble le d\u00e9but de la nouvelle saison des livres.","author":"een van onze leden","date":"4 juin 2025","format":false,"excerpt":"Met o.a. Aaf Brandt Corstius, Jan Siebelink, Karin Amatmoekrim, Arnon Grunberg, Simone van der Vlugt, Annet Schaap, Adriaan van Dis, Marjon\u00a0Hoffman, Nancy Bosmans\u00a0en\u00a0Joost Oomen Het grote nieuwe boekenfestival voor alle lezers van het Nederlandstalige boek | Zondag 21 september 2025 | TivoliVredenburg Utrecht Op zondag 21 september organiseert ILFU in\u2026","rel":"","context":"Dans &quot;ACTUEEL&quot;","block_context":{"text":"ACTUEEL","link":"https:\/\/staging.cultuurpers.nl\/fr\/genre\/nieuws\/"},"img":{"alt_text":"","src":"https:\/\/i0.wp.com\/staging.cultuurpers.nl\/wp-content\/uploads\/2025\/06\/Boekfest-Campagnebeeld-instagram-1350x1080-livegang-4juni-scaled.png?resize=350%2C200&ssl=1","width":350,"height":200,"srcset":"https:\/\/i0.wp.com\/staging.cultuurpers.nl\/wp-content\/uploads\/2025\/06\/Boekfest-Campagnebeeld-instagram-1350x1080-livegang-4juni-scaled.png?resize=350%2C200&ssl=1 1x, https:\/\/i0.wp.com\/staging.cultuurpers.nl\/wp-content\/uploads\/2025\/06\/Boekfest-Campagnebeeld-instagram-1350x1080-livegang-4juni-scaled.png?resize=525%2C300&ssl=1 1.5x, https:\/\/i0.wp.com\/staging.cultuurpers.nl\/wp-content\/uploads\/2025\/06\/Boekfest-Campagnebeeld-instagram-1350x1080-livegang-4juni-scaled.png?resize=700%2C400&ssl=1 2x, https:\/\/i0.wp.com\/staging.cultuurpers.nl\/wp-content\/uploads\/2025\/06\/Boekfest-Campagnebeeld-instagram-1350x1080-livegang-4juni-scaled.png?resize=1050%2C600&ssl=1 3x, https:\/\/i0.wp.com\/staging.cultuurpers.nl\/wp-content\/uploads\/2025\/06\/Boekfest-Campagnebeeld-instagram-1350x1080-livegang-4juni-scaled.png?resize=1400%2C800&ssl=1 4x"},"classes":[]},{"id":71069,"url":"https:\/\/staging.cultuurpers.nl\/fr\/2021\/09\/71069\/","url_meta":{"origin":97848,"position":4},"title":"Le festival litt\u00e9raire ILFU ajoute une nouvelle journ\u00e9e de festival sur les sujets br\u00fblants de notre \u00e9poque.\u00a0","author":"een van onze leden","date":"7 septembre 2021","format":false,"excerpt":"O.a. Ayaan Hirsi Ali, Lale G\u00fcl, Roberto Saviano en Alfred Birney maken hun opwachting in Utrecht Op zaterdag 25 september vindt de eerste editie van Exploring Stories plaats: een speciale festivaldag op het ILFU gewijd aan de \u2018hete hangijzers\u2019 oftewel actuele thema\u2019s van onze tijd. Op Exploring Stories staan onderwerpen\u2026","rel":"","context":"Dans &quot;ACTUEEL&quot;","block_context":{"text":"ACTUEEL","link":"https:\/\/staging.cultuurpers.nl\/fr\/genre\/nieuws\/"},"img":{"alt_text":"","src":"https:\/\/i0.wp.com\/staging.cultuurpers.nl\/wp-content\/uploads\/2021\/09\/ilfuayaan.png?resize=350%2C200&ssl=1","width":350,"height":200,"srcset":"https:\/\/i0.wp.com\/staging.cultuurpers.nl\/wp-content\/uploads\/2021\/09\/ilfuayaan.png?resize=350%2C200&ssl=1 1x, https:\/\/i0.wp.com\/staging.cultuurpers.nl\/wp-content\/uploads\/2021\/09\/ilfuayaan.png?resize=525%2C300&ssl=1 1.5x, https:\/\/i0.wp.com\/staging.cultuurpers.nl\/wp-content\/uploads\/2021\/09\/ilfuayaan.png?resize=700%2C400&ssl=1 2x, https:\/\/i0.wp.com\/staging.cultuurpers.nl\/wp-content\/uploads\/2021\/09\/ilfuayaan.png?resize=1050%2C600&ssl=1 3x, https:\/\/i0.wp.com\/staging.cultuurpers.nl\/wp-content\/uploads\/2021\/09\/ilfuayaan.png?resize=1400%2C800&ssl=1 4x"},"classes":[]},{"id":94508,"url":"https:\/\/staging.cultuurpers.nl\/fr\/2024\/06\/ilfu-organiseert-in-2024-de-grote-publieksmanifestatie-ikjesmarathon-wij-zijn-vele-ikjes\/","url_meta":{"origin":97848,"position":5},"title":"L'ILFU organisera le grand \u00e9v\u00e9nement public en 2024 : Ikjesmarathon. Nous sommes de nombreux ikjes !","author":"een van onze leden","date":"18 juin 2024","format":false,"excerpt":"Schrijf je eigen Ikje en word gepubliceerd. Het Ikje op de Achterpagina van NRC is al meer dan 20 jaar een instituut. Duizenden hilarische, tragische en herkenbare voorvallen van onbekende Nederlanders gevat in 120 woorden vormen de kronieken van het alledaagse leven. Reden voor ILFU (International Literature Festival Utrecht) om\u2026","rel":"","context":"Dans &quot;LITERAIR&quot;","block_context":{"text":"LITERAIR","link":"https:\/\/staging.cultuurpers.nl\/fr\/genre\/literatuur-2\/"},"img":{"alt_text":"pr-beeld ILFU","src":"https:\/\/i0.wp.com\/staging.cultuurpers.nl\/wp-content\/uploads\/2024\/06\/c8ded7db-6f66-2677-a3cd-b88671786da0.png?resize=350%2C200&ssl=1","width":350,"height":200,"srcset":"https:\/\/i0.wp.com\/staging.cultuurpers.nl\/wp-content\/uploads\/2024\/06\/c8ded7db-6f66-2677-a3cd-b88671786da0.png?resize=350%2C200&ssl=1 1x, https:\/\/i0.wp.com\/staging.cultuurpers.nl\/wp-content\/uploads\/2024\/06\/c8ded7db-6f66-2677-a3cd-b88671786da0.png?resize=525%2C300&ssl=1 1.5x, https:\/\/i0.wp.com\/staging.cultuurpers.nl\/wp-content\/uploads\/2024\/06\/c8ded7db-6f66-2677-a3cd-b88671786da0.png?resize=700%2C400&ssl=1 2x, https:\/\/i0.wp.com\/staging.cultuurpers.nl\/wp-content\/uploads\/2024\/06\/c8ded7db-6f66-2677-a3cd-b88671786da0.png?resize=1050%2C600&ssl=1 3x, https:\/\/i0.wp.com\/staging.cultuurpers.nl\/wp-content\/uploads\/2024\/06\/c8ded7db-6f66-2677-a3cd-b88671786da0.png?resize=1400%2C800&ssl=1 4x"},"classes":[]}],"jetpack_shortlink":"https:\/\/wp.me\/p3yKke-psc","jetpack_sharing_enabled":true,"_links":{"self":[{"href":"https:\/\/staging.cultuurpers.nl\/fr\/wp-json\/wp\/v2\/posts\/97848","targetHints":{"allow":["GET"]}}],"collection":[{"href":"https:\/\/staging.cultuurpers.nl\/fr\/wp-json\/wp\/v2\/posts"}],"about":[{"href":"https:\/\/staging.cultuurpers.nl\/fr\/wp-json\/wp\/v2\/types\/post"}],"author":[{"embeddable":true,"href":"https:\/\/staging.cultuurpers.nl\/fr\/wp-json\/wp\/v2\/users\/13"}],"replies":[{"embeddable":true,"href":"https:\/\/staging.cultuurpers.nl\/fr\/wp-json\/wp\/v2\/comments?post=97848"}],"version-history":[{"count":1,"href":"https:\/\/staging.cultuurpers.nl\/fr\/wp-json\/wp\/v2\/posts\/97848\/revisions"}],"predecessor-version":[{"id":97850,"href":"https:\/\/staging.cultuurpers.nl\/fr\/wp-json\/wp\/v2\/posts\/97848\/revisions\/97850"}],"wp:featuredmedia":[{"embeddable":true,"href":"https:\/\/staging.cultuurpers.nl\/fr\/wp-json\/wp\/v2\/media\/97849"}],"wp:attachment":[{"href":"https:\/\/staging.cultuurpers.nl\/fr\/wp-json\/wp\/v2\/media?parent=97848"}],"wp:term":[{"taxonomy":"category","embeddable":true,"href":"https:\/\/staging.cultuurpers.nl\/fr\/wp-json\/wp\/v2\/categories?post=97848"},{"taxonomy":"post_tag","embeddable":true,"href":"https:\/\/staging.cultuurpers.nl\/fr\/wp-json\/wp\/v2\/tags?post=97848"}],"curies":[{"name":"wp","href":"https:\/\/api.w.org\/{rel}","templated":true}]}}