{"id":97804,"date":"2025-06-29T12:34:14","date_gmt":"2025-06-29T10:34:14","guid":{"rendered":"https:\/\/cultureelpersbureau.nl\/?p=97804"},"modified":"2025-06-29T14:39:24","modified_gmt":"2025-06-29T12:39:24","slug":"alleen-voor-june-yanez-moet-je-de-seizoenen-al-gaan-zien-bij-het-nationale-theater","status":"publish","type":"post","link":"https:\/\/staging.cultuurpers.nl\/fr\/2025\/06\/alleen-voor-june-yanez-moet-je-de-seizoenen-al-gaan-zien-bij-het-nationale-theater\/","title":{"rendered":"Rien que pour June Yanez, vous devriez aller voir The Seasons au National Theatre."},"content":{"rendered":"<p>Dans les romans classiques, ce sont souvent des personnages un peu tragiques : l'artiste ou le scientifique qui sacrifie tout pour cr\u00e9er l'\u0152uvre de tous et qui finit par sombrer dans la d\u00e9ch\u00e9ance. L'orgueil pr\u00e9c\u00e8de la chute, pense-t-on. Il vaut mieux travailler toute sa vie pour perfectionner une vague plut\u00f4t que de cr\u00e9er l'\u0153uvre d\u00e9finitive sur tout. Ne vous faites pas plus grand que vous n'\u00eates.<\/p>\n\n\n\n<p>Eric de Vroedt, directeur artistique du Th\u00e9\u00e2tre national, ne fait pas preuve d'une telle humilit\u00e9. En effet, cr\u00e9er la pi\u00e8ce d\u00e9finitive sur tout est pour lui un hobby. Le samedi 28 juin, sa derni\u00e8re version de la pi\u00e8ce d\u00e9finitive sur tout a \u00e9t\u00e9 pr\u00e9sent\u00e9e pour la premi\u00e8re fois au Holland Festival. The Seasons est, apr\u00e8s 10 \u00e9pisodes <a href=\"https:\/\/staging.cultuurpers.nl\/2012\/08\/eric-de-vroedt-uiteindelijk-ook-obama-bereikt\/\" title=\"Eric de Vroedt : &quot;Obama a fini par \u00eatre atteint lui aussi&quot;.\">Mightysociety<\/a> et six \u00e9pisodes de The Nation, un marathon qui a pass\u00e9 le test des quatre \u00e9pisodes en sept heures avec brio.&nbsp;<\/p>\n\n\n\n<h2 class=\"wp-block-heading\">Raffin\u00e9<\/h2>\n\n\n\n<p>Ce m\u00e9gaprojet, une adaptation des quatre livres 'Autumn', 'Winter', 'Spring' et 'Summer' qu'Ali Smith a \u00e9crits ensemble en un temps record, fait exactement ce qu'une \u0153uvre d\u00e9finitive sur cette \u00e9poque devrait faire : submerger. De Vroedt n'y parvient pas avec des plateaux lumineux et la teringhertrie d'un syst\u00e8me sonore surpuissant. Cela aurait pu \u00eatre le cas, car le ROHTKO de Riga l'a d\u00e9j\u00e0 fait avec beaucoup de conviction au cours de ce festival, mais ce que le Th\u00e9\u00e2tre national fait aujourd'hui est plus raffin\u00e9.\u00a0<\/p>\n\n\n\n<p>Tout d'abord, des personnes sens\u00e9es avaient d\u00e9j\u00e0 d\u00e9cid\u00e9 que les quatre romans tr\u00e8s associatifs d'Ali Smith ne se pr\u00eataient pas \u00e0 une adaptation th\u00e9\u00e2trale. Mais ce sont des gens sens\u00e9s et Eric De Vroedt est surtout ambitieux. Il a donc pris la machette et le stylo pour cr\u00e9er quelque chose qui permettrait \u00e0 huit acteurs et deux musiciens de g\u00e9rer ces \u0153uvres sinueuses, qui sautent dans le temps et comptent des dizaines de personnages.&nbsp;<\/p>\n\n\n\n<h2 class=\"wp-block-heading\">Parfaitement britannique<\/h2>\n\n\n\n<p>En comptant les pauses pour manger, boire et faire pipi, ils sont sur sc\u00e8ne pendant sept heures et, avec leur jeu d'ensemble enthousiaste, vous emm\u00e8nent dans un voyage \u00e0 travers le temps, et des vies d\u00e9chir\u00e9es de l'histoire r\u00e9cente si effroyablement similaires aux catastrophes pass\u00e9es. Smith a pris comme point de d\u00e9part la p\u00e9riode entre le r\u00e9f\u00e9rendum du Brexit et Coronapandemic, De Vroedt a pris la bonne d\u00e9cision en ne changeant rien \u00e0 ce calendrier et \u00e0 la nature britannique du spectacle. C'est pr\u00e9cis\u00e9ment l'ali\u00e9nation qui fait entrer les \u00e9v\u00e9nements actuels dans le th\u00e9\u00e2tre.<\/p>\n\n\n\n<p>Ce qui contribue encore plus \u00e0 rendre le spectacle actuel et incontournable, ce sont les acteurs. Tous m\u00e9ritent d'\u00eatre mentionn\u00e9s, Hein van der Heijden en esprit merveilleusement l\u00e9ger flottant \u00e0 travers le temps, Antoinette Jelgersma qui porte le steerage \u00e0 de grands sommets, Esther Scheldwacht qui joue sans effort une \u00e9coli\u00e8re m\u00eame aujourd'hui, tandis que Betty Schuurman est si bonne qu'elle m\u00e9riterait un r\u00f4le plus important. face au d\u00e9sespoir mill\u00e9naire de Joris Smit, aux c\u00f4t\u00e9s de Nur Dabagh qui campe une adolescente grandiose et hyper-intelligente et de Mariana Aparicio qui confirme sa position de grande dame juv\u00e9nile du Th\u00e9\u00e2tre National avec une performance super-\u00e9nergique.&nbsp;<\/p>\n\n\n\n<h2 class=\"wp-block-heading\">June Yanez<\/h2>\n\n\n\n<p>Une mention sp\u00e9ciale revient \u00e0 June Yanez. La jeune actrice fascine d\u00e8s sa premi\u00e8re apparition par sa polyvalence et son humour. Son charisme nous tient en haleine et elle sait passer d'une nuance \u00e0 l'autre. Qu'il s'agisse d'un enfant de 6 ans, puis de 8 ans, puis de 13 ans et enfin de 31 ans : avec un minimum d'effort, on voit la m\u00e9tamorphose s'op\u00e9rer sous nos yeux. Et puis, elle sait aussi chanter. Yanez est tr\u00e8s grande et ne peut que s'agrandir. J'ai cru comprendre qu'elle avait \u00e9t\u00e9 rachet\u00e9e \u00e0 La Haye par des concurrents d'Amsterdam. Dommage pour La Haye, mais esp\u00e9rons qu'elle aura l'occasion de grandir encore \u00e0 l'ITA.&nbsp;<\/p>\n\n\n\n<p>Aujourd'hui, elle offre \u00e0 De Vroedt la possibilit\u00e9, gr\u00e2ce \u00e0 l'exp\u00e9rience musicale de Hein van der Heijden et au pass\u00e9 musical de Betty Schuurman, de rendre le spectacle attrayant pour un large public.&nbsp;<\/p>\n\n\n\n<p>Entre-temps, nous attendons d\u00e9j\u00e0 avec impatience le prochain article d\u00e9finitif d'Eric de Vroedt sur tous les sujets.<\/p>\n\n\n\n<div class=\"su-note\"  style=\"border-color:#e5e54c;border-radius:3px;-moz-border-radius:3px;-webkit-border-radius:3px;\"><div class=\"su-note-inner su-u-clearfix su-u-trim\" style=\"background-color:#FFFF66;border-color:#ffffff;color:#333333;border-radius:3px;-moz-border-radius:3px;-webkit-border-radius:3px;\">Exp\u00e9riment\u00e9 : The Seasons to Ali Smith par le National Theatre au Holland Festival. Renseignements : <a href=\"https:\/\/hollandfestival.nl\/nl\/de-seizoenen\">Les saisons - Holland Festival<\/a><\/div><\/div>","protected":false},"excerpt":{"rendered":"<p>Dans les romans classiques, ce sont souvent des personnages un peu tragiques : l'artiste ou le scientifique qui sacrifie tout pour cr\u00e9er l'\u0152uvre de tous et qui finit par sombrer dans la d\u00e9ch\u00e9ance. L'orgueil pr\u00e9c\u00e8de la chute, pense-t-on. Mieux vaut travailler toute sa vie pour parfaire une vague que la pi\u00e8ce finale&nbsp;<a href=\"https:\/\/staging.cultuurpers.nl\/fr\/2025\/06\/alleen-voor-june-yanez-moet-je-de-seizoenen-al-gaan-zien-bij-het-nationale-theater\/\" rel=\"bookmark\">Lire la suite \"<span class=\"screen-reader-text\">Rien que pour June Yanez, vous devriez aller voir The Seasons au National Theatre.<\/span><\/a><\/p>","protected":false},"author":4,"featured_media":97806,"comment_status":"open","ping_status":"closed","sticky":false,"template":"","format":"standard","meta":{"_eb_attr":"","_monsterinsights_skip_tracking":false,"_monsterinsights_sitenote_active":false,"_monsterinsights_sitenote_note":"","_monsterinsights_sitenote_category":0,"neve_meta_sidebar":"","neve_meta_container":"","neve_meta_enable_content_width":"","neve_meta_content_width":0,"neve_meta_title_alignment":"","neve_meta_author_avatar":"","neve_post_elements_order":"","neve_meta_disable_header":"","neve_meta_disable_footer":"","neve_meta_disable_title":"","neve_meta_reading_time":"","_themeisle_gutenberg_block_has_review":false,"_jetpack_memberships_contains_paid_content":false,"activitypub_content_warning":"","activitypub_content_visibility":"","activitypub_max_image_attachments":3,"activitypub_interaction_policy_quote":"anyone","activitypub_status":"federated","footnotes":"","jetpack_publicize_message":"","jetpack_publicize_feature_enabled":true,"jetpack_social_post_already_shared":false,"jetpack_social_options":{"image_generator_settings":{"template":"highway","default_image_id":0,"enabled":false},"version":2}},"categories":[6095,38,4763,8843,3059,4759,11688],"tags":[1125,9839,16000,58],"class_list":["post-97804","post","type-post","status-publish","format-standard","has-post-thumbnail","hentry","category-featured","category-holland-festival","category-literatuur-2","category-podiumkunst","category-specials","category-theater-podiumkunst-2","category-word-lid","tag-eric-de-vroedt","tag-het-nationale-theater","tag-hf25","tag-recensie"],"aioseo_notices":[],"jetpack_publicize_connections":[],"jetpack_featured_media_url":"https:\/\/staging.cultuurpers.nl\/wp-content\/uploads\/2025\/06\/juneyanezheinvanderheijden.png","jetpack-related-posts":[{"id":52692,"url":"https:\/\/staging.cultuurpers.nl\/fr\/2017\/09\/hollandse-versie-the-wire-verhuist-rotterdam-naar-haag\/","url_meta":{"origin":97804,"position":0},"title":"La version n\u00e9erlandaise de The Wire passe de Rotterdam \u00e0 La Haye","author":"Wijbrand Schaap","date":"28 septembre 2017","format":false,"excerpt":"Het Nationale Toneel\u00a0Theater maakt werk van de missie om de samenleving op de planken te brengen. The Nation, die waanzinnige marathon met Romana Vrede over een verdwijning in de Schilderswijk, en Mark Rietman, is dit najaar klaar. Wie dacht dat het daarna weer tijd werd voor een stukje gezapig retro-haagschecomediewerk\u2026","rel":"","context":"Dans &quot;Holland Festival&quot;","block_context":{"text":"Holland Festival","link":"https:\/\/staging.cultuurpers.nl\/fr\/genre\/service\/specials\/holland-festival\/"},"img":{"alt_text":"Sadettin K\u0131rm\u0131z\u0131y\u00fcz. Foto: Joost de Haast","src":"https:\/\/i0.wp.com\/staging.cultuurpers.nl\/wp-content\/uploads\/2017\/09\/173989-Hollandse-Luchten-3_Trouble-Man_1516_Beeld_doorJoostdeHaas-6be64c-original-1436972329.jpg?resize=350%2C200&ssl=1","width":350,"height":200,"srcset":"https:\/\/i0.wp.com\/staging.cultuurpers.nl\/wp-content\/uploads\/2017\/09\/173989-Hollandse-Luchten-3_Trouble-Man_1516_Beeld_doorJoostdeHaas-6be64c-original-1436972329.jpg?resize=350%2C200&ssl=1 1x, https:\/\/i0.wp.com\/staging.cultuurpers.nl\/wp-content\/uploads\/2017\/09\/173989-Hollandse-Luchten-3_Trouble-Man_1516_Beeld_doorJoostdeHaas-6be64c-original-1436972329.jpg?resize=525%2C300&ssl=1 1.5x, https:\/\/i0.wp.com\/staging.cultuurpers.nl\/wp-content\/uploads\/2017\/09\/173989-Hollandse-Luchten-3_Trouble-Man_1516_Beeld_doorJoostdeHaas-6be64c-original-1436972329.jpg?resize=700%2C400&ssl=1 2x, https:\/\/i0.wp.com\/staging.cultuurpers.nl\/wp-content\/uploads\/2017\/09\/173989-Hollandse-Luchten-3_Trouble-Man_1516_Beeld_doorJoostdeHaas-6be64c-original-1436972329.jpg?resize=1050%2C600&ssl=1 3x"},"classes":[]},{"id":48568,"url":"https:\/\/staging.cultuurpers.nl\/fr\/2017\/05\/the-nation-op-holland-festival-theaterverslaving-wording\/","url_meta":{"origin":97804,"position":1},"title":"La Nation au festival de Hollande : une addiction au th\u00e9\u00e2tre en devenir #HF17","author":"Hannah Roelofs","date":"10 mai 2017","format":false,"excerpt":"Netflix et HBO sont d\u00e9sormais les pourvoyeurs de nos conversations avec nos amis, notre famille et nos coll\u00e8gues. L'ultime moyen de briser la glace lors d'une soir\u00e9e avec des inconnus est de parler de s\u00e9ries, de personnages bien-aim\u00e9s. Jon Snow est-il toujours en vie ? O\u00f9 est Barb ? Apr\u00e8s avoir vu les deux premi\u00e8res repr\u00e9sentations fonctionnelles de \"The Nation\", j'ai la forte impression d'\u00eatre dans...","rel":"","context":"Dans &quot;Alleen voor leden&quot;","block_context":{"text":"Alleen voor leden","link":"https:\/\/staging.cultuurpers.nl\/fr\/genre\/service\/members-only\/"},"img":{"alt_text":"","src":"https:\/\/i0.wp.com\/staging.cultuurpers.nl\/wp-content\/uploads\/2017\/05\/HNT_The-Nation_repetitiefoto_door_JorisSmit_7.jpg?resize=350%2C200&ssl=1","width":350,"height":200,"srcset":"https:\/\/i0.wp.com\/staging.cultuurpers.nl\/wp-content\/uploads\/2017\/05\/HNT_The-Nation_repetitiefoto_door_JorisSmit_7.jpg?resize=350%2C200&ssl=1 1x, https:\/\/i0.wp.com\/staging.cultuurpers.nl\/wp-content\/uploads\/2017\/05\/HNT_The-Nation_repetitiefoto_door_JorisSmit_7.jpg?resize=525%2C300&ssl=1 1.5x, https:\/\/i0.wp.com\/staging.cultuurpers.nl\/wp-content\/uploads\/2017\/05\/HNT_The-Nation_repetitiefoto_door_JorisSmit_7.jpg?resize=700%2C400&ssl=1 2x, https:\/\/i0.wp.com\/staging.cultuurpers.nl\/wp-content\/uploads\/2017\/05\/HNT_The-Nation_repetitiefoto_door_JorisSmit_7.jpg?resize=1050%2C600&ssl=1 3x, https:\/\/i0.wp.com\/staging.cultuurpers.nl\/wp-content\/uploads\/2017\/05\/HNT_The-Nation_repetitiefoto_door_JorisSmit_7.jpg?resize=1400%2C800&ssl=1 4x"},"classes":[]},{"id":97210,"url":"https:\/\/staging.cultuurpers.nl\/fr\/2025\/05\/wereldpremieres-bij-het-holland-festival\/","url_meta":{"origin":97804,"position":2},"title":"Premi\u00e8re mondiale au Holland Festival","author":"een van onze leden","date":"2 mai 2025","format":false,"excerpt":"Dans moins d'un mois et demi, le Holland Festival prendra vie dans 16 salles \u00e0 Amsterdam et 1 \u00e0 La Haye. Cette ann\u00e9e, 10 coproductions seront pr\u00e9sent\u00e9es en premi\u00e8re mondiale. Des grandes productions internationales aux th\u00e8mes de l'\u00e9cologie et de l'autonomie f\u00e9minine, en passant par une premi\u00e8re rencontre entre deux artistes qui admirent le travail de l'autre. Nous les avons mises...","rel":"","context":"Dans &quot;DANS&quot;","block_context":{"text":"DANS","link":"https:\/\/staging.cultuurpers.nl\/fr\/genre\/podiumkunst\/dans\/"},"img":{"alt_text":"","src":"https:\/\/i0.wp.com\/staging.cultuurpers.nl\/wp-content\/uploads\/2025\/05\/Small_Island_Big_Song_One_Ocean_P-scaled.jpg?resize=350%2C200&ssl=1","width":350,"height":200,"srcset":"https:\/\/i0.wp.com\/staging.cultuurpers.nl\/wp-content\/uploads\/2025\/05\/Small_Island_Big_Song_One_Ocean_P-scaled.jpg?resize=350%2C200&ssl=1 1x, https:\/\/i0.wp.com\/staging.cultuurpers.nl\/wp-content\/uploads\/2025\/05\/Small_Island_Big_Song_One_Ocean_P-scaled.jpg?resize=525%2C300&ssl=1 1.5x, https:\/\/i0.wp.com\/staging.cultuurpers.nl\/wp-content\/uploads\/2025\/05\/Small_Island_Big_Song_One_Ocean_P-scaled.jpg?resize=700%2C400&ssl=1 2x, https:\/\/i0.wp.com\/staging.cultuurpers.nl\/wp-content\/uploads\/2025\/05\/Small_Island_Big_Song_One_Ocean_P-scaled.jpg?resize=1050%2C600&ssl=1 3x, https:\/\/i0.wp.com\/staging.cultuurpers.nl\/wp-content\/uploads\/2025\/05\/Small_Island_Big_Song_One_Ocean_P-scaled.jpg?resize=1400%2C800&ssl=1 4x"},"classes":[]},{"id":18887,"url":"https:\/\/staging.cultuurpers.nl\/fr\/2014\/12\/den-haag-neemt-voortouw-verjonging-toneellandschap-de-vroedt-niet-naar-rotterdam\/","url_meta":{"origin":97804,"position":3},"title":"La Haye prend les devants pour rajeunir le paysage th\u00e9\u00e2tral : De Vroedt n'ira pas \u00e0 Rotterdam","author":"Wijbrand Schaap","date":"10 d\u00e9cembre 2014","format":false,"excerpt":"Eric de Vroedt wordt in 2018 de opvolger van Theu Boermans bij het Nationale Toneel in Den Haag. Dat kondigt het gezelschap vandaag aan in een persbericht. Daarmee komt een einde aan de speculaties rond de toekomst van theatermaker De Vroedt. Hij werd namelijk al heel erg lang genoemd als\u2026","rel":"","context":"Dans &quot;ACTUEEL&quot;","block_context":{"text":"ACTUEEL","link":"https:\/\/staging.cultuurpers.nl\/fr\/genre\/nieuws\/"},"img":{"alt_text":"","src":"","width":0,"height":0},"classes":[]},{"id":50660,"url":"https:\/\/staging.cultuurpers.nl\/fr\/2017\/06\/ga-zien-hoe-romana-vrede-the-nation-naar-hoogste-plan-trekt-hf17\/","url_meta":{"origin":97804,"position":4},"title":"Va voir comment Romana Peace fait passer The Nation au niveau le plus \u00e9lev\u00e9. #HF17","author":"Wijbrand Schaap","date":"6 juin 2017","format":false,"excerpt":"Eindelijk. The Nation, de hyperactuele theaterserial waarmee het vernieuwde Nationale Toneel, sorry Theater, zich\u00a0aan het land presenteert, voelt als een verfrissende plens water op een zompige dag. Nieuwbakken baas Eric de Vroedt doet zijn reputatie eer aan door een werk af te leveren dat zonder meer een nieuw publiek de\u2026","rel":"","context":"Dans &quot;Alleen voor leden&quot;","block_context":{"text":"Alleen voor leden","link":"https:\/\/staging.cultuurpers.nl\/fr\/genre\/service\/members-only\/"},"img":{"alt_text":"","src":"https:\/\/i0.wp.com\/staging.cultuurpers.nl\/wp-content\/uploads\/2017\/06\/nation-12-sanne-peper-e1496746174745.jpg?resize=350%2C200&ssl=1","width":350,"height":200,"srcset":"https:\/\/i0.wp.com\/staging.cultuurpers.nl\/wp-content\/uploads\/2017\/06\/nation-12-sanne-peper-e1496746174745.jpg?resize=350%2C200&ssl=1 1x, https:\/\/i0.wp.com\/staging.cultuurpers.nl\/wp-content\/uploads\/2017\/06\/nation-12-sanne-peper-e1496746174745.jpg?resize=525%2C300&ssl=1 1.5x, https:\/\/i0.wp.com\/staging.cultuurpers.nl\/wp-content\/uploads\/2017\/06\/nation-12-sanne-peper-e1496746174745.jpg?resize=700%2C400&ssl=1 2x, https:\/\/i0.wp.com\/staging.cultuurpers.nl\/wp-content\/uploads\/2017\/06\/nation-12-sanne-peper-e1496746174745.jpg?resize=1050%2C600&ssl=1 3x"},"classes":[]},{"id":60550,"url":"https:\/\/staging.cultuurpers.nl\/fr\/2019\/05\/eric-de-vroedt-het-nationale-theateris-curator-op-spot-live-laten-we-het-eens-over-liefde-hebben\/","url_meta":{"origin":97804,"position":5},"title":"Eric de Vroedt (Het Nationale Theater) est curateur sur SPOT-Live : 'Let's talk about love'.","author":"Wijbrand Schaap","date":"6 mai 2019","format":false,"excerpt":"'Wat we zo vaak vergeten is gewoon eens te praten over onze liefde voor theater.' Eric de Vroedt, artistiek leider van Het Nationale Theater, wil het nu eens over de inhoud hebben. En dan met de hele podiumkunstsector. Binnenkort is er SPOT-Live, het vernieuwde Congres Podiumkunsten, en daar wil hij\u2026","rel":"","context":"Dans &quot;ACTUEEL&quot;","block_context":{"text":"ACTUEEL","link":"https:\/\/staging.cultuurpers.nl\/fr\/genre\/nieuws\/"},"img":{"alt_text":"","src":"https:\/\/i0.wp.com\/staging.cultuurpers.nl\/wp-content\/uploads\/2019\/05\/eric_de_vroedt.jpg?resize=350%2C200&ssl=1","width":350,"height":200,"srcset":"https:\/\/i0.wp.com\/staging.cultuurpers.nl\/wp-content\/uploads\/2019\/05\/eric_de_vroedt.jpg?resize=350%2C200&ssl=1 1x, https:\/\/i0.wp.com\/staging.cultuurpers.nl\/wp-content\/uploads\/2019\/05\/eric_de_vroedt.jpg?resize=525%2C300&ssl=1 1.5x, https:\/\/i0.wp.com\/staging.cultuurpers.nl\/wp-content\/uploads\/2019\/05\/eric_de_vroedt.jpg?resize=700%2C400&ssl=1 2x"},"classes":[]}],"jetpack_shortlink":"https:\/\/wp.me\/p3yKke-pru","jetpack_sharing_enabled":true,"_links":{"self":[{"href":"https:\/\/staging.cultuurpers.nl\/fr\/wp-json\/wp\/v2\/posts\/97804","targetHints":{"allow":["GET"]}}],"collection":[{"href":"https:\/\/staging.cultuurpers.nl\/fr\/wp-json\/wp\/v2\/posts"}],"about":[{"href":"https:\/\/staging.cultuurpers.nl\/fr\/wp-json\/wp\/v2\/types\/post"}],"author":[{"embeddable":true,"href":"https:\/\/staging.cultuurpers.nl\/fr\/wp-json\/wp\/v2\/users\/4"}],"replies":[{"embeddable":true,"href":"https:\/\/staging.cultuurpers.nl\/fr\/wp-json\/wp\/v2\/comments?post=97804"}],"version-history":[{"count":5,"href":"https:\/\/staging.cultuurpers.nl\/fr\/wp-json\/wp\/v2\/posts\/97804\/revisions"}],"predecessor-version":[{"id":97821,"href":"https:\/\/staging.cultuurpers.nl\/fr\/wp-json\/wp\/v2\/posts\/97804\/revisions\/97821"}],"wp:featuredmedia":[{"embeddable":true,"href":"https:\/\/staging.cultuurpers.nl\/fr\/wp-json\/wp\/v2\/media\/97806"}],"wp:attachment":[{"href":"https:\/\/staging.cultuurpers.nl\/fr\/wp-json\/wp\/v2\/media?parent=97804"}],"wp:term":[{"taxonomy":"category","embeddable":true,"href":"https:\/\/staging.cultuurpers.nl\/fr\/wp-json\/wp\/v2\/categories?post=97804"},{"taxonomy":"post_tag","embeddable":true,"href":"https:\/\/staging.cultuurpers.nl\/fr\/wp-json\/wp\/v2\/tags?post=97804"}],"curies":[{"name":"wp","href":"https:\/\/api.w.org\/{rel}","templated":true}]}}