{"id":97599,"date":"2025-06-15T12:09:35","date_gmt":"2025-06-15T10:09:35","guid":{"rendered":"https:\/\/cultureelpersbureau.nl\/?p=97599"},"modified":"2025-06-15T12:09:38","modified_gmt":"2025-06-15T10:09:38","slug":"trajal-harrells-asbestos-hall-maakt-het-holland-festival-weer-wat-minder-deftig","status":"publish","type":"post","link":"https:\/\/staging.cultuurpers.nl\/fr\/2025\/06\/trajal-harrells-asbestos-hall-maakt-het-holland-festival-weer-wat-minder-deftig\/","title":{"rendered":"L'Asbestos Hall de Trajal Harrell rend le Holland Festival un peu moins chic \u00e0 nouveau"},"content":{"rendered":"<p>Amsterdam poss\u00e8de encore quelques vestiges de son patrimoine industriel, mais ils diminuent rapidement. La rive gauche de l'IJ se transforme lentement mais s\u00fbrement en une zone r\u00e9sidentielle ais\u00e9e. Le quai de NDSM n'est encore qu'un petit timbre-poste dans une for\u00eat plate exceptionnellement peupl\u00e9e. Plus \u00e0 l'est, il y a encore de la place. Derri\u00e8re le Jumbo, au port de plaisance, il reste encore un complexe de salles o\u00f9 les artistes et les entreprises cr\u00e9atives peuvent exercer leurs activit\u00e9s.&nbsp;<\/p>\n\n\n\n<p>Trajal Harrell (vous pouvez prononcer ce nom comme vous le souhaitez) est cette ann\u00e9e en tant que <em>artiste associ\u00e9<\/em> du Holland Festival s'est install\u00e9 dans les espaces de Likeminds, qui fut dans le pass\u00e9 la maison de Dansmakers Amsterdam. Un vieil h\u00e9ritage industriel, avec de grandes portes roulantes et tout le reste. L'espace est aujourd'hui conforme \u00e0 toutes les normes de s\u00e9curit\u00e9 et de sant\u00e9, mais l'environnement a conserv\u00e9 cette agr\u00e9able libert\u00e9 qui appartient aux lieux d'\u00e9levage et aux bords effiloch\u00e9s.&nbsp;<\/p>\n\n\n\n<h2 class=\"wp-block-heading\">L\u00e9gende raviv\u00e9e<\/h2>\n\n\n\n<p>Harrel utilise maintenant ce lieu pour y faire revivre une l\u00e9gende. Il a fait de Likeminds une sorte de copie moderne d'Asbestos Hall, le lieu o\u00f9 est n\u00e9 le Butoh en 1962 \u00e0 Tokyo. Le Butoh \u00e9tait une danse moderne qui r\u00e9volutionnait l'h\u00e9ritage du th\u00e9\u00e2tre japonais li\u00e9 \u00e0 des r\u00e8gles et des traditions rigides.&nbsp;<\/p>\n\n\n\n<p>Mais il se passait bien d'autres choses \u00e0 Asbestos Hall, comme nous l'avons appris lors d'une int\u00e9ressante \"conf\u00e9rence\" donn\u00e9e entre deux repr\u00e9sentations. C'\u00e9tait un lieu o\u00f9 toute personne ayant une id\u00e9e pouvait s'impliquer, il y avait des spectacles, des conf\u00e9rences, des expositions d'art. Nous ne savons pas exactement comment cela se passait. Pratiquement aucun enregistrement n'a surv\u00e9cu ; nous devons nous fier aux r\u00e9cits de ceux qui l'ont v\u00e9cu. Des histoires qui, comme nous le savons, gagnent en romantisme \u00e0 chaque fois qu'elles sont racont\u00e9es. Un peu comme le Berghain de Berlin, o\u00f9 tout le monde semble \u00eatre pass\u00e9, mais o\u00f9 l'on n'admet que rarement de nouveaux venus.&nbsp;<\/p>\n\n\n\n<h2 class=\"wp-block-heading\">Trois visiteurs<\/h2>\n\n\n\n<p>Hier soir, j'ai visit\u00e9 la reconstruction d'Asbestos Hall. Vous pouvez vous inscrire \u00e0 ces \"visites\". Dans chaque cas, vous obtenez de brefs aper\u00e7us du travail que Harrel est en train de r\u00e9aliser avec son \u00e9quipe de d\u00e9m\u00e9nageurs. Dans son langage gestuel propre \u00e0 Vogue, on assiste successivement \u00e0 une pi\u00e8ce inspir\u00e9e d'une c\u00e9l\u00e8bre pi\u00e8ce de Kolt\u00e8s et \u00e0 une danse macabre sur fond de chansons pop entra\u00eenantes. Ce n'est pas une copie conforme d'Asbestos Hall, pr\u00e9cise Harrel d\u00e8s le d\u00e9part, car seuls trois ou quatre visiteurs \u00e0 la fois pouvaient assister aux \u00e9lans cr\u00e9atifs. Pas les quelque 150 d'aujourd'hui, 65 ans plus tard et \u00e0 l'autre bout du monde.<\/p>\n\n\n\n<p>Toutes sortes de choses se passent autour des pr\u00e9sentations, et les samedis de ce Holland Festival se terminent avec des DJ, un public dansant et des performances de jeunes artistes pour la plupart. C'est le moment o\u00f9 les choses deviennent parfois grin\u00e7antes et un peu inconfortables, exactement comme cela a d\u00fb \u00eatre le cas pour les premiers visiteurs d'Asbestos Hall. Mais diff\u00e9remment, bien s\u00fbr, parce que c'est un autre lieu, une autre \u00e9poque.&nbsp;<\/p>\n\n\n\n<h2 class=\"wp-block-heading\">Aucune id\u00e9e<\/h2>\n\n\n\n<p>La meilleure chose \u00e0 propos du saut vers le 'nord' que le Holland Festival entreprend avec ceci est que le public est diff\u00e9rent, l'atmosph\u00e8re plus rude, la noblesse surgit d'une autre mani\u00e8re. Le festival, autour duquel tourne encore une l\u00e9gende selon laquelle il est chic et \u00e9litiste, montre maintenant tr\u00e8s clairement que cette image n'a rien \u00e0 voir avec la r\u00e9alit\u00e9.&nbsp;<\/p>\n\n\n\n<p>Mais les visiteurs qui s'en tiennent strictement \u00e0 leurs go\u00fbts et \u00e0 leurs pr\u00e9f\u00e9rences en mati\u00e8re de genre ne s'en rendront pas facilement compte. Si vous ne venez pas ailleurs qu'\u00e0 l'ITA ou au Concertgebouw, vous passerez \u00e0 c\u00f4t\u00e9 de beaucoup de choses pr\u00e9cieuses. Un festival comme celui-ci est plus agr\u00e9able lorsque vous allez voir par vous-m\u00eame quelque chose dont vous ne savez pas du tout \u00e0 quoi vous attendre. C'est ce qu'offre cette r\u00e9interpr\u00e9tation d'Asbestos Hall.&nbsp;<\/p>\n\n\n\n<div class=\"su-note\"  style=\"border-color:#e5e54c;border-radius:3px;-moz-border-radius:3px;-webkit-border-radius:3px;\"><div class=\"su-note-inner su-u-clearfix su-u-trim\" style=\"background-color:#FFFF66;border-color:#ffffff;color:#333333;border-radius:3px;-moz-border-radius:3px;-webkit-border-radius:3px;\">Exp\u00e9riment\u00e9 : Visite 1 et 2 de Welcome to Asbestos Hall de Trajal Harrel au Holland Festival. A d\u00e9couvrir jusqu'au 29 juin. <a href=\"https:\/\/hollandfestival.nl\/en\/welcome-to-asbestos-hall\">Informations<\/a>.\u00a0<\/div><\/div>","protected":false},"excerpt":{"rendered":"<p>Amsterdam poss\u00e8de encore quelques vestiges de son patrimoine industriel, mais ils diminuent rapidement. La rive gauche de l'IJ se transforme lentement mais s\u00fbrement en une zone r\u00e9sidentielle ais\u00e9e. Le quai de NDSM n'est encore qu'un petit timbre-poste dans une for\u00eat plate exceptionnellement peupl\u00e9e. Plus \u00e0 l'est, il y a encore de la place. Derri\u00e8re le Jumbo,...&nbsp;<a href=\"https:\/\/staging.cultuurpers.nl\/fr\/2025\/06\/trajal-harrells-asbestos-hall-maakt-het-holland-festival-weer-wat-minder-deftig\/\" rel=\"bookmark\">Lire la suite \"<span class=\"screen-reader-text\">L'Asbestos Hall de Trajal Harrell rend le Holland Festival un peu moins chic \u00e0 nouveau<\/span><\/a><\/p>","protected":false},"author":4,"featured_media":97600,"comment_status":"open","ping_status":"closed","sticky":false,"template":"","format":"standard","meta":{"_eb_attr":"","_monsterinsights_skip_tracking":false,"_monsterinsights_sitenote_active":false,"_monsterinsights_sitenote_note":"","_monsterinsights_sitenote_category":0,"neve_meta_sidebar":"","neve_meta_container":"","neve_meta_enable_content_width":"","neve_meta_content_width":0,"neve_meta_title_alignment":"","neve_meta_author_avatar":"","neve_post_elements_order":"","neve_meta_disable_header":"","neve_meta_disable_footer":"","neve_meta_disable_title":"","neve_meta_reading_time":"","_themeisle_gutenberg_block_has_review":false,"_jetpack_memberships_contains_paid_content":false,"activitypub_content_warning":"","activitypub_content_visibility":"","activitypub_max_image_attachments":3,"activitypub_interaction_policy_quote":"anyone","activitypub_status":"federated","footnotes":"","jetpack_publicize_message":"","jetpack_publicize_feature_enabled":true,"jetpack_social_post_already_shared":false,"jetpack_social_options":{"image_generator_settings":{"template":"highway","default_image_id":0,"enabled":false},"version":2}},"categories":[10340,6095,38,8843,3059,11688],"tags":[16000,15959,58,15999],"class_list":["post-97599","post","type-post","status-publish","format-standard","has-post-thumbnail","hentry","category-erfgoed","category-featured","category-holland-festival","category-podiumkunst","category-specials","category-word-lid","tag-hf25","tag-likeminds","tag-recensie","tag-trajal-harrell"],"aioseo_notices":[],"jetpack_publicize_connections":[],"jetpack_featured_media_url":"https:\/\/staging.cultuurpers.nl\/wp-content\/uploads\/2025\/06\/asbestos-hall.jpeg","jetpack-related-posts":[{"id":95347,"url":"https:\/\/staging.cultuurpers.nl\/fr\/2024\/09\/trajal-harrell-associate-artist-holland-festival-2025\/","url_meta":{"origin":97599,"position":0},"title":"Trajal Harrell artiste associ\u00e9 Holland Festival 2025","author":"Wijbrand Schaap","date":"25 septembre 2024","format":false,"excerpt":"De associate artist voor de 78e editie van het Holland Festival in juni 2025 is de Amerikaanse choreograaf Trajal Harrell (Douglas, Georgia, V.S., 1973). Harrell is een van de belangrijkste internationale hedendaagse choreografen. Zijn unieke stijl bevat elementen uit verschillende danstradities, mode, muziek en beeldende kunst. Met universele menselijke emoties\u2026","rel":"","context":"Dans &quot;Holland Festival&quot;","block_context":{"text":"Holland Festival","link":"https:\/\/staging.cultuurpers.nl\/fr\/genre\/service\/specials\/holland-festival\/"},"img":{"alt_text":"","src":"https:\/\/i0.wp.com\/staging.cultuurpers.nl\/wp-content\/uploads\/2024\/09\/trajal-harrell-scaled.jpg?resize=350%2C200&ssl=1","width":350,"height":200,"srcset":"https:\/\/i0.wp.com\/staging.cultuurpers.nl\/wp-content\/uploads\/2024\/09\/trajal-harrell-scaled.jpg?resize=350%2C200&ssl=1 1x, https:\/\/i0.wp.com\/staging.cultuurpers.nl\/wp-content\/uploads\/2024\/09\/trajal-harrell-scaled.jpg?resize=525%2C300&ssl=1 1.5x, https:\/\/i0.wp.com\/staging.cultuurpers.nl\/wp-content\/uploads\/2024\/09\/trajal-harrell-scaled.jpg?resize=700%2C400&ssl=1 2x, https:\/\/i0.wp.com\/staging.cultuurpers.nl\/wp-content\/uploads\/2024\/09\/trajal-harrell-scaled.jpg?resize=1050%2C600&ssl=1 3x, https:\/\/i0.wp.com\/staging.cultuurpers.nl\/wp-content\/uploads\/2024\/09\/trajal-harrell-scaled.jpg?resize=1400%2C800&ssl=1 4x"},"classes":[]},{"id":97210,"url":"https:\/\/staging.cultuurpers.nl\/fr\/2025\/05\/wereldpremieres-bij-het-holland-festival\/","url_meta":{"origin":97599,"position":1},"title":"Premi\u00e8re mondiale au Holland Festival","author":"een van onze leden","date":"2 mai 2025","format":false,"excerpt":"Dans moins d'un mois et demi, le Holland Festival prendra vie dans 16 salles \u00e0 Amsterdam et 1 \u00e0 La Haye. Cette ann\u00e9e, 10 coproductions seront pr\u00e9sent\u00e9es en premi\u00e8re mondiale. Des grandes productions internationales aux th\u00e8mes de l'\u00e9cologie et de l'autonomie f\u00e9minine, en passant par une premi\u00e8re rencontre entre deux artistes qui admirent le travail de l'autre. Nous les avons mises...","rel":"","context":"Dans &quot;DANS&quot;","block_context":{"text":"DANS","link":"https:\/\/staging.cultuurpers.nl\/fr\/genre\/podiumkunst\/dans\/"},"img":{"alt_text":"","src":"https:\/\/i0.wp.com\/staging.cultuurpers.nl\/wp-content\/uploads\/2025\/05\/Small_Island_Big_Song_One_Ocean_P-scaled.jpg?resize=350%2C200&ssl=1","width":350,"height":200,"srcset":"https:\/\/i0.wp.com\/staging.cultuurpers.nl\/wp-content\/uploads\/2025\/05\/Small_Island_Big_Song_One_Ocean_P-scaled.jpg?resize=350%2C200&ssl=1 1x, https:\/\/i0.wp.com\/staging.cultuurpers.nl\/wp-content\/uploads\/2025\/05\/Small_Island_Big_Song_One_Ocean_P-scaled.jpg?resize=525%2C300&ssl=1 1.5x, https:\/\/i0.wp.com\/staging.cultuurpers.nl\/wp-content\/uploads\/2025\/05\/Small_Island_Big_Song_One_Ocean_P-scaled.jpg?resize=700%2C400&ssl=1 2x, https:\/\/i0.wp.com\/staging.cultuurpers.nl\/wp-content\/uploads\/2025\/05\/Small_Island_Big_Song_One_Ocean_P-scaled.jpg?resize=1050%2C600&ssl=1 3x, https:\/\/i0.wp.com\/staging.cultuurpers.nl\/wp-content\/uploads\/2025\/05\/Small_Island_Big_Song_One_Ocean_P-scaled.jpg?resize=1400%2C800&ssl=1 4x"},"classes":[]},{"id":94575,"url":"https:\/\/staging.cultuurpers.nl\/fr\/2024\/06\/trajal-harrells-the-romeo-is-de-relaxte-voorstelling-die-je-nu-nodig-hebt-holland-festival\/","url_meta":{"origin":97599,"position":2},"title":"The Romeo de Trajal Harrell est la performance d\u00e9contract\u00e9e dont vous avez besoin en ce moment @Holland Festival.\u00a0","author":"Wijbrand Schaap","date":"27 juin 2024","format":false,"excerpt":"\"Ik heb geen nummer gehoord dat ik niet kende.\" De mevrouw was bij de witte wijn na afloop van The Romeo van Trajal Harrell best chagrijnig. Ik zou eraan kunnen toevoegen dat ik geen beweging had gezien die ik niet zelf had kunnen maken. En toch was ik daar niet\u2026","rel":"","context":"Dans &quot;DANS&quot;","block_context":{"text":"DANS","link":"https:\/\/staging.cultuurpers.nl\/fr\/genre\/podiumkunst\/dans\/"},"img":{"alt_text":"The Romeo. \u00a9 Orpheas Emirzas","src":"https:\/\/i0.wp.com\/staging.cultuurpers.nl\/wp-content\/uploads\/2024\/06\/The-Romeo-scaled.jpg?resize=350%2C200&ssl=1","width":350,"height":200,"srcset":"https:\/\/i0.wp.com\/staging.cultuurpers.nl\/wp-content\/uploads\/2024\/06\/The-Romeo-scaled.jpg?resize=350%2C200&ssl=1 1x, https:\/\/i0.wp.com\/staging.cultuurpers.nl\/wp-content\/uploads\/2024\/06\/The-Romeo-scaled.jpg?resize=525%2C300&ssl=1 1.5x, https:\/\/i0.wp.com\/staging.cultuurpers.nl\/wp-content\/uploads\/2024\/06\/The-Romeo-scaled.jpg?resize=700%2C400&ssl=1 2x, https:\/\/i0.wp.com\/staging.cultuurpers.nl\/wp-content\/uploads\/2024\/06\/The-Romeo-scaled.jpg?resize=1050%2C600&ssl=1 3x, https:\/\/i0.wp.com\/staging.cultuurpers.nl\/wp-content\/uploads\/2024\/06\/The-Romeo-scaled.jpg?resize=1400%2C800&ssl=1 4x"},"classes":[]},{"id":97558,"url":"https:\/\/staging.cultuurpers.nl\/fr\/2025\/06\/78e-holland-festival-feestelijk-geopend-in-aanwezigheid-van-de-koning\/","url_meta":{"origin":97599,"position":3},"title":"Le 78e Festival de Hollande s'est ouvert de mani\u00e8re festive en pr\u00e9sence du roi.\u00a0","author":"een van onze leden","date":"12 juin 2025","format":false,"excerpt":"Op 11 juni is in het Muziekgebouw, in aanwezigheid van Zijne Majesteit de Koning, de 78e editie van het Holland Festival feestelijk geopend met de Europese premi\u00e8re van Cyber Subin. Het festival duurt nog tot en met 29 juni.\u202f\u202f\u00a0 De Thaise choreograaf Pichet Klunchun en MIT-wetenschapper Pat Pataranutaporn brachten cutting\u2026","rel":"","context":"Dans &quot;ACTUEEL&quot;","block_context":{"text":"ACTUEEL","link":"https:\/\/staging.cultuurpers.nl\/fr\/genre\/nieuws\/"},"img":{"alt_text":"","src":"https:\/\/i0.wp.com\/staging.cultuurpers.nl\/wp-content\/uploads\/2025\/06\/opening_HF25-scaled.jpg?resize=350%2C200&ssl=1","width":350,"height":200,"srcset":"https:\/\/i0.wp.com\/staging.cultuurpers.nl\/wp-content\/uploads\/2025\/06\/opening_HF25-scaled.jpg?resize=350%2C200&ssl=1 1x, https:\/\/i0.wp.com\/staging.cultuurpers.nl\/wp-content\/uploads\/2025\/06\/opening_HF25-scaled.jpg?resize=525%2C300&ssl=1 1.5x, https:\/\/i0.wp.com\/staging.cultuurpers.nl\/wp-content\/uploads\/2025\/06\/opening_HF25-scaled.jpg?resize=700%2C400&ssl=1 2x, https:\/\/i0.wp.com\/staging.cultuurpers.nl\/wp-content\/uploads\/2025\/06\/opening_HF25-scaled.jpg?resize=1050%2C600&ssl=1 3x, https:\/\/i0.wp.com\/staging.cultuurpers.nl\/wp-content\/uploads\/2025\/06\/opening_HF25-scaled.jpg?resize=1400%2C800&ssl=1 4x"},"classes":[]},{"id":96782,"url":"https:\/\/staging.cultuurpers.nl\/fr\/2025\/03\/holland-festival-2025-opent-11-juni-met-thaise-ai-dans-butoh-aandacht-voor-het-kwetsbare-lichaam-een-bijzonder-project-dat-drie-weken-duurt-en-een-voorstelling-in-den-haag\/","url_meta":{"origin":97599,"position":4},"title":"Le Holland Festival 2025 s'ouvre le 11 juin avec la danse tha\u00eflandaise AI, le Butoh, une attention particuli\u00e8re au corps vuln\u00e9rable, un projet sp\u00e9cial de trois semaines et un spectacle \u00e0 La Haye.\u00a0","author":"een van onze leden","date":"18 mars 2025","format":false,"excerpt":"Het Holland Festival 2025 opent op 11 juni in het Muziekgebouw in Amsterdam met de Europese premi\u00e8re van Cyber Subin van de Thaise choreograaf Pichet Klunchun. Dansers en avatars dansen samen in een mede door AI gemaakte choreografie die de traditionele Thaise Khon-dans herinterpreteert. \u00a0 Voor het eerst in 35\u2026","rel":"","context":"Dans &quot;ACTUEEL&quot;","block_context":{"text":"ACTUEEL","link":"https:\/\/staging.cultuurpers.nl\/fr\/genre\/nieuws\/"},"img":{"alt_text":"","src":"https:\/\/i0.wp.com\/staging.cultuurpers.nl\/wp-content\/uploads\/2025\/03\/Brnice_Jean_Michel_Blasco_2-scaled.jpg?resize=350%2C200&ssl=1","width":350,"height":200,"srcset":"https:\/\/i0.wp.com\/staging.cultuurpers.nl\/wp-content\/uploads\/2025\/03\/Brnice_Jean_Michel_Blasco_2-scaled.jpg?resize=350%2C200&ssl=1 1x, https:\/\/i0.wp.com\/staging.cultuurpers.nl\/wp-content\/uploads\/2025\/03\/Brnice_Jean_Michel_Blasco_2-scaled.jpg?resize=525%2C300&ssl=1 1.5x, https:\/\/i0.wp.com\/staging.cultuurpers.nl\/wp-content\/uploads\/2025\/03\/Brnice_Jean_Michel_Blasco_2-scaled.jpg?resize=700%2C400&ssl=1 2x, https:\/\/i0.wp.com\/staging.cultuurpers.nl\/wp-content\/uploads\/2025\/03\/Brnice_Jean_Michel_Blasco_2-scaled.jpg?resize=1050%2C600&ssl=1 3x, https:\/\/i0.wp.com\/staging.cultuurpers.nl\/wp-content\/uploads\/2025\/03\/Brnice_Jean_Michel_Blasco_2-scaled.jpg?resize=1400%2C800&ssl=1 4x"},"classes":[]},{"id":97829,"url":"https:\/\/staging.cultuurpers.nl\/fr\/2025\/06\/holland-festival-2025-afgesloten-met-een-rijkgeschakeerd-slotweekend\/","url_meta":{"origin":97599,"position":5},"title":"Le Holland Festival 2025 s'est achev\u00e9 par un dernier week-end riche en \u00e9v\u00e9nements.\u00a0","author":"een van onze leden","date":"30 juin 2025","format":false,"excerpt":"Met tien verschillende voorstellingen en een film-brunch in een vol slotweekend, is het 78e Holland Festival afgesloten op zondag 29 juni. Het weekend gaf een goede weerslag van het hele festival dat uiteenliep van de individuele opera-ervaring From Dust tot een 7 uur durende theatermarathon De seizoenen en intieme solo\u2019s\u2026","rel":"","context":"Dans &quot;FAITS DIVERS&quot;","block_context":{"text":"FAITS DIVERS","link":"https:\/\/staging.cultuurpers.nl\/fr\/genre\/faits-divers\/"},"img":{"alt_text":"","src":"https:\/\/i0.wp.com\/staging.cultuurpers.nl\/wp-content\/uploads\/2025\/06\/Holland_Festival_2025_citydressing-scaled.jpg?resize=350%2C200&ssl=1","width":350,"height":200,"srcset":"https:\/\/i0.wp.com\/staging.cultuurpers.nl\/wp-content\/uploads\/2025\/06\/Holland_Festival_2025_citydressing-scaled.jpg?resize=350%2C200&ssl=1 1x, https:\/\/i0.wp.com\/staging.cultuurpers.nl\/wp-content\/uploads\/2025\/06\/Holland_Festival_2025_citydressing-scaled.jpg?resize=525%2C300&ssl=1 1.5x, https:\/\/i0.wp.com\/staging.cultuurpers.nl\/wp-content\/uploads\/2025\/06\/Holland_Festival_2025_citydressing-scaled.jpg?resize=700%2C400&ssl=1 2x, https:\/\/i0.wp.com\/staging.cultuurpers.nl\/wp-content\/uploads\/2025\/06\/Holland_Festival_2025_citydressing-scaled.jpg?resize=1050%2C600&ssl=1 3x, https:\/\/i0.wp.com\/staging.cultuurpers.nl\/wp-content\/uploads\/2025\/06\/Holland_Festival_2025_citydressing-scaled.jpg?resize=1400%2C800&ssl=1 4x"},"classes":[]}],"jetpack_shortlink":"https:\/\/wp.me\/p3yKke-pob","jetpack_sharing_enabled":true,"_links":{"self":[{"href":"https:\/\/staging.cultuurpers.nl\/fr\/wp-json\/wp\/v2\/posts\/97599","targetHints":{"allow":["GET"]}}],"collection":[{"href":"https:\/\/staging.cultuurpers.nl\/fr\/wp-json\/wp\/v2\/posts"}],"about":[{"href":"https:\/\/staging.cultuurpers.nl\/fr\/wp-json\/wp\/v2\/types\/post"}],"author":[{"embeddable":true,"href":"https:\/\/staging.cultuurpers.nl\/fr\/wp-json\/wp\/v2\/users\/4"}],"replies":[{"embeddable":true,"href":"https:\/\/staging.cultuurpers.nl\/fr\/wp-json\/wp\/v2\/comments?post=97599"}],"version-history":[{"count":1,"href":"https:\/\/staging.cultuurpers.nl\/fr\/wp-json\/wp\/v2\/posts\/97599\/revisions"}],"predecessor-version":[{"id":97601,"href":"https:\/\/staging.cultuurpers.nl\/fr\/wp-json\/wp\/v2\/posts\/97599\/revisions\/97601"}],"wp:featuredmedia":[{"embeddable":true,"href":"https:\/\/staging.cultuurpers.nl\/fr\/wp-json\/wp\/v2\/media\/97600"}],"wp:attachment":[{"href":"https:\/\/staging.cultuurpers.nl\/fr\/wp-json\/wp\/v2\/media?parent=97599"}],"wp:term":[{"taxonomy":"category","embeddable":true,"href":"https:\/\/staging.cultuurpers.nl\/fr\/wp-json\/wp\/v2\/categories?post=97599"},{"taxonomy":"post_tag","embeddable":true,"href":"https:\/\/staging.cultuurpers.nl\/fr\/wp-json\/wp\/v2\/tags?post=97599"}],"curies":[{"name":"wp","href":"https:\/\/api.w.org\/{rel}","templated":true}]}}