{"id":97486,"date":"2025-06-06T10:58:21","date_gmt":"2025-06-06T08:58:21","guid":{"rendered":"https:\/\/cultureelpersbureau.nl\/?p=97486"},"modified":"2025-06-06T10:58:32","modified_gmt":"2025-06-06T08:58:32","slug":"rainer-hofmann-nieuwe-senior-programmeur-theater-en-dans-bij-het-holland-festival","status":"publish","type":"post","link":"https:\/\/staging.cultuurpers.nl\/fr\/2025\/06\/rainer-hofmann-nieuwe-senior-programmeur-theater-en-dans-bij-het-holland-festival\/","title":{"rendered":"Rainer Hofmann, nouveau programmateur principal pour le th\u00e9\u00e2tre et la danse au Holland Festival"},"content":{"rendered":"<p>\u00c0 partir du 1er septembre, Rainer Hofmann occupera le poste de responsable principal de la programmation th\u00e9\u00e2tre et danse au Holland Festival. Avec la directrice Emily Ansenk, le responsable du programme musique et th\u00e9\u00e2tre musical Jochem Valkenburg et la programmatrice Katinka Enkhuizen, il formera l'\u00e9quipe de programmation du festival. Cette \u00e9quipe invite \u00e9galement chaque ann\u00e9e un artiste associ\u00e9 \u00e0 pr\u00e9senter sa nouvelle \u0153uvre, en tant que partenaire de discussion et source d'inspiration. Rainer Hofmann succ\u00e8de \u00e0 Kasia T\u00f3rz, qui travaille au Holland Festival depuis 2022 et rejoindra De Singel dans sa ville natale d'Anvers \u00e0 partir du 8 septembre.&nbsp;<\/p>\n\n\n\n<p>Emily Ansenk \u00e0 propos de la nomination de Rainer Hofmann : \"Rainer Hofmann est un programmateur qui a un sens aigu de l'urgence, de l'innovation et du savoir-faire. Ses nombreuses ann\u00e9es d'exp\u00e9rience internationale et sa vision approfondie du th\u00e9\u00e2tre et de la danse s'accordent parfaitement avec le caract\u00e8re du Holland Festival. Je me r\u00e9jouis \u00e9norm\u00e9ment de notre collaboration\". - Emily Ansenk, directrice du Holland Festival<\/p>\n\n\n\n<p><strong>\u00c0 propos de Rainer Hofmann<\/strong><br \/>Rainer Hofmann (1965, Burglengenfeld, DU) dirige la programmation du KunstFestSpiele Herrenhausen \u00e0 Hanovre depuis 2021. De 2013 \u00e0 2021, il a \u00e9t\u00e9 directeur artistique du SPRING Performing Arts Festival \u00e0 Utrecht, o\u00f9, avec une petite \u00e9quipe, il a fait du festival une plateforme internationale de premier plan pour les cr\u00e9ateurs innovants. Auparavant, il a travaill\u00e9 comme dramaturge au Schauspiel K\u00f6ln, au Salzburger Festspiele et au Stadttheater Bern, entre autres.<\/p>\n\n\n\n<p>Au cours de ses ann\u00e9es aux Pays-Bas, il s'est fait le champion du d\u00e9veloppement de jeunes cr\u00e9ateurs, dont Florentina Holzinger et Julian Hetzel, et a programm\u00e9 des artistes internationaux tels que Romeo Castellucci, Marlene Monteiro Freitas et Rimini Protokoll.<\/p>\n\n\n\n<p>\" Je me r\u00e9jouis de travailler avec l'\u00e9quipe pour cr\u00e9er un programme qui ose la libert\u00e9 artistique, la r\u00e9sonance sociale et qui emm\u00e8ne le public dans un voyage riche de sens. \"Rainer Hofmann<\/p>","protected":false},"excerpt":{"rendered":"<p>\u00c0 partir du 1er septembre, Rainer Hofmann occupera le poste de responsable principal de la programmation th\u00e9\u00e2tre et danse au Holland Festival. Avec la directrice Emily Ansenk, le responsable du programme musique et th\u00e9\u00e2tre musical Jochem Valkenburg et la programmatrice Katinka Enkhuizen, il formera l'\u00e9quipe de programmation du festival. Cette \u00e9quipe invite \u00e9galement chaque ann\u00e9e un artiste associ\u00e9 \u00e0 pr\u00e9senter sa nouvelle \u0153uvre.&nbsp;<a href=\"https:\/\/staging.cultuurpers.nl\/fr\/2025\/06\/rainer-hofmann-nieuwe-senior-programmeur-theater-en-dans-bij-het-holland-festival\/\" rel=\"bookmark\">Lire la suite \"<span class=\"screen-reader-text\">Rainer Hofmann, nouveau programmateur principal pour le th\u00e9\u00e2tre et la danse au Holland Festival<\/span><\/a><\/p>","protected":false},"author":13,"featured_media":97487,"comment_status":"open","ping_status":"closed","sticky":false,"template":"","format":"standard","meta":{"_eb_attr":"","_monsterinsights_skip_tracking":false,"_monsterinsights_sitenote_active":false,"_monsterinsights_sitenote_note":"","_monsterinsights_sitenote_category":0,"neve_meta_sidebar":"","neve_meta_container":"","neve_meta_enable_content_width":"","neve_meta_content_width":0,"neve_meta_title_alignment":"","neve_meta_author_avatar":"","neve_post_elements_order":"","neve_meta_disable_header":"","neve_meta_disable_footer":"","neve_meta_disable_title":"","neve_meta_reading_time":"","_themeisle_gutenberg_block_has_review":false,"_jetpack_memberships_contains_paid_content":false,"activitypub_content_warning":null,"activitypub_content_visibility":"","activitypub_max_image_attachments":3,"activitypub_interaction_policy_quote":"anyone","activitypub_status":"federated","footnotes":"","jetpack_publicize_message":"","jetpack_publicize_feature_enabled":true,"jetpack_social_post_already_shared":false,"jetpack_social_options":{"image_generator_settings":{"template":"highway","default_image_id":0,"enabled":false},"version":2}},"categories":[15614,38,8843,3059,4759],"tags":[],"class_list":["post-97486","post","type-post","status-publish","format-standard","has-post-thumbnail","hentry","category-beleid","category-holland-festival","category-podiumkunst","category-specials","category-theater-podiumkunst-2"],"aioseo_notices":[],"jetpack_publicize_connections":[],"jetpack_featured_media_url":"https:\/\/staging.cultuurpers.nl\/wp-content\/uploads\/2025\/06\/R_Hofmann.png","jetpack-related-posts":[{"id":64756,"url":"https:\/\/staging.cultuurpers.nl\/fr\/2020\/05\/kunstenaars-hebben-een-speciale-gevoeligheid-voor-wat-er-kan-en-wat-er-in-de-toekomst-wacht-rainer-hofmann-bereid-zich-eenzaam-voor-op-de-toekomst-van-spring\/","url_meta":{"origin":97486,"position":0},"title":"'Les artistes ont une sensibilit\u00e9 particuli\u00e8re \u00e0 ce qui est possible et \u00e0 ce qui attend l'avenir.' Rainer Hofmann pr\u00e9pare l'avenir de SPRING dans la solitude.","author":"Wijbrand Schaap","date":"11 mai 2020","format":false,"excerpt":"\u2018Ik heb in vijf weken maar \u00e9\u00e9n mens langer dan 3 minuten ontmoet. Ik woon alleen, ik zie mensen bij de boodschappen, ik wandel en maak fietstochten, maar verder zie ik niemand live.\u2019 Rainer Hofmann, artistiek directeur van Spring, beleeft dankzij Corona een heel ander voorjaar dan de bedoeling was.\u2026","rel":"","context":"Dans &quot;ACTUEEL&quot;","block_context":{"text":"ACTUEEL","link":"https:\/\/staging.cultuurpers.nl\/fr\/genre\/nieuws\/"},"img":{"alt_text":"","src":"https:\/\/i0.wp.com\/staging.cultuurpers.nl\/wp-content\/uploads\/2020\/05\/Rainer-Hofmann_kleur-%C2%A9-Anna-van-Kooij-1.jpg?resize=350%2C200&ssl=1","width":350,"height":200,"srcset":"https:\/\/i0.wp.com\/staging.cultuurpers.nl\/wp-content\/uploads\/2020\/05\/Rainer-Hofmann_kleur-%C2%A9-Anna-van-Kooij-1.jpg?resize=350%2C200&ssl=1 1x, https:\/\/i0.wp.com\/staging.cultuurpers.nl\/wp-content\/uploads\/2020\/05\/Rainer-Hofmann_kleur-%C2%A9-Anna-van-Kooij-1.jpg?resize=525%2C300&ssl=1 1.5x, https:\/\/i0.wp.com\/staging.cultuurpers.nl\/wp-content\/uploads\/2020\/05\/Rainer-Hofmann_kleur-%C2%A9-Anna-van-Kooij-1.jpg?resize=700%2C400&ssl=1 2x, https:\/\/i0.wp.com\/staging.cultuurpers.nl\/wp-content\/uploads\/2020\/05\/Rainer-Hofmann_kleur-%C2%A9-Anna-van-Kooij-1.jpg?resize=1050%2C600&ssl=1 3x, https:\/\/i0.wp.com\/staging.cultuurpers.nl\/wp-content\/uploads\/2020\/05\/Rainer-Hofmann_kleur-%C2%A9-Anna-van-Kooij-1.jpg?resize=1400%2C800&ssl=1 4x"},"classes":[]},{"id":25795,"url":"https:\/\/staging.cultuurpers.nl\/fr\/2015\/10\/nederlandse-dansdagen-tonen-artistieke-uitdaging-uitsluitend-marge-programma\/","url_meta":{"origin":97486,"position":1},"title":"Les Dutch Dance Days montrent que le d\u00e9fi artistique n'est qu'en marge du programme","author":"Fransien van der Putt","date":"9 octobre 2015","format":false,"excerpt":"Het eerste weekend van oktober vonden in Maastricht de Nederlandse Dansdagen (NDD) plaats. Zoals Ruben Brugman al rapporteerde, worden daar\u00a0voor de danswereld belangrijke prijzen uitgereikt.\u00a0Maar de Dansdagen lijken vooral bedoeld ter promotie van de Nederlandse dans, meer dan dat ze een kritische evaluatie of artistieke opsteker zijn. Tijdens de Dansdagen\u2026","rel":"","context":"Dans &quot;ACTUEEL&quot;","block_context":{"text":"ACTUEEL","link":"https:\/\/staging.cultuurpers.nl\/fr\/genre\/nieuws\/"},"img":{"alt_text":"Canto Ostinato, Introdans \u00a9 Hans Gerritsen ","src":"https:\/\/i0.wp.com\/staging.cultuurpers.nl\/\/wp-content\/uploads\/2015\/10\/72592078b35bae188a987ec93d72fdc5_f1772.jpg?resize=350%2C200&ssl=1","width":350,"height":200,"srcset":"https:\/\/i0.wp.com\/staging.cultuurpers.nl\/\/wp-content\/uploads\/2015\/10\/72592078b35bae188a987ec93d72fdc5_f1772.jpg?resize=350%2C200&ssl=1 1x, https:\/\/i0.wp.com\/staging.cultuurpers.nl\/\/wp-content\/uploads\/2015\/10\/72592078b35bae188a987ec93d72fdc5_f1772.jpg?resize=525%2C300&ssl=1 1.5x, https:\/\/i0.wp.com\/staging.cultuurpers.nl\/\/wp-content\/uploads\/2015\/10\/72592078b35bae188a987ec93d72fdc5_f1772.jpg?resize=700%2C400&ssl=1 2x"},"classes":[]},{"id":56488,"url":"https:\/\/staging.cultuurpers.nl\/fr\/2018\/05\/rainer-hofmann-spring-na-de-populistische-aanval-van-rechts-hebben-de-podiumkunsten-nu-te-maken-met-een-aanval-van-links\/","url_meta":{"origin":97486,"position":2},"title":"Rainer Hofmann (SPRING) : \"Apr\u00e8s l'attaque populiste de la droite, les arts du spectacle sont maintenant confront\u00e9s \u00e0 une attaque de la gauche.","author":"Fransien van der Putt","date":"16 mai 2018","format":false,"excerpt":"Donderdag 17 mei opent SPRING Performing Arts Festival in Utrecht met o.a. Sic Transit Gloria Mundi van Dries Verhoeven en to come (extended) van Mette Ingvartsen. In tien dagen zijn er ruim vijfentwintig internationale dans- en theaterproducties, installaties en performance werken in de publieke ruimte en stedelijke omgeving te zien.\u2026","rel":"","context":"Dans &quot;ACTUEEL&quot;","block_context":{"text":"ACTUEEL","link":"https:\/\/staging.cultuurpers.nl\/fr\/genre\/nieuws\/"},"img":{"alt_text":"","src":"https:\/\/i0.wp.com\/staging.cultuurpers.nl\/wp-content\/uploads\/2018\/05\/to-come-extended-Mette-Ingvartsen-%C2%A9-Jens-Sethzman-8.jpg?resize=350%2C200&ssl=1","width":350,"height":200,"srcset":"https:\/\/i0.wp.com\/staging.cultuurpers.nl\/wp-content\/uploads\/2018\/05\/to-come-extended-Mette-Ingvartsen-%C2%A9-Jens-Sethzman-8.jpg?resize=350%2C200&ssl=1 1x, https:\/\/i0.wp.com\/staging.cultuurpers.nl\/wp-content\/uploads\/2018\/05\/to-come-extended-Mette-Ingvartsen-%C2%A9-Jens-Sethzman-8.jpg?resize=525%2C300&ssl=1 1.5x, https:\/\/i0.wp.com\/staging.cultuurpers.nl\/wp-content\/uploads\/2018\/05\/to-come-extended-Mette-Ingvartsen-%C2%A9-Jens-Sethzman-8.jpg?resize=700%2C400&ssl=1 2x, https:\/\/i0.wp.com\/staging.cultuurpers.nl\/wp-content\/uploads\/2018\/05\/to-come-extended-Mette-Ingvartsen-%C2%A9-Jens-Sethzman-8.jpg?resize=1050%2C600&ssl=1 3x, https:\/\/i0.wp.com\/staging.cultuurpers.nl\/wp-content\/uploads\/2018\/05\/to-come-extended-Mette-Ingvartsen-%C2%A9-Jens-Sethzman-8.jpg?resize=1400%2C800&ssl=1 4x"},"classes":[]},{"id":42360,"url":"https:\/\/staging.cultuurpers.nl\/fr\/2016\/12\/eigenzinnig-veem-geeft-goed-voorbeeld-voor-amsterdamse-danssector\/","url_meta":{"origin":97486,"position":3},"title":"L'excentrique Veem donne l'exemple au secteur de la danse","author":"Fransien van der Putt","date":"15 d\u00e9cembre 2016","format":false,"excerpt":"Het Veem is een klein maar belangrijk theater en onofficieel productiehuis dat uitkijkt op de Houthavens in Amsterdam. Het huis is sinds jaar en dag de thuishaven voor internationaal opererende, hedendaagse podiumkunst. Een plek waar de kunstenaar en zijn of haar experimentele werk nog centraal staan. Sinds in 2014 Anne\u2026","rel":"","context":"Dans &quot;ACTUEEL&quot;","block_context":{"text":"ACTUEEL","link":"https:\/\/staging.cultuurpers.nl\/fr\/genre\/nieuws\/"},"img":{"alt_text":"","src":"https:\/\/i0.wp.com\/staging.cultuurpers.nl\/wp-content\/uploads\/2016\/12\/15317972_921394937993074_5020241813335701356_n.jpg?resize=350%2C200&ssl=1","width":350,"height":200,"srcset":"https:\/\/i0.wp.com\/staging.cultuurpers.nl\/wp-content\/uploads\/2016\/12\/15317972_921394937993074_5020241813335701356_n.jpg?resize=350%2C200&ssl=1 1x, https:\/\/i0.wp.com\/staging.cultuurpers.nl\/wp-content\/uploads\/2016\/12\/15317972_921394937993074_5020241813335701356_n.jpg?resize=525%2C300&ssl=1 1.5x"},"classes":[]},{"id":87808,"url":"https:\/\/staging.cultuurpers.nl\/fr\/2022\/08\/kasia-torz-nieuwe-programmamanager-theater-en-dans-holland-festival\/","url_meta":{"origin":97486,"position":4},"title":"Kasia T\u00f3rz nouvelle responsable du programme de th\u00e9\u00e2tre et de danse Holland Festival\u00a0","author":"een van onze leden","date":"26 ao\u00fbt 2022","format":false,"excerpt":"Kasia T\u00f3rz treedt vanaf 1 september a.s. in dienst bij het Holland Festival als programmamanager Theater en Dans. Samen met directeur Emily Ansenk en programmamanager Muziek en Muziektheater Jochem Valkenburg en programmeur Katinka Enkhuizen, die op 1 oktober aantreedt, vormt zij het nieuwe artistieke team van het Holland Festival.\u00a0 Emily\u2026","rel":"","context":"Dans &quot;Holland Festival&quot;","block_context":{"text":"Holland Festival","link":"https:\/\/staging.cultuurpers.nl\/fr\/genre\/service\/specials\/holland-festival\/"},"img":{"alt_text":"","src":"https:\/\/i0.wp.com\/staging.cultuurpers.nl\/wp-content\/uploads\/2022\/08\/poolsebruid-scaled.jpg?resize=350%2C200&ssl=1","width":350,"height":200,"srcset":"https:\/\/i0.wp.com\/staging.cultuurpers.nl\/wp-content\/uploads\/2022\/08\/poolsebruid-scaled.jpg?resize=350%2C200&ssl=1 1x, https:\/\/i0.wp.com\/staging.cultuurpers.nl\/wp-content\/uploads\/2022\/08\/poolsebruid-scaled.jpg?resize=525%2C300&ssl=1 1.5x, https:\/\/i0.wp.com\/staging.cultuurpers.nl\/wp-content\/uploads\/2022\/08\/poolsebruid-scaled.jpg?resize=700%2C400&ssl=1 2x, https:\/\/i0.wp.com\/staging.cultuurpers.nl\/wp-content\/uploads\/2022\/08\/poolsebruid-scaled.jpg?resize=1050%2C600&ssl=1 3x, https:\/\/i0.wp.com\/staging.cultuurpers.nl\/wp-content\/uploads\/2022\/08\/poolsebruid-scaled.jpg?resize=1400%2C800&ssl=1 4x"},"classes":[]},{"id":34042,"url":"https:\/\/staging.cultuurpers.nl\/fr\/2016\/05\/seks-tot-kunst-verheven-tijdens-spring\/","url_meta":{"origin":97486,"position":5},"title":"Le sexe \u00e9lev\u00e9 au rang d'art \u00e0 SPRING","author":"Jacqueline de Kuijper","date":"27 mai 2016","format":false,"excerpt":"Tongzoenen, paaldansen, voorbinddildo\u2019s en anale penetratie associeer ik doorgaans niet met de danskunst en verwacht ik niet in een stadsschouwburg, maar voor Florentina Holzinger en Vincent Riebeek lijkt niks te gek. \u201cEuropa\u2019s meest provocatieve performance duo\u201d - in de woorden van Rainer Hofmann, artistiek directeur van Spring festival - liet\u2026","rel":"","context":"Dans &quot;Alleen voor leden&quot;","block_context":{"text":"Alleen voor leden","link":"https:\/\/staging.cultuurpers.nl\/fr\/genre\/service\/members-only\/"},"img":{"alt_text":"","src":"https:\/\/i0.wp.com\/staging.cultuurpers.nl\/wp-content\/uploads\/2016\/05\/a._holzinger_riebeek_c_karoline_wiernik.jpg?resize=350%2C200&ssl=1","width":350,"height":200,"srcset":"https:\/\/i0.wp.com\/staging.cultuurpers.nl\/wp-content\/uploads\/2016\/05\/a._holzinger_riebeek_c_karoline_wiernik.jpg?resize=350%2C200&ssl=1 1x, https:\/\/i0.wp.com\/staging.cultuurpers.nl\/wp-content\/uploads\/2016\/05\/a._holzinger_riebeek_c_karoline_wiernik.jpg?resize=525%2C300&ssl=1 1.5x, https:\/\/i0.wp.com\/staging.cultuurpers.nl\/wp-content\/uploads\/2016\/05\/a._holzinger_riebeek_c_karoline_wiernik.jpg?resize=700%2C400&ssl=1 2x, https:\/\/i0.wp.com\/staging.cultuurpers.nl\/wp-content\/uploads\/2016\/05\/a._holzinger_riebeek_c_karoline_wiernik.jpg?resize=1050%2C600&ssl=1 3x"},"classes":[]}],"jetpack_shortlink":"https:\/\/wp.me\/p3yKke-pmm","jetpack_sharing_enabled":true,"_links":{"self":[{"href":"https:\/\/staging.cultuurpers.nl\/fr\/wp-json\/wp\/v2\/posts\/97486","targetHints":{"allow":["GET"]}}],"collection":[{"href":"https:\/\/staging.cultuurpers.nl\/fr\/wp-json\/wp\/v2\/posts"}],"about":[{"href":"https:\/\/staging.cultuurpers.nl\/fr\/wp-json\/wp\/v2\/types\/post"}],"author":[{"embeddable":true,"href":"https:\/\/staging.cultuurpers.nl\/fr\/wp-json\/wp\/v2\/users\/13"}],"replies":[{"embeddable":true,"href":"https:\/\/staging.cultuurpers.nl\/fr\/wp-json\/wp\/v2\/comments?post=97486"}],"version-history":[{"count":1,"href":"https:\/\/staging.cultuurpers.nl\/fr\/wp-json\/wp\/v2\/posts\/97486\/revisions"}],"predecessor-version":[{"id":97488,"href":"https:\/\/staging.cultuurpers.nl\/fr\/wp-json\/wp\/v2\/posts\/97486\/revisions\/97488"}],"wp:featuredmedia":[{"embeddable":true,"href":"https:\/\/staging.cultuurpers.nl\/fr\/wp-json\/wp\/v2\/media\/97487"}],"wp:attachment":[{"href":"https:\/\/staging.cultuurpers.nl\/fr\/wp-json\/wp\/v2\/media?parent=97486"}],"wp:term":[{"taxonomy":"category","embeddable":true,"href":"https:\/\/staging.cultuurpers.nl\/fr\/wp-json\/wp\/v2\/categories?post=97486"},{"taxonomy":"post_tag","embeddable":true,"href":"https:\/\/staging.cultuurpers.nl\/fr\/wp-json\/wp\/v2\/tags?post=97486"}],"curies":[{"name":"wp","href":"https:\/\/api.w.org\/{rel}","templated":true}]}}