{"id":97437,"date":"2025-06-03T11:18:12","date_gmt":"2025-06-03T09:18:12","guid":{"rendered":"https:\/\/cultureelpersbureau.nl\/?p=97437"},"modified":"2025-06-03T11:18:15","modified_gmt":"2025-06-03T09:18:15","slug":"15-europese-artistieke-leiders-geselecteerd-voor-nieuw-fellowship-voor-maatschappelijk-geengageerde-kunsten","status":"publish","type":"post","link":"https:\/\/staging.cultuurpers.nl\/fr\/2025\/06\/15-europese-artistieke-leiders-geselecteerd-voor-nieuw-fellowship-voor-maatschappelijk-geengageerde-kunsten\/","title":{"rendered":"15 leaders artistiques europ\u00e9ens s\u00e9lectionn\u00e9s pour une nouvelle bourse pour des arts socialement engag\u00e9s"},"content":{"rendered":"<p>Aujourd'hui, les 15 premiers boursiers de la <a href=\"https:\/\/www.allianceforsociallyengagedarts.org\/\"><em>Alliance for Socially Engaged Arts (Alliance pour des arts socialement engag\u00e9s)<\/em><\/a> (ASEA). L'ASEA <em>Alliance<\/em> est une nouvelle <em>la fraternit\u00e9<\/em>-Ce programme s'adresse aux dirigeants d'organisations artistiques qui s'efforcent d'avoir un plus grand impact social au sein de leurs communaut\u00e9s locales et du secteur artistique europ\u00e9en. \u00c0 une \u00e9poque marqu\u00e9e par la mont\u00e9e des in\u00e9galit\u00e9s, la polarisation et les crises climatiques et d\u00e9mocratiques, la <em>Bourse de l'Alliance for Socially Engaged Arts<\/em> Le pouvoir de l'art socialement engag\u00e9 pour promouvoir la r\u00e9silience, la justice et les solutions communautaires. Les <em>la fraternit\u00e9<\/em> Le programme est rendu possible par 11 organisations philanthropiques europ\u00e9ennes, dont l'association <a href=\"https:\/\/culturalfoundation.eu\/\"><em>Fondation europ\u00e9enne de la culture<\/em><\/a>.<\/p>\n\n\n\n<h2 class=\"wp-block-heading\"><strong>Contexte<\/strong><\/h2>\n\n\n\n<p>Dans toute l'Europe, les soci\u00e9t\u00e9s sont confront\u00e9es \u00e0 des d\u00e9fis interconnect\u00e9s qui se traduisent souvent par un d\u00e9clin des dispositions d\u00e9mocratiques. C'est en partie pour r\u00e9pondre \u00e0 cette situation que les pratiques artistiques socialement engag\u00e9es apparaissent comme une force puissante, mais souvent sous-estim\u00e9e, de renouveau social.<\/p>\n\n\n\n<p>Les arts socialement engag\u00e9s sont des pratiques collaboratives dans lesquelles les artistes et les communaut\u00e9s formulent conjointement des r\u00e9ponses culturelles \u00e0 des d\u00e9fis sociaux urgents. Ces pratiques red\u00e9finissent la culture comme un outil de citoyennet\u00e9 active, en renfor\u00e7ant la participation, l'appropriation par la communaut\u00e9 et la r\u00e9silience d\u00e9mocratique. Qu'il s'agisse d'action climatique men\u00e9e par les citoyens, de th\u00e9\u00e2tre participatif ou de r\u00e9novation urbaine ax\u00e9e sur la culture, elles d\u00e9montrent le pouvoir de l'art \u00e0 provoquer des changements significatifs et durables.<\/p>\n\n\n\n<p>Le <em>Bourse de l'Alliance for Socially Engaged Arts<\/em> soutient les dirigeants d'organisations enracin\u00e9es dans les communaut\u00e9s locales de 14 pays europ\u00e9ens. Il les reconna\u00eet comme des d\u00e9fenseurs du changement et appelle les institutions, les bailleurs de fonds et les d\u00e9cideurs politiques \u00e0 consid\u00e9rer l'art socialement engag\u00e9 comme un exemple de r\u00e9silience. <strong>Lu\u00eds Jer\u00f3nimo<\/strong>pr\u00e9sident de l'alliance, appelle donc l'Europe \u00e0 investir dans l'art en tant que force de changement : <em>\"Ces boursiers transforment l'art et la culture \u00e0 partir de la base. Profond\u00e9ment enracin\u00e9s dans leurs communaut\u00e9s, ils montrent comment l'art socialement engag\u00e9 peut promouvoir la justice, renforcer les liens et favoriser la d\u00e9mocratie culturelle\".<\/em><\/p>\n\n\n\n<h2 class=\"wp-block-heading\"><strong>N\u00e9erlandais <\/strong><em><strong>camarade<\/strong><\/em><\/h2>\n\n\n\n<p>Aux Pays-Bas, Jasmina Ibrahimovic, directrice du Rotterdam District Theatre et directrice cr\u00e9ative de l'International Community Arts Festival (ICAF), fait partie de la s\u00e9lection. <em>les boursiers<\/em>. <em>\"Le Rotterdam District Theatre cr\u00e9e des projets artistiques communautaires avec, pour et par des personnes dont les histoires ne sont souvent pas entendues. Nous nous interrogeons sur ce que signifie \u00eatre une \"communaut\u00e9\" et explorons les syst\u00e8mes d'inclusion et d'exclusion par le biais du th\u00e9\u00e2tre participatif. Depuis plus de 30 ans, nous travaillons dans divers quartiers pour d\u00e9couvrir des histoires et des talents urgents et les partager dans des centres communautaires, des th\u00e9\u00e2tres et des espaces institutionnels. Notre travail est ancr\u00e9 dans l'attention, la r\u00e9ciprocit\u00e9 et la conviction que l'art n'est pas seulement un produit, mais une fa\u00e7on d'\u00eatre ensemble\". <\/em>L'ICAF est devenu le plus grand festival et la plus grande plateforme mondiale pour l'art socialement engag\u00e9 et orient\u00e9 vers la communaut\u00e9.<\/p>\n\n\n\n<h2 class=\"wp-block-heading\"><em><strong>La fraternit\u00e9<\/strong><\/em><\/h2>\n\n\n\n<p>Dans le cadre de la <em>la fraternit\u00e9<\/em> d\u00e9marrer le programme s\u00e9lectionn\u00e9 <em>les boursiers<\/em> au cours d'un voyage de transformation de 18 mois sp\u00e9cialement con\u00e7u pour accro\u00eetre l'impact de leurs organisations, lib\u00e9rer leur potentiel en tant que champions du changement et forger de nouvelles alliances transnationales. Le programme comprend des r\u00e9sidences, un d\u00e9veloppement organisationnel sur mesure et une formation au leadership, et offre des bourses pouvant aller jusqu'\u00e0 60 000 euros pour soutenir les co\u00fbts de base et le d\u00e9veloppement d'actions cibl\u00e9es au sein des organisations des laur\u00e9ats. <em>les boursiers<\/em>.<\/p>\n\n\n\n<div class=\"su-note\"  style=\"border-color:#e5e54c;border-radius:3px;-moz-border-radius:3px;-webkit-border-radius:3px;\"><div class=\"su-note-inner su-u-clearfix su-u-trim\" style=\"background-color:#FFFF66;border-color:#ffffff;color:#333333;border-radius:3px;-moz-border-radius:3px;-webkit-border-radius:3px;\">La liste compl\u00e8te des 15 <em>les boursiers<\/em> est disponible sur le site internet de la <em>Alliance for Socially Engaged Arts (Alliance pour les arts socialement engag\u00e9s). <\/em><a href=\"https:\/\/www.allianceforsociallyengagedarts.org\/our-fellowship-programme\/\">LIEN<\/a> <\/div><\/div>","protected":false},"excerpt":{"rendered":"<p>Les 15 premiers boursiers de l'Alliance for Socially Engaged Arts (ASEA) sont annonc\u00e9s aujourd'hui. L'Alliance est un nouveau programme de bourses destin\u00e9 aux dirigeants d'organisations artistiques qui s'efforcent de cr\u00e9er un plus grand impact social au sein de leurs communaut\u00e9s locales et du secteur artistique europ\u00e9en. \u00c0 une \u00e9poque o\u00f9 les in\u00e9galit\u00e9s, la polarisation et les crises climatiques et d\u00e9mocratiques s'aggravent, l'Alliance...&nbsp;<a href=\"https:\/\/staging.cultuurpers.nl\/fr\/2025\/06\/15-europese-artistieke-leiders-geselecteerd-voor-nieuw-fellowship-voor-maatschappelijk-geengageerde-kunsten\/\" rel=\"bookmark\">Lire la suite \"<span class=\"screen-reader-text\">15 leaders artistiques europ\u00e9ens s\u00e9lectionn\u00e9s pour une nouvelle bourse pour des arts socialement engag\u00e9s<\/span><\/a><\/p>","protected":false},"author":13,"featured_media":97438,"comment_status":"open","ping_status":"closed","sticky":false,"template":"","format":"standard","meta":{"_eb_attr":"","_monsterinsights_skip_tracking":false,"_monsterinsights_sitenote_active":false,"_monsterinsights_sitenote_note":"","_monsterinsights_sitenote_category":0,"neve_meta_sidebar":"","neve_meta_container":"","neve_meta_enable_content_width":"","neve_meta_content_width":0,"neve_meta_title_alignment":"","neve_meta_author_avatar":"","neve_post_elements_order":"","neve_meta_disable_header":"","neve_meta_disable_footer":"","neve_meta_disable_title":"","neve_meta_reading_time":"","_themeisle_gutenberg_block_has_review":false,"_jetpack_memberships_contains_paid_content":false,"activitypub_content_warning":null,"activitypub_content_visibility":"","activitypub_max_image_attachments":3,"activitypub_interaction_policy_quote":"anyone","activitypub_status":"federated","footnotes":"","jetpack_publicize_message":"","jetpack_publicize_feature_enabled":true,"jetpack_social_post_already_shared":false,"jetpack_social_options":{"image_generator_settings":{"template":"highway","enabled":false},"version":2}},"categories":[1,15614,11917,8843],"tags":[15945],"class_list":["post-97437","post","type-post","status-publish","format-standard","has-post-thumbnail","hentry","category-nieuws","category-beleid","category-persberichten","category-podiumkunst","tag-european-cultural-foundation"],"aioseo_notices":[],"jetpack_publicize_connections":[],"jetpack_featured_media_url":"https:\/\/staging.cultuurpers.nl\/wp-content\/uploads\/2025\/06\/portret-Jasmina-Ibrahimovic-scaled.jpg","jetpack-related-posts":[{"id":96092,"url":"https:\/\/staging.cultuurpers.nl\/fr\/2025\/01\/baanbrekende-alliantie-voor-sociaal-geengageerde-kunst-om-europas-meest-urgente-uitdagingen-aan-te-pakken\/","url_meta":{"origin":97437,"position":0},"title":"Une alliance pionni\u00e8re pour l'art socialement engag\u00e9 afin de relever les d\u00e9fis les plus pressants de l'Europe.","author":"een van onze leden","date":"23 janvier 2025","format":false,"excerpt":"Lancement d'une nouvelle alliance : l'Alliance pour les arts socialement engag\u00e9s, un partenariat pionnier de 11 fondations philanthropiques europ\u00e9ennes de premier plan, est lanc\u00e9e cette semaine pour promouvoir le pouvoir des arts socialement engag\u00e9s dans la conduite d'un changement social significatif \u00e0 travers le continent. Progr\u00e8s en Europe L'art socialement engag\u00e9 est vital","rel":"","context":"Dans &quot;PERSBERICHTEN&quot;","block_context":{"text":"PERSBERICHTEN","link":"https:\/\/staging.cultuurpers.nl\/fr\/genre\/service\/persberichten\/"},"img":{"alt_text":"","src":"https:\/\/i0.wp.com\/staging.cultuurpers.nl\/wp-content\/uploads\/2021\/04\/European-cultural-foundation.png?resize=350%2C200&ssl=1","width":350,"height":200,"srcset":"https:\/\/i0.wp.com\/staging.cultuurpers.nl\/wp-content\/uploads\/2021\/04\/European-cultural-foundation.png?resize=350%2C200&ssl=1 1x, https:\/\/i0.wp.com\/staging.cultuurpers.nl\/wp-content\/uploads\/2021\/04\/European-cultural-foundation.png?resize=525%2C300&ssl=1 1.5x, https:\/\/i0.wp.com\/staging.cultuurpers.nl\/wp-content\/uploads\/2021\/04\/European-cultural-foundation.png?resize=700%2C400&ssl=1 2x, https:\/\/i0.wp.com\/staging.cultuurpers.nl\/wp-content\/uploads\/2021\/04\/European-cultural-foundation.png?resize=1050%2C600&ssl=1 3x, https:\/\/i0.wp.com\/staging.cultuurpers.nl\/wp-content\/uploads\/2021\/04\/European-cultural-foundation.png?resize=1400%2C800&ssl=1 4x"},"classes":[]},{"id":96079,"url":"https:\/\/staging.cultuurpers.nl\/fr\/2025\/01\/de-artist-in-residence-fellowship-bij-nias-2026-meld-je-aan-of-nomineer-een-kunstenaar\/","url_meta":{"origin":97437,"position":1},"title":"La bourse d'artiste en r\u00e9sidence au NIAS 2026 : posez votre candidature ou nommez un artiste !","author":"een van onze leden","date":"17 janvier 2025","format":false,"excerpt":"Deze fellowship biedt getalenteerde kunstenaars uit alle disciplines de mogelijkheid om 5 maanden onderzoek te doen in een internationale academische omgeving.\u00a0 Een onderzoeksvoorstel indienen kan\u00a0van:15 januari t\/m\u00a017 maart 2025 12:00 uur.Meer informatie De fellowship Wat wordt aangeboden?\u00a0 Een verblijf van vijf maanden bij NIAS (februari 2026 tot juni 2026)\u00a0 Tijdelijke\u2026","rel":"","context":"Dans &quot;beleid&quot;","block_context":{"text":"beleid","link":"https:\/\/staging.cultuurpers.nl\/fr\/genre\/beleid\/"},"img":{"alt_text":"","src":"","width":0,"height":0},"classes":[]},{"id":94515,"url":"https:\/\/staging.cultuurpers.nl\/fr\/2024\/06\/dichter-maria-barnas-onderzoekt-de-rol-van-schoonmaken-en-sporen-achterlaten-in-de-beeldende-kunst-tijdens-residentie-nias-knaw\/","url_meta":{"origin":97437,"position":2},"title":"La po\u00e9tesse Maria Barnas explore le r\u00f4le du nettoyage et des traces dans l'art visuel lors de la r\u00e9sidence NIAS-KNAW.","author":"een van onze leden","date":"19 juin 2024","format":false,"excerpt":"Hebben\u00a0de verhalen van schoonmakers\u00a0ook\u00a0een plek\u00a0in de kunstgeschiedenis?\u00a0\u00a0 Dichter en beeldend kunstenaar\u00a0Maria\u00a0Barnas\u00a0zal\u00a0in 2024-25\u00a0als\u00a0artist-in-residence\u00a0verbonden zijn aan het Netherlands\u00a0Institute\u00a0for\u00a0Advanced Studies (NIAS) in Amsterdam. Tijdens haar verblijf\u00a0doet ze\u00a0onderzoek naar de biografie van kunstenaar Jo Baer\u00a0(1929)\u00a0en\u00a0hoe\u00a0orale geschiedenis kan worden ingezet bij het optekenen van kunstgeschiedenis.\u00a0Kun je\u00a0kunstgeschiedenis\u00a0ook baseren\u00a0op herinneringen, verhalen en\u00a0misschien zelfs\u00a0roddels?\u00a0\u00a0Deze Artist-in-Residence\u00a0positie wordt jaarlijks beschikbaar\u2026","rel":"","context":"Dans &quot;LITERAIR&quot;","block_context":{"text":"LITERAIR","link":"https:\/\/staging.cultuurpers.nl\/fr\/genre\/literatuur-2\/"},"img":{"alt_text":"Dichter Maria Barnas onderzoekt de rol van schoonmaken en sporen achterlaten in de beeldende kunst tijdens residentie NIAS-KNAW","src":"https:\/\/i0.wp.com\/staging.cultuurpers.nl\/wp-content\/uploads\/2024\/06\/667167c0165b5-scaled-e1718802028146.jpg?resize=350%2C200&ssl=1","width":350,"height":200,"srcset":"https:\/\/i0.wp.com\/staging.cultuurpers.nl\/wp-content\/uploads\/2024\/06\/667167c0165b5-scaled-e1718802028146.jpg?resize=350%2C200&ssl=1 1x, https:\/\/i0.wp.com\/staging.cultuurpers.nl\/wp-content\/uploads\/2024\/06\/667167c0165b5-scaled-e1718802028146.jpg?resize=525%2C300&ssl=1 1.5x, https:\/\/i0.wp.com\/staging.cultuurpers.nl\/wp-content\/uploads\/2024\/06\/667167c0165b5-scaled-e1718802028146.jpg?resize=700%2C400&ssl=1 2x, https:\/\/i0.wp.com\/staging.cultuurpers.nl\/wp-content\/uploads\/2024\/06\/667167c0165b5-scaled-e1718802028146.jpg?resize=1050%2C600&ssl=1 3x"},"classes":[]},{"id":89337,"url":"https:\/\/staging.cultuurpers.nl\/fr\/2023\/01\/nancy-jouwe-benoemd-als-lid-van-de-raad-voor-cultuur\/","url_meta":{"origin":97437,"position":3},"title":"Nancy Jouwe nomm\u00e9e membre du Conseil de la Culture","author":"een van onze leden","date":"28 janvier 2023","format":false,"excerpt":"Mevrouw Nancy Jouwe wordt benoemd als lid van de Raad voor Cultuur. De ministerraad heeft daarmee ingestemd op voorstel van staatssecretaris Uslu van Cultuur en Media. De benoeming gaat in op 15 februari 2023 voor een periode van vier jaar. Jouwe studeerde Algemene Letteren aan de Universiteiten van Utrecht en\u2026","rel":"","context":"Dans &quot;ACTUEEL&quot;","block_context":{"text":"ACTUEEL","link":"https:\/\/staging.cultuurpers.nl\/fr\/genre\/nieuws\/"},"img":{"alt_text":"Nancy Jouwe - via Raad voor Cultuur","src":"https:\/\/i0.wp.com\/staging.cultuurpers.nl\/wp-content\/uploads\/2023\/01\/nancy-jouwe-1024.jpg?resize=350%2C200&ssl=1","width":350,"height":200,"srcset":"https:\/\/i0.wp.com\/staging.cultuurpers.nl\/wp-content\/uploads\/2023\/01\/nancy-jouwe-1024.jpg?resize=350%2C200&ssl=1 1x, https:\/\/i0.wp.com\/staging.cultuurpers.nl\/wp-content\/uploads\/2023\/01\/nancy-jouwe-1024.jpg?resize=525%2C300&ssl=1 1.5x, https:\/\/i0.wp.com\/staging.cultuurpers.nl\/wp-content\/uploads\/2023\/01\/nancy-jouwe-1024.jpg?resize=700%2C400&ssl=1 2x"},"classes":[]},{"id":96160,"url":"https:\/\/staging.cultuurpers.nl\/fr\/2025\/01\/internationale-holocaustonderzoeksfaciliteit-krijgt-hoofdzetel-in-nederland\/","url_meta":{"origin":97437,"position":4},"title":"Le centre international de recherche sur l'Holocauste s'installe aux Pays-Bas","author":"een van onze leden","date":"26 janvier 2025","format":false,"excerpt":"L'infrastructure internationale de recherche European Holocaust Research Infrastructure (EHRI) a \u00e9t\u00e9 lanc\u00e9e aujourd'hui en tant qu'infrastructure europ\u00e9enne de recherche et aura son si\u00e8ge aux Pays-Bas. Le 26 janvier, \u00e0 la veille de la comm\u00e9moration de la lib\u00e9ration d'Auschwitz il y a 80 ans, la c\u00e9r\u00e9monie d'inauguration a eu lieu au mus\u00e9e POLIN de l'histoire des Juifs polonais \u00e0 Varsovie. L'exposition","rel":"","context":"Dans &quot;beleid&quot;","block_context":{"text":"beleid","link":"https:\/\/staging.cultuurpers.nl\/fr\/genre\/beleid\/"},"img":{"alt_text":"Logo van het ministerie van OCW","src":"https:\/\/i0.wp.com\/staging.cultuurpers.nl\/wp-content\/uploads\/2020\/05\/Logo_ministerie_OCW.svg_.png?resize=350%2C200&ssl=1","width":350,"height":200,"srcset":"https:\/\/i0.wp.com\/staging.cultuurpers.nl\/wp-content\/uploads\/2020\/05\/Logo_ministerie_OCW.svg_.png?resize=350%2C200&ssl=1 1x, https:\/\/i0.wp.com\/staging.cultuurpers.nl\/wp-content\/uploads\/2020\/05\/Logo_ministerie_OCW.svg_.png?resize=525%2C300&ssl=1 1.5x, https:\/\/i0.wp.com\/staging.cultuurpers.nl\/wp-content\/uploads\/2020\/05\/Logo_ministerie_OCW.svg_.png?resize=700%2C400&ssl=1 2x, https:\/\/i0.wp.com\/staging.cultuurpers.nl\/wp-content\/uploads\/2020\/05\/Logo_ministerie_OCW.svg_.png?resize=1050%2C600&ssl=1 3x"},"classes":[]},{"id":94861,"url":"https:\/\/staging.cultuurpers.nl\/fr\/2024\/07\/kunstenaar-jonas-staal-onderzoekt-neofascisme-en-eigen-familiegeschiedenis\/","url_meta":{"origin":97437,"position":5},"title":"L'artiste Jonas Staal examine le (n\u00e9o)fascisme et sa propre histoire familiale.","author":"een van onze leden","date":"18 juillet 2024","format":false,"excerpt":"Staal is artist-in-residence bij KNIR in 2024 Kunstenaar en propaganda-onderzoeker Jonas Staal is in 2024 artist-in-residence bij het Koninklijk Nederlands Instituut Rome (KNIR). Hier zal hij gedurende drie maanden onderzoek doen naar de rol die familie speelt binnen het (neo)fascisme en onderzoekt hij zijn eigen familiegeschiedenis. Mussolini in de familie\u2026","rel":"","context":"Dans &quot;BEELDEND&quot;","block_context":{"text":"BEELDEND","link":"https:\/\/staging.cultuurpers.nl\/fr\/genre\/beeldende-kunst-2\/"},"img":{"alt_text":"","src":"https:\/\/i0.wp.com\/staging.cultuurpers.nl\/wp-content\/uploads\/2024\/07\/6697b5255b52c.jpg?resize=350%2C200&ssl=1","width":350,"height":200,"srcset":"https:\/\/i0.wp.com\/staging.cultuurpers.nl\/wp-content\/uploads\/2024\/07\/6697b5255b52c.jpg?resize=350%2C200&ssl=1 1x, https:\/\/i0.wp.com\/staging.cultuurpers.nl\/wp-content\/uploads\/2024\/07\/6697b5255b52c.jpg?resize=525%2C300&ssl=1 1.5x, https:\/\/i0.wp.com\/staging.cultuurpers.nl\/wp-content\/uploads\/2024\/07\/6697b5255b52c.jpg?resize=700%2C400&ssl=1 2x, https:\/\/i0.wp.com\/staging.cultuurpers.nl\/wp-content\/uploads\/2024\/07\/6697b5255b52c.jpg?resize=1050%2C600&ssl=1 3x, https:\/\/i0.wp.com\/staging.cultuurpers.nl\/wp-content\/uploads\/2024\/07\/6697b5255b52c.jpg?resize=1400%2C800&ssl=1 4x"},"classes":[]}],"jetpack_shortlink":"https:\/\/wp.me\/p3yKke-plz","jetpack_sharing_enabled":true,"_links":{"self":[{"href":"https:\/\/staging.cultuurpers.nl\/fr\/wp-json\/wp\/v2\/posts\/97437","targetHints":{"allow":["GET"]}}],"collection":[{"href":"https:\/\/staging.cultuurpers.nl\/fr\/wp-json\/wp\/v2\/posts"}],"about":[{"href":"https:\/\/staging.cultuurpers.nl\/fr\/wp-json\/wp\/v2\/types\/post"}],"author":[{"embeddable":true,"href":"https:\/\/staging.cultuurpers.nl\/fr\/wp-json\/wp\/v2\/users\/13"}],"replies":[{"embeddable":true,"href":"https:\/\/staging.cultuurpers.nl\/fr\/wp-json\/wp\/v2\/comments?post=97437"}],"version-history":[{"count":1,"href":"https:\/\/staging.cultuurpers.nl\/fr\/wp-json\/wp\/v2\/posts\/97437\/revisions"}],"predecessor-version":[{"id":97439,"href":"https:\/\/staging.cultuurpers.nl\/fr\/wp-json\/wp\/v2\/posts\/97437\/revisions\/97439"}],"wp:featuredmedia":[{"embeddable":true,"href":"https:\/\/staging.cultuurpers.nl\/fr\/wp-json\/wp\/v2\/media\/97438"}],"wp:attachment":[{"href":"https:\/\/staging.cultuurpers.nl\/fr\/wp-json\/wp\/v2\/media?parent=97437"}],"wp:term":[{"taxonomy":"category","embeddable":true,"href":"https:\/\/staging.cultuurpers.nl\/fr\/wp-json\/wp\/v2\/categories?post=97437"},{"taxonomy":"post_tag","embeddable":true,"href":"https:\/\/staging.cultuurpers.nl\/fr\/wp-json\/wp\/v2\/tags?post=97437"}],"curies":[{"name":"wp","href":"https:\/\/api.w.org\/{rel}","templated":true}]}}