{"id":97402,"date":"2025-05-28T17:04:05","date_gmt":"2025-05-28T15:04:05","guid":{"rendered":"https:\/\/cultureelpersbureau.nl\/?p=97402"},"modified":"2025-05-28T17:04:08","modified_gmt":"2025-05-28T15:04:08","slug":"delft-fringe-festival-2025-feestelijk-van-start-samen-met-de-stad-geeft-het-festival-jonge-makers-een-podium","status":"publish","type":"post","link":"https:\/\/staging.cultuurpers.nl\/fr\/2025\/05\/delft-fringe-festival-2025-feestelijk-van-start-samen-met-de-stad-geeft-het-festival-jonge-makers-een-podium\/","title":{"rendered":"Lancement festif du Delft Fringe Festival 2025 : \"En collaboration avec la ville, le festival offre une sc\u00e8ne aux jeunes cr\u00e9ateurs\"."},"content":{"rendered":"<p><strong>Delft, mercredi 28 mai - La 14e \u00e9dition du Delft Fringe Festival a d\u00e9but\u00e9 le mardi 27 mai au soir. Lors de l'ouverture festive au Theater de Veste, le public a tout de suite compris pourquoi ce festival est si sp\u00e9cial : il est ax\u00e9 sur la rencontre, le renouvellement et la coop\u00e9ration. En collaboration avec les partenaires de la ville, le festival transforme chaque ann\u00e9e la ville en une sc\u00e8ne pour les jeunes talents de demain. Jusqu'au 8 juin, vous pourrez assister \u00e0 des spectacles de cabaret, de danse, de musique et de th\u00e9\u00e2tre dans 30 lieux sp\u00e9ciaux. La ville est en effervescence - et le festival a vraiment commenc\u00e9.\u00a0<\/strong><br \/><em>Lors de l'ouverture, Collective Dystopia, Lilian Kafa &amp; Yadhira De Le\u00f3n Matos et Collective Tender ont jou\u00e9. La soir\u00e9e a \u00e9t\u00e9 pr\u00e9sent\u00e9e par le po\u00e8te Wessel Klootwijk.<\/em><\/p>\n\n\n\n<h2 class=\"wp-block-heading\">Se connecter \u00e0 la ville<\/h2>\n\n\n\n<p>Roel Funcken, directeur du Delft Fringe Festival : \"Ces derni\u00e8res ann\u00e9es, le festival s'est transform\u00e9 en une plateforme solide et appr\u00e9ci\u00e9e pour les jeunes talents des arts de la sc\u00e8ne. Nous ne le faisons pas seuls, nous le faisons avec toute la ville ! Les liens avec les partenaires, les institutions culturelles et les organisations - telles que Gemeente Delft, Theater de Veste et Cultuurhuis Delft, ainsi que les institutions \u00e9ducatives telles que le CLD et les Stadsverbinders - ont ancr\u00e9 le festival \u00e0 Delft et permettent d'offrir aux nouveaux cr\u00e9ateurs l'espace n\u00e9cessaire pour grandir et exp\u00e9rimenter.\" Mais le public est \u00e9galement indispensable : les habitants de Delft sont curieux, ouverts aux nouvelles formes de th\u00e9\u00e2tre et accueillent le festival avec enthousiasme.<\/p>\n\n\n\n<p><em>Culture Press : \"Cette relation sp\u00e9ciale entre les artistes, les lieux et le public est quelque chose que l'organisation respire dans toutes ses fibres\".<\/em><\/p>\n\n\n\n<h2 class=\"wp-block-heading\">Besoin<\/h2>\n\n\n\n<p>\"La croissance du festival s'av\u00e8re \u00e9galement une n\u00e9cessit\u00e9 absolue. \"Apr\u00e8s le nombre record de candidatures de l'ann\u00e9e derni\u00e8re - qui \u00e9tait \u00e0 peine g\u00e9rable pour notre petite organisation - nous avons r\u00e9duit cette ann\u00e9e le d\u00e9lai d'enregistrement de notre appel ouvert de trois \u00e0 deux mois. Le nombre de candidatures a donc l\u00e9g\u00e8rement diminu\u00e9, passant de 410 l'ann\u00e9e derni\u00e8re \u00e0 375. Relativement parlant, il s'agit toujours d'une tendance \u00e0 la hausse, qui montre malheureusement aussi qu'il y a toujours un manque flagrant d'espaces de jeu pour les jeunes cr\u00e9ateurs aux Pays-Bas\".<\/p>\n\n\n\n<h2 class=\"wp-block-heading\">La meilleure sortie pendant l'Ascension et la Pentec\u00f4te<\/h2>\n\n\n\n<p>Dans les semaines \u00e0 venir, les r\u00e9alisateurs joueront leurs performances dans des lieux sp\u00e9ciaux de la ville. Ainsi, le public ne sera pas seulement surpris sur le plan th\u00e9\u00e2tral, mais partira r\u00e9ellement \u00e0 la d\u00e9couverte de Delft. Par exemple, les makers se produisent dans l'imposante Nieuwe Kerk - o\u00f9 Guillaume d'Orange est enterr\u00e9 - mais aussi dans les lieux pr\u00e9f\u00e9r\u00e9s du public tels que la Molen de Roos, vieille de plusieurs si\u00e8cles, et le joyau cach\u00e9 qu'est la Stadsboerderij Rietveld. Une nouveaut\u00e9 cette ann\u00e9e : des repr\u00e9sentations dans le nouveau \"vivier\" du Kabeldistrict, une zone industrielle situ\u00e9e juste \u00e0 l'ext\u00e9rieur de la ville, et pas moins de cinq nouveaux lieux de repr\u00e9sentation dans les Schiehallen et aux alentours.<\/p>\n\n\n\n<div class=\"su-note\"  style=\"border-color:#e5e54c;border-radius:3px;-moz-border-radius:3px;-webkit-border-radius:3px;\"><div class=\"su-note-inner su-u-clearfix su-u-trim\" style=\"background-color:#FFFF66;border-color:#ffffff;color:#333333;border-radius:3px;-moz-border-radius:3px;-webkit-border-radius:3px;\"><strong><em>La 14e \u00e9dition du Delft Fringe Festival se d\u00e9roule jusqu'au dimanche 8 juin. Toutes les informations et les billets sont disponibles \u00e0 l'adresse suivante<\/em><\/strong><a href=\"https:\/\/zyyvax.clicks.mlsend.com\/tb\/cl\/eyJ2Ijoie1wiYVwiOjI2NTU0OCxcImxcIjoxNTU2NTQxMDY2MzYwOTI4MTEsXCJyXCI6MTU1NjU0MTE5NTcwMjc4MDYzfSIsInMiOiJkZDQ5OWZlYmMxYzZmZGYwIn0\"><strong><em> www.delftfringefestival.nl<\/em><\/strong><\/a>.<\/div><\/div><a href=\"https:\/\/zyyvax.clicks.mlsend.com\/tb\/cl\/eyJ2Ijoie1wiYVwiOjI2NTU0OCxcImxcIjoxNTU2NTQxMDY2NTcwNjQzMzQsXCJyXCI6MTU1NjU0MTE5NTcwMjc4MDYzfSIsInMiOiI1NTZkNTg5YmIxNzQ4MzljIn0\" target=\"_blank\" rel=\"noreferrer noopener\"><\/a><br \/><\/p>","protected":false},"excerpt":{"rendered":"<p>Delft, mercredi 28 mai - La 14e \u00e9dition du Delft Fringe Festival a d\u00e9but\u00e9 le mardi 27 mai au soir. Lors de l'ouverture festive au Theater de Veste, le public a tout de suite compris pourquoi ce festival est si sp\u00e9cial : il s'agit avant tout de rencontres, de renouveau et de coop\u00e9ration. En collaboration avec des partenaires de la ville, le festival \u00e9voque les&nbsp;<a href=\"https:\/\/staging.cultuurpers.nl\/fr\/2025\/05\/delft-fringe-festival-2025-feestelijk-van-start-samen-met-de-stad-geeft-het-festival-jonge-makers-een-podium\/\" rel=\"bookmark\">Lire la suite \"<span class=\"screen-reader-text\">Lancement festif du Delft Fringe Festival 2025 : \"En collaboration avec la ville, le festival offre une sc\u00e8ne aux jeunes cr\u00e9ateurs\".<\/span><\/a><\/p>","protected":false},"author":13,"featured_media":97403,"comment_status":"open","ping_status":"closed","sticky":false,"template":"","format":"standard","meta":{"_eb_attr":"","_monsterinsights_skip_tracking":false,"_monsterinsights_sitenote_active":false,"_monsterinsights_sitenote_note":"","_monsterinsights_sitenote_category":0,"neve_meta_sidebar":"","neve_meta_container":"","neve_meta_enable_content_width":"","neve_meta_content_width":0,"neve_meta_title_alignment":"","neve_meta_author_avatar":"","neve_post_elements_order":"","neve_meta_disable_header":"","neve_meta_disable_footer":"","neve_meta_disable_title":"","neve_meta_reading_time":"","_themeisle_gutenberg_block_has_review":false,"_jetpack_memberships_contains_paid_content":false,"activitypub_content_warning":null,"activitypub_content_visibility":"","activitypub_max_image_attachments":3,"activitypub_interaction_policy_quote":"anyone","activitypub_status":"federated","footnotes":"","jetpack_publicize_message":"","jetpack_publicize_feature_enabled":true,"jetpack_social_post_already_shared":false,"jetpack_social_options":{"image_generator_settings":{"template":"highway","enabled":false},"version":2}},"categories":[15863,11917,8843,3059],"tags":[15861],"class_list":["post-97402","post","type-post","status-publish","format-standard","has-post-thumbnail","hentry","category-delft-fringe-festival","category-persberichten","category-podiumkunst","category-specials","tag-delft-fringe-festival"],"aioseo_notices":[],"jetpack_publicize_connections":[],"jetpack_featured_media_url":"https:\/\/staging.cultuurpers.nl\/wp-content\/uploads\/2025\/05\/Opening-Delft-Fringe-Festival-2025-in-Theater-de-Veste-Fotograaf_-Maurice-Gemmeke-scaled.jpg","jetpack-related-posts":[{"id":96455,"url":"https:\/\/staging.cultuurpers.nl\/fr\/2025\/02\/de-toekomst-speelt-op-delft-fringe-festival\/","url_meta":{"origin":97402,"position":0},"title":"L'avenir se joue au Delft Fringe Festival !","author":"een van onze leden","date":"3 f\u00e9vrier 2025","format":false,"excerpt":"Geniet van nieuw talent\u00a0met persoonlijke voorstellingen\u00a0door de hele stad Delft, maandag 3 februari\u00a0-\u00a0Van 27 mei tot en met 9 juni is Delft negen dagen lang het toneel voor talentvolle nieuwe makers. Op 30 bijzondere locaties in de stad verrassen en ontroeren 26 talenten bezoekers met dans, theater, muziek, cabaret en\u2026","rel":"","context":"Dans &quot;PERSBERICHTEN&quot;","block_context":{"text":"PERSBERICHTEN","link":"https:\/\/staging.cultuurpers.nl\/fr\/genre\/service\/persberichten\/"},"img":{"alt_text":"","src":"https:\/\/i0.wp.com\/staging.cultuurpers.nl\/wp-content\/uploads\/2025\/02\/wTEbkcady4j5LonBNgdlO2DQ4nZuPohnGyTNTT9Q.jpg?resize=350%2C200&ssl=1","width":350,"height":200,"srcset":"https:\/\/i0.wp.com\/staging.cultuurpers.nl\/wp-content\/uploads\/2025\/02\/wTEbkcady4j5LonBNgdlO2DQ4nZuPohnGyTNTT9Q.jpg?resize=350%2C200&ssl=1 1x, https:\/\/i0.wp.com\/staging.cultuurpers.nl\/wp-content\/uploads\/2025\/02\/wTEbkcady4j5LonBNgdlO2DQ4nZuPohnGyTNTT9Q.jpg?resize=525%2C300&ssl=1 1.5x, https:\/\/i0.wp.com\/staging.cultuurpers.nl\/wp-content\/uploads\/2025\/02\/wTEbkcady4j5LonBNgdlO2DQ4nZuPohnGyTNTT9Q.jpg?resize=700%2C400&ssl=1 2x, https:\/\/i0.wp.com\/staging.cultuurpers.nl\/wp-content\/uploads\/2025\/02\/wTEbkcady4j5LonBNgdlO2DQ4nZuPohnGyTNTT9Q.jpg?resize=1050%2C600&ssl=1 3x, https:\/\/i0.wp.com\/staging.cultuurpers.nl\/wp-content\/uploads\/2025\/02\/wTEbkcady4j5LonBNgdlO2DQ4nZuPohnGyTNTT9Q.jpg?resize=1400%2C800&ssl=1 4x"},"classes":[]},{"id":97514,"url":"https:\/\/staging.cultuurpers.nl\/fr\/2025\/06\/collectief-teder-wint-publieksprijs-delft-fringe-festival-2025-feministisch-muziektheater-dat-de-grenzen-van-het-bespreekbare-opzoekt\/","url_meta":{"origin":97402,"position":1},"title":"Collective Teder remporte le prix du public Delft Fringe Festival 2025 : th\u00e9\u00e2tre musical f\u00e9ministe qui explore les limites du discutable","author":"een van onze leden","date":"9 juin 2025","format":false,"excerpt":"Delft, zondag 8 juni\u00a0-\u00a0De afgelopen twee weken veranderde heel Delft in een podium. Van molen tot woonkamer en van boulderhal tot yogastudio. Op 30 locaties in de stad speelden 28 makers hun voorstelling. Van verrassende premi\u00e8res tot ontroerende optredens en prachtige ontmoetingen: we hebben genoten. Zondag 8 juni sloot het\u2026","rel":"","context":"Dans &quot;ACTUEEL&quot;","block_context":{"text":"ACTUEEL","link":"https:\/\/staging.cultuurpers.nl\/fr\/genre\/nieuws\/"},"img":{"alt_text":"","src":"https:\/\/i0.wp.com\/staging.cultuurpers.nl\/wp-content\/uploads\/2025\/06\/Collectief-Teder-wint-de-Delft-Fringe-Festival-Publieksprijs-2025-Fotograaf_-Jurjen-Bolsenbroek.jpg-scaled.jpg?resize=350%2C200&ssl=1","width":350,"height":200,"srcset":"https:\/\/i0.wp.com\/staging.cultuurpers.nl\/wp-content\/uploads\/2025\/06\/Collectief-Teder-wint-de-Delft-Fringe-Festival-Publieksprijs-2025-Fotograaf_-Jurjen-Bolsenbroek.jpg-scaled.jpg?resize=350%2C200&ssl=1 1x, https:\/\/i0.wp.com\/staging.cultuurpers.nl\/wp-content\/uploads\/2025\/06\/Collectief-Teder-wint-de-Delft-Fringe-Festival-Publieksprijs-2025-Fotograaf_-Jurjen-Bolsenbroek.jpg-scaled.jpg?resize=525%2C300&ssl=1 1.5x, https:\/\/i0.wp.com\/staging.cultuurpers.nl\/wp-content\/uploads\/2025\/06\/Collectief-Teder-wint-de-Delft-Fringe-Festival-Publieksprijs-2025-Fotograaf_-Jurjen-Bolsenbroek.jpg-scaled.jpg?resize=700%2C400&ssl=1 2x, https:\/\/i0.wp.com\/staging.cultuurpers.nl\/wp-content\/uploads\/2025\/06\/Collectief-Teder-wint-de-Delft-Fringe-Festival-Publieksprijs-2025-Fotograaf_-Jurjen-Bolsenbroek.jpg-scaled.jpg?resize=1050%2C600&ssl=1 3x"},"classes":[]},{"id":97299,"url":"https:\/\/staging.cultuurpers.nl\/fr\/2025\/05\/aftellen-tot-de-start-van-delft-fringe-festival-op-27-mei\/","url_meta":{"origin":97402,"position":2},"title":"Compte \u00e0 rebours avant le d\u00e9but du Delft Fringe Festival le 27 mai","author":"een van onze leden","date":"15 mai 2025","format":false,"excerpt":"Laat je verrassen en inspireren door persoonlijke verhalen\u00a0met een lach en een traan. Delft, donderdag 15 mei\u00a0- Het is bijna\u00a0zover! Op dinsdag 27 mei om 19.30 uur opent de 14e editie van het Delft Fringe Festival met een feestelijke avond in Theater de Veste. Met 30 artiesten dit jaar\u00a0op het\u2026","rel":"","context":"Dans &quot;Delft Fringe Festival&quot;","block_context":{"text":"Delft Fringe Festival","link":"https:\/\/staging.cultuurpers.nl\/fr\/genre\/service\/specials\/delft-fringe-festival\/"},"img":{"alt_text":"","src":"https:\/\/i0.wp.com\/staging.cultuurpers.nl\/wp-content\/uploads\/2025\/05\/myPHt46IrD7Q0pymufV0CS0BKsthFMBUoYVLr7F8-scaled.webp?resize=350%2C200&ssl=1","width":350,"height":200,"srcset":"https:\/\/i0.wp.com\/staging.cultuurpers.nl\/wp-content\/uploads\/2025\/05\/myPHt46IrD7Q0pymufV0CS0BKsthFMBUoYVLr7F8-scaled.webp?resize=350%2C200&ssl=1 1x, https:\/\/i0.wp.com\/staging.cultuurpers.nl\/wp-content\/uploads\/2025\/05\/myPHt46IrD7Q0pymufV0CS0BKsthFMBUoYVLr7F8-scaled.webp?resize=525%2C300&ssl=1 1.5x, https:\/\/i0.wp.com\/staging.cultuurpers.nl\/wp-content\/uploads\/2025\/05\/myPHt46IrD7Q0pymufV0CS0BKsthFMBUoYVLr7F8-scaled.webp?resize=700%2C400&ssl=1 2x, https:\/\/i0.wp.com\/staging.cultuurpers.nl\/wp-content\/uploads\/2025\/05\/myPHt46IrD7Q0pymufV0CS0BKsthFMBUoYVLr7F8-scaled.webp?resize=1050%2C600&ssl=1 3x, https:\/\/i0.wp.com\/staging.cultuurpers.nl\/wp-content\/uploads\/2025\/05\/myPHt46IrD7Q0pymufV0CS0BKsthFMBUoYVLr7F8-scaled.webp?resize=1400%2C800&ssl=1 4x"},"classes":[]},{"id":94451,"url":"https:\/\/staging.cultuurpers.nl\/fr\/2024\/06\/dystopia-wint-de-delft-fringe-festival-publieksprijs-2024\/","url_meta":{"origin":97402,"position":3},"title":"Dystopia remporte le prix du public du Delft Fringe Festival 2024","author":"een van onze leden","date":"10 juin 2024","format":false,"excerpt":"In een haast uitverkocht laatste weekend speelden zij de zalen plat Delft, zondag 9 juni, 2024\u00a0-\u00a0Na twee weken vol bijzondere ontmoetingen, rake woorden indrukwekkende moves, kleine leermomenten - of juist grootse - en schaterende lachmomenten zit het erop. Delft Fringe Festival, h\u00e9t festival voor nieuwe podiumkunstenaars, maakte tijdens de afsluiting\u2026","rel":"","context":"Dans &quot;Delft Fringe Festival&quot;","block_context":{"text":"Delft Fringe Festival","link":"https:\/\/staging.cultuurpers.nl\/fr\/genre\/service\/specials\/delft-fringe-festival\/"},"img":{"alt_text":"","src":"https:\/\/i0.wp.com\/staging.cultuurpers.nl\/wp-content\/uploads\/2024\/06\/Publieksprijswinnaars-Dystopia-Fotograaf_-Sjoerd-Derine-scaled.jpg?resize=350%2C200&ssl=1","width":350,"height":200,"srcset":"https:\/\/i0.wp.com\/staging.cultuurpers.nl\/wp-content\/uploads\/2024\/06\/Publieksprijswinnaars-Dystopia-Fotograaf_-Sjoerd-Derine-scaled.jpg?resize=350%2C200&ssl=1 1x, https:\/\/i0.wp.com\/staging.cultuurpers.nl\/wp-content\/uploads\/2024\/06\/Publieksprijswinnaars-Dystopia-Fotograaf_-Sjoerd-Derine-scaled.jpg?resize=525%2C300&ssl=1 1.5x, https:\/\/i0.wp.com\/staging.cultuurpers.nl\/wp-content\/uploads\/2024\/06\/Publieksprijswinnaars-Dystopia-Fotograaf_-Sjoerd-Derine-scaled.jpg?resize=700%2C400&ssl=1 2x, https:\/\/i0.wp.com\/staging.cultuurpers.nl\/wp-content\/uploads\/2024\/06\/Publieksprijswinnaars-Dystopia-Fotograaf_-Sjoerd-Derine-scaled.jpg?resize=1050%2C600&ssl=1 3x, https:\/\/i0.wp.com\/staging.cultuurpers.nl\/wp-content\/uploads\/2024\/06\/Publieksprijswinnaars-Dystopia-Fotograaf_-Sjoerd-Derine-scaled.jpg?resize=1400%2C800&ssl=1 4x"},"classes":[]}],"jetpack_shortlink":"https:\/\/wp.me\/p3yKke-pl0","jetpack_sharing_enabled":true,"_links":{"self":[{"href":"https:\/\/staging.cultuurpers.nl\/fr\/wp-json\/wp\/v2\/posts\/97402","targetHints":{"allow":["GET"]}}],"collection":[{"href":"https:\/\/staging.cultuurpers.nl\/fr\/wp-json\/wp\/v2\/posts"}],"about":[{"href":"https:\/\/staging.cultuurpers.nl\/fr\/wp-json\/wp\/v2\/types\/post"}],"author":[{"embeddable":true,"href":"https:\/\/staging.cultuurpers.nl\/fr\/wp-json\/wp\/v2\/users\/13"}],"replies":[{"embeddable":true,"href":"https:\/\/staging.cultuurpers.nl\/fr\/wp-json\/wp\/v2\/comments?post=97402"}],"version-history":[{"count":1,"href":"https:\/\/staging.cultuurpers.nl\/fr\/wp-json\/wp\/v2\/posts\/97402\/revisions"}],"predecessor-version":[{"id":97404,"href":"https:\/\/staging.cultuurpers.nl\/fr\/wp-json\/wp\/v2\/posts\/97402\/revisions\/97404"}],"wp:featuredmedia":[{"embeddable":true,"href":"https:\/\/staging.cultuurpers.nl\/fr\/wp-json\/wp\/v2\/media\/97403"}],"wp:attachment":[{"href":"https:\/\/staging.cultuurpers.nl\/fr\/wp-json\/wp\/v2\/media?parent=97402"}],"wp:term":[{"taxonomy":"category","embeddable":true,"href":"https:\/\/staging.cultuurpers.nl\/fr\/wp-json\/wp\/v2\/categories?post=97402"},{"taxonomy":"post_tag","embeddable":true,"href":"https:\/\/staging.cultuurpers.nl\/fr\/wp-json\/wp\/v2\/tags?post=97402"}],"curies":[{"name":"wp","href":"https:\/\/api.w.org\/{rel}","templated":true}]}}