{"id":97385,"date":"2025-05-27T10:48:05","date_gmt":"2025-05-27T08:48:05","guid":{"rendered":"https:\/\/cultureelpersbureau.nl\/?p=97385"},"modified":"2025-05-27T10:48:08","modified_gmt":"2025-05-27T08:48:08","slug":"twee-kinderportretten-van-frans-hals-komen-terug-naar-nederland","status":"publish","type":"post","link":"https:\/\/staging.cultuurpers.nl\/fr\/2025\/05\/twee-kinderportretten-van-frans-hals-komen-terug-naar-nederland\/","title":{"rendered":"Deux portraits d'enfants de Frans Hals retournent aux Pays-Bas"},"content":{"rendered":"<p><strong>Lors d'une vente aux ench\u00e8res \u00e0 New York, le Mus\u00e9e Frans Hals et le Mauritshuis ont acquis conjointement deux tableaux de Frans Hals. Le gar\u00e7on jouant du violon et la jeune fille chantant ont \u00e9t\u00e9 achet\u00e9s chez Sotheby's avec le soutien de l'Association Rembrandt, du Fonds Mondriaan, du Fonds national d'acquisition du minist\u00e8re de l'\u00e9ducation, de la culture et des sciences, de l'Association des amis du mus\u00e9e Frans Hals, de la Loterie des amis et de la municipalit\u00e9 de Haarlem.  Ces tableaux constituent une acquisition unique pour les Pays-Bas, car ils repr\u00e9sentent peut-\u00eatre les propres enfants de Hals et offrent une vue d'ensemble des Pays-Bas au XVIIe si\u00e8cle. Les \u0153uvres resteront ensemble et seront expos\u00e9es alternativement \u00e0 Haarlem et \u00e0 La Haye.\u00a0<\/strong><\/p>\n\n\n\n<p>Les deux panneaux, peints vers 1628, constituent un ajout important \u00e0 la collection d'art public des Pays-Bas et aux collections des deux mus\u00e9es. Frans Hals est connu dans le monde entier pour ses portraits et ses \u0153uvres de genre : des repr\u00e9sentations de gens ordinaires dans leurs activit\u00e9s quotidiennes, que l'on peut encore rencontrer dans la rue aujourd'hui. C'est pr\u00e9cis\u00e9ment ce genre d'\u0153uvres de Hals que l'on ne trouvait gu\u00e8re dans la collection n\u00e9erlandaise jusqu'\u00e0 pr\u00e9sent. Les portraits de deux enfants jouant de la musique, qui ont \u00e9t\u00e9 acquis, sont d'autant plus remarquables que le gar\u00e7on et la fille sont peut-\u00eatre son propre fils et sa propre fille.<\/p>\n\n\n\n<p>Eppo Bruins, ministre de l'\u00e9ducation, de la culture et des sciences (OCW) : <em>Il est merveilleux que ces tableaux de Frans Hals, d'abord entre les mains d'un particulier \u00e9tranger, soient de retour dans notre pays. Elles offrent un aper\u00e7u de la vie quotidienne au XVIIe si\u00e8cle et sont un merveilleux exemple de la touche picturale libre caract\u00e9ristique de Hals. C'est une bonne chose que deux mus\u00e9es unissent leurs forces, avec le soutien du gouvernement et de donateurs priv\u00e9s, pour que ce chef-d'\u0153uvre hollandais unique puisse bient\u00f4t \u00eatre admir\u00e9 par tous.<\/em><\/p>\n\n\n\n<h2 class=\"wp-block-heading\"><strong>L'h\u00e9ritage de Hals<\/strong><\/h2>\n\n\n\n<p>Frans Hals (1583-1666) est l'un des peintres n\u00e9erlandais les plus c\u00e9l\u00e8bres et les plus novateurs du XVIIe si\u00e8cle. Ses coups de pinceau dynamiques et ses compositions spontan\u00e9es ont rendu son \u0153uvre unique et largement imit\u00e9e. Son style s'est impos\u00e9 \u00e0 son \u00e9poque et lui a valu de nombreuses commandes de portraits, notamment de riches brasseurs et de tireurs de Haarlem. En outre, il a souvent repr\u00e9sent\u00e9 des gens ordinaires, une \u00e9volution qui a commenc\u00e9 \u00e0 Haarlem et qui s'est ensuite r\u00e9pandue dans toute la Hollande. Plus tard, son \u0153uvre a \u00e9galement exerc\u00e9 une grande influence sur des artistes tels que les impressionnistes et Vincent van Gogh.<\/p>\n\n\n\n<h2 class=\"wp-block-heading\"><strong>La pi\u00e8ce manquante du puzzle pour les mus\u00e9es<\/strong><\/h2>\n\n\n\n<p>Le mus\u00e9e Frans Hals poss\u00e8de la plus grande collection de peintures de Hals au monde, mais ne poss\u00e9dait jusqu'\u00e0 pr\u00e9sent aucune peinture de genre de sa main. Avec ces deux panneaux, cette partie importante de l'\u0153uvre de Hals trouve \u00e9galement sa place au mus\u00e9e. Les tableaux seront expos\u00e9s au mus\u00e9e Frans Hals \u00e0 partir de la mi-juillet et feront partie de l'exposition Hals-Rembrandt, qui s'y tiendra \u00e0 partir de novembre 2026.<\/p>\n\n\n\n<p>En tant que mus\u00e9e des chefs-d'\u0153uvre du XVIIe si\u00e8cle, l'\u0153uvre de Frans Hals est relativement peu repr\u00e9sent\u00e9e dans la collection de la Mauritshuis. \u00c0 la mi-octobre, les tableaux seront expos\u00e9s pour la premi\u00e8re fois \u00e0 la Mauritshuis dans le cadre d'une pr\u00e9sentation sur l'\u00e9volution de la peinture de genre au d\u00e9but du XVIIe si\u00e8cle. Elles seront accompagn\u00e9es d'\u0153uvres de peintres tels que Willem Buytewech et le Flamand Adriaen Brouwer, qui travaillaient \u00e0 Haarlem \u00e0 la m\u00eame \u00e9poque.<\/p>\n\n\n\n<h2 class=\"wp-block-heading\"><strong>Achet\u00e9 avec le soutien de<\/strong><\/h2>\n\n\n\n<p>Le gar\u00e7on jouant du violon et la jeune fille chantant de Frans Hals ont \u00e9t\u00e9 acquis avec le soutien de l'Association Rembrandt, du Fonds Mondriaan, du Fonds national d'acquisition du minist\u00e8re de l'\u00e9ducation, de la culture et des sciences, de l'Association des amis du mus\u00e9e Frans Hals, de la Loterie des amis et de la municipalit\u00e9 de Haarlem.<\/p>","protected":false},"excerpt":{"rendered":"<p>Lors d'une vente aux ench\u00e8res \u00e0 New York, le Mus\u00e9e Frans Hals et le Mauritshuis ont acquis conjointement deux tableaux de Frans Hals. Le gar\u00e7on jouant du violon et la jeune fille chantant ont \u00e9t\u00e9 achet\u00e9s chez Sotheby's avec le soutien de l'Association Rembrandt, du Fonds Mondriaan, du Fonds national d'acquisition du minist\u00e8re de l'\u00e9ducation, de la culture et des sciences, et de l'Association des amis du mus\u00e9e Frans Hals,&nbsp;<a href=\"https:\/\/staging.cultuurpers.nl\/fr\/2025\/05\/twee-kinderportretten-van-frans-hals-komen-terug-naar-nederland\/\" rel=\"bookmark\">Lire la suite \"<span class=\"screen-reader-text\">Deux portraits d'enfants de Frans Hals retournent aux Pays-Bas<\/span><\/a><\/p>","protected":false},"author":13,"featured_media":97386,"comment_status":"open","ping_status":"closed","sticky":false,"template":"","format":"standard","meta":{"_eb_attr":"","_monsterinsights_skip_tracking":false,"_monsterinsights_sitenote_active":false,"_monsterinsights_sitenote_note":"","_monsterinsights_sitenote_category":0,"neve_meta_sidebar":"","neve_meta_container":"","neve_meta_enable_content_width":"","neve_meta_content_width":0,"neve_meta_title_alignment":"","neve_meta_author_avatar":"","neve_post_elements_order":"","neve_meta_disable_header":"","neve_meta_disable_footer":"","neve_meta_disable_title":"","neve_meta_reading_time":"","_themeisle_gutenberg_block_has_review":false,"_jetpack_memberships_contains_paid_content":false,"activitypub_content_warning":null,"activitypub_content_visibility":"","activitypub_max_image_attachments":3,"activitypub_interaction_policy_quote":"anyone","activitypub_status":"federated","footnotes":"","jetpack_publicize_message":"","jetpack_publicize_feature_enabled":true,"jetpack_social_post_already_shared":false,"jetpack_social_options":{"image_generator_settings":{"template":"highway","enabled":false},"version":2}},"categories":[4757,10340,11917],"tags":[15796,9041],"class_list":["post-97385","post","type-post","status-publish","format-standard","has-post-thumbnail","hentry","category-beeldende-kunst-2","category-erfgoed","category-persberichten","tag-frans-hals-museum","tag-ministerie-van-ocw"],"aioseo_notices":[],"jetpack_publicize_connections":[],"jetpack_featured_media_url":"https:\/\/staging.cultuurpers.nl\/wp-content\/uploads\/2025\/05\/Frans-Hals-Vioolspelende-jongen-ca.-1628-Frans-Hals-Museum-en-Mauritshuis-foto-met-dank-aan-Virginia-Museum-of-Fine-Arts_met-lijst-1.avif","jetpack-related-posts":[{"id":93194,"url":"https:\/\/staging.cultuurpers.nl\/fr\/2024\/01\/frans-hals-museum-en-amsterdam-museum-lanceren-portretwedstrijd-gezichten-van-noord-holland\/","url_meta":{"origin":97385,"position":0},"title":"LE MUS\u00c9E FRANS HALS ET LE MUS\u00c9E D'AMSTERDAM LANCENT LE CONCOURS DE PORTRAITS VISAGES DE HOLLANDE DU NORD","author":"een van onze leden","date":"11 janvier 2024","format":false,"excerpt":"Il est temps de d\u00e9couvrir de nouveaux visages et de nouvelles histoires qui refl\u00e8tent la diversit\u00e9 de la Hollande-Septentrionale. Le lundi 5 f\u00e9vrier 2024, le concours de portraits du mus\u00e9e Frans Hals et du mus\u00e9e d'Amsterdam sera lanc\u00e9. Ce concours - qui fait appel \u00e0 des cr\u00e9ateurs avec ou sans exp\u00e9rience pour capturer les r\u00e9sidents de la Hollande du Nord - vise \u00e0","rel":"","context":"Dans &quot;BEELDEND&quot;","block_context":{"text":"BEELDEND","link":"https:\/\/staging.cultuurpers.nl\/fr\/genre\/beeldende-kunst-2\/"},"img":{"alt_text":"campagnebeeld GvNH","src":"https:\/\/i0.wp.com\/staging.cultuurpers.nl\/wp-content\/uploads\/2024\/01\/01-GVNH_portretwedstrijd_vierkant-768x768-1.png?resize=350%2C200&ssl=1","width":350,"height":200,"srcset":"https:\/\/i0.wp.com\/staging.cultuurpers.nl\/wp-content\/uploads\/2024\/01\/01-GVNH_portretwedstrijd_vierkant-768x768-1.png?resize=350%2C200&ssl=1 1x, https:\/\/i0.wp.com\/staging.cultuurpers.nl\/wp-content\/uploads\/2024\/01\/01-GVNH_portretwedstrijd_vierkant-768x768-1.png?resize=525%2C300&ssl=1 1.5x, https:\/\/i0.wp.com\/staging.cultuurpers.nl\/wp-content\/uploads\/2024\/01\/01-GVNH_portretwedstrijd_vierkant-768x768-1.png?resize=700%2C400&ssl=1 2x"},"classes":[]},{"id":94493,"url":"https:\/\/staging.cultuurpers.nl\/fr\/2024\/06\/amsterdam-museum-opent-tentoonstelling-over-nieuwe-noord-hollandse-portretten\/","url_meta":{"origin":97385,"position":1},"title":"Le mus\u00e9e d'Amsterdam inaugure une exposition sur les nouveaux portraits de la Hollande septentrionale","author":"een van onze leden","date":"14 juin 2024","format":false,"excerpt":"Van 26 juli tot en met 10 november 2024 is in het Amsterdam Museum aan de Amstel de tentoonstelling\u00a0Gezichten van Noord-Holland\u00a0te zien. De tentoonstelling is het resultaat van het gelijknamige samenwerkingsproject van het Amsterdam Museum en het Frans Hals Museum in Haarlem, waarin de musea samen met inwoners zochten naar\u2026","rel":"","context":"Dans &quot;ERFGOED&quot;","block_context":{"text":"ERFGOED","link":"https:\/\/staging.cultuurpers.nl\/fr\/genre\/erfgoed\/"},"img":{"alt_text":"Verborgen Verhalen Velsen door Coco Olakunle","src":"https:\/\/i0.wp.com\/staging.cultuurpers.nl\/wp-content\/uploads\/2024\/06\/Verborgen-Verhalen-Velsen-Coco-Olakunle-2024.jpg?resize=350%2C200&ssl=1","width":350,"height":200,"srcset":"https:\/\/i0.wp.com\/staging.cultuurpers.nl\/wp-content\/uploads\/2024\/06\/Verborgen-Verhalen-Velsen-Coco-Olakunle-2024.jpg?resize=350%2C200&ssl=1 1x, https:\/\/i0.wp.com\/staging.cultuurpers.nl\/wp-content\/uploads\/2024\/06\/Verborgen-Verhalen-Velsen-Coco-Olakunle-2024.jpg?resize=525%2C300&ssl=1 1.5x"},"classes":[]},{"id":70403,"url":"https:\/\/staging.cultuurpers.nl\/fr\/2021\/07\/rijksmuseum-zet-namen-bij-ons-slavernijverleden-en-het-effect-is-verbluffend\/","url_meta":{"origin":97385,"position":2},"title":"Le Rijksmuseum met des noms sur notre pass\u00e9 esclavagiste et l'effet est stup\u00e9fiant.","author":"Wijbrand Schaap","date":"1 juillet 2021","format":false,"excerpt":"Het is heel erg makkelijk om niet bij dingen stil te staan. Zo leerde ik op school dat we naar de Oost voeren om daar nootmuskaat en peper te halen. Spullen die daar zomaar van de bomen de boten in rolden en die we hier heel duur konden verkopen. Suiker,\u2026","rel":"","context":"Dans &quot;ACTUEEL&quot;","block_context":{"text":"ACTUEEL","link":"https:\/\/staging.cultuurpers.nl\/fr\/genre\/nieuws\/"},"img":{"alt_text":"","src":"https:\/\/i0.wp.com\/staging.cultuurpers.nl\/wp-content\/uploads\/2021\/07\/oopjen.jpg?resize=350%2C200&ssl=1","width":350,"height":200,"srcset":"https:\/\/i0.wp.com\/staging.cultuurpers.nl\/wp-content\/uploads\/2021\/07\/oopjen.jpg?resize=350%2C200&ssl=1 1x, https:\/\/i0.wp.com\/staging.cultuurpers.nl\/wp-content\/uploads\/2021\/07\/oopjen.jpg?resize=525%2C300&ssl=1 1.5x, https:\/\/i0.wp.com\/staging.cultuurpers.nl\/wp-content\/uploads\/2021\/07\/oopjen.jpg?resize=700%2C400&ssl=1 2x, https:\/\/i0.wp.com\/staging.cultuurpers.nl\/wp-content\/uploads\/2021\/07\/oopjen.jpg?resize=1050%2C600&ssl=1 3x, https:\/\/i0.wp.com\/staging.cultuurpers.nl\/wp-content\/uploads\/2021\/07\/oopjen.jpg?resize=1400%2C800&ssl=1 4x"},"classes":[]},{"id":17941,"url":"https:\/\/staging.cultuurpers.nl\/fr\/2014\/10\/haal-meer-uit-je-museumbezoek-en-kom-contact-met-kunst\/","url_meta":{"origin":97385,"position":3},"title":"Profite davantage de ta visite au mus\u00e9e et connecte-toi \u00e0 l'art.","author":"Madeleine Rood","date":"1 octobre 2014","format":false,"excerpt":"Hoe bezoek je een kunstmuseum? Johan Idema, adviseur, cultureel ondernemer en pleitbezorger van vernieuwing in de kunstwereld, heeft daar een boek over geschreven: \u2018How to visit an art museum\u2019. Hij denkt dat er wel wat kan verbeteren en veranderen. En dat mensen na lezing van zijn boek hun museumbezoek anders\u2026","rel":"","context":"Dans &quot;ACTUEEL&quot;","block_context":{"text":"ACTUEEL","link":"https:\/\/staging.cultuurpers.nl\/fr\/genre\/nieuws\/"},"img":{"alt_text":"Cover van 'How to visit an art museum' van Johan Idema","src":"https:\/\/i0.wp.com\/staging.cultuurpers.nl\/\/wp-content\/uploads\/2014\/10\/unknown-kopie-228x300.jpeg?resize=350%2C200&ssl=1","width":350,"height":200},"classes":[]},{"id":5275,"url":"https:\/\/staging.cultuurpers.nl\/fr\/2011\/09\/royement-dreigt-voor-gouds-museum-wegens-verkoop-schilderij-dumas-aan-onbekende-partij\/","url_meta":{"origin":97385,"position":4},"title":"Royishment menace le mus\u00e9e des Gouds \u00e0 propos de la vente d'un tableau de Dumas \u00e0 un inconnu","author":"een van onze leden","date":"8 septembre 2011","format":false,"excerpt":"Ok. Het is niet Victory Boogie Woogie, het Mondriaanschilderij dat in een ver en toen nog cultureel verleden ministerie en gemeente Hilversum in verlegenheid bracht, vanwege de geplande verkoop van het doek om de verbouwing van het stadhuis te bekostigen.\u00a0 Maar toch. 'Schoolboys' van Marlene Dumas is ook een doek\u2026","rel":"","context":"Dans &quot;ACTUEEL&quot;","block_context":{"text":"ACTUEEL","link":"https:\/\/staging.cultuurpers.nl\/fr\/genre\/nieuws\/"},"img":{"alt_text":"","src":"https:\/\/i0.wp.com\/staging.cultuurpers.nl\/wp-content\/uploads\/2011\/09\/schoolboys.jpg?resize=350%2C200&ssl=1","width":350,"height":200,"srcset":"https:\/\/i0.wp.com\/staging.cultuurpers.nl\/wp-content\/uploads\/2011\/09\/schoolboys.jpg?resize=350%2C200&ssl=1 1x, https:\/\/i0.wp.com\/staging.cultuurpers.nl\/wp-content\/uploads\/2011\/09\/schoolboys.jpg?resize=525%2C300&ssl=1 1.5x, https:\/\/i0.wp.com\/staging.cultuurpers.nl\/wp-content\/uploads\/2011\/09\/schoolboys.jpg?resize=700%2C400&ssl=1 2x, https:\/\/i0.wp.com\/staging.cultuurpers.nl\/wp-content\/uploads\/2011\/09\/schoolboys.jpg?resize=1050%2C600&ssl=1 3x"},"classes":[]},{"id":6307,"url":"https:\/\/staging.cultuurpers.nl\/fr\/2011\/12\/cultuur-in-het-kerstpakket-orientalis-stopt-en-heel-nijmegen-west-zonder-bieb\/","url_meta":{"origin":97385,"position":5},"title":"La culture dans le colis de No\u00ebl, Orientalis s'arr\u00eate et tout Nim\u00e8gue-Ouest sans biblioth\u00e8que.","author":"een van onze leden","date":"18 d\u00e9cembre 2011","format":false,"excerpt":"Verheugend nieuws uit de wereld van Kerst-pakketten. 1\/3 van de ondervraagden geeft aan wel een culturele belevenis in het kerstpakket te willen aantreffen, want men heeft minder vaak een culturele actviteit bezocht dan men zou willen: 43% vanwege de crisis en 35% uit tijdgebrek. Ondervraagden gaven aan vaker te zullen\u2026","rel":"","context":"Dans &quot;ACTUEEL&quot;","block_context":{"text":"ACTUEEL","link":"https:\/\/staging.cultuurpers.nl\/fr\/genre\/nieuws\/"},"img":{"alt_text":"","src":"","width":0,"height":0},"classes":[]}],"jetpack_shortlink":"https:\/\/wp.me\/p3yKke-pkJ","jetpack_sharing_enabled":true,"_links":{"self":[{"href":"https:\/\/staging.cultuurpers.nl\/fr\/wp-json\/wp\/v2\/posts\/97385","targetHints":{"allow":["GET"]}}],"collection":[{"href":"https:\/\/staging.cultuurpers.nl\/fr\/wp-json\/wp\/v2\/posts"}],"about":[{"href":"https:\/\/staging.cultuurpers.nl\/fr\/wp-json\/wp\/v2\/types\/post"}],"author":[{"embeddable":true,"href":"https:\/\/staging.cultuurpers.nl\/fr\/wp-json\/wp\/v2\/users\/13"}],"replies":[{"embeddable":true,"href":"https:\/\/staging.cultuurpers.nl\/fr\/wp-json\/wp\/v2\/comments?post=97385"}],"version-history":[{"count":2,"href":"https:\/\/staging.cultuurpers.nl\/fr\/wp-json\/wp\/v2\/posts\/97385\/revisions"}],"predecessor-version":[{"id":97390,"href":"https:\/\/staging.cultuurpers.nl\/fr\/wp-json\/wp\/v2\/posts\/97385\/revisions\/97390"}],"wp:featuredmedia":[{"embeddable":true,"href":"https:\/\/staging.cultuurpers.nl\/fr\/wp-json\/wp\/v2\/media\/97386"}],"wp:attachment":[{"href":"https:\/\/staging.cultuurpers.nl\/fr\/wp-json\/wp\/v2\/media?parent=97385"}],"wp:term":[{"taxonomy":"category","embeddable":true,"href":"https:\/\/staging.cultuurpers.nl\/fr\/wp-json\/wp\/v2\/categories?post=97385"},{"taxonomy":"post_tag","embeddable":true,"href":"https:\/\/staging.cultuurpers.nl\/fr\/wp-json\/wp\/v2\/tags?post=97385"}],"curies":[{"name":"wp","href":"https:\/\/api.w.org\/{rel}","templated":true}]}}