{"id":97379,"date":"2025-05-26T16:29:57","date_gmt":"2025-05-26T14:29:57","guid":{"rendered":"https:\/\/cultureelpersbureau.nl\/?p=97379"},"modified":"2025-05-26T16:30:00","modified_gmt":"2025-05-26T14:30:00","slug":"koning-willem-alexander-en-koningin-maxima-aanwezig-bij-opening-holland-festival","status":"publish","type":"post","link":"https:\/\/staging.cultuurpers.nl\/fr\/2025\/05\/koning-willem-alexander-en-koningin-maxima-aanwezig-bij-opening-holland-festival\/","title":{"rendered":"Le roi Willem-Alexander et la reine M\u00e1xima assistent \u00e0 l'ouverture du Holland Festival"},"content":{"rendered":"<p>Sa Majest\u00e9 le Roi et Sa Majest\u00e9 la Reine M\u00e1xima assisteront au spectacle d'ouverture de la 78e \u00e9dition du Holland Festival le mercredi 11 juin au soir \u00e0 Amsterdam. Au Muziekgebouw, le festival s'ouvrira avec la premi\u00e8re europ\u00e9enne de <em>Cyber Subin<\/em> dans lequel le chor\u00e9graphe tha\u00eflandais Pichet Klunchun fait revivre l'ancienne et gracieuse danse des masques Kohn \u00e0 travers le prisme de l'intelligence artificielle. L'IA analyse et d\u00e9construit les mouvements et g\u00e9n\u00e8re de nouvelles poses inattendues.<\/p>\n\n\n\n<h2 class=\"wp-block-heading\"><strong>Danse classique tha\u00eflandaise - r\u00e9interpr\u00e9t\u00e9e<\/strong><\/h2>\n\n\n\n<p>Les mouvements des humains et des avatars dans Cyber Subin sont bas\u00e9s sur \"Mae Bot Yai\" (59 poses d'une danse masqu\u00e9e traditionnelle tha\u00eflandaise, Khon), mais sont r\u00e9interpr\u00e9t\u00e9s par des processus num\u00e9riques. Les danseurs sont invit\u00e9s \u00e0 r\u00e9agir, \u00e0 r\u00e9sister ou \u00e0 danser avec les avatars.\u00a0<\/p>\n\n\n\n<p>Depuis plus de vingt ans, Klunchun \u00e9tudie les mouvements de la danse Khon et cherche \u00e0 les r\u00e9interpr\u00e9ter. Cyber Subin a \u00e9t\u00e9 d\u00e9velopp\u00e9 par lui en quatre phases : capture des mouvements, codification selon six principes, d\u00e9veloppement d'une interface pour interagir avec des avatars et exp\u00e9rimentation avec des danseurs et l'IA.&nbsp;<\/p>\n\n\n\n<h2 class=\"wp-block-heading\"><strong>Patrimoine de l'UNESCO<\/strong><\/h2>\n\n\n\n<p>Le khon, qui est jou\u00e9 depuis le XIVe si\u00e8cle, a \u00e9t\u00e9 ajout\u00e9 \u00e0 la liste du patrimoine culturel immat\u00e9riel de l'humanit\u00e9 de l'UNESCO en 2018. En tant que tel, le spectacle ne concerne pas seulement l'interaction entre l'homme et la machine, mais offre \u00e9galement une nouvelle approche de la pr\u00e9servation culturelle. Cyber (d\u00e9riv\u00e9 de cybern\u00e9tique) Subin (\"r\u00eave\" en tha\u00eflandais) montre que la tradition ne doit pas \u00eatre statique, mais plut\u00f4t vivante et \u00e9volutive. \u00a0<\/p>\n\n\n\n<p>Le Holland Festival est le plus grand festival international des arts de la sc\u00e8ne aux Pays-Bas et l'un des plus anciens festivals d'Europe. Fond\u00e9 en 1947, le Holland Festival f\u00eatera son 78e anniversaire en 2025. Dix-sept lieux accueilleront 143 spectacles, dont 14 premi\u00e8res mondiales. Cette ann\u00e9e, le festival se d\u00e9roulera du 11 au 29 juin \u00e0 Amsterdam et \u00e0 La Haye.<\/p>","protected":false},"excerpt":{"rendered":"<p>Sa Majest\u00e9 le Roi et Sa Majest\u00e9 la Reine M\u00e1xima assisteront au spectacle d'ouverture de la 78e \u00e9dition du Holland Festival le mercredi 11 juin au soir \u00e0 Amsterdam. Au Muziekgebouw, le festival s'ouvrira avec la premi\u00e8re europ\u00e9enne de Cyber Subin, dans laquelle le chor\u00e9graphe tha\u00eflandais Pichet Klunchun fait revivre l'ancienne et gracieuse danse des masques Kohn par le biais de l'art de la danse.&nbsp;<a href=\"https:\/\/staging.cultuurpers.nl\/fr\/2025\/05\/koning-willem-alexander-en-koningin-maxima-aanwezig-bij-opening-holland-festival\/\" rel=\"bookmark\">Lire la suite \"<span class=\"screen-reader-text\">Le roi Willem-Alexander et la reine M\u00e1xima assistent \u00e0 l'ouverture du Holland Festival<\/span><\/a><\/p>","protected":false},"author":13,"featured_media":97380,"comment_status":"open","ping_status":"closed","sticky":false,"template":"","format":"standard","meta":{"_eb_attr":"","_monsterinsights_skip_tracking":false,"_monsterinsights_sitenote_active":false,"_monsterinsights_sitenote_note":"","_monsterinsights_sitenote_category":0,"neve_meta_sidebar":"","neve_meta_container":"","neve_meta_enable_content_width":"","neve_meta_content_width":0,"neve_meta_title_alignment":"","neve_meta_author_avatar":"","neve_post_elements_order":"","neve_meta_disable_header":"","neve_meta_disable_footer":"","neve_meta_disable_title":"","neve_meta_reading_time":"","_themeisle_gutenberg_block_has_review":false,"_jetpack_memberships_contains_paid_content":false,"activitypub_content_warning":null,"activitypub_content_visibility":"","activitypub_max_image_attachments":3,"activitypub_interaction_policy_quote":"anyone","activitypub_status":"federated","footnotes":"","jetpack_publicize_message":"","jetpack_publicize_feature_enabled":true,"jetpack_social_post_already_shared":false,"jetpack_social_options":{"image_generator_settings":{"template":"highway","enabled":false},"version":2}},"categories":[1,6695,38,11917,8843,3059],"tags":[],"class_list":["post-97379","post","type-post","status-publish","format-standard","has-post-thumbnail","hentry","category-nieuws","category-dans","category-holland-festival","category-persberichten","category-podiumkunst","category-specials"],"aioseo_notices":[],"jetpack_publicize_connections":[],"jetpack_featured_media_url":"https:\/\/staging.cultuurpers.nl\/wp-content\/uploads\/2025\/05\/Cyber_Subin_Lee_Chia_Yeh_Pichet_K1-scaled.jpg","jetpack-related-posts":[{"id":97555,"url":"https:\/\/staging.cultuurpers.nl\/fr\/2025\/06\/cyber-subin-holland-festival-opent-met-licht-deprimerende-presentatie-van-onderzoek-naar-ai-en-dans\/","url_meta":{"origin":97379,"position":0},"title":"Cyber Subin : Le Holland Festival s'ouvre sur une pr\u00e9sentation l\u00e9g\u00e8rement d\u00e9primante de la recherche sur l'IA et la danse","author":"Wijbrand Schaap","date":"12 juin 2025","format":false,"excerpt":"Het fascinerendste aan al het gedoe rond AI is dat ongeveer de helft, maar misschien meer, van alle hype rondom de large language models waarop het is gebaseerd, vooral ook marketing is. Let wel: ik ben me terdege bewust van de razendsnelle ontwikkelingen rondom de nieuwe techniek. Ik sta ook\u2026","rel":"","context":"Dans &quot;DANS&quot;","block_context":{"text":"DANS","link":"https:\/\/staging.cultuurpers.nl\/fr\/genre\/podiumkunst\/dans\/"},"img":{"alt_text":"","src":"https:\/\/i0.wp.com\/staging.cultuurpers.nl\/wp-content\/uploads\/2025\/06\/Cyber-Subin-scaled.jpg?resize=350%2C200&ssl=1","width":350,"height":200,"srcset":"https:\/\/i0.wp.com\/staging.cultuurpers.nl\/wp-content\/uploads\/2025\/06\/Cyber-Subin-scaled.jpg?resize=350%2C200&ssl=1 1x, https:\/\/i0.wp.com\/staging.cultuurpers.nl\/wp-content\/uploads\/2025\/06\/Cyber-Subin-scaled.jpg?resize=525%2C300&ssl=1 1.5x, https:\/\/i0.wp.com\/staging.cultuurpers.nl\/wp-content\/uploads\/2025\/06\/Cyber-Subin-scaled.jpg?resize=700%2C400&ssl=1 2x, https:\/\/i0.wp.com\/staging.cultuurpers.nl\/wp-content\/uploads\/2025\/06\/Cyber-Subin-scaled.jpg?resize=1050%2C600&ssl=1 3x, https:\/\/i0.wp.com\/staging.cultuurpers.nl\/wp-content\/uploads\/2025\/06\/Cyber-Subin-scaled.jpg?resize=1400%2C800&ssl=1 4x"},"classes":[]},{"id":97558,"url":"https:\/\/staging.cultuurpers.nl\/fr\/2025\/06\/78e-holland-festival-feestelijk-geopend-in-aanwezigheid-van-de-koning\/","url_meta":{"origin":97379,"position":1},"title":"Le 78e Festival de Hollande s'est ouvert de mani\u00e8re festive en pr\u00e9sence du roi.\u00a0","author":"een van onze leden","date":"12 juin 2025","format":false,"excerpt":"Op 11 juni is in het Muziekgebouw, in aanwezigheid van Zijne Majesteit de Koning, de 78e editie van het Holland Festival feestelijk geopend met de Europese premi\u00e8re van Cyber Subin. Het festival duurt nog tot en met 29 juni.\u202f\u202f\u00a0 De Thaise choreograaf Pichet Klunchun en MIT-wetenschapper Pat Pataranutaporn brachten cutting\u2026","rel":"","context":"Dans &quot;ACTUEEL&quot;","block_context":{"text":"ACTUEEL","link":"https:\/\/staging.cultuurpers.nl\/fr\/genre\/nieuws\/"},"img":{"alt_text":"","src":"https:\/\/i0.wp.com\/staging.cultuurpers.nl\/wp-content\/uploads\/2025\/06\/opening_HF25-scaled.jpg?resize=350%2C200&ssl=1","width":350,"height":200,"srcset":"https:\/\/i0.wp.com\/staging.cultuurpers.nl\/wp-content\/uploads\/2025\/06\/opening_HF25-scaled.jpg?resize=350%2C200&ssl=1 1x, https:\/\/i0.wp.com\/staging.cultuurpers.nl\/wp-content\/uploads\/2025\/06\/opening_HF25-scaled.jpg?resize=525%2C300&ssl=1 1.5x, https:\/\/i0.wp.com\/staging.cultuurpers.nl\/wp-content\/uploads\/2025\/06\/opening_HF25-scaled.jpg?resize=700%2C400&ssl=1 2x, https:\/\/i0.wp.com\/staging.cultuurpers.nl\/wp-content\/uploads\/2025\/06\/opening_HF25-scaled.jpg?resize=1050%2C600&ssl=1 3x, https:\/\/i0.wp.com\/staging.cultuurpers.nl\/wp-content\/uploads\/2025\/06\/opening_HF25-scaled.jpg?resize=1400%2C800&ssl=1 4x"},"classes":[]},{"id":96782,"url":"https:\/\/staging.cultuurpers.nl\/fr\/2025\/03\/holland-festival-2025-opent-11-juni-met-thaise-ai-dans-butoh-aandacht-voor-het-kwetsbare-lichaam-een-bijzonder-project-dat-drie-weken-duurt-en-een-voorstelling-in-den-haag\/","url_meta":{"origin":97379,"position":2},"title":"Le Holland Festival 2025 s'ouvre le 11 juin avec la danse tha\u00eflandaise AI, le Butoh, une attention particuli\u00e8re au corps vuln\u00e9rable, un projet sp\u00e9cial de trois semaines et un spectacle \u00e0 La Haye.\u00a0","author":"een van onze leden","date":"18 mars 2025","format":false,"excerpt":"Het Holland Festival 2025 opent op 11 juni in het Muziekgebouw in Amsterdam met de Europese premi\u00e8re van Cyber Subin van de Thaise choreograaf Pichet Klunchun. Dansers en avatars dansen samen in een mede door AI gemaakte choreografie die de traditionele Thaise Khon-dans herinterpreteert. \u00a0 Voor het eerst in 35\u2026","rel":"","context":"Dans &quot;ACTUEEL&quot;","block_context":{"text":"ACTUEEL","link":"https:\/\/staging.cultuurpers.nl\/fr\/genre\/nieuws\/"},"img":{"alt_text":"","src":"https:\/\/i0.wp.com\/staging.cultuurpers.nl\/wp-content\/uploads\/2025\/03\/Brnice_Jean_Michel_Blasco_2-scaled.jpg?resize=350%2C200&ssl=1","width":350,"height":200,"srcset":"https:\/\/i0.wp.com\/staging.cultuurpers.nl\/wp-content\/uploads\/2025\/03\/Brnice_Jean_Michel_Blasco_2-scaled.jpg?resize=350%2C200&ssl=1 1x, https:\/\/i0.wp.com\/staging.cultuurpers.nl\/wp-content\/uploads\/2025\/03\/Brnice_Jean_Michel_Blasco_2-scaled.jpg?resize=525%2C300&ssl=1 1.5x, https:\/\/i0.wp.com\/staging.cultuurpers.nl\/wp-content\/uploads\/2025\/03\/Brnice_Jean_Michel_Blasco_2-scaled.jpg?resize=700%2C400&ssl=1 2x, https:\/\/i0.wp.com\/staging.cultuurpers.nl\/wp-content\/uploads\/2025\/03\/Brnice_Jean_Michel_Blasco_2-scaled.jpg?resize=1050%2C600&ssl=1 3x, https:\/\/i0.wp.com\/staging.cultuurpers.nl\/wp-content\/uploads\/2025\/03\/Brnice_Jean_Michel_Blasco_2-scaled.jpg?resize=1400%2C800&ssl=1 4x"},"classes":[]},{"id":135,"url":"https:\/\/staging.cultuurpers.nl\/fr\/2010\/06\/koningin-maakt-afwezigheid-bij-opening-goed-bij-rameaus-pygmalion-hf10\/","url_meta":{"origin":97379,"position":3},"title":"La reine compense son absence \u00e0 l'ouverture du Pygmalion de Rameau #hf10","author":"Wijbrand Schaap","date":"2 juin 2010","format":false,"excerpt":"\u00a0Staatsbezoeken passen zich maar moeilijk aan aan de culturele agenda, en als de koningin dan wegens een jaren daarvoor gepland bezoek aan Noorwegen haar opening van het Holland Festival mist, is dat overmacht. En niet iets anders, al blijft het natuurlijk heerlijk om in deze politiek verwarde tijden te speculeren\u2026","rel":"","context":"Dans &quot;Holland Festival&quot;","block_context":{"text":"Holland Festival","link":"https:\/\/staging.cultuurpers.nl\/fr\/genre\/service\/specials\/holland-festival\/"},"img":{"alt_text":"","src":"https:\/\/i0.wp.com\/staging.cultuurpers.nl\/\/wp-content\/uploads\/2010\/06\/HFteken-e1282146606306.jpg?resize=350%2C200&ssl=1","width":350,"height":200},"classes":[]}],"jetpack_shortlink":"https:\/\/wp.me\/p3yKke-pkD","jetpack_sharing_enabled":true,"_links":{"self":[{"href":"https:\/\/staging.cultuurpers.nl\/fr\/wp-json\/wp\/v2\/posts\/97379","targetHints":{"allow":["GET"]}}],"collection":[{"href":"https:\/\/staging.cultuurpers.nl\/fr\/wp-json\/wp\/v2\/posts"}],"about":[{"href":"https:\/\/staging.cultuurpers.nl\/fr\/wp-json\/wp\/v2\/types\/post"}],"author":[{"embeddable":true,"href":"https:\/\/staging.cultuurpers.nl\/fr\/wp-json\/wp\/v2\/users\/13"}],"replies":[{"embeddable":true,"href":"https:\/\/staging.cultuurpers.nl\/fr\/wp-json\/wp\/v2\/comments?post=97379"}],"version-history":[{"count":1,"href":"https:\/\/staging.cultuurpers.nl\/fr\/wp-json\/wp\/v2\/posts\/97379\/revisions"}],"predecessor-version":[{"id":97381,"href":"https:\/\/staging.cultuurpers.nl\/fr\/wp-json\/wp\/v2\/posts\/97379\/revisions\/97381"}],"wp:featuredmedia":[{"embeddable":true,"href":"https:\/\/staging.cultuurpers.nl\/fr\/wp-json\/wp\/v2\/media\/97380"}],"wp:attachment":[{"href":"https:\/\/staging.cultuurpers.nl\/fr\/wp-json\/wp\/v2\/media?parent=97379"}],"wp:term":[{"taxonomy":"category","embeddable":true,"href":"https:\/\/staging.cultuurpers.nl\/fr\/wp-json\/wp\/v2\/categories?post=97379"},{"taxonomy":"post_tag","embeddable":true,"href":"https:\/\/staging.cultuurpers.nl\/fr\/wp-json\/wp\/v2\/tags?post=97379"}],"curies":[{"name":"wp","href":"https:\/\/api.w.org\/{rel}","templated":true}]}}