{"id":97356,"date":"2025-05-23T14:12:22","date_gmt":"2025-05-23T12:12:22","guid":{"rendered":"https:\/\/cultureelpersbureau.nl\/?p=97356"},"modified":"2025-05-23T14:12:24","modified_gmt":"2025-05-23T12:12:24","slug":"publieksfavoriet-dystopia-opent-delft-fringe-ik-hoop-dat-wij-de-stem-van-het-publiek-laten-horen","status":"publish","type":"post","link":"https:\/\/staging.cultuurpers.nl\/fr\/2025\/05\/publieksfavoriet-dystopia-opent-delft-fringe-ik-hoop-dat-wij-de-stem-van-het-publiek-laten-horen\/","title":{"rendered":"Dystopia, favori du public, ouvre le Delft Fringe : \"J'esp\u00e8re que nous ferons entendre la voix du public\"."},"content":{"rendered":"<p>Le th\u00e9\u00e2tre \u00e0 bas seuil avec lequel des festivals comme Amsterdam Fringe, Caf\u00e9 Theatre Festival Utrecht et Delft Fringe atteignent de nouveaux publics n'est pas quelque chose que l'on monte \u00e0 la va-vite. Les trois jeunes cr\u00e9ateurs de Dystopia en sont la preuve. Ils r\u00e9alisent leur spectacle parall\u00e8lement \u00e0 leur travail r\u00e9mun\u00e9r\u00e9 d'enseignants en th\u00e9\u00e2tre, d'auteurs dramatiques et de directeurs de production. Selon leurs propres termes, Fleur Mennega, Mathijs Demper et Myrthe Ligtenberg r\u00e9alisent \"des performances qui...\u00a0<em>Ces spectacles sont un m\u00e9lange de th\u00e9\u00e2tre de science-fiction \"soft\" et de cabaret zap interactif. Elles visent des dialogues crus, de l'humour noir et des points de douleur reconnaissables dans un cadre dystopique\".<\/em><\/p>\n\n\n\n<figure class=\"wp-block-embed is-type-rich is-provider-spotify wp-block-embed-spotify wp-embed-aspect-21-9 wp-has-aspect-ratio\"><div class=\"wp-block-embed__wrapper\">\n<span class=\"4XD3TQjWf8oRzdlSAsy6B2tMe0NvFpSapn0LVEYhzrtfXQ9qeyoaZEv1IsmixPCHi3jP9KHh2UCw6D7TG51l8RwnIkUO\"><iframe title=\"Spotify Embed : Dystopia sur &quot;Time Sat&quot; au Delft Fringe : th\u00e9\u00e2tre optimiste sur la mal\u00e9diction de la vie \u00e9ternelle\" style=\"border-radius: 12px\" width=\"100%\" height=\"152\" frameborder=\"0\" allowfullscreen allow=\"autoplay; clipboard-write; encrypted-media; fullscreen; picture-in-picture\" loading=\"lazy\" src=\"https:\/\/open.spotify.com\/embed\/episode\/5Mtu7v6DAf3AGqAMrWENYl?si=nV693tEyQ3u69Q73Upbtgg&#038;utm_source=oembed\"><\/iframe><\/span>\n<\/div><\/figure>\n\n\n\n<h2 class=\"wp-block-heading\">D\u00e9veloppements num\u00e9riques<\/h2>\n\n\n\n<p>Mais comment faire ? Une semaine avant la premi\u00e8re \u00e0 Delft, en ouverture du Delft Fringe 2025, ils testent leur texte devant un petit public \u00e0 Utrecht. L'\u0153uvre fait mouche. Ensuite, nous nous parlons. Nous parlons alors du nom, Dystopia. Ce n'est pas tr\u00e8s gai, n'est-ce pas ?\u00a0<em>\"J'ai l'impression que nous vivons d\u00e9j\u00e0 dans un monde assez dystopique\",<\/em>\u00a0Mathijs dit :\u00a0<em>\"Quand on voit \u00e0 quel point la surveillance est importante. Et comment votre travail change \u00e0 cause de tous les d\u00e9veloppements num\u00e9riques. 1984 n'avait rien de comparable\".<\/em>\u00a0<em>\"La technologie \u00e9volue plus vite que le comportement social des gens ne peut suivre,<\/em>\u00a0ajoute Fleur.<\/p>\n\n\n\n<p>Les cr\u00e9ateurs consultent r\u00e9guli\u00e8rement des experts et des scientifiques dans le cadre de leur travail. Ils le font pour approfondir leur travail, mais aussi pour qu'il reste compr\u00e9hensible. Fleur explique :\u00a0<em>\"Nous abordons \u00e9galement tous les sujets sous l'angle de l'humour afin de les rendre compr\u00e9hensibles et d'attirer un public plus large.<\/em><\/p>\n\n\n\n<p>Ce public plus large est important pour eux. Ils n'aiment pas le th\u00e9\u00e2tre r\u00e9serv\u00e9 aux amateurs de th\u00e9\u00e2tre exp\u00e9riment\u00e9s. C'est pourquoi ils jouent \u00e9galement au Delft Fringe, explique Fleur : <em>\"J'esp\u00e8re que nous ferons entendre la voix du public. Nous nous int\u00e9ressons vraiment \u00e0 ce qui se passe dans la soci\u00e9t\u00e9 et \u00e0 la mani\u00e8re dont nous le portons \u00e0 la sc\u00e8ne. Cela permet au th\u00e9\u00e2tre d'\u00eatre accessible \u00e0 tous et pas seulement \u00e0 une certaine \u00e9lite qui va souvent au th\u00e9\u00e2tre\".<\/em><\/p>\n\n\n\n<h2 class=\"wp-block-heading\">Gorge<\/h2>\n\n\n\n<p>Elle explique qu'il\u00a0<strong>\"<\/strong><em>Il est tr\u00e8s dangereux de faire du th\u00e9\u00e2tre pour d'autres cr\u00e9ateurs de th\u00e9\u00e2tre ou d'autres gens de th\u00e9\u00e2tre\".<\/em><strong>\u00a0<\/strong><em>\"Je pense qu'il y aura un immense foss\u00e9 \u00e0 cause de cela. Les gens ne vont plus aussi facilement au th\u00e9\u00e2tre. Et je comprends aussi que si quelqu'un va au th\u00e9\u00e2tre et voit quelque chose auquel il ne peut pas s'identifier, parce que c'est un langage th\u00e9\u00e2tral qu'il ne conna\u00eet pas, il ne reviendra pas la prochaine fois.<\/em><\/p>\n\n\n\n<p>Si le succ\u00e8s se poursuit, les cr\u00e9ateurs de Dystopia aimeraient \u00e9galement voir un vrai th\u00e9\u00e2tre \u00e0 l'int\u00e9rieur, dit Mathijs : \".<em>C'est pr\u00e9cis\u00e9ment parce que nous avons jou\u00e9 du th\u00e9\u00e2tre dans de nombreux lieux diff\u00e9rents et que nous avons consciemment \u00e9vit\u00e9 la bo\u00eete noire, la salle de th\u00e9\u00e2tre, que je consid\u00e8re comme un d\u00e9fi tr\u00e8s int\u00e9ressant, apr\u00e8s quatre ans d'exp\u00e9rience, de rechercher cette m\u00eame salle de th\u00e9\u00e2tre et de l'approcher comme un lieu apr\u00e8s tout. Ouvrir cette bo\u00eete noire.<strong>\u00a0<\/strong>Vous pourriez \u00e9galement permettre au public de participer davantage au spectacle au lieu de se cacher derri\u00e8re le quatri\u00e8me mur\".<\/em><\/p>\n\n\n\n<div class=\"su-note\"  style=\"border-color:#e5e54c;border-radius:3px;-moz-border-radius:3px;-webkit-border-radius:3px;\"><div class=\"su-note-inner su-u-clearfix su-u-trim\" style=\"background-color:#FFFF66;border-color:#ffffff;color:#333333;border-radius:3px;-moz-border-radius:3px;-webkit-border-radius:3px;\">La dystopie peut \u00eatre observ\u00e9e avec \"Time Sat\" au centre d'information de l'Union europ\u00e9enne.\u00a0<a href=\"https:\/\/www.tgdystopia.com\/tijd-zat\">Festival Fringe de Delft<\/a>.<\/div><\/div>","protected":false},"excerpt":{"rendered":"<p>Le th\u00e9\u00e2tre \u00e0 bas seuil avec lequel des festivals comme Amsterdam Fringe, Caf\u00e9 Theatre Festival Utrecht et Delft Fringe atteignent de nouveaux publics n'est pas quelque chose que l'on monte \u00e0 la va-vite. Les trois jeunes cr\u00e9ateurs de Dystopia en sont la preuve. Ils r\u00e9alisent leur spectacle parall\u00e8lement \u00e0 leur travail r\u00e9mun\u00e9r\u00e9 d'enseignants en th\u00e9\u00e2tre, d'auteurs dramatiques et de directeurs de production. Selon leurs propres termes, Fleur Mennega, Mathijs Demper et Myrthe Ligtenberg r\u00e9alisent \"des performances qui...&nbsp;<a href=\"https:\/\/staging.cultuurpers.nl\/fr\/2025\/05\/publieksfavoriet-dystopia-opent-delft-fringe-ik-hoop-dat-wij-de-stem-van-het-publiek-laten-horen\/\" rel=\"bookmark\">Lire la suite \"<span class=\"screen-reader-text\">Dystopia, favori du public, ouvre le Delft Fringe : \"J'esp\u00e8re que nous ferons entendre la voix du public\".<\/span><\/a><\/p>","protected":false},"author":4,"featured_media":97358,"comment_status":"open","ping_status":"closed","sticky":false,"template":"","format":"standard","meta":{"_eb_attr":"","_monsterinsights_skip_tracking":false,"_monsterinsights_sitenote_active":false,"_monsterinsights_sitenote_note":"","_monsterinsights_sitenote_category":0,"neve_meta_sidebar":"","neve_meta_container":"","neve_meta_enable_content_width":"","neve_meta_content_width":0,"neve_meta_title_alignment":"","neve_meta_author_avatar":"","neve_post_elements_order":"","neve_meta_disable_header":"","neve_meta_disable_footer":"","neve_meta_disable_title":"","neve_meta_reading_time":"","_themeisle_gutenberg_block_has_review":false,"_jetpack_memberships_contains_paid_content":false,"activitypub_content_warning":"","activitypub_content_visibility":"","activitypub_max_image_attachments":3,"activitypub_interaction_policy_quote":"anyone","activitypub_status":"federated","footnotes":"","jetpack_publicize_message":"","jetpack_publicize_feature_enabled":true,"jetpack_social_post_already_shared":false,"jetpack_social_options":{"image_generator_settings":{"template":"highway","enabled":false},"version":2}},"categories":[15863,6095,8843,3059,4759,11688],"tags":[16386,13939,657],"class_list":["post-97356","post","type-post","status-publish","format-standard","has-post-thumbnail","hentry","category-delft-fringe-festival","category-featured","category-podiumkunst","category-specials","category-theater-podiumkunst-2","category-word-lid","tag-dystopia","tag-hku","tag-utrecht"],"aioseo_notices":[],"jetpack_publicize_connections":[],"jetpack_featured_media_url":"https:\/\/staging.cultuurpers.nl\/wp-content\/uploads\/2025\/05\/IMG_20250521_214323.webp","jetpack-related-posts":[{"id":96455,"url":"https:\/\/staging.cultuurpers.nl\/fr\/2025\/02\/de-toekomst-speelt-op-delft-fringe-festival\/","url_meta":{"origin":97356,"position":0},"title":"L'avenir se joue au Delft Fringe Festival !","author":"een van onze leden","date":"3 f\u00e9vrier 2025","format":false,"excerpt":"Geniet van nieuw talent\u00a0met persoonlijke voorstellingen\u00a0door de hele stad Delft, maandag 3 februari\u00a0-\u00a0Van 27 mei tot en met 9 juni is Delft negen dagen lang het toneel voor talentvolle nieuwe makers. Op 30 bijzondere locaties in de stad verrassen en ontroeren 26 talenten bezoekers met dans, theater, muziek, cabaret en\u2026","rel":"","context":"Dans &quot;PERSBERICHTEN&quot;","block_context":{"text":"PERSBERICHTEN","link":"https:\/\/staging.cultuurpers.nl\/fr\/genre\/service\/persberichten\/"},"img":{"alt_text":"","src":"https:\/\/i0.wp.com\/staging.cultuurpers.nl\/wp-content\/uploads\/2025\/02\/wTEbkcady4j5LonBNgdlO2DQ4nZuPohnGyTNTT9Q.jpg?resize=350%2C200&ssl=1","width":350,"height":200,"srcset":"https:\/\/i0.wp.com\/staging.cultuurpers.nl\/wp-content\/uploads\/2025\/02\/wTEbkcady4j5LonBNgdlO2DQ4nZuPohnGyTNTT9Q.jpg?resize=350%2C200&ssl=1 1x, https:\/\/i0.wp.com\/staging.cultuurpers.nl\/wp-content\/uploads\/2025\/02\/wTEbkcady4j5LonBNgdlO2DQ4nZuPohnGyTNTT9Q.jpg?resize=525%2C300&ssl=1 1.5x, https:\/\/i0.wp.com\/staging.cultuurpers.nl\/wp-content\/uploads\/2025\/02\/wTEbkcady4j5LonBNgdlO2DQ4nZuPohnGyTNTT9Q.jpg?resize=700%2C400&ssl=1 2x, https:\/\/i0.wp.com\/staging.cultuurpers.nl\/wp-content\/uploads\/2025\/02\/wTEbkcady4j5LonBNgdlO2DQ4nZuPohnGyTNTT9Q.jpg?resize=1050%2C600&ssl=1 3x, https:\/\/i0.wp.com\/staging.cultuurpers.nl\/wp-content\/uploads\/2025\/02\/wTEbkcady4j5LonBNgdlO2DQ4nZuPohnGyTNTT9Q.jpg?resize=1400%2C800&ssl=1 4x"},"classes":[]},{"id":94451,"url":"https:\/\/staging.cultuurpers.nl\/fr\/2024\/06\/dystopia-wint-de-delft-fringe-festival-publieksprijs-2024\/","url_meta":{"origin":97356,"position":1},"title":"Dystopia remporte le prix du public du Delft Fringe Festival 2024","author":"een van onze leden","date":"10 juin 2024","format":false,"excerpt":"In een haast uitverkocht laatste weekend speelden zij de zalen plat Delft, zondag 9 juni, 2024\u00a0-\u00a0Na twee weken vol bijzondere ontmoetingen, rake woorden indrukwekkende moves, kleine leermomenten - of juist grootse - en schaterende lachmomenten zit het erop. Delft Fringe Festival, h\u00e9t festival voor nieuwe podiumkunstenaars, maakte tijdens de afsluiting\u2026","rel":"","context":"Dans &quot;Delft Fringe Festival&quot;","block_context":{"text":"Delft Fringe Festival","link":"https:\/\/staging.cultuurpers.nl\/fr\/genre\/service\/specials\/delft-fringe-festival\/"},"img":{"alt_text":"","src":"https:\/\/i0.wp.com\/staging.cultuurpers.nl\/wp-content\/uploads\/2024\/06\/Publieksprijswinnaars-Dystopia-Fotograaf_-Sjoerd-Derine-scaled.jpg?resize=350%2C200&ssl=1","width":350,"height":200,"srcset":"https:\/\/i0.wp.com\/staging.cultuurpers.nl\/wp-content\/uploads\/2024\/06\/Publieksprijswinnaars-Dystopia-Fotograaf_-Sjoerd-Derine-scaled.jpg?resize=350%2C200&ssl=1 1x, https:\/\/i0.wp.com\/staging.cultuurpers.nl\/wp-content\/uploads\/2024\/06\/Publieksprijswinnaars-Dystopia-Fotograaf_-Sjoerd-Derine-scaled.jpg?resize=525%2C300&ssl=1 1.5x, https:\/\/i0.wp.com\/staging.cultuurpers.nl\/wp-content\/uploads\/2024\/06\/Publieksprijswinnaars-Dystopia-Fotograaf_-Sjoerd-Derine-scaled.jpg?resize=700%2C400&ssl=1 2x, https:\/\/i0.wp.com\/staging.cultuurpers.nl\/wp-content\/uploads\/2024\/06\/Publieksprijswinnaars-Dystopia-Fotograaf_-Sjoerd-Derine-scaled.jpg?resize=1050%2C600&ssl=1 3x, https:\/\/i0.wp.com\/staging.cultuurpers.nl\/wp-content\/uploads\/2024\/06\/Publieksprijswinnaars-Dystopia-Fotograaf_-Sjoerd-Derine-scaled.jpg?resize=1400%2C800&ssl=1 4x"},"classes":[]},{"id":96945,"url":"https:\/\/staging.cultuurpers.nl\/fr\/2025\/03\/beleef-de-wereld-door-de-ogen-van-nieuwe-makers-op-delft-fringe-festival\/","url_meta":{"origin":97356,"position":2},"title":"D\u00e9couvrez le monde \u00e0 travers les yeux de nouveaux cr\u00e9ateurs au Delft Fringe Festival","author":"een van onze leden","date":"31 mars 2025","format":false,"excerpt":"Geniet van de toekomst van podiumkunst met persoonlijke voorstellingen door de hele stad Delft, maandag 31 maart\u00a0-\u00a0Van 27 mei tot en met 8 juni kan je Delft Fringe Festival beleven op 30 locaties door de hele stad \u2013 van historische parels tot het rauwe Kabeldistrict. Delft staat negen dagen lang\u2026","rel":"","context":"Dans &quot;Delft Fringe Festival&quot;","block_context":{"text":"Delft Fringe Festival","link":"https:\/\/staging.cultuurpers.nl\/fr\/genre\/service\/specials\/delft-fringe-festival\/"},"img":{"alt_text":"","src":"https:\/\/i0.wp.com\/staging.cultuurpers.nl\/wp-content\/uploads\/2025\/03\/Steunbeeld-Delft-Fringe-Festival-Horizontaal-Fotograaf_-Sjoerd-Derine-scaled.jpg?resize=350%2C200&ssl=1","width":350,"height":200,"srcset":"https:\/\/i0.wp.com\/staging.cultuurpers.nl\/wp-content\/uploads\/2025\/03\/Steunbeeld-Delft-Fringe-Festival-Horizontaal-Fotograaf_-Sjoerd-Derine-scaled.jpg?resize=350%2C200&ssl=1 1x, https:\/\/i0.wp.com\/staging.cultuurpers.nl\/wp-content\/uploads\/2025\/03\/Steunbeeld-Delft-Fringe-Festival-Horizontaal-Fotograaf_-Sjoerd-Derine-scaled.jpg?resize=525%2C300&ssl=1 1.5x, https:\/\/i0.wp.com\/staging.cultuurpers.nl\/wp-content\/uploads\/2025\/03\/Steunbeeld-Delft-Fringe-Festival-Horizontaal-Fotograaf_-Sjoerd-Derine-scaled.jpg?resize=700%2C400&ssl=1 2x, https:\/\/i0.wp.com\/staging.cultuurpers.nl\/wp-content\/uploads\/2025\/03\/Steunbeeld-Delft-Fringe-Festival-Horizontaal-Fotograaf_-Sjoerd-Derine-scaled.jpg?resize=1050%2C600&ssl=1 3x, https:\/\/i0.wp.com\/staging.cultuurpers.nl\/wp-content\/uploads\/2025\/03\/Steunbeeld-Delft-Fringe-Festival-Horizontaal-Fotograaf_-Sjoerd-Derine-scaled.jpg?resize=1400%2C800&ssl=1 4x"},"classes":[]},{"id":97402,"url":"https:\/\/staging.cultuurpers.nl\/fr\/2025\/05\/delft-fringe-festival-2025-feestelijk-van-start-samen-met-de-stad-geeft-het-festival-jonge-makers-een-podium\/","url_meta":{"origin":97356,"position":3},"title":"Lancement festif du Delft Fringe Festival 2025 : \"En collaboration avec la ville, le festival offre une sc\u00e8ne aux jeunes cr\u00e9ateurs\".","author":"een van onze leden","date":"28 mai 2025","format":false,"excerpt":"Delft, woensdag 28 mei\u00a0-\u00a0De 14e editie van het Delft Fringe Festival is dinsdagavond 27 mei van start gegaan. Tijdens de feestelijke opening in Theater de Veste voelde het publiek direct waarom dit festival zo bijzonder is: het draait om ontmoeting, vernieuwing \u00e9n samenwerking. Samen met partners in de stad tovert\u2026","rel":"","context":"Dans &quot;Delft Fringe Festival&quot;","block_context":{"text":"Delft Fringe Festival","link":"https:\/\/staging.cultuurpers.nl\/fr\/genre\/service\/specials\/delft-fringe-festival\/"},"img":{"alt_text":"","src":"https:\/\/i0.wp.com\/staging.cultuurpers.nl\/wp-content\/uploads\/2025\/05\/Opening-Delft-Fringe-Festival-2025-in-Theater-de-Veste-Fotograaf_-Maurice-Gemmeke-scaled.jpg?resize=350%2C200&ssl=1","width":350,"height":200,"srcset":"https:\/\/i0.wp.com\/staging.cultuurpers.nl\/wp-content\/uploads\/2025\/05\/Opening-Delft-Fringe-Festival-2025-in-Theater-de-Veste-Fotograaf_-Maurice-Gemmeke-scaled.jpg?resize=350%2C200&ssl=1 1x, https:\/\/i0.wp.com\/staging.cultuurpers.nl\/wp-content\/uploads\/2025\/05\/Opening-Delft-Fringe-Festival-2025-in-Theater-de-Veste-Fotograaf_-Maurice-Gemmeke-scaled.jpg?resize=525%2C300&ssl=1 1.5x, https:\/\/i0.wp.com\/staging.cultuurpers.nl\/wp-content\/uploads\/2025\/05\/Opening-Delft-Fringe-Festival-2025-in-Theater-de-Veste-Fotograaf_-Maurice-Gemmeke-scaled.jpg?resize=700%2C400&ssl=1 2x, https:\/\/i0.wp.com\/staging.cultuurpers.nl\/wp-content\/uploads\/2025\/05\/Opening-Delft-Fringe-Festival-2025-in-Theater-de-Veste-Fotograaf_-Maurice-Gemmeke-scaled.jpg?resize=1050%2C600&ssl=1 3x, https:\/\/i0.wp.com\/staging.cultuurpers.nl\/wp-content\/uploads\/2025\/05\/Opening-Delft-Fringe-Festival-2025-in-Theater-de-Veste-Fotograaf_-Maurice-Gemmeke-scaled.jpg?resize=1400%2C800&ssl=1 4x"},"classes":[]},{"id":97299,"url":"https:\/\/staging.cultuurpers.nl\/fr\/2025\/05\/aftellen-tot-de-start-van-delft-fringe-festival-op-27-mei\/","url_meta":{"origin":97356,"position":4},"title":"Compte \u00e0 rebours avant le d\u00e9but du Delft Fringe Festival le 27 mai","author":"een van onze leden","date":"15 mai 2025","format":false,"excerpt":"Laat je verrassen en inspireren door persoonlijke verhalen\u00a0met een lach en een traan. Delft, donderdag 15 mei\u00a0- Het is bijna\u00a0zover! Op dinsdag 27 mei om 19.30 uur opent de 14e editie van het Delft Fringe Festival met een feestelijke avond in Theater de Veste. Met 30 artiesten dit jaar\u00a0op het\u2026","rel":"","context":"Dans &quot;Delft Fringe Festival&quot;","block_context":{"text":"Delft Fringe Festival","link":"https:\/\/staging.cultuurpers.nl\/fr\/genre\/service\/specials\/delft-fringe-festival\/"},"img":{"alt_text":"","src":"https:\/\/i0.wp.com\/staging.cultuurpers.nl\/wp-content\/uploads\/2025\/05\/myPHt46IrD7Q0pymufV0CS0BKsthFMBUoYVLr7F8-scaled.webp?resize=350%2C200&ssl=1","width":350,"height":200,"srcset":"https:\/\/i0.wp.com\/staging.cultuurpers.nl\/wp-content\/uploads\/2025\/05\/myPHt46IrD7Q0pymufV0CS0BKsthFMBUoYVLr7F8-scaled.webp?resize=350%2C200&ssl=1 1x, https:\/\/i0.wp.com\/staging.cultuurpers.nl\/wp-content\/uploads\/2025\/05\/myPHt46IrD7Q0pymufV0CS0BKsthFMBUoYVLr7F8-scaled.webp?resize=525%2C300&ssl=1 1.5x, https:\/\/i0.wp.com\/staging.cultuurpers.nl\/wp-content\/uploads\/2025\/05\/myPHt46IrD7Q0pymufV0CS0BKsthFMBUoYVLr7F8-scaled.webp?resize=700%2C400&ssl=1 2x, https:\/\/i0.wp.com\/staging.cultuurpers.nl\/wp-content\/uploads\/2025\/05\/myPHt46IrD7Q0pymufV0CS0BKsthFMBUoYVLr7F8-scaled.webp?resize=1050%2C600&ssl=1 3x, https:\/\/i0.wp.com\/staging.cultuurpers.nl\/wp-content\/uploads\/2025\/05\/myPHt46IrD7Q0pymufV0CS0BKsthFMBUoYVLr7F8-scaled.webp?resize=1400%2C800&ssl=1 4x"},"classes":[]}],"jetpack_shortlink":"https:\/\/wp.me\/p3yKke-pkg","jetpack_sharing_enabled":true,"_links":{"self":[{"href":"https:\/\/staging.cultuurpers.nl\/fr\/wp-json\/wp\/v2\/posts\/97356","targetHints":{"allow":["GET"]}}],"collection":[{"href":"https:\/\/staging.cultuurpers.nl\/fr\/wp-json\/wp\/v2\/posts"}],"about":[{"href":"https:\/\/staging.cultuurpers.nl\/fr\/wp-json\/wp\/v2\/types\/post"}],"author":[{"embeddable":true,"href":"https:\/\/staging.cultuurpers.nl\/fr\/wp-json\/wp\/v2\/users\/4"}],"replies":[{"embeddable":true,"href":"https:\/\/staging.cultuurpers.nl\/fr\/wp-json\/wp\/v2\/comments?post=97356"}],"version-history":[{"count":1,"href":"https:\/\/staging.cultuurpers.nl\/fr\/wp-json\/wp\/v2\/posts\/97356\/revisions"}],"predecessor-version":[{"id":97357,"href":"https:\/\/staging.cultuurpers.nl\/fr\/wp-json\/wp\/v2\/posts\/97356\/revisions\/97357"}],"wp:featuredmedia":[{"embeddable":true,"href":"https:\/\/staging.cultuurpers.nl\/fr\/wp-json\/wp\/v2\/media\/97358"}],"wp:attachment":[{"href":"https:\/\/staging.cultuurpers.nl\/fr\/wp-json\/wp\/v2\/media?parent=97356"}],"wp:term":[{"taxonomy":"category","embeddable":true,"href":"https:\/\/staging.cultuurpers.nl\/fr\/wp-json\/wp\/v2\/categories?post=97356"},{"taxonomy":"post_tag","embeddable":true,"href":"https:\/\/staging.cultuurpers.nl\/fr\/wp-json\/wp\/v2\/tags?post=97356"}],"curies":[{"name":"wp","href":"https:\/\/api.w.org\/{rel}","templated":true}]}}