{"id":97332,"date":"2025-05-21T11:39:39","date_gmt":"2025-05-21T09:39:39","guid":{"rendered":"https:\/\/cultureelpersbureau.nl\/?p=97332"},"modified":"2025-05-21T11:41:01","modified_gmt":"2025-05-21T09:41:01","slug":"roel-funcken-vertrekt-als-directeur-bestuurder-delft-fringe-festival","status":"publish","type":"post","link":"https:\/\/staging.cultuurpers.nl\/fr\/2025\/05\/roel-funcken-vertrekt-als-directeur-bestuurder-delft-fringe-festival\/","title":{"rendered":"Roel Funcken quitte son poste de directeur-directeur du Delft Fringe Festival"},"content":{"rendered":"<p>\"Plein de confiance, je laisse la place \u00e0 une nouvelle \u00e9nergie.<\/p>\n\n\n\n<p><strong>Delft, mercredi 21 mai -&nbsp;<\/strong><strong>\u00c0 la veille de la quatorzi\u00e8me \u00e9dition du Delft Fringe Festival, son directeur, Roel Funcken (37 ans), annonce qu'il quittera ses fonctions \u00e0 l'issue de cette \u00e9dition. Sous sa direction et sa vision inspirantes, le Delft Fringe Festival s'est d\u00e9velopp\u00e9 au cours des douze derni\u00e8res ann\u00e9es, passant d'un festival local de th\u00e9\u00e2tre amateur \u00e0 un lieu de pr\u00e9sentation des nouveaux cr\u00e9ateurs dans le domaine des arts de la sc\u00e8ne. Maintenant que le Delft Fringe Festival a re\u00e7u le soutien \u00e0 long terme du Fonds Podiumkunsten et de la municipalit\u00e9 de Delft pour la p\u00e9riode 2025-2028, Roel consid\u00e8re que sa t\u00e2che est termin\u00e9e.<\/strong><\/p>\n\n\n\n<h2 class=\"wp-block-heading\">Possibilit\u00e9s de dons<\/h2>\n\n\n\n<p>\"C'est avec une immense gratitude que je repense \u00e0 ces 12 derni\u00e8res ann\u00e9es. Avec une \u00e9quipe de coll\u00e8gues enthousiastes, nous avons mis en contact une nouvelle g\u00e9n\u00e9ration d'artistes avec les habitants et les visiteurs de Delft. C'est \u00e0 l'\u00e2ge de 24 ans que l'on m'a propos\u00e9 de devenir directeur du festival et, depuis lors, \"donner des opportunit\u00e9s\" est au c\u0153ur de mon travail. Des opportunit\u00e9s pour les nouveaux cr\u00e9ateurs, mais aussi pour le public et mes coll\u00e8gues. Convaincue qu'en tant qu'organisation de festival, on ne peut se passer de partenaires de coop\u00e9ration, nous avons cherch\u00e9 ces derni\u00e8res ann\u00e9es \u00e0 coop\u00e9rer avec (la municipalit\u00e9 de) Delft et de nombreuses organisations culturelles et sociales. De cette mani\u00e8re, nous avons r\u00e9ussi \u00e0 accro\u00eetre l'impact de nos activit\u00e9s au cours des derni\u00e8res ann\u00e9es. Le Delft Fringe Festival est bien \u00e9tabli et figure sur la carte, ce dont je suis tr\u00e8s fier. Plein de confiance, je laisse la place \u00e0 une nouvelle \u00e9nergie\".<\/p>\n\n\n\n<h2 class=\"wp-block-heading\">Un connecteur inspir\u00e9<\/h2>\n\n\n\n<p>Corn\u00e9 Ran, pr\u00e9sident du conseil de surveillance : \"Roel a \u00e9t\u00e9 la force motrice, le cerveau visionnaire et le connecteur inspir\u00e9 du Delft Fringe Festival. Sous sa direction, le festival est devenu une plateforme de premier plan pour les nouveaux cr\u00e9ateurs et les arts du spectacle innovants, dont Delft est devenu non seulement le cadre, mais aussi le c\u0153ur battant. Sa capacit\u00e9 \u00e0 reconna\u00eetre et \u00e0 d\u00e9velopper les talents s'est \u00e9tendue non seulement aux nouveaux cr\u00e9ateurs sur sc\u00e8ne, mais aussi aux nombreux membres du personnel dans les coulisses. Il laisse derri\u00e8re lui une base solide sur laquelle nous pourrons nous appuyer. Son enthousiasme contagieux et son \u00e9nergie infatigable ont enrichi de fa\u00e7on permanente le Delft Fringe Festival - nous l'en remercions sinc\u00e8rement.\"<\/p>\n\n\n\n<h2 class=\"wp-block-heading\">Suivi<\/h2>\n\n\n\n<p>Roel Funcken restera en poste jusqu'\u00e0 la fin de l'ann\u00e9e 2025 et, avec la directrice artistique Tamara Griffioen, il continuera \u00e0 s'occuper du d\u00e9veloppement et de la mise en \u0153uvre des activit\u00e9s pr\u00e9vues. Le conseil de surveillance cherchera un successeur appropri\u00e9 apr\u00e8s le festival et invite les personnes int\u00e9ress\u00e9es \u00e0 visiter le festival du 27 mai au 8 juin 2025 en particulier.<\/p>","protected":false},"excerpt":{"rendered":"<p>\"Plein de confiance, je laisse la place \u00e0 une nouvelle \u00e9nergie\" Delft, mercredi 21 mai - \u00c0 la veille de la quatorzi\u00e8me \u00e9dition du Delft Fringe Festival, le directeur du festival, Roel Funcken (37 ans), annonce qu'il c\u00e8de son poste apr\u00e8s cette \u00e9dition. Sous sa direction inspir\u00e9e et sa vision, le Delft Fringe Festival est pass\u00e9, au cours des 12 derni\u00e8res ann\u00e9es, d'un...&nbsp;<a href=\"https:\/\/staging.cultuurpers.nl\/fr\/2025\/05\/roel-funcken-vertrekt-als-directeur-bestuurder-delft-fringe-festival\/\" rel=\"bookmark\">Lire la suite \"<span class=\"screen-reader-text\">Roel Funcken quitte son poste de directeur-directeur du Delft Fringe Festival<\/span><\/a><\/p>","protected":false},"author":13,"featured_media":97333,"comment_status":"open","ping_status":"closed","sticky":false,"template":"","format":"standard","meta":{"_eb_attr":"","_monsterinsights_skip_tracking":false,"_monsterinsights_sitenote_active":false,"_monsterinsights_sitenote_note":"","_monsterinsights_sitenote_category":0,"neve_meta_sidebar":"","neve_meta_container":"","neve_meta_enable_content_width":"","neve_meta_content_width":0,"neve_meta_title_alignment":"","neve_meta_author_avatar":"","neve_post_elements_order":"","neve_meta_disable_header":"","neve_meta_disable_footer":"","neve_meta_disable_title":"","neve_meta_reading_time":"","_themeisle_gutenberg_block_has_review":false,"_jetpack_memberships_contains_paid_content":false,"activitypub_content_warning":null,"activitypub_content_visibility":"","activitypub_max_image_attachments":3,"activitypub_interaction_policy_quote":"anyone","activitypub_status":"federated","footnotes":"","jetpack_publicize_message":"","jetpack_publicize_feature_enabled":true,"jetpack_social_post_already_shared":false,"jetpack_social_options":{"image_generator_settings":{"template":"highway","enabled":false},"version":2}},"categories":[1,15614,15863,11917,8843,3059],"tags":[15861],"class_list":["post-97332","post","type-post","status-publish","format-standard","has-post-thumbnail","hentry","category-nieuws","category-beleid","category-delft-fringe-festival","category-persberichten","category-podiumkunst","category-specials","tag-delft-fringe-festival"],"aioseo_notices":[],"jetpack_publicize_connections":[],"jetpack_featured_media_url":"https:\/\/staging.cultuurpers.nl\/wp-content\/uploads\/2025\/05\/Roel-Funcken_Foto_door_Alyssa-van-Heyst-scaled.jpg","jetpack-related-posts":[{"id":94679,"url":"https:\/\/staging.cultuurpers.nl\/fr\/2024\/07\/toekenning-meerjarige-subsidie-fonds-podiumkunsten-voor-delft-fringe-festival\/","url_meta":{"origin":97332,"position":0},"title":"Octroi d'une subvention pluriannuelle Fonds Podiumkunsten pour le Delft Fringe Festival","author":"een van onze leden","date":"4 juillet 2024","format":false,"excerpt":"Delft Fringe Festival ontvangt een positief advies voor de beleidsperiode 2025 - 2028 door Fonds Podiumkunsten Delft, donderdag 4 juli, 2024\u00a0-\u00a0Op woensdag 3 juli zijn de adviezen van de Raad voor Cultuur en de Rijkscultuurfondsen gepubliceerd. Delft Fringe Festival ontving een positief advies voor de beleidsperiode 2025 - 2028 door\u2026","rel":"","context":"Dans &quot;beleid&quot;","block_context":{"text":"beleid","link":"https:\/\/staging.cultuurpers.nl\/fr\/genre\/beleid\/"},"img":{"alt_text":"","src":"https:\/\/i0.wp.com\/staging.cultuurpers.nl\/wp-content\/uploads\/2024\/03\/delftfringe2024.webp?resize=350%2C200&ssl=1","width":350,"height":200,"srcset":"https:\/\/i0.wp.com\/staging.cultuurpers.nl\/wp-content\/uploads\/2024\/03\/delftfringe2024.webp?resize=350%2C200&ssl=1 1x, https:\/\/i0.wp.com\/staging.cultuurpers.nl\/wp-content\/uploads\/2024\/03\/delftfringe2024.webp?resize=525%2C300&ssl=1 1.5x, https:\/\/i0.wp.com\/staging.cultuurpers.nl\/wp-content\/uploads\/2024\/03\/delftfringe2024.webp?resize=700%2C400&ssl=1 2x, https:\/\/i0.wp.com\/staging.cultuurpers.nl\/wp-content\/uploads\/2024\/03\/delftfringe2024.webp?resize=1050%2C600&ssl=1 3x, https:\/\/i0.wp.com\/staging.cultuurpers.nl\/wp-content\/uploads\/2024\/03\/delftfringe2024.webp?resize=1400%2C800&ssl=1 4x"},"classes":[]},{"id":97402,"url":"https:\/\/staging.cultuurpers.nl\/fr\/2025\/05\/delft-fringe-festival-2025-feestelijk-van-start-samen-met-de-stad-geeft-het-festival-jonge-makers-een-podium\/","url_meta":{"origin":97332,"position":1},"title":"Lancement festif du Delft Fringe Festival 2025 : \"En collaboration avec la ville, le festival offre une sc\u00e8ne aux jeunes cr\u00e9ateurs\".","author":"een van onze leden","date":"28 mai 2025","format":false,"excerpt":"Delft, woensdag 28 mei\u00a0-\u00a0De 14e editie van het Delft Fringe Festival is dinsdagavond 27 mei van start gegaan. Tijdens de feestelijke opening in Theater de Veste voelde het publiek direct waarom dit festival zo bijzonder is: het draait om ontmoeting, vernieuwing \u00e9n samenwerking. Samen met partners in de stad tovert\u2026","rel":"","context":"Dans &quot;Delft Fringe Festival&quot;","block_context":{"text":"Delft Fringe Festival","link":"https:\/\/staging.cultuurpers.nl\/fr\/genre\/service\/specials\/delft-fringe-festival\/"},"img":{"alt_text":"","src":"https:\/\/i0.wp.com\/staging.cultuurpers.nl\/wp-content\/uploads\/2025\/05\/Opening-Delft-Fringe-Festival-2025-in-Theater-de-Veste-Fotograaf_-Maurice-Gemmeke-scaled.jpg?resize=350%2C200&ssl=1","width":350,"height":200,"srcset":"https:\/\/i0.wp.com\/staging.cultuurpers.nl\/wp-content\/uploads\/2025\/05\/Opening-Delft-Fringe-Festival-2025-in-Theater-de-Veste-Fotograaf_-Maurice-Gemmeke-scaled.jpg?resize=350%2C200&ssl=1 1x, https:\/\/i0.wp.com\/staging.cultuurpers.nl\/wp-content\/uploads\/2025\/05\/Opening-Delft-Fringe-Festival-2025-in-Theater-de-Veste-Fotograaf_-Maurice-Gemmeke-scaled.jpg?resize=525%2C300&ssl=1 1.5x, https:\/\/i0.wp.com\/staging.cultuurpers.nl\/wp-content\/uploads\/2025\/05\/Opening-Delft-Fringe-Festival-2025-in-Theater-de-Veste-Fotograaf_-Maurice-Gemmeke-scaled.jpg?resize=700%2C400&ssl=1 2x, https:\/\/i0.wp.com\/staging.cultuurpers.nl\/wp-content\/uploads\/2025\/05\/Opening-Delft-Fringe-Festival-2025-in-Theater-de-Veste-Fotograaf_-Maurice-Gemmeke-scaled.jpg?resize=1050%2C600&ssl=1 3x, https:\/\/i0.wp.com\/staging.cultuurpers.nl\/wp-content\/uploads\/2025\/05\/Opening-Delft-Fringe-Festival-2025-in-Theater-de-Veste-Fotograaf_-Maurice-Gemmeke-scaled.jpg?resize=1400%2C800&ssl=1 4x"},"classes":[]},{"id":94144,"url":"https:\/\/staging.cultuurpers.nl\/fr\/2024\/04\/corne-ran-nieuwe-voorzitter-pim-deul-nieuw-lid-raad-van-toezicht-delft-fringe-festival\/","url_meta":{"origin":97332,"position":2},"title":"Corn\u00e9 Ran nouveau pr\u00e9sident, Pim Deul nouveau membre Conseil de surveillance Delft Fringe Festival","author":"een van onze leden","date":"29 avril 2024","format":false,"excerpt":"Delft, maandag 26 april 2024 -\u00a0De Raad van Toezicht van Stichting Delft Fringe Festival is per 24 april 2024 gewijzigd in samenstelling. Corn\u00e9 Ran is benoemd tot de nieuwe voorzitter van het toezichthoudend orgaan, waar hij sinds 2019 al vicevoorzitter van was. Naast zijn benoeming is de Raad van Toezicht\u2026","rel":"","context":"Dans &quot;beleid&quot;","block_context":{"text":"beleid","link":"https:\/\/staging.cultuurpers.nl\/fr\/genre\/beleid\/"},"img":{"alt_text":"Pim Deul (links) en Corn\u00e9 Ran (rechts).","src":"https:\/\/i0.wp.com\/staging.cultuurpers.nl\/wp-content\/uploads\/2024\/04\/1tKL2icmj8eZDq42oytl81eKwbk9Jq3uWTCNNAGy-scaled.webp?resize=350%2C200&ssl=1","width":350,"height":200,"srcset":"https:\/\/i0.wp.com\/staging.cultuurpers.nl\/wp-content\/uploads\/2024\/04\/1tKL2icmj8eZDq42oytl81eKwbk9Jq3uWTCNNAGy-scaled.webp?resize=350%2C200&ssl=1 1x, https:\/\/i0.wp.com\/staging.cultuurpers.nl\/wp-content\/uploads\/2024\/04\/1tKL2icmj8eZDq42oytl81eKwbk9Jq3uWTCNNAGy-scaled.webp?resize=525%2C300&ssl=1 1.5x, https:\/\/i0.wp.com\/staging.cultuurpers.nl\/wp-content\/uploads\/2024\/04\/1tKL2icmj8eZDq42oytl81eKwbk9Jq3uWTCNNAGy-scaled.webp?resize=700%2C400&ssl=1 2x, https:\/\/i0.wp.com\/staging.cultuurpers.nl\/wp-content\/uploads\/2024\/04\/1tKL2icmj8eZDq42oytl81eKwbk9Jq3uWTCNNAGy-scaled.webp?resize=1050%2C600&ssl=1 3x, https:\/\/i0.wp.com\/staging.cultuurpers.nl\/wp-content\/uploads\/2024\/04\/1tKL2icmj8eZDq42oytl81eKwbk9Jq3uWTCNNAGy-scaled.webp?resize=1400%2C800&ssl=1 4x"},"classes":[]},{"id":93878,"url":"https:\/\/staging.cultuurpers.nl\/fr\/2024\/03\/hoe-delft-fringe-festival-een-publiek-bereikt-dat-openstaat-voor-experimenten-weg-met-theatrale-codes\/","url_meta":{"origin":97332,"position":3},"title":"Comment le festival Fringe de Delft touche un public ouvert \u00e0 l'exp\u00e9rimentation : \"Loin des codes th\u00e9\u00e2traux\".","author":"Wijbrand Schaap","date":"26 mars 2024","format":false,"excerpt":"'Wat maakt jouw voorstelling uniek? Waarom moeten mensen naar jou komen kijken, wat nemen ze ervan mee naar huis?' Op de eerste 'Makersdag', eind januari, van het Delft Fringe Festival, gaat het weinig over kunst, maar veel over speeddates, workshops in marketing, pitchen en flyers maken. De ongeveer 30 aanwezige\u2026","rel":"","context":"Dans &quot;Delft Fringe Festival&quot;","block_context":{"text":"Delft Fringe Festival","link":"https:\/\/staging.cultuurpers.nl\/fr\/genre\/service\/specials\/delft-fringe-festival\/"},"img":{"alt_text":"Fotomoment aan het einde van de eerste 'Makersdag' van Delft Fringe op 8-2-2024. Foto door auteur","src":"https:\/\/i0.wp.com\/staging.cultuurpers.nl\/wp-content\/uploads\/2024\/03\/makersdag-delft-fringe-2024-scaled.jpg?resize=350%2C200&ssl=1","width":350,"height":200,"srcset":"https:\/\/i0.wp.com\/staging.cultuurpers.nl\/wp-content\/uploads\/2024\/03\/makersdag-delft-fringe-2024-scaled.jpg?resize=350%2C200&ssl=1 1x, https:\/\/i0.wp.com\/staging.cultuurpers.nl\/wp-content\/uploads\/2024\/03\/makersdag-delft-fringe-2024-scaled.jpg?resize=525%2C300&ssl=1 1.5x, https:\/\/i0.wp.com\/staging.cultuurpers.nl\/wp-content\/uploads\/2024\/03\/makersdag-delft-fringe-2024-scaled.jpg?resize=700%2C400&ssl=1 2x, https:\/\/i0.wp.com\/staging.cultuurpers.nl\/wp-content\/uploads\/2024\/03\/makersdag-delft-fringe-2024-scaled.jpg?resize=1050%2C600&ssl=1 3x, https:\/\/i0.wp.com\/staging.cultuurpers.nl\/wp-content\/uploads\/2024\/03\/makersdag-delft-fringe-2024-scaled.jpg?resize=1400%2C800&ssl=1 4x"},"classes":[]},{"id":94306,"url":"https:\/\/staging.cultuurpers.nl\/fr\/2024\/05\/podiumkunst-en-wetenschap-gaan-hand-in-hand-in-delft\/","url_meta":{"origin":97332,"position":4},"title":"Les arts du spectacle et la science vont de pair \u00e0 Delft","author":"een van onze leden","date":"22 mai 2024","format":false,"excerpt":"TU Delft en Delft Fringe Festival slaan een brug tussen jonge makers in de techniek en de podiumkunsten Delft, vrijdag 17 mei, 2024 -\u00a0Tijdens de 13e festivaleditie van Delft Fringe Festival (28 mei - 9 juni) werkt het podiumkunstenfestival volop samen met de TU Delft. Zo danst een groep studenten\u2026","rel":"","context":"Dans &quot;Delft Fringe Festival&quot;","block_context":{"text":"Delft Fringe Festival","link":"https:\/\/staging.cultuurpers.nl\/fr\/genre\/service\/specials\/delft-fringe-festival\/"},"img":{"alt_text":"Verdiepend programma tijdens Delft Fringe Festival 2023. Fotograaf: Jurjen Bolsenbroek.","src":"https:\/\/i0.wp.com\/staging.cultuurpers.nl\/wp-content\/uploads\/2024\/05\/lRCyTDd35K1TclteNY0M5SVO2Edv22FjvMgoAKmQ-scaled.webp?resize=350%2C200&ssl=1","width":350,"height":200,"srcset":"https:\/\/i0.wp.com\/staging.cultuurpers.nl\/wp-content\/uploads\/2024\/05\/lRCyTDd35K1TclteNY0M5SVO2Edv22FjvMgoAKmQ-scaled.webp?resize=350%2C200&ssl=1 1x, https:\/\/i0.wp.com\/staging.cultuurpers.nl\/wp-content\/uploads\/2024\/05\/lRCyTDd35K1TclteNY0M5SVO2Edv22FjvMgoAKmQ-scaled.webp?resize=525%2C300&ssl=1 1.5x, https:\/\/i0.wp.com\/staging.cultuurpers.nl\/wp-content\/uploads\/2024\/05\/lRCyTDd35K1TclteNY0M5SVO2Edv22FjvMgoAKmQ-scaled.webp?resize=700%2C400&ssl=1 2x, https:\/\/i0.wp.com\/staging.cultuurpers.nl\/wp-content\/uploads\/2024\/05\/lRCyTDd35K1TclteNY0M5SVO2Edv22FjvMgoAKmQ-scaled.webp?resize=1050%2C600&ssl=1 3x, https:\/\/i0.wp.com\/staging.cultuurpers.nl\/wp-content\/uploads\/2024\/05\/lRCyTDd35K1TclteNY0M5SVO2Edv22FjvMgoAKmQ-scaled.webp?resize=1400%2C800&ssl=1 4x"},"classes":[]}],"jetpack_shortlink":"https:\/\/wp.me\/p3yKke-pjS","jetpack_sharing_enabled":true,"_links":{"self":[{"href":"https:\/\/staging.cultuurpers.nl\/fr\/wp-json\/wp\/v2\/posts\/97332","targetHints":{"allow":["GET"]}}],"collection":[{"href":"https:\/\/staging.cultuurpers.nl\/fr\/wp-json\/wp\/v2\/posts"}],"about":[{"href":"https:\/\/staging.cultuurpers.nl\/fr\/wp-json\/wp\/v2\/types\/post"}],"author":[{"embeddable":true,"href":"https:\/\/staging.cultuurpers.nl\/fr\/wp-json\/wp\/v2\/users\/13"}],"replies":[{"embeddable":true,"href":"https:\/\/staging.cultuurpers.nl\/fr\/wp-json\/wp\/v2\/comments?post=97332"}],"version-history":[{"count":1,"href":"https:\/\/staging.cultuurpers.nl\/fr\/wp-json\/wp\/v2\/posts\/97332\/revisions"}],"predecessor-version":[{"id":97334,"href":"https:\/\/staging.cultuurpers.nl\/fr\/wp-json\/wp\/v2\/posts\/97332\/revisions\/97334"}],"wp:featuredmedia":[{"embeddable":true,"href":"https:\/\/staging.cultuurpers.nl\/fr\/wp-json\/wp\/v2\/media\/97333"}],"wp:attachment":[{"href":"https:\/\/staging.cultuurpers.nl\/fr\/wp-json\/wp\/v2\/media?parent=97332"}],"wp:term":[{"taxonomy":"category","embeddable":true,"href":"https:\/\/staging.cultuurpers.nl\/fr\/wp-json\/wp\/v2\/categories?post=97332"},{"taxonomy":"post_tag","embeddable":true,"href":"https:\/\/staging.cultuurpers.nl\/fr\/wp-json\/wp\/v2\/tags?post=97332"}],"curies":[{"name":"wp","href":"https:\/\/api.w.org\/{rel}","templated":true}]}}