{"id":97299,"date":"2025-05-15T10:25:56","date_gmt":"2025-05-15T08:25:56","guid":{"rendered":"https:\/\/cultureelpersbureau.nl\/?p=97299"},"modified":"2025-05-15T10:26:01","modified_gmt":"2025-05-15T08:26:01","slug":"aftellen-tot-de-start-van-delft-fringe-festival-op-27-mei","status":"publish","type":"post","link":"https:\/\/staging.cultuurpers.nl\/fr\/2025\/05\/aftellen-tot-de-start-van-delft-fringe-festival-op-27-mei\/","title":{"rendered":"Compte \u00e0 rebours avant le d\u00e9but du Delft Fringe Festival le 27 mai"},"content":{"rendered":"<p><em>Se laisser surprendre et inspirer par des histoires personnelles\u00a0<\/em><br \/><em>avec un sourire et une larme.<\/em><\/p>\n\n\n\n<p><strong>Delft, jeudi 15 mai - C'est bient\u00f4t l'heure ! Le mardi 27 mai \u00e0 19h30, la 14e \u00e9dition du Delft Fringe Festival s'ouvrira par une soir\u00e9e festive au Theater de Veste. Avec 30 artistes au programme du festival cette ann\u00e9e jusqu'au 8 juin, le choix est vaste. Laissez-vous surprendre et inspirer par des histoires tr\u00e8s personnelles, avec un rire et une larme, dans le cadre du premier festival des arts du spectacle pour les jeunes talents. Vous pouvez avoir un aper\u00e7u des th\u00e8mes actuels et de l'impact social. Du cabaret \u00e0 la danse, de la musique au th\u00e9\u00e2tre et tout ce qu'il y a entre les deux. Le Delft Fringe Festival se d\u00e9roule dans toute la ville, dans une ancienne fabrique de cigares, une maison de meunier centenaire ou une fabrique de bleu de Delft. \u00c0 ne pas manquer !\u00a0<\/strong><\/p>\n\n\n\n<p><strong>Les billets sont en vente \u00e0 l'adresse suivante <a href=\"https:\/\/zyyvax.clicks.mlsend.com\/td\/c\/eyJ2Ijoie1wiYVwiOjI2NTU0OCxcImxcIjoxNTQ0NTEzNzEyMzEyODI1ODQsXCJyXCI6MTU0NDUxMzg0MjEyNjUzMTY2fSIsInMiOiJkZDM2M2IzN2NhNWQ3M2Y3In0\" target=\"_blank\" rel=\"noreferrer noopener\">delftfringefestival.co.uk<\/a>.<\/strong><\/p>\n\n\n\n<h2 class=\"wp-block-heading\">Ouverture festive<\/h2>\n\n\n\n<p>Lors de l'ouverture, vous pourrez assister \u00e0 trois spectacles de haut niveau et prometteurs, dont celui du laur\u00e9at du prix du public du Delft Fringe Festival 2024 : le collectif th\u00e9\u00e2tral Dystopia. Ils entreront dans <a href=\"https:\/\/zyyvax.clicks.mlsend.com\/td\/c\/eyJ2Ijoie1wiYVwiOjI2NTU0OCxcImxcIjoxNTQ0NTEzNzEyMzU0NzY4OTEsXCJyXCI6MTU0NDUxMzg0MjEyNjUzMTY2fSIsInMiOiIwZjEzY2VhODViZGZmYTZhIn0\" target=\"_blank\" rel=\"noreferrer noopener\">BIENT\u00d4T<\/a> en qu\u00eate de sens dans un monde o\u00f9 la mort ne va plus de soi. <a href=\"https:\/\/zyyvax.clicks.mlsend.com\/td\/c\/eyJ2Ijoie1wiYVwiOjI2NTU0OCxcImxcIjoxNTQ0NTEzNzEyNDA3MTk3NzIsXCJyXCI6MTU0NDUxMzg0MjEyNjUzMTY2fSIsInMiOiJkNzkwODhmMWU5OWE0M2E0In0\" target=\"_blank\" rel=\"noreferrer noopener\">Cornflakes, pas de Pornflakes<\/a> Collective Tender se penche sur l'histoire remarquable de l'ic\u00f4ne du petit-d\u00e9jeuner Kellogg's. Une performance qui explore les limites du discutable et expose l'impact des tabous sexuels. Dans le cadre de <a href=\"https:\/\/zyyvax.clicks.mlsend.com\/td\/c\/eyJ2Ijoie1wiYVwiOjI2NTU0OCxcImxcIjoxNTQ0NTEzNzEyNDQ5MTQwNzcsXCJyXCI6MTU0NDUxMzg0MjEyNjUzMTY2fSIsInMiOiJjMTkzM2I5OWVlNTRjNzk1In0\" target=\"_blank\" rel=\"noreferrer noopener\">SIRA3<\/a> Le chor\u00e9graphe d'origine syrienne Lilian Kafa vous fait vivre l'exp\u00e9rience de l'\u00e9puisement professionnel et du stress malsain dans un magnifique spectacle de danse en duo. L'avant-premi\u00e8re de cette performance lors des Open Studios du 12 avril a d\u00e9j\u00e0 laiss\u00e9 les spectateurs impatients d'en savoir plus.<\/p>\n\n\n\n<h2 class=\"wp-block-heading\">Les profondeurs avec Fringe Talks<\/h2>\n\n\n\n<p>Cette ann\u00e9e, le hotspot The Social Hub est le nouveau c\u0153ur du festival. C'est l'endroit o\u00f9 l'on se retrouve et o\u00f9 l'on partage ses exp\u00e9riences apr\u00e8s un spectacle ou un d\u00e9part pour la journ\u00e9e.\u00a0<a href=\"https:\/\/zyyvax.clicks.mlsend.com\/td\/c\/eyJ2Ijoie1wiYVwiOjI2NTU0OCxcImxcIjoxNTQ0NTEzNzEyNDkxMDgzODIsXCJyXCI6MTU0NDUxMzg0MjEyNjUzMTY2fSIsInMiOiI0NGFhZTNlZWJhYjFhZGQ5In0\" target=\"_blank\" rel=\"noreferrer noopener\">Visites des canaux et de la frange<\/a>. Vous y trouverez \u00e9galement les Fringe Talks, qui approfondissent les th\u00e8mes actuels du programme. Le dimanche 1er juin, d\u00e9couvrez dans <a href=\"https:\/\/zyyvax.clicks.mlsend.com\/td\/c\/eyJ2Ijoie1wiYVwiOjI2NTU0OCxcImxcIjoxNTQ0NTEzNzEyNTMzMDI2ODgsXCJyXCI6MTU0NDUxMzg0MjEyNjUzMTY2fSIsInMiOiJjMWNiMTE0ZGM2Y2U3NWVmIn0\" target=\"_blank\" rel=\"noreferrer noopener\">Fringe Talk : un regard en coulisses<\/a>\u00a0Les histoires qui se cachent derri\u00e8re les spectacles. Les r\u00e9alisateurs parlent de leur inspiration, des d\u00e9fis qu'ils ont relev\u00e9s et des objectifs qu'ils se sont fix\u00e9s. En <a href=\"https:\/\/zyyvax.clicks.mlsend.com\/td\/c\/eyJ2Ijoie1wiYVwiOjI2NTU0OCxcImxcIjoxNTQ0NTEzNzEyNTg1NDU1NjksXCJyXCI6MTU0NDUxMzg0MjEyNjUzMTY2fSIsInMiOiI2MWRhNmQwZGNhZjNkYWY3In0\" target=\"_blank\" rel=\"noreferrer noopener\">Fringe Talk : acc\u00e8s illimit\u00e9<\/a> nous nous engagerons avec un certain nombre d'institutions et de nouveaux cr\u00e9ateurs sur la question de l'inclusion dans les arts du spectacle le vendredi 6 juin.<\/p>\n\n\n\n<h2 class=\"wp-block-heading\">Impact social<\/h2>\n\n\n\n<p>Cette ann\u00e9e, les th\u00e8mes de la mortalit\u00e9, du besoin de connexion, de la solitude, de l'identit\u00e9, de l'adoption, de la prise en charge des jeunes, des normes sociales et de la violence domestique sont au c\u0153ur des spectacles. Cet engagement social fort vous \u00e9mouvra, vous surprendra et vous divertira.\u00a0<\/p>\n\n\n\n<p>Le programme propose \u00e9galement une vari\u00e9t\u00e9 de cultures. Outre Lilian Kafa, la jeune artiste et chor\u00e9graphe Yadhira De Le\u00f3n Matos, originaire de la R\u00e9publique dominicaine, danse dans SIRA3. Dans le cadre de <a href=\"https:\/\/zyyvax.clicks.mlsend.com\/td\/c\/eyJ2Ijoie1wiYVwiOjI2NTU0OCxcImxcIjoxNTQ0NTEzNzEyNjI3Mzk4NzQsXCJyXCI6MTU0NDUxMzg0MjEyNjUzMTY2fSIsInMiOiIwZDIyOGZmN2IxMmYwMjlhIn0\" target=\"_blank\" rel=\"noreferrer noopener\">Le ciel et moi<\/a> Femke Lucia rend palpable le fait d'\u00eatre adopt\u00e9 et met l'aspect humain au premier plan. N\u00e9e \u00e0 Bogota, en Colombie, elle int\u00e8gre son exp\u00e9rience personnelle dans une r\u00e9alit\u00e9 magique. <a href=\"https:\/\/zyyvax.clicks.mlsend.com\/td\/c\/eyJ2Ijoie1wiYVwiOjI2NTU0OCxcImxcIjoxNTQ0NTEzNzEyNjY5MzQxNzksXCJyXCI6MTU0NDUxMzg0MjEyNjUzMTY2fSIsInMiOiI3MzExMTU2NDc4NmYyOTIwIn0\" target=\"_blank\" rel=\"noreferrer noopener\">Le silence que nous partageons<\/a> est une performance po\u00e9tique intime dans laquelle Nicchelle Buyne, cr\u00e9atrice pluridisciplinaire surinamo-n\u00e9erlandaise, concr\u00e9tise sa qu\u00eate personnelle de sa grand-m\u00e8re.<\/p>\n\n\n\n<p><strong>Vous vous y retrouvez d\u00e9j\u00e0 ? Future est \u00e0 l'affiche du Delft Fringe Festival du 27 mai au 8 juin.<\/strong><\/p>","protected":false},"excerpt":{"rendered":"<p>Laissez-vous surprendre et inspirer par des histoires personnelles qui vous feront rire et pleurer. Delft, jeudi 15 mai - C'est bient\u00f4t l'heure ! Le mardi 27 mai \u00e0 19h30, la 14e \u00e9dition du Delft Fringe Festival s'ouvrira par une soir\u00e9e festive au Theater de Veste. Avec 30 artistes au programme de cette ann\u00e9e jusqu'au 8 juin, il y a beaucoup de...&nbsp;<a href=\"https:\/\/staging.cultuurpers.nl\/fr\/2025\/05\/aftellen-tot-de-start-van-delft-fringe-festival-op-27-mei\/\" rel=\"bookmark\">Lire la suite \"<span class=\"screen-reader-text\">Compte \u00e0 rebours avant le d\u00e9but du Delft Fringe Festival le 27 mai<\/span><\/a><\/p>","protected":false},"author":13,"featured_media":97300,"comment_status":"open","ping_status":"closed","sticky":false,"template":"","format":"standard","meta":{"_eb_attr":"","_monsterinsights_skip_tracking":false,"_monsterinsights_sitenote_active":false,"_monsterinsights_sitenote_note":"","_monsterinsights_sitenote_category":0,"neve_meta_sidebar":"","neve_meta_container":"","neve_meta_enable_content_width":"","neve_meta_content_width":0,"neve_meta_title_alignment":"","neve_meta_author_avatar":"","neve_post_elements_order":"","neve_meta_disable_header":"","neve_meta_disable_footer":"","neve_meta_disable_title":"","neve_meta_reading_time":"","_themeisle_gutenberg_block_has_review":false,"_jetpack_memberships_contains_paid_content":false,"activitypub_content_warning":null,"activitypub_content_visibility":"","activitypub_max_image_attachments":3,"activitypub_interaction_policy_quote":"anyone","activitypub_status":"federated","footnotes":"","jetpack_publicize_message":"","jetpack_publicize_feature_enabled":true,"jetpack_social_post_already_shared":false,"jetpack_social_options":{"image_generator_settings":{"template":"highway","enabled":false},"version":2}},"categories":[15863,11917,8843,3059],"tags":[15861],"class_list":["post-97299","post","type-post","status-publish","format-standard","has-post-thumbnail","hentry","category-delft-fringe-festival","category-persberichten","category-podiumkunst","category-specials","tag-delft-fringe-festival"],"aioseo_notices":[],"jetpack_publicize_connections":[],"jetpack_featured_media_url":"https:\/\/staging.cultuurpers.nl\/wp-content\/uploads\/2025\/05\/myPHt46IrD7Q0pymufV0CS0BKsthFMBUoYVLr7F8-scaled.webp","jetpack-related-posts":[{"id":96455,"url":"https:\/\/staging.cultuurpers.nl\/fr\/2025\/02\/de-toekomst-speelt-op-delft-fringe-festival\/","url_meta":{"origin":97299,"position":0},"title":"L'avenir se joue au Delft Fringe Festival !","author":"een van onze leden","date":"3 f\u00e9vrier 2025","format":false,"excerpt":"Geniet van nieuw talent\u00a0met persoonlijke voorstellingen\u00a0door de hele stad Delft, maandag 3 februari\u00a0-\u00a0Van 27 mei tot en met 9 juni is Delft negen dagen lang het toneel voor talentvolle nieuwe makers. Op 30 bijzondere locaties in de stad verrassen en ontroeren 26 talenten bezoekers met dans, theater, muziek, cabaret en\u2026","rel":"","context":"Dans &quot;PERSBERICHTEN&quot;","block_context":{"text":"PERSBERICHTEN","link":"https:\/\/staging.cultuurpers.nl\/fr\/genre\/service\/persberichten\/"},"img":{"alt_text":"","src":"https:\/\/i0.wp.com\/staging.cultuurpers.nl\/wp-content\/uploads\/2025\/02\/wTEbkcady4j5LonBNgdlO2DQ4nZuPohnGyTNTT9Q.jpg?resize=350%2C200&ssl=1","width":350,"height":200,"srcset":"https:\/\/i0.wp.com\/staging.cultuurpers.nl\/wp-content\/uploads\/2025\/02\/wTEbkcady4j5LonBNgdlO2DQ4nZuPohnGyTNTT9Q.jpg?resize=350%2C200&ssl=1 1x, https:\/\/i0.wp.com\/staging.cultuurpers.nl\/wp-content\/uploads\/2025\/02\/wTEbkcady4j5LonBNgdlO2DQ4nZuPohnGyTNTT9Q.jpg?resize=525%2C300&ssl=1 1.5x, https:\/\/i0.wp.com\/staging.cultuurpers.nl\/wp-content\/uploads\/2025\/02\/wTEbkcady4j5LonBNgdlO2DQ4nZuPohnGyTNTT9Q.jpg?resize=700%2C400&ssl=1 2x, https:\/\/i0.wp.com\/staging.cultuurpers.nl\/wp-content\/uploads\/2025\/02\/wTEbkcady4j5LonBNgdlO2DQ4nZuPohnGyTNTT9Q.jpg?resize=1050%2C600&ssl=1 3x, https:\/\/i0.wp.com\/staging.cultuurpers.nl\/wp-content\/uploads\/2025\/02\/wTEbkcady4j5LonBNgdlO2DQ4nZuPohnGyTNTT9Q.jpg?resize=1400%2C800&ssl=1 4x"},"classes":[]},{"id":95424,"url":"https:\/\/staging.cultuurpers.nl\/fr\/2024\/10\/gezocht-nieuwe-makers-met-ontregelende-podiumkunsten-open-call-delft-fringe-festival-2025-t-m-30-november-2024\/","url_meta":{"origin":97299,"position":1},"title":"Wanted : nouveaux cr\u00e9ateurs avec des arts de la sc\u00e8ne perturbateurs : Appel ouvert Delft Fringe Festival 2025, jusqu'au 30 novembre 2024","author":"een van onze leden","date":"8 octobre 2024","format":false,"excerpt":"Delft, dinsdag 8 oktober, 2024\u00a0-\u00a0De 14e editie van Delft Fringe Festival opent met een open callde deuren voor nieuwe makers. In 2025 zijn er 25 speelplekken te vullen op het festival. Met spannende, hilarische, ontroerende, verrassende, ontregelende en vernieuwende voorstellingen. Het festival laat zich graag verrassen door alle ongetemde talenten,\u2026","rel":"","context":"Dans &quot;Delft Fringe Festival&quot;","block_context":{"text":"Delft Fringe Festival","link":"https:\/\/staging.cultuurpers.nl\/fr\/genre\/service\/specials\/delft-fringe-festival\/"},"img":{"alt_text":"","src":"https:\/\/i0.wp.com\/staging.cultuurpers.nl\/wp-content\/uploads\/2024\/10\/Lola-Creative-Concepts-Octatube-Jurjen-Bolsenbroek-1junii2024-86-scaled.jpg?resize=350%2C200&ssl=1","width":350,"height":200,"srcset":"https:\/\/i0.wp.com\/staging.cultuurpers.nl\/wp-content\/uploads\/2024\/10\/Lola-Creative-Concepts-Octatube-Jurjen-Bolsenbroek-1junii2024-86-scaled.jpg?resize=350%2C200&ssl=1 1x, https:\/\/i0.wp.com\/staging.cultuurpers.nl\/wp-content\/uploads\/2024\/10\/Lola-Creative-Concepts-Octatube-Jurjen-Bolsenbroek-1junii2024-86-scaled.jpg?resize=525%2C300&ssl=1 1.5x, https:\/\/i0.wp.com\/staging.cultuurpers.nl\/wp-content\/uploads\/2024\/10\/Lola-Creative-Concepts-Octatube-Jurjen-Bolsenbroek-1junii2024-86-scaled.jpg?resize=700%2C400&ssl=1 2x, https:\/\/i0.wp.com\/staging.cultuurpers.nl\/wp-content\/uploads\/2024\/10\/Lola-Creative-Concepts-Octatube-Jurjen-Bolsenbroek-1junii2024-86-scaled.jpg?resize=1050%2C600&ssl=1 3x, https:\/\/i0.wp.com\/staging.cultuurpers.nl\/wp-content\/uploads\/2024\/10\/Lola-Creative-Concepts-Octatube-Jurjen-Bolsenbroek-1junii2024-86-scaled.jpg?resize=1400%2C800&ssl=1 4x"},"classes":[]},{"id":97514,"url":"https:\/\/staging.cultuurpers.nl\/fr\/2025\/06\/collectief-teder-wint-publieksprijs-delft-fringe-festival-2025-feministisch-muziektheater-dat-de-grenzen-van-het-bespreekbare-opzoekt\/","url_meta":{"origin":97299,"position":2},"title":"Collective Teder remporte le prix du public Delft Fringe Festival 2025 : th\u00e9\u00e2tre musical f\u00e9ministe qui explore les limites du discutable","author":"een van onze leden","date":"9 juin 2025","format":false,"excerpt":"Delft, zondag 8 juni\u00a0-\u00a0De afgelopen twee weken veranderde heel Delft in een podium. Van molen tot woonkamer en van boulderhal tot yogastudio. Op 30 locaties in de stad speelden 28 makers hun voorstelling. Van verrassende premi\u00e8res tot ontroerende optredens en prachtige ontmoetingen: we hebben genoten. Zondag 8 juni sloot het\u2026","rel":"","context":"Dans &quot;ACTUEEL&quot;","block_context":{"text":"ACTUEEL","link":"https:\/\/staging.cultuurpers.nl\/fr\/genre\/nieuws\/"},"img":{"alt_text":"","src":"https:\/\/i0.wp.com\/staging.cultuurpers.nl\/wp-content\/uploads\/2025\/06\/Collectief-Teder-wint-de-Delft-Fringe-Festival-Publieksprijs-2025-Fotograaf_-Jurjen-Bolsenbroek.jpg-scaled.jpg?resize=350%2C200&ssl=1","width":350,"height":200,"srcset":"https:\/\/i0.wp.com\/staging.cultuurpers.nl\/wp-content\/uploads\/2025\/06\/Collectief-Teder-wint-de-Delft-Fringe-Festival-Publieksprijs-2025-Fotograaf_-Jurjen-Bolsenbroek.jpg-scaled.jpg?resize=350%2C200&ssl=1 1x, https:\/\/i0.wp.com\/staging.cultuurpers.nl\/wp-content\/uploads\/2025\/06\/Collectief-Teder-wint-de-Delft-Fringe-Festival-Publieksprijs-2025-Fotograaf_-Jurjen-Bolsenbroek.jpg-scaled.jpg?resize=525%2C300&ssl=1 1.5x, https:\/\/i0.wp.com\/staging.cultuurpers.nl\/wp-content\/uploads\/2025\/06\/Collectief-Teder-wint-de-Delft-Fringe-Festival-Publieksprijs-2025-Fotograaf_-Jurjen-Bolsenbroek.jpg-scaled.jpg?resize=700%2C400&ssl=1 2x, https:\/\/i0.wp.com\/staging.cultuurpers.nl\/wp-content\/uploads\/2025\/06\/Collectief-Teder-wint-de-Delft-Fringe-Festival-Publieksprijs-2025-Fotograaf_-Jurjen-Bolsenbroek.jpg-scaled.jpg?resize=1050%2C600&ssl=1 3x"},"classes":[]},{"id":94353,"url":"https:\/\/staging.cultuurpers.nl\/fr\/2024\/05\/delft-fringe-festival-luister-juist-in-deze-tijd-goed-naar-wat-er-echt-wordt-verteld\/","url_meta":{"origin":97299,"position":3},"title":"Festival Fringe de Delft : particuli\u00e8rement en ces temps, \u00e9coutez attentivement ce que l'on vous dit vraiment.","author":"een van onze leden","date":"29 mai 2024","format":false,"excerpt":"Wethouder Frank van Vliet: \u201cDelft Fringe Festival draagt bij aan geluk\u201d Delft, woensdag 29 mei, 2024\u00a0-\u00a0Dinsdagavond 28 mei was de feestelijke opening van de 13e editie van Delft Fringe Festival in Theater de Veste. Net als alle Fringe Festivals wereldwijd vieren we tijdens het festival in Delft de creatieve vrijheid.\u2026","rel":"","context":"Dans &quot;Delft Fringe Festival&quot;","block_context":{"text":"Delft Fringe Festival","link":"https:\/\/staging.cultuurpers.nl\/fr\/genre\/service\/specials\/delft-fringe-festival\/"},"img":{"alt_text":"De makers die speelden op de opening speelden van Delft Fringe Festival. V.l.n.r.: Ard Kok, Remijn Weijdema, Emma Thomson, Mariv\u00ed van den Hooff, Bob Donkers, Mystha Mandersloot, Oudail el Omari. Fotograaf: Sjoerd Derine.","src":"https:\/\/i0.wp.com\/staging.cultuurpers.nl\/wp-content\/uploads\/2024\/05\/GxZOSGJJNBSiQ9K9ZQcZYMrrIykYXevnPIhuCxvM-scaled.jpg?resize=350%2C200&ssl=1","width":350,"height":200,"srcset":"https:\/\/i0.wp.com\/staging.cultuurpers.nl\/wp-content\/uploads\/2024\/05\/GxZOSGJJNBSiQ9K9ZQcZYMrrIykYXevnPIhuCxvM-scaled.jpg?resize=350%2C200&ssl=1 1x, https:\/\/i0.wp.com\/staging.cultuurpers.nl\/wp-content\/uploads\/2024\/05\/GxZOSGJJNBSiQ9K9ZQcZYMrrIykYXevnPIhuCxvM-scaled.jpg?resize=525%2C300&ssl=1 1.5x, https:\/\/i0.wp.com\/staging.cultuurpers.nl\/wp-content\/uploads\/2024\/05\/GxZOSGJJNBSiQ9K9ZQcZYMrrIykYXevnPIhuCxvM-scaled.jpg?resize=700%2C400&ssl=1 2x, https:\/\/i0.wp.com\/staging.cultuurpers.nl\/wp-content\/uploads\/2024\/05\/GxZOSGJJNBSiQ9K9ZQcZYMrrIykYXevnPIhuCxvM-scaled.jpg?resize=1050%2C600&ssl=1 3x, https:\/\/i0.wp.com\/staging.cultuurpers.nl\/wp-content\/uploads\/2024\/05\/GxZOSGJJNBSiQ9K9ZQcZYMrrIykYXevnPIhuCxvM-scaled.jpg?resize=1400%2C800&ssl=1 4x"},"classes":[]}],"jetpack_shortlink":"https:\/\/wp.me\/p3yKke-pjl","jetpack_sharing_enabled":true,"_links":{"self":[{"href":"https:\/\/staging.cultuurpers.nl\/fr\/wp-json\/wp\/v2\/posts\/97299","targetHints":{"allow":["GET"]}}],"collection":[{"href":"https:\/\/staging.cultuurpers.nl\/fr\/wp-json\/wp\/v2\/posts"}],"about":[{"href":"https:\/\/staging.cultuurpers.nl\/fr\/wp-json\/wp\/v2\/types\/post"}],"author":[{"embeddable":true,"href":"https:\/\/staging.cultuurpers.nl\/fr\/wp-json\/wp\/v2\/users\/13"}],"replies":[{"embeddable":true,"href":"https:\/\/staging.cultuurpers.nl\/fr\/wp-json\/wp\/v2\/comments?post=97299"}],"version-history":[{"count":1,"href":"https:\/\/staging.cultuurpers.nl\/fr\/wp-json\/wp\/v2\/posts\/97299\/revisions"}],"predecessor-version":[{"id":97301,"href":"https:\/\/staging.cultuurpers.nl\/fr\/wp-json\/wp\/v2\/posts\/97299\/revisions\/97301"}],"wp:featuredmedia":[{"embeddable":true,"href":"https:\/\/staging.cultuurpers.nl\/fr\/wp-json\/wp\/v2\/media\/97300"}],"wp:attachment":[{"href":"https:\/\/staging.cultuurpers.nl\/fr\/wp-json\/wp\/v2\/media?parent=97299"}],"wp:term":[{"taxonomy":"category","embeddable":true,"href":"https:\/\/staging.cultuurpers.nl\/fr\/wp-json\/wp\/v2\/categories?post=97299"},{"taxonomy":"post_tag","embeddable":true,"href":"https:\/\/staging.cultuurpers.nl\/fr\/wp-json\/wp\/v2\/tags?post=97299"}],"curies":[{"name":"wp","href":"https:\/\/api.w.org\/{rel}","templated":true}]}}