{"id":97233,"date":"2025-05-07T10:36:02","date_gmt":"2025-05-07T08:36:02","guid":{"rendered":"https:\/\/cultureelpersbureau.nl\/?p=97233"},"modified":"2025-05-07T10:36:05","modified_gmt":"2025-05-07T08:36:05","slug":"raad-voor-cultuur-verheugd-over-komst-nieuwe-secretaris-directeur-rien-fraanje","status":"publish","type":"post","link":"https:\/\/staging.cultuurpers.nl\/fr\/2025\/05\/raad-voor-cultuur-verheugd-over-komst-nieuwe-secretaris-directeur-rien-fraanje\/","title":{"rendered":"Le Conseil de la culture salue l'arriv\u00e9e de Rien Fraanje, nouveau secr\u00e9taire-directeur"},"content":{"rendered":"<p><strong>Le Conseil de la Culture a le plaisir d'annoncer que le Dr Rien Fraanje a \u00e9t\u00e9 nomm\u00e9 secr\u00e9taire-directeur du Conseil avec effet au 1er ao\u00fbt 2025. \u00c0 ce titre, il dirige le bureau qui soutient le Conseil dans les domaines de l'art, de la culture, du patrimoine, des m\u00e9dias et du design ; en tant que secr\u00e9taire, il soutient le Conseil dans son r\u00f4le consultatif aupr\u00e8s du gouvernement...<\/strong><\/p>\n\n\n\n<figure class=\"wp-block-image\"><img decoding=\"async\" src=\"https:\/\/www.raadvoorcultuur.nl\/binaries\/medium\/content\/gallery\/raadvoorcultuur\/content-afbeeldingen\/actueel\/secretaris-directeur-2025\/rien-1024-x-768.png\" alt=\"\"\/><\/figure>\n\n\n\n<p>Rien Fraanje est actuellement directeur g\u00e9n\u00e9ral de l'Interprovinciaal Overleg (IPO). Auparavant, il a \u00e9t\u00e9 secr\u00e9taire-directeur du Conseil de l'administration publique pendant de nombreuses ann\u00e9es. Fraanje a \u00e9tudi\u00e9 l'administration publique \u00e0 l'universit\u00e9 de Leyde et a obtenu cette ann\u00e9e son doctorat \u00e0 l'universit\u00e9 Radboud de Nim\u00e8gue pour une th\u00e8se sur le traitement de la religion dans les d\u00e9bats parlementaires.<\/p>\n\n\n\n<p>Kristel Baele, pr\u00e9sidente du Conseil de la culture : \"Rien Fraanje apporte une perspective pr\u00e9cieuse \u00e0 notre conseil. Son affinit\u00e9 avec les arts et la culture, combin\u00e9e \u00e0 sa vaste exp\u00e9rience administrative et \u00e0 sa connaissance de l'administration publique, font de lui le candidat id\u00e9al pour ce r\u00f4le. Nous nous r\u00e9jouissons de travailler avec lui et lui souhaitons la bienvenue.<\/p>\n\n\n\n<p>La secr\u00e9taire-directrice par int\u00e9rim, Nicole Leijendeckers, a accept\u00e9 de prolonger ses fonctions de deux mois, jusqu'au 1er septembre, afin d'assurer un bon passage de relais. Le Conseil lui est tr\u00e8s reconnaissant pour son engagement et son implication personnelle.<\/p>","protected":false},"excerpt":{"rendered":"<p>Le Conseil de la Culture a le plaisir d'annoncer que le Dr Rien Fraanje a \u00e9t\u00e9 nomm\u00e9 secr\u00e9taire-directeur du Conseil avec effet au 1er ao\u00fbt 2025. \u00c0 ce titre, il dirige le bureau qui soutient le Conseil dans les domaines de l'art, de la culture, du patrimoine, des m\u00e9dias et du design ; en tant que secr\u00e9taire, il soutient le Conseil dans...&nbsp;<a href=\"https:\/\/staging.cultuurpers.nl\/fr\/2025\/05\/raad-voor-cultuur-verheugd-over-komst-nieuwe-secretaris-directeur-rien-fraanje\/\" rel=\"bookmark\">Lire la suite \"<span class=\"screen-reader-text\">Le Conseil de la culture salue l'arriv\u00e9e de Rien Fraanje, nouveau secr\u00e9taire-directeur<\/span><\/a><\/p>","protected":false},"author":13,"featured_media":71730,"comment_status":"open","ping_status":"closed","sticky":false,"template":"","format":"standard","meta":{"_eb_attr":"","_monsterinsights_skip_tracking":false,"_monsterinsights_sitenote_active":false,"_monsterinsights_sitenote_note":"","_monsterinsights_sitenote_category":0,"neve_meta_sidebar":"","neve_meta_container":"","neve_meta_enable_content_width":"","neve_meta_content_width":0,"neve_meta_title_alignment":"","neve_meta_author_avatar":"","neve_post_elements_order":"","neve_meta_disable_header":"","neve_meta_disable_footer":"","neve_meta_disable_title":"","neve_meta_reading_time":"","_themeisle_gutenberg_block_has_review":false,"_jetpack_memberships_contains_paid_content":false,"activitypub_content_warning":null,"activitypub_content_visibility":"","activitypub_max_image_attachments":3,"activitypub_interaction_policy_quote":"anyone","activitypub_status":"federated","footnotes":"","jetpack_publicize_message":"","jetpack_publicize_feature_enabled":true,"jetpack_social_post_already_shared":false,"jetpack_social_options":{"image_generator_settings":{"template":"highway","enabled":false},"version":2}},"categories":[15614,11917],"tags":[1148],"class_list":["post-97233","post","type-post","status-publish","format-standard","has-post-thumbnail","hentry","category-beleid","category-persberichten","tag-raad-voor-cultuur"],"aioseo_notices":[],"jetpack_publicize_connections":[],"jetpack_featured_media_url":"https:\/\/staging.cultuurpers.nl\/wp-content\/uploads\/2021\/11\/raadvcultiir.jpg","jetpack-related-posts":[{"id":96840,"url":"https:\/\/staging.cultuurpers.nl\/fr\/2025\/03\/raad-voor-cultuur-onderzoekt-financiering-in-de-cultuursector\/","url_meta":{"origin":97233,"position":0},"title":"Le Conseil \"Culture\" se penche sur le financement du secteur culturel","author":"een van onze leden","date":"24 mars 2025","format":false,"excerpt":"Le Conseil de la culture entame un processus consultatif sur la mani\u00e8re d'\u00e9largir et de p\u00e9renniser le financement du secteur culturel. Le comit\u00e9 consultatif sur le financement a \u00e9t\u00e9 cr\u00e9\u00e9 \u00e0 cet effet. Ce comit\u00e9 examine comment l'alignement entre les financements publics et priv\u00e9s peut \u00eatre mieux organis\u00e9 et quels sont les obstacles rencontr\u00e9s par les gouvernements, les financiers et les institutions culturelles lorsqu'ils cherchent \u00e0 attirer des fonds priv\u00e9s....","rel":"","context":"Dans &quot;beleid&quot;","block_context":{"text":"beleid","link":"https:\/\/staging.cultuurpers.nl\/fr\/genre\/beleid\/"},"img":{"alt_text":"","src":"","width":0,"height":0},"classes":[]},{"id":42608,"url":"https:\/\/staging.cultuurpers.nl\/fr\/2017\/01\/raad-cultuur-zoekt-leden\/","url_meta":{"origin":97233,"position":1},"title":"Le Conseil de la culture recherche : MEMBRES (m\u00e9dias, journalisme et science)","author":"een van onze leden","date":"7 janvier 2017","format":false,"excerpt":"De Raad voor Cultuur is het wettelijke adviesorgaan van de regering en het parlement op het terrein van cultuur en media. De raad is onafhankelijk en adviseert, gevraagd en ongevraagd, over actuele beleidskwesties en subsidieaanvragen. De raad wil adviezen maken met visie en durf; adviezen die een verschil maken en\u2026","rel":"","context":"Dans &quot;advertentie-archief&quot;","block_context":{"text":"advertentie-archief","link":"https:\/\/staging.cultuurpers.nl\/fr\/genre\/service\/advertenties\/advertentie-archief\/"},"img":{"alt_text":"","src":"https:\/\/i0.wp.com\/staging.cultuurpers.nl\/wp-content\/uploads\/2016\/12\/leden-raad-cultuur.png?resize=350%2C200&ssl=1","width":350,"height":200,"srcset":"https:\/\/i0.wp.com\/staging.cultuurpers.nl\/wp-content\/uploads\/2016\/12\/leden-raad-cultuur.png?resize=350%2C200&ssl=1 1x, https:\/\/i0.wp.com\/staging.cultuurpers.nl\/wp-content\/uploads\/2016\/12\/leden-raad-cultuur.png?resize=525%2C300&ssl=1 1.5x"},"classes":[]},{"id":89337,"url":"https:\/\/staging.cultuurpers.nl\/fr\/2023\/01\/nancy-jouwe-benoemd-als-lid-van-de-raad-voor-cultuur\/","url_meta":{"origin":97233,"position":2},"title":"Nancy Jouwe nomm\u00e9e membre du Conseil de la Culture","author":"een van onze leden","date":"28 janvier 2023","format":false,"excerpt":"Mevrouw Nancy Jouwe wordt benoemd als lid van de Raad voor Cultuur. De ministerraad heeft daarmee ingestemd op voorstel van staatssecretaris Uslu van Cultuur en Media. De benoeming gaat in op 15 februari 2023 voor een periode van vier jaar. Jouwe studeerde Algemene Letteren aan de Universiteiten van Utrecht en\u2026","rel":"","context":"Dans &quot;ACTUEEL&quot;","block_context":{"text":"ACTUEEL","link":"https:\/\/staging.cultuurpers.nl\/fr\/genre\/nieuws\/"},"img":{"alt_text":"Nancy Jouwe - via Raad voor Cultuur","src":"https:\/\/i0.wp.com\/staging.cultuurpers.nl\/wp-content\/uploads\/2023\/01\/nancy-jouwe-1024.jpg?resize=350%2C200&ssl=1","width":350,"height":200,"srcset":"https:\/\/i0.wp.com\/staging.cultuurpers.nl\/wp-content\/uploads\/2023\/01\/nancy-jouwe-1024.jpg?resize=350%2C200&ssl=1 1x, https:\/\/i0.wp.com\/staging.cultuurpers.nl\/wp-content\/uploads\/2023\/01\/nancy-jouwe-1024.jpg?resize=525%2C300&ssl=1 1.5x, https:\/\/i0.wp.com\/staging.cultuurpers.nl\/wp-content\/uploads\/2023\/01\/nancy-jouwe-1024.jpg?resize=700%2C400&ssl=1 2x"},"classes":[]},{"id":80294,"url":"https:\/\/staging.cultuurpers.nl\/fr\/2022\/05\/deirdre-carasso-benoemd-als-lid-van-de-raad-voor-cultuur\/","url_meta":{"origin":97233,"position":3},"title":"Deirdre Carasso nomm\u00e9e membre du Conseil de la Culture","author":"een van onze leden","date":"20 mai 2022","format":false,"excerpt":"Mevrouw drs. Deirdre Carasso wordt benoemd als lid van de Raad voor Cultuur. De ministerraad heeft daarmee ingestemd op voorstel van staatssecretaris Uslu van Cultuur en Media. De benoeming gaat in op 1 juli 2022 voor een periode van vier jaar. Deirdre Carasso studeerde Kunstgeschiedenis aan de Universiteit van Amsterdam\u2026","rel":"","context":"Dans &quot;FAITS DIVERS&quot;","block_context":{"text":"FAITS DIVERS","link":"https:\/\/staging.cultuurpers.nl\/fr\/genre\/faits-divers\/"},"img":{"alt_text":"","src":"https:\/\/i0.wp.com\/www.raadvoorcultuur.nl\/binaries\/medium\/content\/gallery\/raadvoorcultuur\/content-afbeeldingen\/raad\/deidre-830-553.jpg?resize=350%2C200&ssl=1","width":350,"height":200,"srcset":"https:\/\/i0.wp.com\/www.raadvoorcultuur.nl\/binaries\/medium\/content\/gallery\/raadvoorcultuur\/content-afbeeldingen\/raad\/deidre-830-553.jpg?resize=350%2C200&ssl=1 1x, https:\/\/i0.wp.com\/www.raadvoorcultuur.nl\/binaries\/medium\/content\/gallery\/raadvoorcultuur\/content-afbeeldingen\/raad\/deidre-830-553.jpg?resize=525%2C300&ssl=1 1.5x, https:\/\/i0.wp.com\/www.raadvoorcultuur.nl\/binaries\/medium\/content\/gallery\/raadvoorcultuur\/content-afbeeldingen\/raad\/deidre-830-553.jpg?resize=700%2C400&ssl=1 2x"},"classes":[]}],"jetpack_shortlink":"https:\/\/wp.me\/p3yKke-pih","jetpack_sharing_enabled":true,"_links":{"self":[{"href":"https:\/\/staging.cultuurpers.nl\/fr\/wp-json\/wp\/v2\/posts\/97233","targetHints":{"allow":["GET"]}}],"collection":[{"href":"https:\/\/staging.cultuurpers.nl\/fr\/wp-json\/wp\/v2\/posts"}],"about":[{"href":"https:\/\/staging.cultuurpers.nl\/fr\/wp-json\/wp\/v2\/types\/post"}],"author":[{"embeddable":true,"href":"https:\/\/staging.cultuurpers.nl\/fr\/wp-json\/wp\/v2\/users\/13"}],"replies":[{"embeddable":true,"href":"https:\/\/staging.cultuurpers.nl\/fr\/wp-json\/wp\/v2\/comments?post=97233"}],"version-history":[{"count":1,"href":"https:\/\/staging.cultuurpers.nl\/fr\/wp-json\/wp\/v2\/posts\/97233\/revisions"}],"predecessor-version":[{"id":97234,"href":"https:\/\/staging.cultuurpers.nl\/fr\/wp-json\/wp\/v2\/posts\/97233\/revisions\/97234"}],"wp:featuredmedia":[{"embeddable":true,"href":"https:\/\/staging.cultuurpers.nl\/fr\/wp-json\/wp\/v2\/media\/71730"}],"wp:attachment":[{"href":"https:\/\/staging.cultuurpers.nl\/fr\/wp-json\/wp\/v2\/media?parent=97233"}],"wp:term":[{"taxonomy":"category","embeddable":true,"href":"https:\/\/staging.cultuurpers.nl\/fr\/wp-json\/wp\/v2\/categories?post=97233"},{"taxonomy":"post_tag","embeddable":true,"href":"https:\/\/staging.cultuurpers.nl\/fr\/wp-json\/wp\/v2\/tags?post=97233"}],"curies":[{"name":"wp","href":"https:\/\/api.w.org\/{rel}","templated":true}]}}