{"id":97210,"date":"2025-05-02T16:08:13","date_gmt":"2025-05-02T14:08:13","guid":{"rendered":"https:\/\/cultureelpersbureau.nl\/?p=97210"},"modified":"2025-05-02T16:08:16","modified_gmt":"2025-05-02T14:08:16","slug":"wereldpremieres-bij-het-holland-festival","status":"publish","type":"post","link":"https:\/\/staging.cultuurpers.nl\/fr\/2025\/05\/wereldpremieres-bij-het-holland-festival\/","title":{"rendered":"Premi\u00e8re mondiale au Holland Festival"},"content":{"rendered":"<p>Dans moins d'un mois et demi, le Holland Festival prendra vie dans 16 salles \u00e0 Amsterdam et 1 \u00e0 La Haye. Cette ann\u00e9e, 10 coproductions seront pr\u00e9sent\u00e9es en premi\u00e8re mondiale. Des grandes productions internationales aux th\u00e8mes de l'\u00e9cologie et de l'autonomie f\u00e9minine, en passant par une premi\u00e8re rencontre entre deux artistes qui admirent le travail de l'autre. Nous les avons mises...<\/p>\n\n\n\n<h2 class=\"wp-block-heading\"><strong>Danse<\/strong><\/h2>\n\n\n\n<ul class=\"wp-block-list\">\n<li><em><a href=\"https:\/\/www.hollandfestival.nl\/nl\/welcome-to-asbestos-hall\">Bienvenue \u00e0 Asbestos Hall<\/a><\/em>\u00a0de Trajal Harrell et de ses danseurs est un projet dans lequel ils transforment Likeminds en un espace d'exp\u00e9rimentation et de d\u00e9veloppement.<\/li>\n\n\n\n<li>Une nouveaut\u00e9 du Holland Festival est le HF Lab, qui implique activement les jeunes dans le festival. Cette ann\u00e9e, 15 jeunes travailleront en collaboration avec <em><a href=\"https:\/\/www.hollandfestival.nl\/nl\/hf-lab-x-degasten-performance-wakka\">DEGASTEN<\/a><\/em>\u00a0cr\u00e9er un spectacle bas\u00e9 sur l'\u0153uvre de Harrell.\u00a0<\/li>\n\n\n\n<li><em><a href=\"https:\/\/www.hollandfestival.nl\/nl\/study-for-life\">\u00c9tudier pour la vie<\/a><\/em>la collaboration entre le chor\u00e9graphe Tero Saarinen et Asko|Sch\u00f6nberg sur une musique de Kaija Saariaho, fait bouger tout le monde.<\/li>\n<\/ul>\n\n\n\n<h2 class=\"wp-block-heading\"><strong>Musique et com\u00e9die musicale<\/strong><\/h2>\n\n\n\n<ul class=\"wp-block-list\">\n<li>Quarante musiciens de diff\u00e9rentes cultures sont r\u00e9unis sur sc\u00e8ne pour la premi\u00e8re fois avec le\u00a0<em><a href=\"https:\/\/www.hollandfestival.nl\/nl\/atlas-orkest-2025\">Orchestre Atlas<\/a>,\u00a0<\/em>Initi\u00e9 par Jo\u00ebl Bons.<\/li>\n\n\n\n<li>Au <em><a href=\"https:\/\/www.hollandfestival.nl\/nl\/forbidden-echoes\">\u00c9chos interdits<\/a><\/em> sera pr\u00e9sent\u00e9e en premi\u00e8re mondiale, aux c\u00f4t\u00e9s du cycle de chansons existant de Hani Mojtahedy et d'une nouvelle \u0153uvre pour Ney, percussions iraniennes et cordes de Nader Adabnejad.<\/li>\n\n\n\n<li><em><a href=\"https:\/\/www.hollandfestival.nl\/nl\/one-ocean\">Un oc\u00e9an<\/a><\/em> est un nouveau projet dans lequel des artistes des \u00eeles du Pacifique et de l'oc\u00e9an Indien rendent hommage \u00e0 la r\u00e9silience de leur culture.<\/li>\n\n\n\n<li><em><a href=\"https:\/\/www.hollandfestival.nl\/nl\/otemba\">Otemba - Des femmes audacieuses<\/a><\/em>, spectacle de th\u00e9\u00e2tre musical compos\u00e9 par Misato Mochizuki, est bas\u00e9 sur le tableau Portrait de Pieter Cnoll, <em>Cornelia van Nijenrode, leurs deux filles Catharina et Hester, l'esclave Surapati et une femme r\u00e9duite en esclavage (Batavia, 1665) par Jacob Coeman<\/em>.<\/li>\n\n\n\n<li><em><a href=\"https:\/\/www.hollandfestival.nl\/nl\/ring-of-our-time\">L'anneau de notre temps<\/a><\/em>est une histoire \u00e9pique et \u00e9cologique pour le XXIe si\u00e8cle, dans laquelle se rencontrent les mythes, les rituels et la musique de cinq civilisations.<\/li>\n\n\n\n<li>Dans la r\u00e9sidence du pianiste de jazz <em><a href=\"https:\/\/www.hollandfestival.nl\/nl\/craig-taborn\">Craig Taborn<\/a><\/em>\u00a0au BIMhuis, il collaborera avec des musiciens locaux. Il se livrera \u00e9galement \u00e0 une improvisation avec Trajal Harrell dans le cadre de l'exposition \"Le monde de la musique\". <em>Bienvenue \u00e0 Asbestos Hall<\/em> qui se r\u00e9pondent l'un \u00e0 l'autre.<\/li>\n<\/ul>\n\n\n\n<h2 class=\"wp-block-heading\"><strong>Th\u00e9\u00e2tre&nbsp;<\/strong><\/h2>\n\n\n\n<ul class=\"nv-cv-m wp-block-list\">\n<li><em><a href=\"https:\/\/www.hollandfestival.nl\/nl\/de-seizoenen\">Les saisons<\/a><\/em>\u00a0par Het Nationale Theater dans une mise en sc\u00e8ne d'Eric de Vroedt est une adaptation des livres d'Ali Smith sur les saisons, la nature, le Brexit et le r\u00e9confort des rencontres inattendues.<\/li>\n<\/ul>\n\n\n\n<div class=\"su-note\"  style=\"border-color:#e5e54c;border-radius:3px;-moz-border-radius:3px;-webkit-border-radius:3px;\"><div class=\"su-note-inner su-u-clearfix su-u-trim\" style=\"background-color:#FFFF66;border-color:#ffffff;color:#333333;border-radius:3px;-moz-border-radius:3px;-webkit-border-radius:3px;\">Cette ann\u00e9e, le festival de Hollande se d\u00e9roulera du 11 au 29 juin.<\/div><\/div>","protected":false},"excerpt":{"rendered":"<p>Dans moins d'un mois et demi, le Holland Festival prendra vie dans 16 salles \u00e0 Amsterdam et 1 \u00e0 La Haye. Cette ann\u00e9e, 10 coproductions seront pr\u00e9sent\u00e9es en premi\u00e8re mondiale. Des grandes productions internationales aux th\u00e8mes tels que l'\u00e9cologie et l'autonomie f\u00e9minine, jusqu'\u00e0 la premi\u00e8re rencontre entre deux artistes qui admirent le travail de l'autre. Nous en dressons la liste pour vous :...&nbsp;<a href=\"https:\/\/staging.cultuurpers.nl\/fr\/2025\/05\/wereldpremieres-bij-het-holland-festival\/\" rel=\"bookmark\">Lire la suite \"<span class=\"screen-reader-text\">Premi\u00e8re mondiale au Holland Festival<\/span><\/a><\/p>","protected":false},"author":13,"featured_media":97211,"comment_status":"open","ping_status":"closed","sticky":false,"template":"","format":"standard","meta":{"_eb_attr":"","_monsterinsights_skip_tracking":false,"_monsterinsights_sitenote_active":false,"_monsterinsights_sitenote_note":"","_monsterinsights_sitenote_category":0,"neve_meta_sidebar":"","neve_meta_container":"","neve_meta_enable_content_width":"","neve_meta_content_width":0,"neve_meta_title_alignment":"","neve_meta_author_avatar":"","neve_post_elements_order":"","neve_meta_disable_header":"","neve_meta_disable_footer":"","neve_meta_disable_title":"","neve_meta_reading_time":"","_themeisle_gutenberg_block_has_review":false,"_jetpack_memberships_contains_paid_content":false,"activitypub_content_warning":null,"activitypub_content_visibility":"","activitypub_max_image_attachments":3,"activitypub_interaction_policy_quote":"anyone","activitypub_status":"federated","footnotes":"","jetpack_publicize_message":"","jetpack_publicize_feature_enabled":true,"jetpack_social_post_already_shared":false,"jetpack_social_options":{"image_generator_settings":{"template":"highway","enabled":false},"version":2}},"categories":[6695,38,4760,11917,8843,3059,4759],"tags":[],"class_list":["post-97210","post","type-post","status-publish","format-standard","has-post-thumbnail","hentry","category-dans","category-holland-festival","category-muziek-podiumkunst-2","category-persberichten","category-podiumkunst","category-specials","category-theater-podiumkunst-2"],"aioseo_notices":[],"jetpack_publicize_connections":[],"jetpack_featured_media_url":"https:\/\/staging.cultuurpers.nl\/wp-content\/uploads\/2025\/05\/Small_Island_Big_Song_One_Ocean_P-scaled.jpg","jetpack-related-posts":[],"jetpack_shortlink":"https:\/\/wp.me\/p3yKke-phU","jetpack_sharing_enabled":true,"_links":{"self":[{"href":"https:\/\/staging.cultuurpers.nl\/fr\/wp-json\/wp\/v2\/posts\/97210","targetHints":{"allow":["GET"]}}],"collection":[{"href":"https:\/\/staging.cultuurpers.nl\/fr\/wp-json\/wp\/v2\/posts"}],"about":[{"href":"https:\/\/staging.cultuurpers.nl\/fr\/wp-json\/wp\/v2\/types\/post"}],"author":[{"embeddable":true,"href":"https:\/\/staging.cultuurpers.nl\/fr\/wp-json\/wp\/v2\/users\/13"}],"replies":[{"embeddable":true,"href":"https:\/\/staging.cultuurpers.nl\/fr\/wp-json\/wp\/v2\/comments?post=97210"}],"version-history":[{"count":1,"href":"https:\/\/staging.cultuurpers.nl\/fr\/wp-json\/wp\/v2\/posts\/97210\/revisions"}],"predecessor-version":[{"id":97212,"href":"https:\/\/staging.cultuurpers.nl\/fr\/wp-json\/wp\/v2\/posts\/97210\/revisions\/97212"}],"wp:featuredmedia":[{"embeddable":true,"href":"https:\/\/staging.cultuurpers.nl\/fr\/wp-json\/wp\/v2\/media\/97211"}],"wp:attachment":[{"href":"https:\/\/staging.cultuurpers.nl\/fr\/wp-json\/wp\/v2\/media?parent=97210"}],"wp:term":[{"taxonomy":"category","embeddable":true,"href":"https:\/\/staging.cultuurpers.nl\/fr\/wp-json\/wp\/v2\/categories?post=97210"},{"taxonomy":"post_tag","embeddable":true,"href":"https:\/\/staging.cultuurpers.nl\/fr\/wp-json\/wp\/v2\/tags?post=97210"}],"curies":[{"name":"wp","href":"https:\/\/api.w.org\/{rel}","templated":true}]}}