{"id":97195,"date":"2025-05-01T16:27:50","date_gmt":"2025-05-01T14:27:50","guid":{"rendered":"https:\/\/cultureelpersbureau.nl\/?p=97195"},"modified":"2025-05-01T16:29:48","modified_gmt":"2025-05-01T14:29:48","slug":"bruins-brievenbus","status":"publish","type":"post","link":"https:\/\/staging.cultuurpers.nl\/fr\/2025\/05\/bruins-brievenbus\/","title":{"rendered":"Bo\u00eete aux lettres Bruins"},"content":{"rendered":"<p>La saison du lobbying a commenc\u00e9. Aujourd'hui, deux lettres \u00e0 notre taciturne ministre de la culture, qui s'efforce tant bien que mal de ne pas parler d'art au cours de ce long mandat gouvernemental. <\/p>\n\n\n\n<h2 class=\"wp-block-heading\">Secteur de la danse<\/h2>\n\n\n\n<p>La premi\u00e8re lettre \u00e9mane du secteur n\u00e9erlandais de la danse et demande plus de calme dans la tente et plus d'attention aux probl\u00e8mes sp\u00e9cifiques du monde de la danse. L'attention qu'ils demandent porte sur l'ensemble de la cha\u00eene, depuis l'\u00e9cole jusqu'\u00e0 la carri\u00e8re professionnelle, souvent courte, en passant par les amateurs. Et, comme beaucoup d'autres, les gens de la danse plaident \u00e9galement pour un syst\u00e8me de subventions plus souple :<\/p>\n\n\n\n<p>\"Les subventions des Fonds nationaux et de l'infrastructure de base pourraient mieux correspondre aux carri\u00e8res souvent non lin\u00e9aires des artistes de la danse en leur donnant la possibilit\u00e9 de postuler pour 2, 4, 6 ou 8 ans. Il serait bon que les possibilit\u00e9s de subvention correspondent \u00e0 l'\u00e9volution de la carri\u00e8re des danseurs, plut\u00f4t que la carri\u00e8re doive se conformer au paysage des subventions.<\/p>\n\n\n\n<p>Les entreprises et les cr\u00e9ateurs devraient \u00e9galement \u00eatre exclus du syst\u00e8me de mani\u00e8re moins rigoureuse : <\/p>\n\n\n\n<p><em>\"Garantir la position des cr\u00e9ateurs en milieu de carri\u00e8re dans le syst\u00e8me de la danse. Ils sont essentiels \u00e0 la vitalit\u00e9 du paysage de la danse. Ils contribuent au d\u00e9veloppement artistique durable et relient les g\u00e9n\u00e9rations. C'est pr\u00e9cis\u00e9ment ce groupe qui a \u00e9t\u00e9 durement touch\u00e9 lors de l'attribution des subventions pour 2025-2028 : beaucoup ont perdu leur subvention, alors qu'ils avaient b\u00e9n\u00e9fici\u00e9 d'investissements intensifs au cours des derni\u00e8res ann\u00e9es. Ne pas assurer leur position aujourd'hui, c'est risquer la destruction du capital. Ces cr\u00e9ateurs constituent un lien puissant avec l'infrastructure nationale de la danse et les groupements potentiels, et ont un r\u00f4le cl\u00e9 \u00e0 jouer dans l'approfondissement et la croissance du secteur.<\/em><\/p>\n\n\n<a href=\"https:\/\/staging.cultuurpers.nl\/wp-content\/uploads\/2025\/05\/document.pdf\" class=\"pdfemb-viewer\" style=\"height:600px;\" data-width=\"max\" data-height=\"600\" data-toolbar=\"both\" data-toolbar-fixed=\"off\">document<\/a>\n\n\n<h2 class=\"wp-block-heading\">L'Europe<\/h2>\n\n\n\n<p>Les gouvernements n\u00e9erlandais pr\u00e9f\u00e8rent ne pas recevoir d'argent gratuit de l'Europe depuis que nous sommes devenus un pays de droite. C'est le cas depuis Rutte 1 : <\/p>\n\n\n\n<figure class=\"wp-block-embed is-type-wp-embed is-provider-cultuurpers wp-block-embed-cultuurpers\"><div class=\"wp-block-embed__wrapper\">\n<span class=\"xBAth3Ks7lKMbvjubstZBPmjA1VyJR8p00iDSoU4uLfSL6HcN74xzwe3XgfqpkeV\"><blockquote class=\"wp-embedded-content\" data-secret=\"Mpmh22QQ6h\"><a href=\"https:\/\/staging.cultuurpers.nl\/2012\/11\/zeggen-we-weer-nee-tegen-eu-cultuurgeld\/\">Sommes-nous encore en train de dire \"non\" \u00e0 l'argent de l'UE pour la culture ?<\/a><\/blockquote><iframe loading=\"lazy\" class=\"wp-embedded-content\" sandbox=\"allow-scripts\" security=\"restricted\" style=\"position: absolute; visibility: hidden;\" title=\"Nous sommes en train de dire &quot;non&quot; \u00e0 l&#039;argent de l&#039;UE pour la culture, une fois de plus ? - Culture Press\" src=\"https:\/\/staging.cultuurpers.nl\/2012\/11\/zeggen-we-weer-nee-tegen-eu-cultuurgeld\/embed\/#?secret=VAsUldG3Ms#?secret=Mpmh22QQ6h\" data-secret=\"Mpmh22QQ6h\" width=\"600\" height=\"338\" frameborder=\"0\" marginwidth=\"0\" marginheight=\"0\" scrolling=\"no\"><\/iframe><\/span>\n<\/div><\/figure>\n\n\n\n<p> Aujourd'hui, le soutien de l'Europe \u00e0 l'art n\u00e9erlandais est \u00e0 nouveau menac\u00e9 et, pour devancer toute h\u00e9sitation de La Haye, Kunsten '92 envoie une lettre europ\u00e9enne \u00e0 Bruins. Un texte fort, que nous trouvons ici : <\/p>\n\n\n\n<p><em>Nous appr\u00e9cions votre position lors du Conseil de l'OJCS \u00e0 Varsovie en avril dernier ainsi que votre signature de la lettre commune des ministres europ\u00e9ens de la culture en faveur du renforcement du secteur culturel et cr\u00e9atif par le biais du programme \"Europe cr\u00e9ative \"2.<br \/>Dans vos discussions sur la strat\u00e9gie Culture Compass et sur le CFP, vous disposez d'un mod\u00e8le pr\u00e9cieux : les principes que nous, en tant que secteur culturel europ\u00e9en, avons \u00e9labor\u00e9s avec Culture Action Europe - le r\u00e9seau europ\u00e9en d'organisations culturelles dont Kunsten '92 est un membre actif. Il s'agit des principes \"Exiger, payer et faire confiance \u00e0 l'artiste\". Ces principes sont les suivants<\/em><\/p>\n\n\n\n<ul class=\"wp-block-list\">\n<li><em>Les artistes et les professionnels de la culture devraient participer \u00e0 toutes les discussions politiques europ\u00e9ennes afin que leur cr\u00e9ativit\u00e9 et leurs approches novatrices soient prises en compte dans les conversations et les solutions.<\/em><\/li>\n\n\n\n<li><em>PAYEZ-NOUS DE MANI\u00c8RE EQUITABLE : Assurez des conditions de travail normales et une r\u00e9mun\u00e9ration \u00e9quitable en g\u00e9n\u00e9ral et pour l'utilisation de la propri\u00e9t\u00e9 intellectuelle en particulier. Investir dans la culture. Investir dans la culture = Investir dans une Europe r\u00e9siliente.<\/em><\/li>\n\n\n\n<li><em>Faites confiance \u00e0 notre expertise : Acceptez l'impr\u00e9visibilit\u00e9 des arts - nous obtenons des r\u00e9sultats m\u00eame lorsqu'ils ne s'inscrivent pas dans tous les cadres.\"<\/em><\/li>\n<\/ul>\n\n\n<a href=\"https:\/\/staging.cultuurpers.nl\/wp-content\/uploads\/2025\/05\/Brief-Europaplatform-aan-Eppo-Bruins-30-april-2025-2.pdf\" class=\"pdfemb-viewer\" style=\"height:600px;\" data-width=\"max\" data-height=\"600\" data-toolbar=\"both\" data-toolbar-fixed=\"off\">Brief-Europaplatform-aan-Eppo-Bruins-30-april-2025-2<\/a>\n\n\n<div class=\"su-note\"  style=\"border-color:#e5e54c;border-radius:3px;-moz-border-radius:3px;-webkit-border-radius:3px;\"><div class=\"su-note-inner su-u-clearfix su-u-trim\" style=\"background-color:#FFFF66;border-color:#ffffff;color:#333333;border-radius:3px;-moz-border-radius:3px;-webkit-border-radius:3px;\">La saison de lobbying \u00e9tant ouverte, nous vous tiendrons au courant du contenu de la bo\u00eete aux lettres de Bruins ici. <\/div><\/div>","protected":false},"excerpt":{"rendered":"<p>La saison du lobbying a commenc\u00e9. Aujourd'hui, deux lettres adress\u00e9es \u00e0 notre taciturne ministre de la culture, qui s'efforce tant bien que mal de ne pas parler d'art au cours de ce long mandat gouvernemental. La premi\u00e8re lettre \u00e9mane du secteur n\u00e9erlandais de la danse, qui demande plus de calme et de s\u00e9r\u00e9nit\u00e9 sous la tente, ainsi qu'une plus grande attention aux probl\u00e8mes sp\u00e9cifiques du monde de la danse. L'attention qu'ils demandent est agr\u00e9able...&nbsp;<a href=\"https:\/\/staging.cultuurpers.nl\/fr\/2025\/05\/bruins-brievenbus\/\" rel=\"bookmark\">Lire la suite \"<span class=\"screen-reader-text\">Bo\u00eete aux lettres Bruins<\/span><\/a><\/p>","protected":false},"author":4,"featured_media":97198,"comment_status":"open","ping_status":"closed","sticky":false,"template":"","format":"standard","meta":{"_eb_attr":"","_monsterinsights_skip_tracking":false,"_monsterinsights_sitenote_active":false,"_monsterinsights_sitenote_note":"","_monsterinsights_sitenote_category":0,"neve_meta_sidebar":"","neve_meta_container":"","neve_meta_enable_content_width":"","neve_meta_content_width":0,"neve_meta_title_alignment":"","neve_meta_author_avatar":"","neve_post_elements_order":"","neve_meta_disable_header":"","neve_meta_disable_footer":"","neve_meta_disable_title":"","neve_meta_reading_time":"","_themeisle_gutenberg_block_has_review":false,"_jetpack_memberships_contains_paid_content":false,"activitypub_content_warning":"","activitypub_content_visibility":"","activitypub_max_image_attachments":3,"activitypub_interaction_policy_quote":"anyone","activitypub_status":"federated","footnotes":"","jetpack_publicize_message":"","jetpack_publicize_feature_enabled":true,"jetpack_social_post_already_shared":false,"jetpack_social_options":{"image_generator_settings":{"template":"highway","enabled":false},"version":2}},"categories":[1,15614,6095,11688],"tags":[4261,3904],"class_list":["post-97195","post","type-post","status-publish","format-standard","has-post-thumbnail","hentry","category-nieuws","category-beleid","category-featured","category-word-lid","tag-kunsten-92","tag-napk"],"aioseo_notices":[],"jetpack_publicize_connections":[],"jetpack_featured_media_url":"https:\/\/staging.cultuurpers.nl\/wp-content\/uploads\/2025\/05\/Brievenbus_in_Hilversum-scaled.jpg","jetpack-related-posts":[{"id":59795,"url":"https:\/\/staging.cultuurpers.nl\/fr\/2019\/02\/wat-is-dat-toch-met-de-danssector-in-amsterdam-weer-wordt-een-dansproductiehuis-van-subsidie-beroofd\/","url_meta":{"origin":97195,"position":0},"title":"Qu'en est-il du secteur de la danse \u00e0 Amsterdam ? Une autre maison de production de danse est priv\u00e9e de subventions.","author":"Maarten Baanders","date":"26 f\u00e9vrier 2019","format":false,"excerpt":"Verliest productiehuis Dansmakers Amsterdam zijn huisvesting? Samen met andere instellingen in de danssector heeft het er alles aan gedaan om het hele spectrum aan dansvoorzieningen in Amsterdam op elkaar af te stemmen en verder te ontwikkelen. Zo is in 2018 het gezamenlijke plan Danswerf ontwikkeld en als aanvraag voor een\u2026","rel":"","context":"Dans &quot;ACTUEEL&quot;","block_context":{"text":"ACTUEEL","link":"https:\/\/staging.cultuurpers.nl\/fr\/genre\/nieuws\/"},"img":{"alt_text":"","src":"https:\/\/i0.wp.com\/staging.cultuurpers.nl\/wp-content\/uploads\/2019\/02\/190224-Suzy-Blok.jpg?resize=350%2C200&ssl=1","width":350,"height":200,"srcset":"https:\/\/i0.wp.com\/staging.cultuurpers.nl\/wp-content\/uploads\/2019\/02\/190224-Suzy-Blok.jpg?resize=350%2C200&ssl=1 1x, https:\/\/i0.wp.com\/staging.cultuurpers.nl\/wp-content\/uploads\/2019\/02\/190224-Suzy-Blok.jpg?resize=525%2C300&ssl=1 1.5x, https:\/\/i0.wp.com\/staging.cultuurpers.nl\/wp-content\/uploads\/2019\/02\/190224-Suzy-Blok.jpg?resize=700%2C400&ssl=1 2x, https:\/\/i0.wp.com\/staging.cultuurpers.nl\/wp-content\/uploads\/2019\/02\/190224-Suzy-Blok.jpg?resize=1050%2C600&ssl=1 3x, https:\/\/i0.wp.com\/staging.cultuurpers.nl\/wp-content\/uploads\/2019\/02\/190224-Suzy-Blok.jpg?resize=1400%2C800&ssl=1 4x"},"classes":[]},{"id":53785,"url":"https:\/\/staging.cultuurpers.nl\/fr\/2017\/11\/nieuwe-leiders-kunst-en-cultuur-vierde-generatie-linc-studeert-af\/","url_meta":{"origin":97195,"position":1},"title":"Nouveaux leaders dans le domaine des arts et de la culture : quatri\u00e8me g\u00e9n\u00e9ration de dipl\u00f4m\u00e9s du LinC.","author":"Afdeling Advertentieverkoop","date":"10 novembre 2017","format":false,"excerpt":"Une nouvelle g\u00e9n\u00e9ration de responsables culturels s'est lev\u00e9e dans le b\u00e2timent de l'Acad\u00e9mie d'Utrecht le jeudi 9 novembre. Les 39 responsables venaient du Stedelijk Museum d'Amsterdam, de Schunck \u00e0 Heerlen, du VPRO \u00e0 Hilversum et du festival d'Utrecht Le Guess Who. En un an et demi, ils ont d\u00e9velopp\u00e9 de nouvelles m\u00e9thodes de travail...","rel":"","context":"Dans &quot;ACTUEEL&quot;","block_context":{"text":"ACTUEEL","link":"https:\/\/staging.cultuurpers.nl\/fr\/genre\/nieuws\/"},"img":{"alt_text":"","src":"https:\/\/i0.wp.com\/staging.cultuurpers.nl\/wp-content\/uploads\/2017\/11\/terBurgDSCF6823.jpg?resize=350%2C200&ssl=1","width":350,"height":200,"srcset":"https:\/\/i0.wp.com\/staging.cultuurpers.nl\/wp-content\/uploads\/2017\/11\/terBurgDSCF6823.jpg?resize=350%2C200&ssl=1 1x, https:\/\/i0.wp.com\/staging.cultuurpers.nl\/wp-content\/uploads\/2017\/11\/terBurgDSCF6823.jpg?resize=525%2C300&ssl=1 1.5x, https:\/\/i0.wp.com\/staging.cultuurpers.nl\/wp-content\/uploads\/2017\/11\/terBurgDSCF6823.jpg?resize=700%2C400&ssl=1 2x, https:\/\/i0.wp.com\/staging.cultuurpers.nl\/wp-content\/uploads\/2017\/11\/terBurgDSCF6823.jpg?resize=1050%2C600&ssl=1 3x, https:\/\/i0.wp.com\/staging.cultuurpers.nl\/wp-content\/uploads\/2017\/11\/terBurgDSCF6823.jpg?resize=1400%2C800&ssl=1 4x"},"classes":[]},{"id":42360,"url":"https:\/\/staging.cultuurpers.nl\/fr\/2016\/12\/eigenzinnig-veem-geeft-goed-voorbeeld-voor-amsterdamse-danssector\/","url_meta":{"origin":97195,"position":2},"title":"L'excentrique Veem donne l'exemple au secteur de la danse","author":"Fransien van der Putt","date":"15 d\u00e9cembre 2016","format":false,"excerpt":"Het Veem is een klein maar belangrijk theater en onofficieel productiehuis dat uitkijkt op de Houthavens in Amsterdam. Het huis is sinds jaar en dag de thuishaven voor internationaal opererende, hedendaagse podiumkunst. Een plek waar de kunstenaar en zijn of haar experimentele werk nog centraal staan. Sinds in 2014 Anne\u2026","rel":"","context":"Dans &quot;ACTUEEL&quot;","block_context":{"text":"ACTUEEL","link":"https:\/\/staging.cultuurpers.nl\/fr\/genre\/nieuws\/"},"img":{"alt_text":"","src":"https:\/\/i0.wp.com\/staging.cultuurpers.nl\/wp-content\/uploads\/2016\/12\/15317972_921394937993074_5020241813335701356_n.jpg?resize=350%2C200&ssl=1","width":350,"height":200,"srcset":"https:\/\/i0.wp.com\/staging.cultuurpers.nl\/wp-content\/uploads\/2016\/12\/15317972_921394937993074_5020241813335701356_n.jpg?resize=350%2C200&ssl=1 1x, https:\/\/i0.wp.com\/staging.cultuurpers.nl\/wp-content\/uploads\/2016\/12\/15317972_921394937993074_5020241813335701356_n.jpg?resize=525%2C300&ssl=1 1.5x"},"classes":[]},{"id":27009,"url":"https:\/\/staging.cultuurpers.nl\/fr\/2015\/12\/geef-volk-inspraak-kunstbeleid\/","url_meta":{"origin":97195,"position":3},"title":"Donner aux gens leur mot \u00e0 dire sur la politique artistique","author":"Jacqueline de Kuijper","date":"2 d\u00e9cembre 2015","format":false,"excerpt":"Sinds de financi\u00eble crisis en de daaropvolgende bezuinigingen wordt de cultuursector gedwongen zichzelf te legitimeren. Met wetenschappelijk onderzoek moet het maatschappelijk resultaat van kunst en cultuur aan worden getoond. Om de culturele sector daarin bij te staan is het Landelijk Kennisinstituut voor Cultuureducatie en Amateurkunst (LKCA) \u00a0daarom de zogeheten \u2018feitenfabriek\u2019\u2026","rel":"","context":"Dans &quot;ACTUEEL&quot;","block_context":{"text":"ACTUEEL","link":"https:\/\/staging.cultuurpers.nl\/fr\/genre\/nieuws\/"},"img":{"alt_text":"","src":"https:\/\/i0.wp.com\/staging.cultuurpers.nl\/wp-content\/uploads\/2015\/12\/151123cdk455.jpg?resize=350%2C200&ssl=1","width":350,"height":200,"srcset":"https:\/\/i0.wp.com\/staging.cultuurpers.nl\/wp-content\/uploads\/2015\/12\/151123cdk455.jpg?resize=350%2C200&ssl=1 1x, https:\/\/i0.wp.com\/staging.cultuurpers.nl\/wp-content\/uploads\/2015\/12\/151123cdk455.jpg?resize=525%2C300&ssl=1 1.5x, https:\/\/i0.wp.com\/staging.cultuurpers.nl\/wp-content\/uploads\/2015\/12\/151123cdk455.jpg?resize=700%2C400&ssl=1 2x, https:\/\/i0.wp.com\/staging.cultuurpers.nl\/wp-content\/uploads\/2015\/12\/151123cdk455.jpg?resize=1050%2C600&ssl=1 3x, https:\/\/i0.wp.com\/staging.cultuurpers.nl\/wp-content\/uploads\/2015\/12\/151123cdk455.jpg?resize=1400%2C800&ssl=1 4x"},"classes":[]},{"id":20811,"url":"https:\/\/staging.cultuurpers.nl\/fr\/2015\/03\/wetenschappelijke-raad-regeringsbeleid-adviseert-versterk-culturele-sector\/","url_meta":{"origin":97195,"position":4},"title":"Le Conseil scientifique pour la politique gouvernementale conseille : renforce le secteur culturel !","author":"Wijbrand Schaap","date":"5 mars 2015","format":false,"excerpt":"Zet kunstsubsidie in voor research&development, het aantrekken van durfkapitaal en crowdfunding met publiek geld. Op die manier kan volgens de Wetenschappelijke Raad voor het Regeringsbeleid (WRR) hetzelfde overheidsgeld meer opleveren. In een vandaag aan de regering aangeboden 'verkenning' breekt dit adviescollege een lans voor meer durf en inzet vanuit de\u2026","rel":"","context":"Dans &quot;ACTUEEL&quot;","block_context":{"text":"ACTUEEL","link":"https:\/\/staging.cultuurpers.nl\/fr\/genre\/nieuws\/"},"img":{"alt_text":"","src":"https:\/\/i0.wp.com\/staging.cultuurpers.nl\/wp-content\/uploads\/2015\/03\/schermafdruk-van-2015-03-04-184804.png?resize=350%2C200&ssl=1","width":350,"height":200,"srcset":"https:\/\/i0.wp.com\/staging.cultuurpers.nl\/wp-content\/uploads\/2015\/03\/schermafdruk-van-2015-03-04-184804.png?resize=350%2C200&ssl=1 1x, https:\/\/i0.wp.com\/staging.cultuurpers.nl\/wp-content\/uploads\/2015\/03\/schermafdruk-van-2015-03-04-184804.png?resize=525%2C300&ssl=1 1.5x, https:\/\/i0.wp.com\/staging.cultuurpers.nl\/wp-content\/uploads\/2015\/03\/schermafdruk-van-2015-03-04-184804.png?resize=700%2C400&ssl=1 2x"},"classes":[]}],"jetpack_shortlink":"https:\/\/wp.me\/p3yKke-phF","jetpack_sharing_enabled":true,"_links":{"self":[{"href":"https:\/\/staging.cultuurpers.nl\/fr\/wp-json\/wp\/v2\/posts\/97195","targetHints":{"allow":["GET"]}}],"collection":[{"href":"https:\/\/staging.cultuurpers.nl\/fr\/wp-json\/wp\/v2\/posts"}],"about":[{"href":"https:\/\/staging.cultuurpers.nl\/fr\/wp-json\/wp\/v2\/types\/post"}],"author":[{"embeddable":true,"href":"https:\/\/staging.cultuurpers.nl\/fr\/wp-json\/wp\/v2\/users\/4"}],"replies":[{"embeddable":true,"href":"https:\/\/staging.cultuurpers.nl\/fr\/wp-json\/wp\/v2\/comments?post=97195"}],"version-history":[{"count":2,"href":"https:\/\/staging.cultuurpers.nl\/fr\/wp-json\/wp\/v2\/posts\/97195\/revisions"}],"predecessor-version":[{"id":97204,"href":"https:\/\/staging.cultuurpers.nl\/fr\/wp-json\/wp\/v2\/posts\/97195\/revisions\/97204"}],"wp:featuredmedia":[{"embeddable":true,"href":"https:\/\/staging.cultuurpers.nl\/fr\/wp-json\/wp\/v2\/media\/97198"}],"wp:attachment":[{"href":"https:\/\/staging.cultuurpers.nl\/fr\/wp-json\/wp\/v2\/media?parent=97195"}],"wp:term":[{"taxonomy":"category","embeddable":true,"href":"https:\/\/staging.cultuurpers.nl\/fr\/wp-json\/wp\/v2\/categories?post=97195"},{"taxonomy":"post_tag","embeddable":true,"href":"https:\/\/staging.cultuurpers.nl\/fr\/wp-json\/wp\/v2\/tags?post=97195"}],"curies":[{"name":"wp","href":"https:\/\/api.w.org\/{rel}","templated":true}]}}