{"id":97067,"date":"2025-04-17T11:00:00","date_gmt":"2025-04-17T09:00:00","guid":{"rendered":"https:\/\/cultureelpersbureau.nl\/?p=97067"},"modified":"2025-04-16T16:44:32","modified_gmt":"2025-04-16T14:44:32","slug":"esther-hammelburg-wint-6e-boekman-dissertatieprijs","status":"publish","type":"post","link":"https:\/\/staging.cultuurpers.nl\/fr\/2025\/04\/esther-hammelburg-wint-6e-boekman-dissertatieprijs\/","title":{"rendered":"Esther Hammelburg remporte le 6e prix de th\u00e8se Boekman"},"content":{"rendered":"<p><em>Prix pour une th\u00e8se sur l'exp\u00e9rience en direct et les m\u00e9dias lors d'\u00e9v\u00e9nements culturels<\/em><\/p>\n\n\n\n<p><a href=\"https:\/\/www.boekman.nl\/actualiteit\/de-6e-boekman-dissertatieprijs\/?utm_source=Perslijst&amp;utm_campaign=72478cbbf2-EMAIL_CAMPAIGN_Boekman_6e-Dissertatieprijs_2025&amp;utm_medium=email&amp;utm_term=0_-df2e0c28c6-&amp;ct=t(EMAIL_CAMPAIGN_Boekman_6e-Dissertatieprijs_2025)\" target=\"_blank\" rel=\"noreferrer noopener\">Esther Hammelburg est la laur\u00e9ate de la sixi\u00e8me \u00e9dition du prix Boekman pour la dissertation sur les arts, la culture et la politique.<\/a>. Le prix a \u00e9t\u00e9 remis lors de la conf\u00e9rence de recherche <em>La culture pour r\u00e9soudre les probl\u00e8mes ?<\/em>organis\u00e9 par la Fondation Boekman et l'Universit\u00e9 Erasmus de Rotterdam au Theater Zuidplein. Susanne Janssen, pr\u00e9sidente du jury, a remis le prix en pr\u00e9sence de repr\u00e9sentants des partenaires organisateurs et du domaine des sciences sociales et humaines de l'Organisation mondiale de la sant\u00e9.<\/p>\n\n\n\n<p>Hammelburg a re\u00e7u le prix pour sa th\u00e8se <a href=\"https:\/\/catalogus.boekman.nl\/Details\/document\/300036978?utm_source=Perslijst&amp;utm_campaign=72478cbbf2-EMAIL_CAMPAIGN_Boekman_6e-Dissertatieprijs_2025&amp;utm_medium=email&amp;utm_term=0_-df2e0c28c6-&amp;ct=t(EMAIL_CAMPAIGN_Boekman_6e-Dissertatieprijs_2025)\" target=\"_blank\" rel=\"noreferrer noopener\"><em>\u00catre l\u00e0 en direct : comment l'existence est r\u00e9alis\u00e9e par l'utilisation des m\u00e9dias lors d'\u00e9v\u00e9nements culturels contemporains<\/em><\/a>dans lequel elle explore la mani\u00e8re dont l'exp\u00e9rience des \u00e9v\u00e9nements en direct est fondamentalement modifi\u00e9e par l'utilisation des m\u00e9dias num\u00e9riques, en particulier le t\u00e9l\u00e9phone portable.<\/p>\n\n\n\n<h2 class=\"wp-block-heading\">Les autres finalistes \u00e9taient\u00a0<\/h2>\n\n\n\n<ul class=\"wp-block-list\">\n<li>Pieter Bots, avec sa th\u00e8se <em>Un jugement pr\u00e9cieux : la qualit\u00e9 artistique dans la politique culturelle n\u00e9erlandaise<\/em> (Universit\u00e9 d'Amsterdam)<\/li>\n\n\n\n<li>Kirsten Schipper, avec L'architecture en tant qu'acte culturel : <em>une \u00e9tude architecturale et historique de la politique architecturale du gouvernement central<\/em> (Universit\u00e9 de Groningue)<\/li>\n<\/ul>\n\n\n\n<p>De plus amples informations sur leurs recherches sont disponibles \u00e0 l'adresse suivante <a href=\"https:\/\/www.boekman.nl\/catalogus\/?utm_source=Perslijst&amp;utm_campaign=72478cbbf2-EMAIL_CAMPAIGN_Boekman_6e-Dissertatieprijs_2025&amp;utm_medium=email&amp;utm_term=0_-df2e0c28c6-&amp;ct=t(EMAIL_CAMPAIGN_Boekman_6e-Dissertatieprijs_2025)\" target=\"_blank\" rel=\"noreferrer noopener\">ici<\/a> trouver.<\/p>\n\n\n\n<h2 class=\"wp-block-heading\">Extrait du rapport du jury<\/h2>\n\n\n\n<p><em>\"Dans sa th\u00e8se, Esther Hammelburg montre \u00e0 quel point l'exp\u00e9rience du public lors d'\u00e9v\u00e9nements en direct est devenue \u00e9troitement li\u00e9e \u00e0 l'utilisation des m\u00e9dias num\u00e9riques, en particulier du t\u00e9l\u00e9phone portable. Ce lien va bien au-del\u00e0 de la capture de quelques images en guise de souvenirs. Mme Hammelburg montre que pour de nombreuses personnes aujourd'hui, il n'y a tout simplement pas d'exp\u00e9rience de vie sans t\u00e9l\u00e9phone. Elle parle d'eventspheres : des \u00e9v\u00e9nements hybrides qui se d\u00e9roulent simultan\u00e9ment dans des lieux physiques et dans des environnements m\u00e9diatiques. Pour les cr\u00e9ateurs, les programmateurs et les autres professionnels, elle a \u00e9labor\u00e9 dix principes de conception pratiques afin de rendre l'exp\u00e9rience hybride en direct pour les visiteurs aussi puissante que possible. Avec sa recherche innovante et orient\u00e9e vers la pratique, Hammelburg place, de l'avis du jury, le fonctionnement de l'art et de la culture par excellence dans le contexte social contemporain des spectateurs de concerts et de festivals\".\u00a0<\/em><\/p>\n\n\n\n<h2 class=\"wp-block-heading\">Contexte<\/h2>\n\n\n\n<p>Le prix de th\u00e8se Boekman est d\u00e9cern\u00e9 tous les trois ans par la Fondation Boekman et le domaine des sciences sociales et humaines de l'ONM. Ce prix r\u00e9compense la meilleure th\u00e8se n\u00e9erlandaise portant sur l'art, la culture et la soci\u00e9t\u00e9, et vise \u00e0 attirer l'attention sur des connaissances scientifiques r\u00e9centes. Le prix est assorti d'une somme de 10 000 euros.<\/p>\n\n\n\n<p>Le laur\u00e9at sera \u00e9galement invit\u00e9 \u00e0 participer \u00e0 la r\u00e9daction d'un num\u00e9ro th\u00e9matique du magazine. <em>Livreur<\/em>Le prix est d\u00e9cern\u00e9 \u00e0 une th\u00e8se de doctorat qui porte sur le sujet de la th\u00e8se gagnante. Le prix de th\u00e8se s'inscrit dans la lign\u00e9e des id\u00e9es d'Emanuel Boekman (1889-1940), qui a \u00e9t\u00e9 le premier aux Pays-Bas \u00e0 faire un doctorat sur la relation entre le gouvernement et l'art.<\/p>\n\n\n\n<h2 class=\"wp-block-heading\"> Jury<\/h2>\n\n\n\n<p>Le jury du 6e prix de th\u00e8se Boekman \u00e9tait compos\u00e9 des personnes suivantes :<\/p>\n\n\n\n<ul class=\"wp-block-list\">\n<li><strong>Prof. Susanne Janssen <\/strong>(pr\u00e9sident), professeur de m\u00e9dias et de culture, Universit\u00e9 Erasmus de Rotterdam<\/li>\n\n\n\n<li><strong>Prof. Odile Heynders<\/strong>Professeur de litt\u00e9rature compar\u00e9e, Universit\u00e9 de Tilburg<\/li>\n\n\n\n<li><strong>Prof Gabri van Tussenbroek<\/strong>Professeur d'identit\u00e9 urbaine et de monuments, Universit\u00e9 d'Amsterdam<\/li>\n\n\n\n<li><strong>Dr Femke van Hest<\/strong>conseiller strat\u00e9gique culture, municipalit\u00e9 de 's-Hertogenbosch<\/li>\n\n\n\n<li><strong>Toef Jaeger<\/strong>r\u00e9dactrice en chef, arts, CNR<\/li>\n<\/ul>\n\n\n\n<div class=\"su-note\"  style=\"border-color:#e5e54c;border-radius:3px;-moz-border-radius:3px;-webkit-border-radius:3px;\"><div class=\"su-note-inner su-u-clearfix su-u-trim\" style=\"background-color:#FFFF66;border-color:#ffffff;color:#333333;border-radius:3px;-moz-border-radius:3px;-webkit-border-radius:3px;\">Le rapport complet du jury est disponible \u00e0 l'adresse suivante <a href=\"https:\/\/www.boekman.nl\/actualiteit\/de-6e-boekman-dissertatieprijs\/?utm_source=Perslijst&amp;utm_campaign=72478cbbf2-EMAIL_CAMPAIGN_Boekman_6e-Dissertatieprijs_2025&amp;utm_medium=email&amp;utm_term=0_-df2e0c28c6-&amp;ct=t(EMAIL_CAMPAIGN_Boekman_6e-Dissertatieprijs_2025)\" target=\"_blank\" rel=\"noreferrer noopener\">notre site web<\/a>.<\/div><\/div>","protected":false},"excerpt":{"rendered":"<p>Prix pour une th\u00e8se sur l'exp\u00e9rience en direct et les m\u00e9dias lors d'\u00e9v\u00e9nements culturels Esther Hammelburg est la laur\u00e9ate de la sixi\u00e8me \u00e9dition du prix Boekman pour une th\u00e8se sur l'art, la culture et la politique. Le prix a \u00e9t\u00e9 d\u00e9cern\u00e9 lors de la conf\u00e9rence de recherche Culture as a problem solver ?, organis\u00e9e par la Fondation Boekman et l'Universit\u00e9 Erasmus de Rotterdam au Theater Zuidplein. La pr\u00e9sidente du jury, le professeur Susanne Janssen, a d\u00e9cern\u00e9 le prix \u00e0...&nbsp;<a href=\"https:\/\/staging.cultuurpers.nl\/fr\/2025\/04\/esther-hammelburg-wint-6e-boekman-dissertatieprijs\/\" rel=\"bookmark\">Lire la suite \"<span class=\"screen-reader-text\">Esther Hammelburg remporte le 6e prix de th\u00e8se Boekman<\/span><\/a><\/p>","protected":false},"author":13,"featured_media":97068,"comment_status":"open","ping_status":"closed","sticky":false,"template":"","format":"standard","meta":{"_eb_attr":"","_monsterinsights_skip_tracking":false,"_monsterinsights_sitenote_active":false,"_monsterinsights_sitenote_note":"","_monsterinsights_sitenote_category":0,"neve_meta_sidebar":"","neve_meta_container":"","neve_meta_enable_content_width":"","neve_meta_content_width":0,"neve_meta_title_alignment":"","neve_meta_author_avatar":"","neve_post_elements_order":"","neve_meta_disable_header":"","neve_meta_disable_footer":"","neve_meta_disable_title":"","neve_meta_reading_time":"","_themeisle_gutenberg_block_has_review":false,"_jetpack_memberships_contains_paid_content":false,"activitypub_content_warning":null,"activitypub_content_visibility":"","activitypub_max_image_attachments":3,"activitypub_interaction_policy_quote":"anyone","activitypub_status":"federated","footnotes":"","jetpack_publicize_message":"","jetpack_publicize_feature_enabled":true,"jetpack_social_post_already_shared":true,"jetpack_social_options":{"image_generator_settings":{"template":"highway","enabled":false},"version":2}},"categories":[1,15614,9392,9619,11917],"tags":[15314,16382],"class_list":["post-97067","post","type-post","status-publish","format-standard","has-post-thumbnail","hentry","category-nieuws","category-beleid","category-internet","category-media","category-persberichten","tag-boekman","tag-dissertatieprijs"],"aioseo_notices":[],"jetpack_publicize_connections":[],"jetpack_featured_media_url":"https:\/\/staging.cultuurpers.nl\/wp-content\/uploads\/2025\/04\/00902c77-2386-8d2e-ec57-e9787d164272-scaled.jpg","jetpack-related-posts":[{"id":95539,"url":"https:\/\/staging.cultuurpers.nl\/fr\/2024\/10\/shortlist-boekman-dissertatieprijs-bekend\/","url_meta":{"origin":97067,"position":0},"title":"Annonce de la liste des candidats retenus pour le prix de th\u00e8se Boekman","author":"een van onze leden","date":"23 octobre 2024","format":false,"excerpt":"Ce matin, la Fondation Boekman a annonc\u00e9 la liste des candidats retenus pour le Prix Boekman de la dissertation. Au terme d'un processus minutieux, trois auteurs de m\u00e9moires ont \u00e9t\u00e9 s\u00e9lectionn\u00e9s parmi les neuf m\u00e9moires qui ont une chance de remporter le prestigieux prix qui sera d\u00e9cern\u00e9 pour la sixi\u00e8me fois. Le laur\u00e9at sera annonc\u00e9 en avril 2025 lors de la conf\u00e9rence.","rel":"","context":"Dans &quot;beleid&quot;","block_context":{"text":"beleid","link":"https:\/\/staging.cultuurpers.nl\/fr\/genre\/beleid\/"},"img":{"alt_text":"","src":"https:\/\/i0.wp.com\/staging.cultuurpers.nl\/wp-content\/uploads\/2024\/10\/a414135b-1c35-e99d-07aa-599987cfc300.png?resize=350%2C200&ssl=1","width":350,"height":200,"srcset":"https:\/\/i0.wp.com\/staging.cultuurpers.nl\/wp-content\/uploads\/2024\/10\/a414135b-1c35-e99d-07aa-599987cfc300.png?resize=350%2C200&ssl=1 1x, https:\/\/i0.wp.com\/staging.cultuurpers.nl\/wp-content\/uploads\/2024\/10\/a414135b-1c35-e99d-07aa-599987cfc300.png?resize=525%2C300&ssl=1 1.5x, https:\/\/i0.wp.com\/staging.cultuurpers.nl\/wp-content\/uploads\/2024\/10\/a414135b-1c35-e99d-07aa-599987cfc300.png?resize=700%2C400&ssl=1 2x, https:\/\/i0.wp.com\/staging.cultuurpers.nl\/wp-content\/uploads\/2024\/10\/a414135b-1c35-e99d-07aa-599987cfc300.png?resize=1050%2C600&ssl=1 3x, https:\/\/i0.wp.com\/staging.cultuurpers.nl\/wp-content\/uploads\/2024\/10\/a414135b-1c35-e99d-07aa-599987cfc300.png?resize=1400%2C800&ssl=1 4x"},"classes":[]},{"id":94481,"url":"https:\/\/staging.cultuurpers.nl\/fr\/2024\/06\/vanaf-nu-verkrijgbaar-boekman-139-over-cultuur-in-de-regio\/","url_meta":{"origin":97067,"position":1},"title":"Disponible d\u00e8s maintenant : Bookman #139 sur la culture dans la r\u00e9gion.","author":"een van onze leden","date":"13 juin 2024","format":false,"excerpt":"Amsterdam, 13 juni 2024\u00a0\u2013 Cultuur in de regio was een terugkerend thema tijdens de Tweede Kamerverkiezing.\u00a0Ook de Raad voor Cultuur heeft hier aandacht voor. De raad stelt\u00a0voor om de subsidies evenrediger te verdelen\u00a0over het land. Maar hoe moet dat worden gerealiseerd? Hoe wordt het geld nu verdeeld? En hoe kijken\u2026","rel":"","context":"Dans &quot;beleid&quot;","block_context":{"text":"beleid","link":"https:\/\/staging.cultuurpers.nl\/fr\/genre\/beleid\/"},"img":{"alt_text":"","src":"https:\/\/i0.wp.com\/staging.cultuurpers.nl\/wp-content\/uploads\/2024\/06\/5529468d-1fa5-78bf-58e6-e36cc1b51618.png?resize=350%2C200&ssl=1","width":350,"height":200,"srcset":"https:\/\/i0.wp.com\/staging.cultuurpers.nl\/wp-content\/uploads\/2024\/06\/5529468d-1fa5-78bf-58e6-e36cc1b51618.png?resize=350%2C200&ssl=1 1x, https:\/\/i0.wp.com\/staging.cultuurpers.nl\/wp-content\/uploads\/2024\/06\/5529468d-1fa5-78bf-58e6-e36cc1b51618.png?resize=525%2C300&ssl=1 1.5x"},"classes":[]},{"id":96883,"url":"https:\/\/staging.cultuurpers.nl\/fr\/2025\/03\/tijdschrift-boekman-verdiept-zich-in-the-culture\/","url_meta":{"origin":97067,"position":2},"title":"Le magazine Boekman se penche sur la culture","author":"een van onze leden","date":"27 mars 2025","format":false,"excerpt":"Op donderdag 3 april presenteert de Boekmanstichting in samenwerking met de Nederlandse Unesco Commissie en vertegenwoordigers uit de scene het voorjaarsnummer van tijdschrift Boekman, dat dit keer volledig in het teken staat van \u2018the culture\u2019. Deze artistieke stroming en dynamische levensstijl is geworteld in hiphop en vormt het middelpunt van\u2026","rel":"","context":"Dans &quot;beleid&quot;","block_context":{"text":"beleid","link":"https:\/\/staging.cultuurpers.nl\/fr\/genre\/beleid\/"},"img":{"alt_text":"","src":"https:\/\/i0.wp.com\/staging.cultuurpers.nl\/wp-content\/uploads\/2025\/03\/142_OMS_met-lijn-600x600-1.jpg?resize=350%2C200&ssl=1","width":350,"height":200,"srcset":"https:\/\/i0.wp.com\/staging.cultuurpers.nl\/wp-content\/uploads\/2025\/03\/142_OMS_met-lijn-600x600-1.jpg?resize=350%2C200&ssl=1 1x, https:\/\/i0.wp.com\/staging.cultuurpers.nl\/wp-content\/uploads\/2025\/03\/142_OMS_met-lijn-600x600-1.jpg?resize=525%2C300&ssl=1 1.5x"},"classes":[]},{"id":98478,"url":"https:\/\/staging.cultuurpers.nl\/fr\/2025\/09\/boekman-144-cultuur-als-probleemoplosser-wederkerigheid-is-het-sleutelwoord\/","url_meta":{"origin":97067,"position":3},"title":"BOOKMAN 144 : LA CULTURE POUR R\u00c9SOUDRE LES PROBL\u00c8MES ? La r\u00e9ciprocit\u00e9 est le mot cl\u00e9","author":"een van onze leden","date":"11 septembre 2025","format":false,"excerpt":"Amsterdam, 11\u00a0september\u00a02025 \u2013\u00a0Welke rol spelen kunst en cultuur in het oplossen van maatschappelijke problemen? Wat mogen we daarvan verwachten in deze tijd van grote uitdagingen? En hoe verhoudt de inzet van kunst voor maatschappelijke doelen zich tot professionele autonomie en artistieke vrijheid? In de nieuwste editie van tijdschrift Boekman verkennen\u2026","rel":"","context":"Dans &quot;beleid&quot;","block_context":{"text":"beleid","link":"https:\/\/staging.cultuurpers.nl\/fr\/genre\/beleid\/"},"img":{"alt_text":"","src":"https:\/\/i0.wp.com\/staging.cultuurpers.nl\/wp-content\/uploads\/2025\/09\/Schermafdruk-van-2025-09-11-11-23-52.png?resize=350%2C200&ssl=1","width":350,"height":200,"srcset":"https:\/\/i0.wp.com\/staging.cultuurpers.nl\/wp-content\/uploads\/2025\/09\/Schermafdruk-van-2025-09-11-11-23-52.png?resize=350%2C200&ssl=1 1x, https:\/\/i0.wp.com\/staging.cultuurpers.nl\/wp-content\/uploads\/2025\/09\/Schermafdruk-van-2025-09-11-11-23-52.png?resize=525%2C300&ssl=1 1.5x"},"classes":[]},{"id":97569,"url":"https:\/\/staging.cultuurpers.nl\/fr\/2025\/06\/kunstmatige-intelligentie-co-maker-of-concurrent-in-de-cultuursector\/","url_meta":{"origin":97067,"position":4},"title":"L'intelligence artificielle : co-fabrication ou concurrence dans le secteur culturel ?","author":"een van onze leden","date":"12 juin 2025","format":false,"excerpt":"Amsterdam, 12 juni 2025 \u2013\u00a0De opkomst van artifici\u00eble\u00a0intelligentie zorgt voor beroering in de kunst- en cultuursector.\u00a0Gaat AI de vrije creativiteit van mensen overheersen? Bepalen algoritmen straks wat we lezen, waar we naar luisteren, waar we naartoe gaan? Wat doet AI met onze waarneming of verbeelding? Hoe be\u00efnvloedt AI de publieke\u2026","rel":"","context":"Dans &quot;beleid&quot;","block_context":{"text":"beleid","link":"https:\/\/staging.cultuurpers.nl\/fr\/genre\/beleid\/"},"img":{"alt_text":"","src":"https:\/\/i0.wp.com\/staging.cultuurpers.nl\/wp-content\/uploads\/2025\/06\/boekman.jpg?resize=350%2C200&ssl=1","width":350,"height":200,"srcset":"https:\/\/i0.wp.com\/staging.cultuurpers.nl\/wp-content\/uploads\/2025\/06\/boekman.jpg?resize=350%2C200&ssl=1 1x, https:\/\/i0.wp.com\/staging.cultuurpers.nl\/wp-content\/uploads\/2025\/06\/boekman.jpg?resize=525%2C300&ssl=1 1.5x"},"classes":[]},{"id":30343,"url":"https:\/\/staging.cultuurpers.nl\/fr\/2016\/03\/toch-zonde-critici-1-reden-om-nieuwe-boekman-aan-schaffen\/","url_meta":{"origin":97067,"position":5},"title":"C'est quand m\u00eame dommage pour ces critiques ! 1 raison d'acheter le nouveau Boekman.","author":"Wijbrand Schaap","date":"15 mars 2016","format":false,"excerpt":"Is er een reden om het tijdschrift 'Boekman 106' aan te schaffen? Voor mij wel, al zou ik een tijdschrift dat beweert h\u00e9t Nederlandse forum voor kunst, cultuur en beleid te zijn, direct in de vuilcontainer moeten werpen wegens getoonde arrogantie. Hoe kun je immers, met een oplage van slechts\u2026","rel":"","context":"Dans &quot;ACTUEEL&quot;","block_context":{"text":"ACTUEEL","link":"https:\/\/staging.cultuurpers.nl\/fr\/genre\/nieuws\/"},"img":{"alt_text":"","src":"https:\/\/i0.wp.com\/staging.cultuurpers.nl\/wp-content\/uploads\/2016\/03\/9929.jpg?resize=350%2C200&ssl=1","width":350,"height":200,"srcset":"https:\/\/i0.wp.com\/staging.cultuurpers.nl\/wp-content\/uploads\/2016\/03\/9929.jpg?resize=350%2C200&ssl=1 1x, https:\/\/i0.wp.com\/staging.cultuurpers.nl\/wp-content\/uploads\/2016\/03\/9929.jpg?resize=525%2C300&ssl=1 1.5x, https:\/\/i0.wp.com\/staging.cultuurpers.nl\/wp-content\/uploads\/2016\/03\/9929.jpg?resize=700%2C400&ssl=1 2x, https:\/\/i0.wp.com\/staging.cultuurpers.nl\/wp-content\/uploads\/2016\/03\/9929.jpg?resize=1050%2C600&ssl=1 3x, https:\/\/i0.wp.com\/staging.cultuurpers.nl\/wp-content\/uploads\/2016\/03\/9929.jpg?resize=1400%2C800&ssl=1 4x"},"classes":[]}],"jetpack_shortlink":"https:\/\/wp.me\/p3yKke-pfB","jetpack_sharing_enabled":true,"_links":{"self":[{"href":"https:\/\/staging.cultuurpers.nl\/fr\/wp-json\/wp\/v2\/posts\/97067","targetHints":{"allow":["GET"]}}],"collection":[{"href":"https:\/\/staging.cultuurpers.nl\/fr\/wp-json\/wp\/v2\/posts"}],"about":[{"href":"https:\/\/staging.cultuurpers.nl\/fr\/wp-json\/wp\/v2\/types\/post"}],"author":[{"embeddable":true,"href":"https:\/\/staging.cultuurpers.nl\/fr\/wp-json\/wp\/v2\/users\/13"}],"replies":[{"embeddable":true,"href":"https:\/\/staging.cultuurpers.nl\/fr\/wp-json\/wp\/v2\/comments?post=97067"}],"version-history":[{"count":1,"href":"https:\/\/staging.cultuurpers.nl\/fr\/wp-json\/wp\/v2\/posts\/97067\/revisions"}],"predecessor-version":[{"id":97070,"href":"https:\/\/staging.cultuurpers.nl\/fr\/wp-json\/wp\/v2\/posts\/97067\/revisions\/97070"}],"wp:featuredmedia":[{"embeddable":true,"href":"https:\/\/staging.cultuurpers.nl\/fr\/wp-json\/wp\/v2\/media\/97068"}],"wp:attachment":[{"href":"https:\/\/staging.cultuurpers.nl\/fr\/wp-json\/wp\/v2\/media?parent=97067"}],"wp:term":[{"taxonomy":"category","embeddable":true,"href":"https:\/\/staging.cultuurpers.nl\/fr\/wp-json\/wp\/v2\/categories?post=97067"},{"taxonomy":"post_tag","embeddable":true,"href":"https:\/\/staging.cultuurpers.nl\/fr\/wp-json\/wp\/v2\/tags?post=97067"}],"curies":[{"name":"wp","href":"https:\/\/api.w.org\/{rel}","templated":true}]}}