{"id":97052,"date":"2025-04-15T17:18:27","date_gmt":"2025-04-15T15:18:27","guid":{"rendered":"https:\/\/cultureelpersbureau.nl\/?p=97052"},"modified":"2025-04-15T17:18:29","modified_gmt":"2025-04-15T15:18:29","slug":"het-muziek-de-nieuwe-naam-van-askoschonbergradicaal-eigenzinnig-en-ongehoord-een-nieuw-geluid-breekt-door","status":"publish","type":"post","link":"https:\/\/staging.cultuurpers.nl\/fr\/2025\/04\/het-muziek-de-nieuwe-naam-van-askoschonbergradicaal-eigenzinnig-en-ongehoord-een-nieuw-geluid-breekt-door\/","title":{"rendered":"The Music ; le nouveau nom d'Asko|Sch\u00f6nbergRadical, excentrique et in\u00e9dit : un nouveau son fait son apparition"},"content":{"rendered":"<p>L'ensemble pionnier de la musique nouvelle fait peau neuve. \u00c0 partir de la saison '25\/'26, Asko|Sch\u00f6nberg s'appellera&nbsp;<strong>La musique<\/strong>&nbsp;- avec la puissante promesse :&nbsp;<strong>Le nouveau son<\/strong>. Le nouveau nom refl\u00e8te le r\u00f4le de l'ensemble dans le paysage musical : il ne s'agit pas de suivre, mais de guider. The Music va de l'avant - idiosyncrasique, impr\u00e9visible et attentif \u00e0 ce que la musique est aujourd'hui et ose \u00eatre demain.<\/p>\n\n\n\n<p>\"Le nom The Music peut sembler simple\", explique le directeur artistique Fedor Teunisse, \"mais il est en fait radical dans sa clart\u00e9. Il d\u00e9range. Il place la musique au centre en tant que concept, force et sanctuaire. Et elle est en m\u00eame temps ouverte, invitante et stratifi\u00e9e - tout comme nous\".<\/p>\n\n\n\n<h2 class=\"wp-block-heading\"><strong>Plus qu'un changement de nom<\/strong><\/h2>\n\n\n\n<p>Music s'appuie sur la riche histoire d'Asko|Sch\u00f6nberg, qui s'est forg\u00e9 une solide r\u00e9putation en tant qu'ensemble de musique nouvelle. Avec des concerts de haut niveau, des collaborations innovantes et des recherches approfondies, l'ensemble affine sa vision : encore plus de place pour les nouvelles voix, les th\u00e8mes sociaux, les projets interdisciplinaires, l'\u00e9ducation, la technologie et les formats inattendus qui red\u00e9finissent la relation entre le public, les cr\u00e9ateurs et la musique.<strong> <\/strong>The Music mise sur l'innovation, la rencontre, l'imagination et la pertinence sociale.<strong> <\/strong>Une ligne de front pour le son, l'exp\u00e9rience et le sens.<\/p>\n\n\n\n<h2 class=\"wp-block-heading\"><strong>De Asko|Sch\u00f6nberg \u00e0 The Music<\/strong><\/h2>\n\n\n\n<p>Le nom\u00a0<strong>La musique<\/strong>\u00a0est n\u00e9e d'un processus cr\u00e9atif avec l'agence de design <a href=\"https:\/\/lava.nl\/\">Lave<\/a>Le choix est audacieux : il s'agit d'une rupture linguistique, destin\u00e9e \u00e0 durer, \u00e0 troubler et \u00e0 exciter. Le choix est audacieux : une rupture linguistique, destin\u00e9e \u00e0 s'attarder, \u00e0 d\u00e9stabiliser - et \u00e0 exciter.<strong> <\/strong>Tout comme l'ensemble lui-m\u00eame.<\/p>\n\n\n\n<p>Ce changement de nom s'inscrit dans le cadre d'un exercice de rebranding plus large. Dans les mois \u00e0 venir, Lava travaillera avec Lava pour d\u00e9velopper davantage la marque. Le lancement officiel de la nouvelle identit\u00e9, y compris un style visuel et un site web, suivra en septembre 2025.<strong><\/strong><\/p>\n\n\n\n<p><strong>La musique. Le nouveau son.<\/strong><\/p>","protected":false},"excerpt":{"rendered":"<p>L'ensemble pionnier de la musique nouvelle innove. \u00c0 partir de la saison 25\/26, Asko|Sch\u00f6nberg s'appellera The Music - avec une promesse forte : The New Sound. Ce nouveau nom refl\u00e8te le r\u00f4le de l'ensemble dans le paysage musical : il ne s'agit pas de suivre, mais de guider. The Music va de l'avant - excentrique, impr\u00e9visible et attentif \u00e0 ce qu'est la musique aujourd'hui et...&nbsp;<a href=\"https:\/\/staging.cultuurpers.nl\/fr\/2025\/04\/het-muziek-de-nieuwe-naam-van-askoschonbergradicaal-eigenzinnig-en-ongehoord-een-nieuw-geluid-breekt-door\/\" rel=\"bookmark\">Lire la suite \"<span class=\"screen-reader-text\">The Music ; le nouveau nom d'Asko|Sch\u00f6nbergRadical, excentrique et in\u00e9dit : un nouveau son fait son apparition<\/span><\/a><\/p>","protected":false},"author":13,"featured_media":78372,"comment_status":"open","ping_status":"closed","sticky":false,"template":"","format":"standard","meta":{"_eb_attr":"","_monsterinsights_skip_tracking":false,"_monsterinsights_sitenote_active":false,"_monsterinsights_sitenote_note":"","_monsterinsights_sitenote_category":0,"neve_meta_sidebar":"","neve_meta_container":"","neve_meta_enable_content_width":"","neve_meta_content_width":0,"neve_meta_title_alignment":"","neve_meta_author_avatar":"","neve_post_elements_order":"","neve_meta_disable_header":"","neve_meta_disable_footer":"","neve_meta_disable_title":"","neve_meta_reading_time":"","_themeisle_gutenberg_block_has_review":false,"_jetpack_memberships_contains_paid_content":false,"activitypub_content_warning":null,"activitypub_content_visibility":"","activitypub_max_image_attachments":3,"activitypub_interaction_policy_quote":"anyone","activitypub_status":"federated","footnotes":"","jetpack_publicize_message":"","jetpack_publicize_feature_enabled":true,"jetpack_social_post_already_shared":false,"jetpack_social_options":{"image_generator_settings":{"template":"highway","enabled":false},"version":2}},"categories":[4760,11917,8843],"tags":[15378],"class_list":["post-97052","post","type-post","status-publish","format-standard","has-post-thumbnail","hentry","category-muziek-podiumkunst-2","category-persberichten","category-podiumkunst","tag-asko-schonberg"],"aioseo_notices":[],"jetpack_publicize_connections":[],"jetpack_featured_media_url":"https:\/\/staging.cultuurpers.nl\/wp-content\/uploads\/2022\/05\/askologo.png","jetpack-related-posts":[{"id":93944,"url":"https:\/\/staging.cultuurpers.nl\/fr\/2024\/04\/2-x-steve-reich-en-wereldpremiere-tansy-davies-18-april-muziekgebouw\/","url_meta":{"origin":97052,"position":0},"title":"2 x Steve Reich et Tansy Davies en premi\u00e8re mondiale : 18 avril - Muziekgebouw","author":"een van onze leden","date":"3 avril 2024","format":false,"excerpt":"De polsslag in het werk van Steve Reich leent zich bij uitstek om de sfeer van een metropool in muziek om te zetten. Straatgeluiden Voor\u00a0City Life\u00a0ging Steve Reich de straat op om de geluiden van New York op te nemen. Gesprekken, getoeter en alarminstallaties van auto\u2019s, een heimachine, dichtslaande deuren,\u2026","rel":"","context":"Dans &quot;MUZIEK&quot;","block_context":{"text":"MUZIEK","link":"https:\/\/staging.cultuurpers.nl\/fr\/genre\/podiumkunst\/muziek-podiumkunst-2\/"},"img":{"alt_text":"","src":"https:\/\/i0.wp.com\/staging.cultuurpers.nl\/wp-content\/uploads\/2024\/04\/CityLife_1920x1080_tekst.png?resize=350%2C200&ssl=1","width":350,"height":200,"srcset":"https:\/\/i0.wp.com\/staging.cultuurpers.nl\/wp-content\/uploads\/2024\/04\/CityLife_1920x1080_tekst.png?resize=350%2C200&ssl=1 1x, https:\/\/i0.wp.com\/staging.cultuurpers.nl\/wp-content\/uploads\/2024\/04\/CityLife_1920x1080_tekst.png?resize=525%2C300&ssl=1 1.5x, https:\/\/i0.wp.com\/staging.cultuurpers.nl\/wp-content\/uploads\/2024\/04\/CityLife_1920x1080_tekst.png?resize=700%2C400&ssl=1 2x, https:\/\/i0.wp.com\/staging.cultuurpers.nl\/wp-content\/uploads\/2024\/04\/CityLife_1920x1080_tekst.png?resize=1050%2C600&ssl=1 3x, https:\/\/i0.wp.com\/staging.cultuurpers.nl\/wp-content\/uploads\/2024\/04\/CityLife_1920x1080_tekst.png?resize=1400%2C800&ssl=1 4x"},"classes":[]},{"id":88468,"url":"https:\/\/staging.cultuurpers.nl\/fr\/2022\/10\/een-huid-van-klank-compositie-van-corrie-van-binsbergen-op-de-krachtige-poezie-van-antjie-krog-door-askoschonberg-vuma-levin-trio-beatrice-van-der-poel\/","url_meta":{"origin":97052,"position":1},"title":"Une peau de son : composition de Corrie van Binsbergen sur la puissante po\u00e9sie d'Antjie Krog par Asko|Sch\u00f6nberg, Vuma Levin Trio, Beatrice van der Poel","author":"een van onze leden","date":"21 octobre 2022","format":false,"excerpt":"Toen componist\/gitarist Corrie van Binsbergen de Zuid-Afrikaanse dichter Antjie Krog een paar jaar geleden haar eigen gedicht hoorde declameren, stond zij aan de grond genageld. Zij werd overrompeld door het geluid, die dictie, die klank van het Zuid-Afrikaans. Van Binsbergen werkt al vanaf 2003 met schrijvers en dichters samen. Literatuur\u2026","rel":"","context":"Dans &quot;MUZIEK&quot;","block_context":{"text":"MUZIEK","link":"https:\/\/staging.cultuurpers.nl\/fr\/genre\/podiumkunst\/muziek-podiumkunst-2\/"},"img":{"alt_text":"","src":"https:\/\/i0.wp.com\/staging.cultuurpers.nl\/wp-content\/uploads\/2022\/10\/binsbergen.jpg?resize=350%2C200&ssl=1","width":350,"height":200,"srcset":"https:\/\/i0.wp.com\/staging.cultuurpers.nl\/wp-content\/uploads\/2022\/10\/binsbergen.jpg?resize=350%2C200&ssl=1 1x, https:\/\/i0.wp.com\/staging.cultuurpers.nl\/wp-content\/uploads\/2022\/10\/binsbergen.jpg?resize=525%2C300&ssl=1 1.5x, https:\/\/i0.wp.com\/staging.cultuurpers.nl\/wp-content\/uploads\/2022\/10\/binsbergen.jpg?resize=700%2C400&ssl=1 2x, https:\/\/i0.wp.com\/staging.cultuurpers.nl\/wp-content\/uploads\/2022\/10\/binsbergen.jpg?resize=1050%2C600&ssl=1 3x"},"classes":[]},{"id":95463,"url":"https:\/\/staging.cultuurpers.nl\/fr\/2024\/10\/askoschonberg-twee-wereldpremieres-op-cello-biennale\/","url_meta":{"origin":97052,"position":2},"title":"Asko|Sch\u00f6nberg : deux premi\u00e8res mondiales \u00e0 la Biennale du violoncelle","author":"een van onze leden","date":"15 octobre 2024","format":false,"excerpt":"Asko|Sch\u00f6nberg presenteert twee nieuwe composities op de\u00a0Cello Bi\u00ebnnale. In opdracht van Asko|Sch\u00f6nberg cre\u00ebert de innovatieve componiste Silvia Borzelli met\u00a0earthbound\u00a0nieuw werk waarin de traditionele co\u00f6rdinatie tussen linker- en rechterhand wordt doorbroken. Componist Guus Janssen schrijft in opdracht van de Cello Bi\u00ebnnale een nieuwe compositie voor ensemble en vier cellisten. Naast deze\u2026","rel":"","context":"Dans &quot;MUZIEK&quot;","block_context":{"text":"MUZIEK","link":"https:\/\/staging.cultuurpers.nl\/fr\/genre\/podiumkunst\/muziek-podiumkunst-2\/"},"img":{"alt_text":"","src":"https:\/\/i0.wp.com\/staging.cultuurpers.nl\/wp-content\/uploads\/2024\/10\/cellobniennale-asko.jpg?resize=350%2C200&ssl=1","width":350,"height":200,"srcset":"https:\/\/i0.wp.com\/staging.cultuurpers.nl\/wp-content\/uploads\/2024\/10\/cellobniennale-asko.jpg?resize=350%2C200&ssl=1 1x, https:\/\/i0.wp.com\/staging.cultuurpers.nl\/wp-content\/uploads\/2024\/10\/cellobniennale-asko.jpg?resize=525%2C300&ssl=1 1.5x, https:\/\/i0.wp.com\/staging.cultuurpers.nl\/wp-content\/uploads\/2024\/10\/cellobniennale-asko.jpg?resize=700%2C400&ssl=1 2x, https:\/\/i0.wp.com\/staging.cultuurpers.nl\/wp-content\/uploads\/2024\/10\/cellobniennale-asko.jpg?resize=1050%2C600&ssl=1 3x"},"classes":[]},{"id":89143,"url":"https:\/\/staging.cultuurpers.nl\/fr\/2023\/01\/focus-op-noord-europese-componisten-in-de-zaterdagmatinee-de-oren-afstellen-met-bas-wiegers\/","url_meta":{"origin":97052,"position":3},"title":"Zoom sur les compositeurs d'Europe du Nord dans le ZaterdagMatinee : Accorder les oreilles avec Bas Wiegers","author":"een van onze leden","date":"6 janvier 2023","format":false,"excerpt":"Met een kring van bekenden \u2013 Bas Wiegers, Slagwerk Den Haag, Ensemble Klang en Katrien Baerts \u2013 werkt Asko|Sch\u00f6nberg aan de muziek van de toekomst. Dat gebeurt vanuit een rijke basis die gevormd wordt door ons 20ste-eeuwse erfgoed. De muziek van deze componisten verbinden we met de nieuwe generatie. In\u2026","rel":"","context":"Dans &quot;MUZIEK&quot;","block_context":{"text":"MUZIEK","link":"https:\/\/staging.cultuurpers.nl\/fr\/genre\/podiumkunst\/muziek-podiumkunst-2\/"},"img":{"alt_text":"Asko|Sch\u00f6nberg in duotonme zijlicht, foto door Tom ten Seldam","src":"https:\/\/i0.wp.com\/staging.cultuurpers.nl\/wp-content\/uploads\/2023\/01\/AskoSchonberg_fotografie-Tom-ten-Seldam-naamsvermelding-verplicht_LR-landscape.jpg?resize=350%2C200&ssl=1","width":350,"height":200,"srcset":"https:\/\/i0.wp.com\/staging.cultuurpers.nl\/wp-content\/uploads\/2023\/01\/AskoSchonberg_fotografie-Tom-ten-Seldam-naamsvermelding-verplicht_LR-landscape.jpg?resize=350%2C200&ssl=1 1x, https:\/\/i0.wp.com\/staging.cultuurpers.nl\/wp-content\/uploads\/2023\/01\/AskoSchonberg_fotografie-Tom-ten-Seldam-naamsvermelding-verplicht_LR-landscape.jpg?resize=525%2C300&ssl=1 1.5x, https:\/\/i0.wp.com\/staging.cultuurpers.nl\/wp-content\/uploads\/2023\/01\/AskoSchonberg_fotografie-Tom-ten-Seldam-naamsvermelding-verplicht_LR-landscape.jpg?resize=700%2C400&ssl=1 2x, https:\/\/i0.wp.com\/staging.cultuurpers.nl\/wp-content\/uploads\/2023\/01\/AskoSchonberg_fotografie-Tom-ten-Seldam-naamsvermelding-verplicht_LR-landscape.jpg?resize=1050%2C600&ssl=1 3x, https:\/\/i0.wp.com\/staging.cultuurpers.nl\/wp-content\/uploads\/2023\/01\/AskoSchonberg_fotografie-Tom-ten-Seldam-naamsvermelding-verplicht_LR-landscape.jpg?resize=1400%2C800&ssl=1 4x"},"classes":[]},{"id":91817,"url":"https:\/\/staging.cultuurpers.nl\/fr\/2023\/08\/askoschonberg-opent-seizoen-met-vol-programma-in-binnen-en-buitenland\/","url_meta":{"origin":97052,"position":4},"title":"Asko|Sch\u00f6nberg ouvre sa saison avec un programme complet en Allemagne et \u00e0 l'\u00e9tranger","author":"een van onze leden","date":"30 ao\u00fbt 2023","format":false,"excerpt":"Concerten en voorstellingen september 2023 Opening Gaudeamus Festival 2023 - 6 september Het programma van Asko|Sch\u00f6nberg staat deze avond in het teken van dwarse geesten, componisten die zich los weten te maken van conventies en verwachtingen. Ze spelen met onze tijdwaarneming, dagen ons uit om microtonale intervallen te omarmen en\u2026","rel":"","context":"Dans &quot;MUZIEK&quot;","block_context":{"text":"MUZIEK","link":"https:\/\/staging.cultuurpers.nl\/fr\/genre\/podiumkunst\/muziek-podiumkunst-2\/"},"img":{"alt_text":"PR-beeld Yara's Wedding door HALIE","src":"https:\/\/i0.wp.com\/staging.cultuurpers.nl\/wp-content\/uploads\/2023\/08\/NITE_YARASWEDDINGNEW_IGGLEND16x9._credits_HALIE-scaled-e1674807821738.jpg?resize=350%2C200&ssl=1","width":350,"height":200,"srcset":"https:\/\/i0.wp.com\/staging.cultuurpers.nl\/wp-content\/uploads\/2023\/08\/NITE_YARASWEDDINGNEW_IGGLEND16x9._credits_HALIE-scaled-e1674807821738.jpg?resize=350%2C200&ssl=1 1x, https:\/\/i0.wp.com\/staging.cultuurpers.nl\/wp-content\/uploads\/2023\/08\/NITE_YARASWEDDINGNEW_IGGLEND16x9._credits_HALIE-scaled-e1674807821738.jpg?resize=525%2C300&ssl=1 1.5x, https:\/\/i0.wp.com\/staging.cultuurpers.nl\/wp-content\/uploads\/2023\/08\/NITE_YARASWEDDINGNEW_IGGLEND16x9._credits_HALIE-scaled-e1674807821738.jpg?resize=700%2C400&ssl=1 2x"},"classes":[]},{"id":96967,"url":"https:\/\/staging.cultuurpers.nl\/fr\/2025\/04\/wisselwerking-tussen-boulez-en-tenney-geeft-nieuwe-dimensie-aan-iconisch-repons\/","url_meta":{"origin":97052,"position":5},"title":"L'interaction entre Boulez et Tenney donne une nouvelle dimension \u00e0 l'embl\u00e9matique R\u00e9pons","author":"een van onze leden","date":"2 avril 2025","format":false,"excerpt":"Asko|Sch\u00f6nberg en het Belgische blazersensemble I SOLISTI maken van muziek een ruimtelijke belevenis in een uitvoering van R\u00e9pons van Pierre Boulez en James Tenney\u2019s In a Large Open Space. Pierre Boulez is een icoon van de muzikale avant-garde van de 20ste eeuw. Als componist en dirigent drukte hij zijn stempel\u2026","rel":"","context":"Dans &quot;MUZIEK&quot;","block_context":{"text":"MUZIEK","link":"https:\/\/staging.cultuurpers.nl\/fr\/genre\/podiumkunst\/muziek-podiumkunst-2\/"},"img":{"alt_text":"","src":"https:\/\/i0.wp.com\/staging.cultuurpers.nl\/wp-content\/uploads\/2025\/04\/boulezasko.jpg?resize=350%2C200&ssl=1","width":350,"height":200,"srcset":"https:\/\/i0.wp.com\/staging.cultuurpers.nl\/wp-content\/uploads\/2025\/04\/boulezasko.jpg?resize=350%2C200&ssl=1 1x, https:\/\/i0.wp.com\/staging.cultuurpers.nl\/wp-content\/uploads\/2025\/04\/boulezasko.jpg?resize=525%2C300&ssl=1 1.5x, https:\/\/i0.wp.com\/staging.cultuurpers.nl\/wp-content\/uploads\/2025\/04\/boulezasko.jpg?resize=700%2C400&ssl=1 2x, https:\/\/i0.wp.com\/staging.cultuurpers.nl\/wp-content\/uploads\/2025\/04\/boulezasko.jpg?resize=1050%2C600&ssl=1 3x"},"classes":[]}],"jetpack_shortlink":"https:\/\/wp.me\/p3yKke-pfm","jetpack_sharing_enabled":true,"_links":{"self":[{"href":"https:\/\/staging.cultuurpers.nl\/fr\/wp-json\/wp\/v2\/posts\/97052","targetHints":{"allow":["GET"]}}],"collection":[{"href":"https:\/\/staging.cultuurpers.nl\/fr\/wp-json\/wp\/v2\/posts"}],"about":[{"href":"https:\/\/staging.cultuurpers.nl\/fr\/wp-json\/wp\/v2\/types\/post"}],"author":[{"embeddable":true,"href":"https:\/\/staging.cultuurpers.nl\/fr\/wp-json\/wp\/v2\/users\/13"}],"replies":[{"embeddable":true,"href":"https:\/\/staging.cultuurpers.nl\/fr\/wp-json\/wp\/v2\/comments?post=97052"}],"version-history":[{"count":1,"href":"https:\/\/staging.cultuurpers.nl\/fr\/wp-json\/wp\/v2\/posts\/97052\/revisions"}],"predecessor-version":[{"id":97053,"href":"https:\/\/staging.cultuurpers.nl\/fr\/wp-json\/wp\/v2\/posts\/97052\/revisions\/97053"}],"wp:featuredmedia":[{"embeddable":true,"href":"https:\/\/staging.cultuurpers.nl\/fr\/wp-json\/wp\/v2\/media\/78372"}],"wp:attachment":[{"href":"https:\/\/staging.cultuurpers.nl\/fr\/wp-json\/wp\/v2\/media?parent=97052"}],"wp:term":[{"taxonomy":"category","embeddable":true,"href":"https:\/\/staging.cultuurpers.nl\/fr\/wp-json\/wp\/v2\/categories?post=97052"},{"taxonomy":"post_tag","embeddable":true,"href":"https:\/\/staging.cultuurpers.nl\/fr\/wp-json\/wp\/v2\/tags?post=97052"}],"curies":[{"name":"wp","href":"https:\/\/api.w.org\/{rel}","templated":true}]}}