{"id":96967,"date":"2025-04-02T10:49:21","date_gmt":"2025-04-02T08:49:21","guid":{"rendered":"https:\/\/cultureelpersbureau.nl\/?p=96967"},"modified":"2025-04-02T10:49:24","modified_gmt":"2025-04-02T08:49:24","slug":"wisselwerking-tussen-boulez-en-tenney-geeft-nieuwe-dimensie-aan-iconisch-repons","status":"publish","type":"post","link":"https:\/\/staging.cultuurpers.nl\/fr\/2025\/04\/wisselwerking-tussen-boulez-en-tenney-geeft-nieuwe-dimensie-aan-iconisch-repons\/","title":{"rendered":"L'interaction entre Boulez et Tenney donne une nouvelle dimension \u00e0 l'embl\u00e9matique R\u00e9pons"},"content":{"rendered":"<p>Asko|Sch\u00f6nberg et l'ensemble \u00e0 vent belge I SOLISTI transforment la musique en une exp\u00e9rience spatiale lors d'une repr\u00e9sentation de <em>R\u00e9pons<\/em> de Pierre Boulez et de James Tenney. <em>Dans un grand espace ouvert<\/em>.<\/p>\n\n\n\n<p>Pierre Boulez est une ic\u00f4ne de l'avant-garde musicale des ann\u00e9es 20.<sup>ste<\/sup> si\u00e8cle. En tant que compositeur et chef d'orchestre, il a marqu\u00e9 de son empreinte la nouvelle pratique musicale. Son \u0153uvre monumentale <em>R\u00e9pons<\/em> est rarement jou\u00e9e, c'est donc une occasion unique de d\u00e9couvrir cette \u0153uvre en direct. 100 ans apr\u00e8s sa naissance, l'\u0153uvre de Boulez est-elle toujours aussi embl\u00e9matique qu'en 1985 ?<\/p>\n\n\n\n<h2 class=\"wp-block-heading\"><strong>Interaction entre Tenney et Boulez<\/strong><\/h2>\n\n\n\n<p>En jouant l'\u0153uvre de Boulez lors d'une soir\u00e9e avec <em>Dans un grand espace ouvert <\/em>de James Tenney, les deux \u0153uvres prennent une dimension plus profonde. Les deux compositeurs cherchent \u00e0 \u00e9largir et \u00e0 stimuler notre \u00e9coute.<\/p>\n\n\n\n<p>Au <em>R\u00e9pons <\/em>Pierre Boulez renverse l'id\u00e9e s\u00e9culaire de la question et de la r\u00e9ponse. Il place litt\u00e9ralement le public au centre : dans un cercle entre l'ensemble et les six solistes. Des ordinateurs permettent au son des musiciens de changer et de tourbillonner dans la salle.<\/p>\n\n\n\n<p>Pas de score complexe donc encore une fois pour <em>Dans un grand espace ouvert<\/em> de James Tenney : les tons libres mais soigneusement espac\u00e9s suscitent une \u00e9coute plus nuanc\u00e9e. Tenney donne aux musiciens une grande libert\u00e9 dans les longues tonalit\u00e9s et les accords. En se d\u00e9pla\u00e7ant dans l'espace, le public entend des changements et des d\u00e9placements dans le paysage sonore.<\/p>\n\n\n\n<h2 class=\"wp-block-heading\"><strong>Coop\u00e9ration internationale<\/strong><\/h2>\n\n\n\n<p>Boulez100 a \u00e9t\u00e9 cr\u00e9\u00e9 gr\u00e2ce aux efforts de plusieurs partenaires des Pays-Bas et de Belgique ; une collaboration unique. Asko|Sch\u00f6nberg et I SOLISTI unissent leurs forces pour pr\u00e9senter cette \u0153uvre peu jou\u00e9e dans les salles de concert des Pays-Bas et de Flandre. Le concert est r\u00e9alis\u00e9 en coproduction avec Muziekgebouw Amsterdam, PerPodium vzw et Muziekcentrum De Bijloke.<\/p>\n\n\n\n<h2 class=\"wp-block-heading\"><strong>Asko|Sch\u00f6nberg<\/strong><\/h2>\n\n\n\n<p>Asko|Sch\u00f6nberg pr\u00e9sente des concerts audacieux et des interpr\u00e9tations de musique compos\u00e9e des XXe et XXIe si\u00e8cles dans divers contextes, des sc\u00e8nes de concert aux festivals en plein air en passant par les th\u00e9\u00e2tres. L'ensemble d\u00e9veloppe des projets de recherche et des activit\u00e9s \u00e9ducatives. L'accent est mis sur la stimulation et la cr\u00e9ation de nouvelles \u0153uvres par des cr\u00e9ateurs contemporains. Tout cela dans le but d'inspirer le public n\u00e9erlandais et international et de d\u00e9couvrir de nouveaux sons.&nbsp;&nbsp;<strong><\/strong><\/p>\n\n\n\n<h2 class=\"wp-block-heading\"><strong>I SOLISTI<\/strong><\/h2>\n\n\n\n<p>Ce qui a commenc\u00e9 il y a plus de 30 ans comme un octuor \u00e0 vent traditionnel s'est d\u00e9velopp\u00e9, sous la direction inspir\u00e9e du directeur artistique et p\u00e8re fondateur Francis Pollet, en un ensemble et une maison de production musicale de renomm\u00e9e internationale. L'h\u00e9ritage musical de 250 ans d'\u00e9volution de la musique \u00e0 vent, de Mozart \u00e0 nos jours, est le fil conducteur et est propag\u00e9 avec d\u00e9vouement, mais aussi constamment remis en question et renouvel\u00e9.<\/p>\n\n\n\n<p><a href=\"https:\/\/askoschoenberg.nl\/performances\/boulez-100\/\">Boulez100 - Asko|Sch\u00f6nberg en collaboration avec I SOLISTI<\/a><\/p>\n\n\n\n<ul class=\"wp-block-list\">\n<li>24 avril : Muziekgebouw, Amsterdam<\/li>\n\n\n\n<li>26 avril : Florali\u00ebnhal, Gand (BE)<\/li>\n\n\n\n<li>27 avril : De Doelen, Rotterdam<\/li>\n\n\n\n<li>29 avril : De Singel, Anvers (BE)<\/li>\n<\/ul>\n\n\n\n<p><em>Interpr\u00e9t\u00e9 par Asko|Sch\u00f6nberg et I SOLISTI<\/em><br \/><strong>Bas Wiegers<\/strong> conducteur<br \/><strong>Miriam Overlach<\/strong> harpe<br \/><strong>Pauline Post<\/strong> piano<br \/><strong>Jan Michiels<\/strong> piano<br \/><strong>Jan Rokyta <\/strong>cimbalom<br \/><strong>Joey Marijs<\/strong> percussion<br \/><strong>Tom De Cock<\/strong> percussion<br \/><strong>Koen Keevel (Groupe PME-Technica) <\/strong>ing\u00e9nierie audio<br \/><strong>Oscar Bouwmans (Groupe PME-Technica) <\/strong>\u00e9lectronique<\/p>\n\n\n\n<p><em>Soutenu par le minist\u00e8re du Travail, le gouvernement flamand, le Fonds d'Amsterdam pour les arts et le Taxshelter belge.<\/em><\/p>","protected":false},"excerpt":{"rendered":"<p>Asko|Sch\u00f6nberg et l'ensemble \u00e0 vent belge I SOLISTI transforment la musique en une exp\u00e9rience spatiale en interpr\u00e9tant R\u00e9pons de Pierre Boulez et In a Large Open Space de James Tenney. Pierre Boulez est une ic\u00f4ne de l'avant-garde musicale du XXe si\u00e8cle. En tant que compositeur et chef d'orchestre, il a marqu\u00e9 de son empreinte les nouvelles pratiques musicales. Ses...&nbsp;<a href=\"https:\/\/staging.cultuurpers.nl\/fr\/2025\/04\/wisselwerking-tussen-boulez-en-tenney-geeft-nieuwe-dimensie-aan-iconisch-repons\/\" rel=\"bookmark\">Lire la suite \"<span class=\"screen-reader-text\">L'interaction entre Boulez et Tenney donne une nouvelle dimension \u00e0 l'embl\u00e9matique R\u00e9pons<\/span><\/a><\/p>","protected":false},"author":13,"featured_media":96968,"comment_status":"open","ping_status":"closed","sticky":false,"template":"","format":"standard","meta":{"_eb_attr":"","_monsterinsights_skip_tracking":false,"_monsterinsights_sitenote_active":false,"_monsterinsights_sitenote_note":"","_monsterinsights_sitenote_category":0,"neve_meta_sidebar":"","neve_meta_container":"","neve_meta_enable_content_width":"","neve_meta_content_width":0,"neve_meta_title_alignment":"","neve_meta_author_avatar":"","neve_post_elements_order":"","neve_meta_disable_header":"","neve_meta_disable_footer":"","neve_meta_disable_title":"","neve_meta_reading_time":"","_themeisle_gutenberg_block_has_review":false,"_jetpack_memberships_contains_paid_content":false,"activitypub_content_warning":null,"activitypub_content_visibility":"","activitypub_max_image_attachments":3,"activitypub_interaction_policy_quote":"anyone","activitypub_status":"federated","footnotes":"","jetpack_publicize_message":"","jetpack_publicize_feature_enabled":true,"jetpack_social_post_already_shared":false,"jetpack_social_options":{"image_generator_settings":{"template":"highway","enabled":false},"version":2}},"categories":[4760,11917],"tags":[7819,16376],"class_list":["post-96967","post","type-post","status-publish","format-standard","has-post-thumbnail","hentry","category-muziek-podiumkunst-2","category-persberichten","tag-askoschonberg","tag-boulez"],"aioseo_notices":[],"jetpack_publicize_connections":[],"jetpack_featured_media_url":"https:\/\/staging.cultuurpers.nl\/wp-content\/uploads\/2025\/04\/boulezasko.jpg","jetpack-related-posts":[{"id":21338,"url":"https:\/\/staging.cultuurpers.nl\/fr\/2015\/03\/pierre-boulez-leeft\/","url_meta":{"origin":96967,"position":0},"title":"Pierre Boulez est vivant !?","author":"Thea Derks","date":"31 mars 2015","format":false,"excerpt":"Hij is de laatste nog levende avant-gardist, en het zal nieuwemuziekliefhebbers niet ontgaan zijn dat hij op donderdag 26 maart 90 jaar werd. Ik bedoel natuurlijk Pierre Boulez, de componist en dirigent die ooit Sch\u00f6nberg doodverklaarde en opperde dat operahuizen misschien opgeblazen moesten worden vanwege hun vermolmde programmering. Dezelfde man\u2026","rel":"","context":"Dans &quot;Alleen voor leden&quot;","block_context":{"text":"Alleen voor leden","link":"https:\/\/staging.cultuurpers.nl\/fr\/genre\/service\/members-only\/"},"img":{"alt_text":"Toestmm","src":"https:\/\/i0.wp.com\/staging.cultuurpers.nl\/\/wp-content\/uploads\/2015\/03\/img_20150331_145409.jpg?resize=350%2C200&ssl=1","width":350,"height":200,"srcset":"https:\/\/i0.wp.com\/staging.cultuurpers.nl\/\/wp-content\/uploads\/2015\/03\/img_20150331_145409.jpg?resize=350%2C200&ssl=1 1x, https:\/\/i0.wp.com\/staging.cultuurpers.nl\/\/wp-content\/uploads\/2015\/03\/img_20150331_145409.jpg?resize=525%2C300&ssl=1 1.5x, https:\/\/i0.wp.com\/staging.cultuurpers.nl\/\/wp-content\/uploads\/2015\/03\/img_20150331_145409.jpg?resize=700%2C400&ssl=1 2x"},"classes":[]},{"id":27089,"url":"https:\/\/staging.cultuurpers.nl\/fr\/2015\/12\/boulez-wordt-nog-een-keer-90\/","url_meta":{"origin":96967,"position":1},"title":"Pierre Boulez f\u00eate \u00e0 nouveau ses 90 ans","author":"Thea Derks","date":"6 d\u00e9cembre 2015","format":false,"excerpt":"Dit jaar was het feest rond twee componisten van twee schijnbaar totaal verschillende planeten. De Est Arvo P\u00e4rt (1935) werd tachtig, de Fransman Pierre Boulez (1925) negentig. De \u00e9\u00e9n is ongekend geliefd bij een groot publiek vanwege zijn welluidende 'tintinnabulistijl', de ander wordt bejubeld door een select groepje ingewijden om\u2026","rel":"","context":"Dans &quot;ACTUEEL&quot;","block_context":{"text":"ACTUEEL","link":"https:\/\/staging.cultuurpers.nl\/fr\/genre\/nieuws\/"},"img":{"alt_text":"","src":"https:\/\/i0.wp.com\/staging.cultuurpers.nl\/wp-content\/uploads\/2015\/12\/pierre-boulez-1348074034-article-1.jpg?resize=350%2C200&ssl=1","width":350,"height":200,"srcset":"https:\/\/i0.wp.com\/staging.cultuurpers.nl\/wp-content\/uploads\/2015\/12\/pierre-boulez-1348074034-article-1.jpg?resize=350%2C200&ssl=1 1x, https:\/\/i0.wp.com\/staging.cultuurpers.nl\/wp-content\/uploads\/2015\/12\/pierre-boulez-1348074034-article-1.jpg?resize=525%2C300&ssl=1 1.5x"},"classes":[]},{"id":27935,"url":"https:\/\/staging.cultuurpers.nl\/fr\/2016\/01\/voor-altijd-wachten-op-godot-pierre-boulez-overleden\/","url_meta":{"origin":96967,"position":2},"title":"Toujours en attente de Godot : Pierre Boulez est mort","author":"Thea Derks","date":"6 janvier 2016","format":false,"excerpt":"Hij zou op 26 maart 91 zijn geworden, maar overleed dinsdagnacht 5 januari in zijn woonplaats Baden-Baden. Pierre Boulez was de laatste nog levende componist van de groep die na WOII de richting van de muziek een nieuwe wending gaf. Zijn collega hemelbestormers gingen hem voor: Karlheinz Stockhausen stierf in\u2026","rel":"","context":"Dans &quot;MUZIEK&quot;","block_context":{"text":"MUZIEK","link":"https:\/\/staging.cultuurpers.nl\/fr\/genre\/podiumkunst\/muziek-podiumkunst-2\/"},"img":{"alt_text":"","src":"","width":0,"height":0},"classes":[]},{"id":21506,"url":"https:\/\/staging.cultuurpers.nl\/fr\/2015\/04\/boegbeeld-world-minimal-festival-geen-minimalist\/","url_meta":{"origin":96967,"position":3},"title":"La figure de proue du Minimal Music Festival : \"Je ne suis pas un minimaliste\".","author":"Thea Derks","date":"5 avril 2015","format":false,"excerpt":"Woensdag 8 april begint de vierde editie van het tweejaarlijkse World Minimal Festival in het Muziekgebouw aan \u2019t IJ in Amsterdam. Vijf dagen lang staat de hoofdstad in het teken van de immens populaire muziekstroming, die steevast volle zalen trekt. Ook van deze aflevering zijn al verschillende onderdelen uitverkocht, waaronder\u00a0het\u2026","rel":"","context":"Dans &quot;Alleen voor leden&quot;","block_context":{"text":"Alleen voor leden","link":"https:\/\/staging.cultuurpers.nl\/fr\/genre\/service\/members-only\/"},"img":{"alt_text":"","src":"https:\/\/i0.wp.com\/staging.cultuurpers.nl\/wp-content\/uploads\/2015\/04\/terry-riley-foto-scott-unrein.jpg?resize=350%2C200&ssl=1","width":350,"height":200,"srcset":"https:\/\/i0.wp.com\/staging.cultuurpers.nl\/wp-content\/uploads\/2015\/04\/terry-riley-foto-scott-unrein.jpg?resize=350%2C200&ssl=1 1x, https:\/\/i0.wp.com\/staging.cultuurpers.nl\/wp-content\/uploads\/2015\/04\/terry-riley-foto-scott-unrein.jpg?resize=525%2C300&ssl=1 1.5x"},"classes":[]},{"id":91817,"url":"https:\/\/staging.cultuurpers.nl\/fr\/2023\/08\/askoschonberg-opent-seizoen-met-vol-programma-in-binnen-en-buitenland\/","url_meta":{"origin":96967,"position":4},"title":"Asko|Sch\u00f6nberg ouvre sa saison avec un programme complet en Allemagne et \u00e0 l'\u00e9tranger","author":"een van onze leden","date":"30 ao\u00fbt 2023","format":false,"excerpt":"Concerten en voorstellingen september 2023 Opening Gaudeamus Festival 2023 - 6 september Het programma van Asko|Sch\u00f6nberg staat deze avond in het teken van dwarse geesten, componisten die zich los weten te maken van conventies en verwachtingen. Ze spelen met onze tijdwaarneming, dagen ons uit om microtonale intervallen te omarmen en\u2026","rel":"","context":"Dans &quot;MUZIEK&quot;","block_context":{"text":"MUZIEK","link":"https:\/\/staging.cultuurpers.nl\/fr\/genre\/podiumkunst\/muziek-podiumkunst-2\/"},"img":{"alt_text":"PR-beeld Yara's Wedding door HALIE","src":"https:\/\/i0.wp.com\/staging.cultuurpers.nl\/wp-content\/uploads\/2023\/08\/NITE_YARASWEDDINGNEW_IGGLEND16x9._credits_HALIE-scaled-e1674807821738.jpg?resize=350%2C200&ssl=1","width":350,"height":200,"srcset":"https:\/\/i0.wp.com\/staging.cultuurpers.nl\/wp-content\/uploads\/2023\/08\/NITE_YARASWEDDINGNEW_IGGLEND16x9._credits_HALIE-scaled-e1674807821738.jpg?resize=350%2C200&ssl=1 1x, https:\/\/i0.wp.com\/staging.cultuurpers.nl\/wp-content\/uploads\/2023\/08\/NITE_YARASWEDDINGNEW_IGGLEND16x9._credits_HALIE-scaled-e1674807821738.jpg?resize=525%2C300&ssl=1 1.5x, https:\/\/i0.wp.com\/staging.cultuurpers.nl\/wp-content\/uploads\/2023\/08\/NITE_YARASWEDDINGNEW_IGGLEND16x9._credits_HALIE-scaled-e1674807821738.jpg?resize=700%2C400&ssl=1 2x"},"classes":[]},{"id":58658,"url":"https:\/\/staging.cultuurpers.nl\/fr\/2018\/11\/muziekpublicist-maarten-brandt-voor-een-noot-uit-mahlers-negende-geef-ik-het-volledige-oeuvre-van-sjostakovitsj-cadeau\/","url_meta":{"origin":96967,"position":5},"title":"Le publiciste musical Maarten Brandt : \"Pour une note de la Neuvi\u00e8me de Mahler, je ferais cadeau de toute l'\u0153uvre de Chostakovitch\".","author":"Thea Derks","date":"19 novembre 2018","format":false,"excerpt":"Klinkende Alchemie, zo heet de kloeke bundel die muziekpublicist Maarten Brandt (1953) onlangs uitbracht. Deze telt 715 pagina\u2019s, inclusief illustraties en uitgebreide index. In 98 artikelen ontvouwt Brandt zijn visie op muziek en muziekprogrammering. Hij droeg het fraai vormgegeven boek op aan de door hem bewonderde Marius Flothuis, jarenlang programmeur\u2026","rel":"","context":"Dans &quot;ACTUEEL&quot;","block_context":{"text":"ACTUEEL","link":"https:\/\/staging.cultuurpers.nl\/fr\/genre\/nieuws\/"},"img":{"alt_text":"","src":"https:\/\/i0.wp.com\/staging.cultuurpers.nl\/wp-content\/uploads\/2018\/11\/klinkende-alchemie-cover.png?resize=350%2C200&ssl=1","width":350,"height":200},"classes":[]}],"jetpack_shortlink":"https:\/\/wp.me\/p3yKke-pdZ","jetpack_sharing_enabled":true,"_links":{"self":[{"href":"https:\/\/staging.cultuurpers.nl\/fr\/wp-json\/wp\/v2\/posts\/96967","targetHints":{"allow":["GET"]}}],"collection":[{"href":"https:\/\/staging.cultuurpers.nl\/fr\/wp-json\/wp\/v2\/posts"}],"about":[{"href":"https:\/\/staging.cultuurpers.nl\/fr\/wp-json\/wp\/v2\/types\/post"}],"author":[{"embeddable":true,"href":"https:\/\/staging.cultuurpers.nl\/fr\/wp-json\/wp\/v2\/users\/13"}],"replies":[{"embeddable":true,"href":"https:\/\/staging.cultuurpers.nl\/fr\/wp-json\/wp\/v2\/comments?post=96967"}],"version-history":[{"count":1,"href":"https:\/\/staging.cultuurpers.nl\/fr\/wp-json\/wp\/v2\/posts\/96967\/revisions"}],"predecessor-version":[{"id":96969,"href":"https:\/\/staging.cultuurpers.nl\/fr\/wp-json\/wp\/v2\/posts\/96967\/revisions\/96969"}],"wp:featuredmedia":[{"embeddable":true,"href":"https:\/\/staging.cultuurpers.nl\/fr\/wp-json\/wp\/v2\/media\/96968"}],"wp:attachment":[{"href":"https:\/\/staging.cultuurpers.nl\/fr\/wp-json\/wp\/v2\/media?parent=96967"}],"wp:term":[{"taxonomy":"category","embeddable":true,"href":"https:\/\/staging.cultuurpers.nl\/fr\/wp-json\/wp\/v2\/categories?post=96967"},{"taxonomy":"post_tag","embeddable":true,"href":"https:\/\/staging.cultuurpers.nl\/fr\/wp-json\/wp\/v2\/tags?post=96967"}],"curies":[{"name":"wp","href":"https:\/\/api.w.org\/{rel}","templated":true}]}}