{"id":96953,"date":"2025-03-31T12:10:30","date_gmt":"2025-03-31T10:10:30","guid":{"rendered":"https:\/\/cultureelpersbureau.nl\/?p=96953"},"modified":"2025-03-31T12:10:32","modified_gmt":"2025-03-31T10:10:32","slug":"voorzitter-raad-voor-cultuur-roept-op-tot-samenwerking-in-uitdagende-tijden","status":"publish","type":"post","link":"https:\/\/staging.cultuurpers.nl\/fr\/2025\/03\/voorzitter-raad-voor-cultuur-roept-op-tot-samenwerking-in-uitdagende-tijden\/","title":{"rendered":"Le pr\u00e9sident du Conseil de la culture appelle \u00e0 la coop\u00e9ration en ces temps difficiles"},"content":{"rendered":"<p>\"Continuons ensemble \u00e0 construire un secteur culturel et cr\u00e9atif qui continue \u00e0 se connecter et \u00e0 innover\". C'est par cet appel que la pr\u00e9sidente Kristel Baele ouvre le rapport annuel 2024 du Conseil de la culture, publi\u00e9 aujourd'hui.<\/p>\n\n\n\n<p>Dans son avant-propos, elle \u00e9voque les d\u00e9fis auxquels les institutions, les artistes, les cr\u00e9ateurs et les publics ont \u00e9t\u00e9 confront\u00e9s au cours de l'ann\u00e9e \u00e9coul\u00e9e. Elle \u00e9voque notamment la hausse des co\u00fbts, l'inflation et l'augmentation imminente du taux de TVA pour les arts et la culture.&nbsp;<em>\"N\u00e9anmoins, nous avons vu comment le secteur a continu\u00e9 \u00e0 avancer, port\u00e9 par des efforts conjoints, une grande capacit\u00e9 d'adaptation et la conviction partag\u00e9e que les arts et la culture ont une valeur inestimable. Cela nous motive \u00e0 poursuivre notre engagement en faveur d'un secteur r\u00e9silient, y compris en 2025.\"<\/em><\/p>\n\n\n\n<p>Le rapport annuel se penche \u00e9galement sur les avis de 2024&nbsp;<em>\"Avec nos avis, nous renfor\u00e7ons la richesse de la vie culturelle et la diversit\u00e9 de l'offre m\u00e9diatique. Nous le faisons de mani\u00e8re ind\u00e9pendante et en collaboration avec le secteur.\"<\/em>\u00e9crit le Conseil.<\/p>\n\n\n\n<p>D\u00e9but 2024 publication de l'avis de commande&nbsp;<a href=\"https:\/\/www.raadvoorcultuur.nl\/toegang-tot-cultuur\/nieuws\/2024\/01\/26\/toegang-tot-cultuur-op-weg-naar-een-nieuw-bestel-in-2029\">Acc\u00e8s \u00e0 la culture<\/a>avec des contributions de centaines de parties prenantes dans ce domaine. Peu de temps apr\u00e8s, un&nbsp;<a href=\"https:\/\/www.raadvoorcultuur.nl\/actueel\/nieuws\/2024\/03\/25\/raad-voor-cultuur-omgang-met-koloniale-archieven-vraagt-gelijkwaardige-samenwerking\">conseils<\/a>&nbsp;sur le traitement des archives et des collections documentaires coloniales. Au cours de l'\u00e9t\u00e9, le Conseil a \u00e9mis des avis sur les demandes de subvention pour le programme&nbsp;<a href=\"https:\/\/www.raadvoorcultuur.nl\/bis-2025-2028\/nieuws\">Infrastructures culturelles de base (BIS) 2025-2028<\/a>. 115 institutions ont re\u00e7u un avis positif, qui a \u00e9t\u00e9 adopt\u00e9 par le ministre Eppo Bruins (OCW).<\/p>\n\n\n\n<p>En automne, le Conseil s'est rendu \u00e0 Tilburg et \u00e0 Breda. Et tout au long de l'ann\u00e9e, plusieurs discussions ont eu lieu avec les deux plateformes de jeunes, une source d'inspiration pr\u00e9cieuse pour le travail du Conseil.<\/p>\n\n\n\n<p>Dans le&nbsp;<a href=\"https:\/\/www.raadvoorcultuur.nl\/documenten\/jaarplannen\/2024\/09\/17\/werkprogramma-2024-2025\">programme de travail<\/a>&nbsp;Pour 2025, le Conseil se concentre sur la gouvernance, la stabilit\u00e9 financi\u00e8re, la libert\u00e9 artistique et journalistique et l'intelligence artificielle, entre autres.&nbsp;<em>\"Nous continuerons \u00e0 \u00e9couter les d\u00e9cideurs de toutes les r\u00e9gions et \u00e0 conseiller le gouvernement et le parlement dans le cadre de notre r\u00f4le ind\u00e9pendant.<\/em>Kristel Baele s'est exprim\u00e9e \u00e0 ce sujet.<\/p>\n\n\n\n<p><a href=\"https:\/\/jaarverslagen.cultuur.nl\/_2024\/uitgelicht\">Lire le rapport annuel 2024 ici<\/a><\/p>","protected":false},"excerpt":{"rendered":"<p>\"Continuons ensemble \u00e0 construire un secteur culturel et cr\u00e9atif qui continue \u00e0 se connecter et \u00e0 innover\". C'est par cet appel que la pr\u00e9sidente Kristel Baele ouvre le rapport annuel 2024 en ligne du Conseil de la culture, publi\u00e9 aujourd'hui. Dans son avant-propos, elle revient sur les d\u00e9fis auxquels ont \u00e9t\u00e9 confront\u00e9s les institutions, les artistes, les cr\u00e9ateurs et les publics au cours de l'ann\u00e9e \u00e9coul\u00e9e,...&nbsp;<a href=\"https:\/\/staging.cultuurpers.nl\/fr\/2025\/03\/voorzitter-raad-voor-cultuur-roept-op-tot-samenwerking-in-uitdagende-tijden\/\" rel=\"bookmark\">Lire la suite \"<span class=\"screen-reader-text\">Le pr\u00e9sident du Conseil de la culture appelle \u00e0 la coop\u00e9ration en ces temps difficiles<\/span><\/a><\/p>","protected":false},"author":13,"featured_media":25581,"comment_status":"open","ping_status":"closed","sticky":false,"template":"","format":"standard","meta":{"_eb_attr":"","_monsterinsights_skip_tracking":false,"_monsterinsights_sitenote_active":false,"_monsterinsights_sitenote_note":"","_monsterinsights_sitenote_category":0,"neve_meta_sidebar":"","neve_meta_container":"","neve_meta_enable_content_width":"","neve_meta_content_width":0,"neve_meta_title_alignment":"","neve_meta_author_avatar":"","neve_post_elements_order":"","neve_meta_disable_header":"","neve_meta_disable_footer":"","neve_meta_disable_title":"","neve_meta_reading_time":"","_themeisle_gutenberg_block_has_review":false,"_jetpack_memberships_contains_paid_content":false,"activitypub_content_warning":null,"activitypub_content_visibility":"","activitypub_max_image_attachments":3,"activitypub_interaction_policy_quote":"anyone","activitypub_status":"federated","footnotes":"","jetpack_publicize_message":"","jetpack_publicize_feature_enabled":true,"jetpack_social_post_already_shared":false,"jetpack_social_options":{"image_generator_settings":{"template":"highway","enabled":false},"version":2}},"categories":[15614,11917],"tags":[1148],"class_list":["post-96953","post","type-post","status-publish","format-standard","has-post-thumbnail","hentry","category-beleid","category-persberichten","tag-raad-voor-cultuur"],"aioseo_notices":[],"jetpack_publicize_connections":[],"jetpack_featured_media_url":"https:\/\/staging.cultuurpers.nl\/wp-content\/uploads\/2015\/10\/raad-voor-cultuur.jpg","jetpack-related-posts":[],"jetpack_shortlink":"https:\/\/wp.me\/p3yKke-pdL","jetpack_sharing_enabled":true,"_links":{"self":[{"href":"https:\/\/staging.cultuurpers.nl\/fr\/wp-json\/wp\/v2\/posts\/96953","targetHints":{"allow":["GET"]}}],"collection":[{"href":"https:\/\/staging.cultuurpers.nl\/fr\/wp-json\/wp\/v2\/posts"}],"about":[{"href":"https:\/\/staging.cultuurpers.nl\/fr\/wp-json\/wp\/v2\/types\/post"}],"author":[{"embeddable":true,"href":"https:\/\/staging.cultuurpers.nl\/fr\/wp-json\/wp\/v2\/users\/13"}],"replies":[{"embeddable":true,"href":"https:\/\/staging.cultuurpers.nl\/fr\/wp-json\/wp\/v2\/comments?post=96953"}],"version-history":[{"count":1,"href":"https:\/\/staging.cultuurpers.nl\/fr\/wp-json\/wp\/v2\/posts\/96953\/revisions"}],"predecessor-version":[{"id":96954,"href":"https:\/\/staging.cultuurpers.nl\/fr\/wp-json\/wp\/v2\/posts\/96953\/revisions\/96954"}],"wp:featuredmedia":[{"embeddable":true,"href":"https:\/\/staging.cultuurpers.nl\/fr\/wp-json\/wp\/v2\/media\/25581"}],"wp:attachment":[{"href":"https:\/\/staging.cultuurpers.nl\/fr\/wp-json\/wp\/v2\/media?parent=96953"}],"wp:term":[{"taxonomy":"category","embeddable":true,"href":"https:\/\/staging.cultuurpers.nl\/fr\/wp-json\/wp\/v2\/categories?post=96953"},{"taxonomy":"post_tag","embeddable":true,"href":"https:\/\/staging.cultuurpers.nl\/fr\/wp-json\/wp\/v2\/tags?post=96953"}],"curies":[{"name":"wp","href":"https:\/\/api.w.org\/{rel}","templated":true}]}}