{"id":96883,"date":"2025-03-27T11:36:24","date_gmt":"2025-03-27T10:36:24","guid":{"rendered":"https:\/\/cultureelpersbureau.nl\/?p=96883"},"modified":"2025-03-27T11:36:27","modified_gmt":"2025-03-27T10:36:27","slug":"tijdschrift-boekman-verdiept-zich-in-the-culture","status":"publish","type":"post","link":"https:\/\/staging.cultuurpers.nl\/fr\/2025\/03\/tijdschrift-boekman-verdiept-zich-in-the-culture\/","title":{"rendered":"Le magazine Boekman se penche sur la culture"},"content":{"rendered":"<p>Le jeudi 3 avril, en collaboration avec la Commission n\u00e9erlandaise pour l'Unesco et des repr\u00e9sentants de la sc\u00e8ne, la Fondation Boekman pr\u00e9sentera le num\u00e9ro de printemps du magazine Boekman, qui est cette fois-ci enti\u00e8rement consacr\u00e9 \u00e0 la \"culture\". Ce mouvement artistique et ce style de vie dynamique trouvent leurs racines dans le hip-hop et sont au c\u0153ur de la vie culturelle de millions de personnes dans le monde. La diversit\u00e9 des expressions - du streetwear au graphisme en passant par les arts visuels et la musique - montre \u00e0 quel point cette culture est riche et r\u00e9pandue.<br \/>Parmi les contributeurs au magazine, on peut citer <em>Eben Badu,<\/em> <em>\u00d6zkan G\u00f6lpinar,<\/em> <em>Cissy Joan, Yassin Karmoudi, Malique Mohamud<\/em>, <em>Valery Mak<\/em> et <em>Aafje de Roest<\/em> le long. Photographe <em>Elizar Veerman<\/em> a r\u00e9alis\u00e9 une s\u00e9rie de portraits des personnes interrog\u00e9es.<br \/><strong>&gt;&gt; Le nouveau <em>Livreur<\/em> est disponible \u00e0 partir du 28 mars. <a href=\"https:\/\/boekman.us1.list-manage.com\/track\/click?u=2adfd7def6190d411e431e88b&amp;id=281c7b7353&amp;e=c26df309f6\" target=\"_blank\" rel=\"noreferrer noopener\">Lire l'article d'ouverture : <em>L'impact de la culture - Plus d'un an apr\u00e8s l'avis de l'Unesco<\/em>.<\/a><\/strong><\/p>\n\n\n\n<p>Le rapport <em>Un(catchable) : le pouvoir d'innovation de la culture<\/em> L'avis de la Commission n\u00e9erlandaise de l'Unesco, en collaboration avec des repr\u00e9sentants du monde de la culture, a r\u00e9v\u00e9l\u00e9 le retard des politiques actuelles par rapport \u00e0 la r\u00e9alit\u00e9 (novembre 2023). L'avis souligne la n\u00e9cessit\u00e9 de d\u00e9velopper des politiques culturelles qui refl\u00e8tent mieux les besoins de la soci\u00e9t\u00e9 et se concentrent sur l'\u00e9galit\u00e9 des chances. Dans Boekman <a rel=\"tag\" class=\"hashtag u-tag u-category\" href=\"https:\/\/staging.cultuurpers.nl\/fr\/onderwerp\/142\/\">#142<\/a> brosse un tableau de ce mouvement dynamique. Six rapports donnent un aper\u00e7u unique de divers cr\u00e9ateurs qui se sentent li\u00e9s \u00e0 la culture.<\/p>\n\n\n\n<h2 class=\"wp-block-heading\"><strong>Goulets d'\u00e9tranglement et opportunit\u00e9s dans le financement de la culture\u00a0<\/strong><\/h2>\n\n\n\n<p>L'\u00e9valuation des demandes de subvention est un domaine dans lequel il reste encore beaucoup \u00e0 faire. Directeur artistique <strong>Valery Mak<\/strong> (Carte Blanche, Flevoland) souligne que les \u00e9valuateurs manquent souvent de compr\u00e9hension du contexte, ce qui entra\u00eene le rejet de demandes valables. Des organisations telles que <strong>Podium NORD<\/strong> \u00e0 La Haye et Verdedig Noord \u00e0 Amsterdam d\u00e9veloppent de nouvelles strat\u00e9gies pour renforcer les quartiers et traiter les probl\u00e8mes sociaux. Ce faisant, ils modifient les perspectives sur des questions telles que la gentrification et le droit \u00e0 la ville, d'apr\u00e8s l'auteur <strong>\u00d6zkan G\u00f6lpinar<\/strong>. Directeur de la cr\u00e9ation <strong>Malique Mohamud<\/strong> (Concrete Blossom) se demande si la culture peut rester elle-m\u00eame lorsqu'elle collabore avec le syst\u00e8me. S'agit-il de v\u00e9ritables collaborations ou simplement d'un moyen de cocher les conditions d'octroi de subventions ?\u00a0<\/p>\n\n\n\n<h2 class=\"wp-block-heading\"><strong>Premier exemplaire<\/strong><\/h2>\n\n\n\n<p>Le premier exemplaire de cette \u00e9dition sera remis \u00e0 <strong>Kathleen Ferrier<\/strong>pr\u00e9sident de la Commission n\u00e9erlandaise pour l'Unesco. La pr\u00e9sentation festive aura lieu dans la salle de lecture de la Fondation Boekman. <strong>Geer Oskam<\/strong>responsable des programmes et de l'impact au sein du Fonds culturel et conseiller strat\u00e9gique <strong>Halima el Ghamarti<\/strong> expliquer comment le fonds \u00e9tudie actuellement avec les cr\u00e9ateurs de la culture comment rendre le syst\u00e8me de financement de la culture plus accessible.<\/p>\n\n\n\n<h2 class=\"wp-block-heading\"><strong>Entre reconnaissance et autonomie\u00a0<\/strong><\/h2>\n\n\n\n<p>Ce Bookman illustre la friction entre reconnaissance et autonomie : le mouvement persiste-t-il d\u00e8s lors qu'il est th\u00e9oris\u00e9 ? Il y a une tension entre une visibilit\u00e9 accrue et le maintien de la libert\u00e9<\/p>\n\n\n\n<div class=\"su-note\"  style=\"border-color:#e5e54c;border-radius:3px;-moz-border-radius:3px;-webkit-border-radius:3px;\"><div class=\"su-note-inner su-u-clearfix su-u-trim\" style=\"background-color:#FFFF66;border-color:#ffffff;color:#333333;border-radius:3px;-moz-border-radius:3px;-webkit-border-radius:3px;\"><strong>Les derni\u00e8res <em>Livreur<\/em> est disponible \u00e0 partir du jeudi 27 mars via <a href=\"https:\/\/boekman.us1.list-manage.com\/track\/click?u=2adfd7def6190d411e431e88b&amp;id=31ab814720&amp;e=c26df309f6\">www.boekman.nl\/tijdschriften<\/a>. Un jour plus tard, il sera dans les magasins et sur les paillassons des abonn\u00e9s ! L'illustration de la couverture a \u00e9t\u00e9 r\u00e9alis\u00e9e par <a href=\"https:\/\/boekman.us1.list-manage.com\/track\/click?u=2adfd7def6190d411e431e88b&amp;id=7b412444de&amp;e=c26df309f6\" target=\"_blank\" rel=\"noreferrer noopener\">Serana Angelista<\/a>.<\/strong><\/div><\/div>","protected":false},"excerpt":{"rendered":"<p>Le jeudi 3 avril, la Fondation Boekman, en collaboration avec la Commission n\u00e9erlandaise pour l'Unesco et des repr\u00e9sentants de la sc\u00e8ne, pr\u00e9sentera le num\u00e9ro de printemps du magazine Boekman, qui est cette fois-ci enti\u00e8rement consacr\u00e9 \u00e0 \"la culture\". Ce mouvement artistique et ce style de vie dynamique trouvent leurs racines dans le hip-hop et sont au c\u0153ur de la vie culturelle de millions de...&nbsp;<a href=\"https:\/\/staging.cultuurpers.nl\/fr\/2025\/03\/tijdschrift-boekman-verdiept-zich-in-the-culture\/\" rel=\"bookmark\">Lire la suite \"<span class=\"screen-reader-text\">Le magazine Boekman se penche sur la culture<\/span><\/a><\/p>","protected":false},"author":13,"featured_media":96884,"comment_status":"open","ping_status":"closed","sticky":false,"template":"","format":"standard","meta":{"_eb_attr":"","_monsterinsights_skip_tracking":false,"_monsterinsights_sitenote_active":false,"_monsterinsights_sitenote_note":"","_monsterinsights_sitenote_category":0,"neve_meta_sidebar":"","neve_meta_container":"","neve_meta_enable_content_width":"","neve_meta_content_width":0,"neve_meta_title_alignment":"","neve_meta_author_avatar":"","neve_post_elements_order":"","neve_meta_disable_header":"","neve_meta_disable_footer":"","neve_meta_disable_title":"","neve_meta_reading_time":"","_themeisle_gutenberg_block_has_review":false,"_jetpack_memberships_contains_paid_content":false,"activitypub_content_warning":null,"activitypub_content_visibility":"","activitypub_max_image_attachments":3,"activitypub_interaction_policy_quote":"anyone","activitypub_status":"federated","footnotes":"","jetpack_publicize_message":"","jetpack_publicize_feature_enabled":true,"jetpack_social_post_already_shared":false,"jetpack_social_options":{"image_generator_settings":{"template":"highway","enabled":false},"version":2}},"categories":[15614,11917],"tags":[16337,15314],"class_list":["post-96883","post","type-post","status-publish","format-standard","has-post-thumbnail","hentry","category-beleid","category-persberichten","tag-16337","tag-boekman"],"aioseo_notices":[],"jetpack_publicize_connections":[],"jetpack_featured_media_url":"https:\/\/staging.cultuurpers.nl\/wp-content\/uploads\/2025\/03\/142_OMS_met-lijn-600x600-1.jpg","jetpack-related-posts":[{"id":94481,"url":"https:\/\/staging.cultuurpers.nl\/fr\/2024\/06\/vanaf-nu-verkrijgbaar-boekman-139-over-cultuur-in-de-regio\/","url_meta":{"origin":96883,"position":0},"title":"Disponible d\u00e8s maintenant : Bookman #139 sur la culture dans la r\u00e9gion.","author":"een van onze leden","date":"13 juin 2024","format":false,"excerpt":"Amsterdam, 13 juni 2024\u00a0\u2013 Cultuur in de regio was een terugkerend thema tijdens de Tweede Kamerverkiezing.\u00a0Ook de Raad voor Cultuur heeft hier aandacht voor. De raad stelt\u00a0voor om de subsidies evenrediger te verdelen\u00a0over het land. Maar hoe moet dat worden gerealiseerd? Hoe wordt het geld nu verdeeld? En hoe kijken\u2026","rel":"","context":"Dans &quot;beleid&quot;","block_context":{"text":"beleid","link":"https:\/\/staging.cultuurpers.nl\/fr\/genre\/beleid\/"},"img":{"alt_text":"","src":"https:\/\/i0.wp.com\/staging.cultuurpers.nl\/wp-content\/uploads\/2024\/06\/5529468d-1fa5-78bf-58e6-e36cc1b51618.png?resize=350%2C200&ssl=1","width":350,"height":200,"srcset":"https:\/\/i0.wp.com\/staging.cultuurpers.nl\/wp-content\/uploads\/2024\/06\/5529468d-1fa5-78bf-58e6-e36cc1b51618.png?resize=350%2C200&ssl=1 1x, https:\/\/i0.wp.com\/staging.cultuurpers.nl\/wp-content\/uploads\/2024\/06\/5529468d-1fa5-78bf-58e6-e36cc1b51618.png?resize=525%2C300&ssl=1 1.5x"},"classes":[]},{"id":95539,"url":"https:\/\/staging.cultuurpers.nl\/fr\/2024\/10\/shortlist-boekman-dissertatieprijs-bekend\/","url_meta":{"origin":96883,"position":1},"title":"Annonce de la liste des candidats retenus pour le prix de th\u00e8se Boekman","author":"een van onze leden","date":"23 octobre 2024","format":false,"excerpt":"Ce matin, la Fondation Boekman a annonc\u00e9 la liste des candidats retenus pour le Prix Boekman de la dissertation. Au terme d'un processus minutieux, trois auteurs de m\u00e9moires ont \u00e9t\u00e9 s\u00e9lectionn\u00e9s parmi les neuf m\u00e9moires qui ont une chance de remporter le prestigieux prix qui sera d\u00e9cern\u00e9 pour la sixi\u00e8me fois. Le laur\u00e9at sera annonc\u00e9 en avril 2025 lors de la conf\u00e9rence.","rel":"","context":"Dans &quot;beleid&quot;","block_context":{"text":"beleid","link":"https:\/\/staging.cultuurpers.nl\/fr\/genre\/beleid\/"},"img":{"alt_text":"","src":"https:\/\/i0.wp.com\/staging.cultuurpers.nl\/wp-content\/uploads\/2024\/10\/a414135b-1c35-e99d-07aa-599987cfc300.png?resize=350%2C200&ssl=1","width":350,"height":200,"srcset":"https:\/\/i0.wp.com\/staging.cultuurpers.nl\/wp-content\/uploads\/2024\/10\/a414135b-1c35-e99d-07aa-599987cfc300.png?resize=350%2C200&ssl=1 1x, https:\/\/i0.wp.com\/staging.cultuurpers.nl\/wp-content\/uploads\/2024\/10\/a414135b-1c35-e99d-07aa-599987cfc300.png?resize=525%2C300&ssl=1 1.5x, https:\/\/i0.wp.com\/staging.cultuurpers.nl\/wp-content\/uploads\/2024\/10\/a414135b-1c35-e99d-07aa-599987cfc300.png?resize=700%2C400&ssl=1 2x, https:\/\/i0.wp.com\/staging.cultuurpers.nl\/wp-content\/uploads\/2024\/10\/a414135b-1c35-e99d-07aa-599987cfc300.png?resize=1050%2C600&ssl=1 3x, https:\/\/i0.wp.com\/staging.cultuurpers.nl\/wp-content\/uploads\/2024\/10\/a414135b-1c35-e99d-07aa-599987cfc300.png?resize=1400%2C800&ssl=1 4x"},"classes":[]},{"id":98478,"url":"https:\/\/staging.cultuurpers.nl\/fr\/2025\/09\/boekman-144-cultuur-als-probleemoplosser-wederkerigheid-is-het-sleutelwoord\/","url_meta":{"origin":96883,"position":2},"title":"BOOKMAN 144 : LA CULTURE POUR R\u00c9SOUDRE LES PROBL\u00c8MES ? La r\u00e9ciprocit\u00e9 est le mot cl\u00e9","author":"een van onze leden","date":"11 septembre 2025","format":false,"excerpt":"Amsterdam, 11\u00a0september\u00a02025 \u2013\u00a0Welke rol spelen kunst en cultuur in het oplossen van maatschappelijke problemen? Wat mogen we daarvan verwachten in deze tijd van grote uitdagingen? En hoe verhoudt de inzet van kunst voor maatschappelijke doelen zich tot professionele autonomie en artistieke vrijheid? In de nieuwste editie van tijdschrift Boekman verkennen\u2026","rel":"","context":"Dans &quot;beleid&quot;","block_context":{"text":"beleid","link":"https:\/\/staging.cultuurpers.nl\/fr\/genre\/beleid\/"},"img":{"alt_text":"","src":"https:\/\/i0.wp.com\/staging.cultuurpers.nl\/wp-content\/uploads\/2025\/09\/Schermafdruk-van-2025-09-11-11-23-52.png?resize=350%2C200&ssl=1","width":350,"height":200,"srcset":"https:\/\/i0.wp.com\/staging.cultuurpers.nl\/wp-content\/uploads\/2025\/09\/Schermafdruk-van-2025-09-11-11-23-52.png?resize=350%2C200&ssl=1 1x, https:\/\/i0.wp.com\/staging.cultuurpers.nl\/wp-content\/uploads\/2025\/09\/Schermafdruk-van-2025-09-11-11-23-52.png?resize=525%2C300&ssl=1 1.5x"},"classes":[]},{"id":97067,"url":"https:\/\/staging.cultuurpers.nl\/fr\/2025\/04\/esther-hammelburg-wint-6e-boekman-dissertatieprijs\/","url_meta":{"origin":96883,"position":3},"title":"Esther Hammelburg remporte le 6e prix de th\u00e8se Boekman","author":"een van onze leden","date":"17 avril 2025","format":false,"excerpt":"Prix pour une th\u00e8se sur l'exp\u00e9rience en direct et les m\u00e9dias lors d'\u00e9v\u00e9nements culturels Esther Hammelburg est la laur\u00e9ate de la sixi\u00e8me \u00e9dition du prix Boekman pour une th\u00e8se sur l'art, la culture et la politique. Le prix a \u00e9t\u00e9 d\u00e9cern\u00e9 lors de la conf\u00e9rence de recherche Culture as a problem solver ?, organis\u00e9e par la Fondation Boekman et l'Universit\u00e9 Erasmus de Rotterdam au Theater Zuidplein. Susanne Janssen, pr\u00e9sidente du jury, a remis le prix.","rel":"","context":"Dans &quot;ACTUEEL&quot;","block_context":{"text":"ACTUEEL","link":"https:\/\/staging.cultuurpers.nl\/fr\/genre\/nieuws\/"},"img":{"alt_text":"","src":"https:\/\/i0.wp.com\/staging.cultuurpers.nl\/wp-content\/uploads\/2025\/04\/00902c77-2386-8d2e-ec57-e9787d164272-scaled.jpg?resize=350%2C200&ssl=1","width":350,"height":200,"srcset":"https:\/\/i0.wp.com\/staging.cultuurpers.nl\/wp-content\/uploads\/2025\/04\/00902c77-2386-8d2e-ec57-e9787d164272-scaled.jpg?resize=350%2C200&ssl=1 1x, https:\/\/i0.wp.com\/staging.cultuurpers.nl\/wp-content\/uploads\/2025\/04\/00902c77-2386-8d2e-ec57-e9787d164272-scaled.jpg?resize=525%2C300&ssl=1 1.5x, https:\/\/i0.wp.com\/staging.cultuurpers.nl\/wp-content\/uploads\/2025\/04\/00902c77-2386-8d2e-ec57-e9787d164272-scaled.jpg?resize=700%2C400&ssl=1 2x, https:\/\/i0.wp.com\/staging.cultuurpers.nl\/wp-content\/uploads\/2025\/04\/00902c77-2386-8d2e-ec57-e9787d164272-scaled.jpg?resize=1050%2C600&ssl=1 3x, https:\/\/i0.wp.com\/staging.cultuurpers.nl\/wp-content\/uploads\/2025\/04\/00902c77-2386-8d2e-ec57-e9787d164272-scaled.jpg?resize=1400%2C800&ssl=1 4x"},"classes":[]},{"id":30343,"url":"https:\/\/staging.cultuurpers.nl\/fr\/2016\/03\/toch-zonde-critici-1-reden-om-nieuwe-boekman-aan-schaffen\/","url_meta":{"origin":96883,"position":4},"title":"C'est quand m\u00eame dommage pour ces critiques ! 1 raison d'acheter le nouveau Boekman.","author":"Wijbrand Schaap","date":"15 mars 2016","format":false,"excerpt":"Is er een reden om het tijdschrift 'Boekman 106' aan te schaffen? Voor mij wel, al zou ik een tijdschrift dat beweert h\u00e9t Nederlandse forum voor kunst, cultuur en beleid te zijn, direct in de vuilcontainer moeten werpen wegens getoonde arrogantie. Hoe kun je immers, met een oplage van slechts\u2026","rel":"","context":"Dans &quot;ACTUEEL&quot;","block_context":{"text":"ACTUEEL","link":"https:\/\/staging.cultuurpers.nl\/fr\/genre\/nieuws\/"},"img":{"alt_text":"","src":"https:\/\/i0.wp.com\/staging.cultuurpers.nl\/wp-content\/uploads\/2016\/03\/9929.jpg?resize=350%2C200&ssl=1","width":350,"height":200,"srcset":"https:\/\/i0.wp.com\/staging.cultuurpers.nl\/wp-content\/uploads\/2016\/03\/9929.jpg?resize=350%2C200&ssl=1 1x, https:\/\/i0.wp.com\/staging.cultuurpers.nl\/wp-content\/uploads\/2016\/03\/9929.jpg?resize=525%2C300&ssl=1 1.5x, https:\/\/i0.wp.com\/staging.cultuurpers.nl\/wp-content\/uploads\/2016\/03\/9929.jpg?resize=700%2C400&ssl=1 2x, https:\/\/i0.wp.com\/staging.cultuurpers.nl\/wp-content\/uploads\/2016\/03\/9929.jpg?resize=1050%2C600&ssl=1 3x, https:\/\/i0.wp.com\/staging.cultuurpers.nl\/wp-content\/uploads\/2016\/03\/9929.jpg?resize=1400%2C800&ssl=1 4x"},"classes":[]},{"id":97569,"url":"https:\/\/staging.cultuurpers.nl\/fr\/2025\/06\/kunstmatige-intelligentie-co-maker-of-concurrent-in-de-cultuursector\/","url_meta":{"origin":96883,"position":5},"title":"L'intelligence artificielle : co-fabrication ou concurrence dans le secteur culturel ?","author":"een van onze leden","date":"12 juin 2025","format":false,"excerpt":"Amsterdam, 12 juni 2025 \u2013\u00a0De opkomst van artifici\u00eble\u00a0intelligentie zorgt voor beroering in de kunst- en cultuursector.\u00a0Gaat AI de vrije creativiteit van mensen overheersen? Bepalen algoritmen straks wat we lezen, waar we naar luisteren, waar we naartoe gaan? Wat doet AI met onze waarneming of verbeelding? Hoe be\u00efnvloedt AI de publieke\u2026","rel":"","context":"Dans &quot;beleid&quot;","block_context":{"text":"beleid","link":"https:\/\/staging.cultuurpers.nl\/fr\/genre\/beleid\/"},"img":{"alt_text":"","src":"https:\/\/i0.wp.com\/staging.cultuurpers.nl\/wp-content\/uploads\/2025\/06\/boekman.jpg?resize=350%2C200&ssl=1","width":350,"height":200,"srcset":"https:\/\/i0.wp.com\/staging.cultuurpers.nl\/wp-content\/uploads\/2025\/06\/boekman.jpg?resize=350%2C200&ssl=1 1x, https:\/\/i0.wp.com\/staging.cultuurpers.nl\/wp-content\/uploads\/2025\/06\/boekman.jpg?resize=525%2C300&ssl=1 1.5x"},"classes":[]}],"jetpack_shortlink":"https:\/\/wp.me\/p3yKke-pcD","jetpack_sharing_enabled":true,"_links":{"self":[{"href":"https:\/\/staging.cultuurpers.nl\/fr\/wp-json\/wp\/v2\/posts\/96883","targetHints":{"allow":["GET"]}}],"collection":[{"href":"https:\/\/staging.cultuurpers.nl\/fr\/wp-json\/wp\/v2\/posts"}],"about":[{"href":"https:\/\/staging.cultuurpers.nl\/fr\/wp-json\/wp\/v2\/types\/post"}],"author":[{"embeddable":true,"href":"https:\/\/staging.cultuurpers.nl\/fr\/wp-json\/wp\/v2\/users\/13"}],"replies":[{"embeddable":true,"href":"https:\/\/staging.cultuurpers.nl\/fr\/wp-json\/wp\/v2\/comments?post=96883"}],"version-history":[{"count":1,"href":"https:\/\/staging.cultuurpers.nl\/fr\/wp-json\/wp\/v2\/posts\/96883\/revisions"}],"predecessor-version":[{"id":96885,"href":"https:\/\/staging.cultuurpers.nl\/fr\/wp-json\/wp\/v2\/posts\/96883\/revisions\/96885"}],"wp:featuredmedia":[{"embeddable":true,"href":"https:\/\/staging.cultuurpers.nl\/fr\/wp-json\/wp\/v2\/media\/96884"}],"wp:attachment":[{"href":"https:\/\/staging.cultuurpers.nl\/fr\/wp-json\/wp\/v2\/media?parent=96883"}],"wp:term":[{"taxonomy":"category","embeddable":true,"href":"https:\/\/staging.cultuurpers.nl\/fr\/wp-json\/wp\/v2\/categories?post=96883"},{"taxonomy":"post_tag","embeddable":true,"href":"https:\/\/staging.cultuurpers.nl\/fr\/wp-json\/wp\/v2\/tags?post=96883"}],"curies":[{"name":"wp","href":"https:\/\/api.w.org\/{rel}","templated":true}]}}