{"id":96857,"date":"2025-03-26T11:59:03","date_gmt":"2025-03-26T10:59:03","guid":{"rendered":"https:\/\/cultureelpersbureau.nl\/?p=96857"},"modified":"2025-03-26T12:01:49","modified_gmt":"2025-03-26T11:01:49","slug":"96857","status":"publish","type":"post","link":"https:\/\/staging.cultuurpers.nl\/fr\/2025\/03\/96857\/","title":{"rendered":"CLA Art dramatique et danse d\u00e9clar\u00e9e g\u00e9n\u00e9ralement contraignante"},"content":{"rendered":"<p><strong>Amsterdam, 26 mars 2025 - Avec la <a href=\"https:\/\/zoek.officielebekendmakingen.nl\/stcrt-2025-6402.html\">publication<\/a> Le Journal officiel du 20 mars 2025 a d\u00e9clar\u00e9 la convention collective de travail pour le th\u00e9\u00e2tre et la danse 2025-2026 d'application g\u00e9n\u00e9rale (AVV). Cela signifie que tous les producteurs professionnels n\u00e9erlandais qui r\u00e9alisent des spectacles de th\u00e9\u00e2tre et\/ou de danse doivent appliquer cette convention collective de travail \u00e0 leur personnel.<br \/><\/strong><br \/>Les parties \u00e0 la CCT Nederlandse Associatie voor Podiumkunsten (NAPK) et Kunstenbond ont demand\u00e9 \u00e0 l'AVV de r\u00e9glementer les conditions de travail pour l'ensemble du secteur du th\u00e9\u00e2tre et de la danse \u00e0 un niveau appropri\u00e9. La convention collective a une dur\u00e9e de deux ans et s'appliquera du 1er janvier 2025 au 31 d\u00e9cembre 2026.<\/p>\n\n\n\n<p>Cette nouvelle convention collective a convenu d'une augmentation g\u00e9n\u00e9rale des salaires de deux fois 3,5%, avec effet au 1er janvier 2025 et au 1er janvier 2026. En outre, l'accord a \u00e9t\u00e9 am\u00e9lior\u00e9 en \u00e9largissant le maintien du paiement du salaire en cas d'incapacit\u00e9 de travail lorsqu'elle r\u00e9sulte d'une blessure subie pendant le travail et en offrant une plus grande flexibilit\u00e9 dans l'octroi de cong\u00e9s sp\u00e9ciaux.<\/p>\n\n\n\n<div class=\"su-note\"  style=\"border-color:#e5e54c;border-radius:3px;-moz-border-radius:3px;-webkit-border-radius:3px;\"><div class=\"su-note-inner su-u-clearfix su-u-trim\" style=\"background-color:#FFFF66;border-color:#ffffff;color:#333333;border-radius:3px;-moz-border-radius:3px;-webkit-border-radius:3px;\">\n\n\n\n<ul class=\"wp-block-list\">\n<li><a href=\"http:\/\/www.caotoneelendans.nl\">www.caotoneelendans.nl<\/a><\/li>\n\n\n\n<li><a href=\"http:\/\/www.napk.nl\">www.napk.nl<\/a><\/li>\n\n\n\n<li><a href=\"http:\/\/www.kunstenbond.nl\">www.kunstenbond.nl<\/a><\/div><\/div><\/li>\n<\/ul>","protected":false},"excerpt":{"rendered":"<p>Amsterdam, 26 mars 2025 - Avec sa publication dans le Staatscourant du 20 mars 2025, la convention collective de travail pour le th\u00e9\u00e2tre et la danse 2025-2026 a \u00e9t\u00e9 d\u00e9clar\u00e9e g\u00e9n\u00e9ralement contraignante (AVV), ce qui signifie que tous les producteurs professionnels n\u00e9erlandais qui r\u00e9alisent des spectacles de th\u00e9\u00e2tre et\/ou de danse doivent appliquer cette convention collective pour leur personnel. Cela signifie que tous les producteurs professionnels n\u00e9erlandais qui r\u00e9alisent des spectacles de th\u00e9\u00e2tre et\/ou de danse doivent appliquer cette convention collective \u00e0 leur personnel.Les parties aux n\u00e9gociations collectives Nederlandse Associatie voor Podiumkunsten (NAPK) et Kunstenbond ont d\u00e9clar\u00e9 l'AVV...&nbsp;<a href=\"https:\/\/staging.cultuurpers.nl\/fr\/2025\/03\/96857\/\" rel=\"bookmark\">Lire la suite \"<span class=\"screen-reader-text\">CLA Art dramatique et danse d\u00e9clar\u00e9e g\u00e9n\u00e9ralement contraignante<\/span><\/a><\/p>","protected":false},"author":13,"featured_media":18690,"comment_status":"open","ping_status":"closed","sticky":false,"template":"","format":"standard","meta":{"_eb_attr":"","_monsterinsights_skip_tracking":false,"_monsterinsights_sitenote_active":false,"_monsterinsights_sitenote_note":"","_monsterinsights_sitenote_category":0,"neve_meta_sidebar":"","neve_meta_container":"","neve_meta_enable_content_width":"","neve_meta_content_width":0,"neve_meta_title_alignment":"","neve_meta_author_avatar":"","neve_post_elements_order":"","neve_meta_disable_header":"","neve_meta_disable_footer":"","neve_meta_disable_title":"","neve_meta_reading_time":"","_themeisle_gutenberg_block_has_review":false,"_jetpack_memberships_contains_paid_content":false,"activitypub_content_warning":null,"activitypub_content_visibility":"","activitypub_max_image_attachments":3,"activitypub_interaction_policy_quote":"anyone","activitypub_status":"federated","footnotes":"","jetpack_publicize_message":"","jetpack_publicize_feature_enabled":true,"jetpack_social_post_already_shared":false,"jetpack_social_options":{"image_generator_settings":{"template":"highway","enabled":false},"version":2}},"categories":[15614,11917,8843],"tags":[],"class_list":["post-96857","post","type-post","status-publish","format-standard","has-post-thumbnail","hentry","category-beleid","category-persberichten","category-podiumkunst"],"aioseo_notices":[],"jetpack_publicize_connections":[],"jetpack_featured_media_url":"https:\/\/staging.cultuurpers.nl\/wp-content\/uploads\/2014\/12\/napk.png","jetpack-related-posts":[{"id":84587,"url":"https:\/\/staging.cultuurpers.nl\/fr\/2022\/06\/cao-toneel-en-dans-algemeen-verbindend-verklaard\/","url_meta":{"origin":96857,"position":0},"title":"LA CONVENTION COLLECTIVE DU TH\u00c9\u00c2TRE ET DE LA DANSE EST D\u00c9CLAR\u00c9E UNIVERSELLEMENT CONTRAIGNANTE","author":"een van onze leden","date":"13 juin 2022","format":false,"excerpt":"Met de publicatie in de Staatscourant van 8 juni 2022 is de Cao Toneel en Dans 2022-2023 algemeen verbindend verklaard (AVV). Dit betekent dat alle professionele Nederlandse producenten die toneel- en\/of dansvoorstellingen maken, deze cao moeten toepassen voor hun personeel. Cao-partijen Nederlandse Associatie voor Podiumkunsten (NAPK) en Kunstenbond hebben de\u2026","rel":"","context":"Dans &quot;ACTUEEL&quot;","block_context":{"text":"ACTUEEL","link":"https:\/\/staging.cultuurpers.nl\/fr\/genre\/nieuws\/"},"img":{"alt_text":"logo Nederladse associatie voor Podiumkunsten","src":"https:\/\/i0.wp.com\/staging.cultuurpers.nl\/wp-content\/uploads\/2014\/12\/napk.png?resize=350%2C200&ssl=1","width":350,"height":200,"srcset":"https:\/\/i0.wp.com\/staging.cultuurpers.nl\/wp-content\/uploads\/2014\/12\/napk.png?resize=350%2C200&ssl=1 1x, https:\/\/i0.wp.com\/staging.cultuurpers.nl\/wp-content\/uploads\/2014\/12\/napk.png?resize=525%2C300&ssl=1 1.5x, https:\/\/i0.wp.com\/staging.cultuurpers.nl\/wp-content\/uploads\/2014\/12\/napk.png?resize=700%2C400&ssl=1 2x"},"classes":[]},{"id":96132,"url":"https:\/\/staging.cultuurpers.nl\/fr\/2025\/01\/akkoord-cao-toneel-en-dans-en-muziekensembles-2025-2026\/","url_meta":{"origin":96857,"position":1},"title":"Convention collective de travail pour les ensembles de th\u00e9\u00e2tre, de danse et de musique 2025-2026","author":"een van onze leden","date":"22 janvier 2025","format":false,"excerpt":"Op 2 december 2024 hebben Kunstenbond en de Nederlandse Associatie voor Podiumkunsten (NAPK) een principeakkoord bereikt over de Cao Toneel en Dans voor 2025 en 2026 en over de Cao Muziekensembles. Beide cao\u2019s hebben een looptijd van twee jaar: 1 januari 2025 tot en met 31 december 2026. Inmiddels hebben\u2026","rel":"","context":"Dans &quot;ACTUEEL&quot;","block_context":{"text":"ACTUEEL","link":"https:\/\/staging.cultuurpers.nl\/fr\/genre\/nieuws\/"},"img":{"alt_text":"logo Nederladse associatie voor Podiumkunsten","src":"https:\/\/i0.wp.com\/staging.cultuurpers.nl\/wp-content\/uploads\/2014\/12\/napk.png?resize=350%2C200&ssl=1","width":350,"height":200,"srcset":"https:\/\/i0.wp.com\/staging.cultuurpers.nl\/wp-content\/uploads\/2014\/12\/napk.png?resize=350%2C200&ssl=1 1x, https:\/\/i0.wp.com\/staging.cultuurpers.nl\/wp-content\/uploads\/2014\/12\/napk.png?resize=525%2C300&ssl=1 1.5x, https:\/\/i0.wp.com\/staging.cultuurpers.nl\/wp-content\/uploads\/2014\/12\/napk.png?resize=700%2C400&ssl=1 2x"},"classes":[]},{"id":91934,"url":"https:\/\/staging.cultuurpers.nl\/fr\/2023\/09\/akkoord-cao-toneel-en-dans-2024\/","url_meta":{"origin":96857,"position":2},"title":"Accord convention collective th\u00e9\u00e2tre et danse 2024","author":"een van onze leden","date":"13 septembre 2023","format":false,"excerpt":"Amsterdam, 12 september 2023 - De collectieve arbeidsovereenkomst toneel en dans is door zowel de achterban van de NAPK als van de Kunstenbond akkoord verklaard. In de cao is een algemene salarisverhoging afgesproken van 5% plus een verhoging met een vast bedrag van \u20ac 150,-. Deze salarisontwikkeling betekent een gemiddelde\u2026","rel":"","context":"Dans &quot;ACTUEEL&quot;","block_context":{"text":"ACTUEEL","link":"https:\/\/staging.cultuurpers.nl\/fr\/genre\/nieuws\/"},"img":{"alt_text":"logo Nederladse associatie voor Podiumkunsten","src":"https:\/\/i0.wp.com\/staging.cultuurpers.nl\/wp-content\/uploads\/2014\/12\/napk.png?resize=350%2C200&ssl=1","width":350,"height":200,"srcset":"https:\/\/i0.wp.com\/staging.cultuurpers.nl\/wp-content\/uploads\/2014\/12\/napk.png?resize=350%2C200&ssl=1 1x, https:\/\/i0.wp.com\/staging.cultuurpers.nl\/wp-content\/uploads\/2014\/12\/napk.png?resize=525%2C300&ssl=1 1.5x, https:\/\/i0.wp.com\/staging.cultuurpers.nl\/wp-content\/uploads\/2014\/12\/napk.png?resize=700%2C400&ssl=1 2x"},"classes":[]},{"id":89194,"url":"https:\/\/staging.cultuurpers.nl\/fr\/2023\/01\/cao-omscholingsregeling-voor-dansers-algemeen-verbindend-verklaard\/","url_meta":{"origin":96857,"position":3},"title":"Le r\u00e9gime de reconversion de la CCT pour les danseurs est d\u00e9clar\u00e9 de force obligatoire universelle","author":"een van onze leden","date":"13 janvier 2023","format":false,"excerpt":"De collectieve arbeidsovereenkomst sociaal fonds Omscholing Dansers Nederland (Cao ODN) is per 1 januari 2023 door het ministerie Sociale Zaken en Werkgelegenheid algemeen verbindend verklaard. Dit betekent dat alle in Nederland gevestigde dansgezelschappen die dansers in loondienst hebben, verplicht zijn om deel te nemen aan de omscholingsregeling. Stichting Omscholing Dansers\u2026","rel":"","context":"Dans &quot;ACTUEEL&quot;","block_context":{"text":"ACTUEEL","link":"https:\/\/staging.cultuurpers.nl\/fr\/genre\/nieuws\/"},"img":{"alt_text":"logo Nederladse associatie voor Podiumkunsten","src":"https:\/\/i0.wp.com\/staging.cultuurpers.nl\/wp-content\/uploads\/2014\/12\/napk.png?resize=350%2C200&ssl=1","width":350,"height":200,"srcset":"https:\/\/i0.wp.com\/staging.cultuurpers.nl\/wp-content\/uploads\/2014\/12\/napk.png?resize=350%2C200&ssl=1 1x, https:\/\/i0.wp.com\/staging.cultuurpers.nl\/wp-content\/uploads\/2014\/12\/napk.png?resize=525%2C300&ssl=1 1.5x, https:\/\/i0.wp.com\/staging.cultuurpers.nl\/wp-content\/uploads\/2014\/12\/napk.png?resize=700%2C400&ssl=1 2x"},"classes":[]},{"id":57984,"url":"https:\/\/staging.cultuurpers.nl\/fr\/2018\/09\/vacature-zakelijk-leider-m-v-08-fte-per-1-januari-2019\/","url_meta":{"origin":96857,"position":4},"title":"VACANCE - Chef d'entreprise (h\/f) 0,8 fte \u00e0 partir du 1er janvier 2019.","author":"Afdeling Advertentieverkoop","date":"13 septembre 2018","format":false,"excerpt":"Mugmetdegoudentand is een eigenzinnig Amsterdams theatergezelschap dat al meer dan dertig jaar succesvol theater en af en toe televisie maakt. De groep maakt nieuw Nederlands repertoire dat de tijdgeest met persoonlijke stem beschrijft. De Mug maakt plm 4 voorstellingen per jaar, waaronder een ambitieus Europees project in 2020. De Mug\u2026","rel":"","context":"Dans &quot;ACTUEEL&quot;","block_context":{"text":"ACTUEEL","link":"https:\/\/staging.cultuurpers.nl\/fr\/genre\/nieuws\/"},"img":{"alt_text":"","src":"https:\/\/i0.wp.com\/staging.cultuurpers.nl\/wp-content\/uploads\/2018\/09\/mugmetdegoudentand.png?resize=350%2C200&ssl=1","width":350,"height":200},"classes":[]},{"id":63343,"url":"https:\/\/staging.cultuurpers.nl\/fr\/2020\/02\/songfestival-gate-update-vergoeding-voor-spektakelorkest-nog-lager\/","url_meta":{"origin":96857,"position":5},"title":"Mise \u00e0 jour du scandale du festival de la chanson : la redevance pour les orchestres de spectacle est encore plus basse","author":"Wijbrand Schaap","date":"2 f\u00e9vrier 2020","format":false,"excerpt":"Wie musicus wil zijn moet bloeden. Eerder meldden we al dat het hoogtepunt van de Nederlandse editie van het Eurovisie Songfestival gebracht zou gaan worden door beroepsmusici en conservatoriumstudenten die daarvoor 100 euro per dag zouden ontvangen. Schandalig weinig, wanneer je weet dat er toch volledige dagen gewerkt zou gaan\u2026","rel":"","context":"Dans &quot;ACTUEEL&quot;","block_context":{"text":"ACTUEEL","link":"https:\/\/staging.cultuurpers.nl\/fr\/genre\/nieuws\/"},"img":{"alt_text":"","src":"https:\/\/i0.wp.com\/staging.cultuurpers.nl\/wp-content\/uploads\/2020\/02\/28297473038_648f18c494_o.jpg?resize=350%2C200&ssl=1","width":350,"height":200,"srcset":"https:\/\/i0.wp.com\/staging.cultuurpers.nl\/wp-content\/uploads\/2020\/02\/28297473038_648f18c494_o.jpg?resize=350%2C200&ssl=1 1x, https:\/\/i0.wp.com\/staging.cultuurpers.nl\/wp-content\/uploads\/2020\/02\/28297473038_648f18c494_o.jpg?resize=525%2C300&ssl=1 1.5x"},"classes":[]}],"jetpack_shortlink":"https:\/\/wp.me\/s3yKke-96857","jetpack_sharing_enabled":true,"_links":{"self":[{"href":"https:\/\/staging.cultuurpers.nl\/fr\/wp-json\/wp\/v2\/posts\/96857","targetHints":{"allow":["GET"]}}],"collection":[{"href":"https:\/\/staging.cultuurpers.nl\/fr\/wp-json\/wp\/v2\/posts"}],"about":[{"href":"https:\/\/staging.cultuurpers.nl\/fr\/wp-json\/wp\/v2\/types\/post"}],"author":[{"embeddable":true,"href":"https:\/\/staging.cultuurpers.nl\/fr\/wp-json\/wp\/v2\/users\/13"}],"replies":[{"embeddable":true,"href":"https:\/\/staging.cultuurpers.nl\/fr\/wp-json\/wp\/v2\/comments?post=96857"}],"version-history":[{"count":2,"href":"https:\/\/staging.cultuurpers.nl\/fr\/wp-json\/wp\/v2\/posts\/96857\/revisions"}],"predecessor-version":[{"id":96861,"href":"https:\/\/staging.cultuurpers.nl\/fr\/wp-json\/wp\/v2\/posts\/96857\/revisions\/96861"}],"wp:featuredmedia":[{"embeddable":true,"href":"https:\/\/staging.cultuurpers.nl\/fr\/wp-json\/wp\/v2\/media\/18690"}],"wp:attachment":[{"href":"https:\/\/staging.cultuurpers.nl\/fr\/wp-json\/wp\/v2\/media?parent=96857"}],"wp:term":[{"taxonomy":"category","embeddable":true,"href":"https:\/\/staging.cultuurpers.nl\/fr\/wp-json\/wp\/v2\/categories?post=96857"},{"taxonomy":"post_tag","embeddable":true,"href":"https:\/\/staging.cultuurpers.nl\/fr\/wp-json\/wp\/v2\/tags?post=96857"}],"curies":[{"name":"wp","href":"https:\/\/api.w.org\/{rel}","templated":true}]}}