{"id":96840,"date":"2025-03-24T16:08:02","date_gmt":"2025-03-24T15:08:02","guid":{"rendered":"https:\/\/cultureelpersbureau.nl\/?p=96840"},"modified":"2025-03-24T16:08:05","modified_gmt":"2025-03-24T15:08:05","slug":"raad-voor-cultuur-onderzoekt-financiering-in-de-cultuursector","status":"publish","type":"post","link":"https:\/\/staging.cultuurpers.nl\/fr\/2025\/03\/raad-voor-cultuur-onderzoekt-financiering-in-de-cultuursector\/","title":{"rendered":"Le Conseil \"Culture\" se penche sur le financement du secteur culturel"},"content":{"rendered":"<p>Le Conseil de la culture entame un processus consultatif sur la mani\u00e8re d'\u00e9largir et de p\u00e9renniser le financement du secteur culturel. Le comit\u00e9 consultatif sur le financement a \u00e9t\u00e9 cr\u00e9\u00e9 \u00e0 cet effet. Ce comit\u00e9 \u00e9tudiera comment l'alignement entre les financements publics et priv\u00e9s peut \u00eatre mieux organis\u00e9 et quels sont les seuils que les gouvernements, les financiers et les institutions culturelles rencontrent lorsqu'ils attirent des fonds priv\u00e9s. Le conseil devrait pr\u00e9senter son avis peu apr\u00e8s l'\u00e9t\u00e9 2025.<\/p>\n\n\n\n<figure class=\"wp-block-image\"><img decoding=\"async\" src=\"https:\/\/www.raadvoorcultuur.nl\/binaries\/medium\/content\/gallery\/raadvoorcultuur\/content-afbeeldingen\/actueel\/def-foto-1024-x-768.png\" alt=\"Photo de la Commission avis financement 2025\"\/><figcaption class=\"wp-element-caption\">Membres de la commission. Photo fournie par le Conseil de la culture<\/figcaption><\/figure>\n\n\n\n<h2 class=\"wp-block-heading\"><strong>Pourquoi ce conseil ?<\/strong><\/h2>\n\n\n\n<p>Une base financi\u00e8re solide est essentielle \u00e0 l'innovation artistique, \u00e0 l'int\u00e9gration sociale et \u00e0 un large acc\u00e8s \u00e0 la culture. Le Conseil constate que les subventions publiques sont sous pression. Dans le m\u00eame temps, les statistiques de richesse du CBS montrent un potentiel croissant de dons priv\u00e9s et d'h\u00e9ritages, ce qui pourrait augmenter les fonds priv\u00e9s disponibles.<\/p>\n\n\n\n<h2 class=\"wp-block-heading\"><strong>Questions de recherche<\/strong><\/h2>\n\n\n\n<p>Le ministre de l'\u00e9ducation, de la culture et des sciences, M. Eppo Bruins, a demand\u00e9 au conseil de donner son avis sur la mani\u00e8re dont les bailleurs de fonds, y compris le gouvernement national, peuvent mieux travailler ensemble pour am\u00e9liorer l'acc\u00e8s au financement et contribuer ainsi \u00e0 la stabilit\u00e9 financi\u00e8re du secteur.<\/p>\n\n\n\n<p>La question principale est la suivante : Comment am\u00e9liorer l'accessibilit\u00e9 et l'efficacit\u00e9 du march\u00e9 du financement pour le secteur culturel afin de contribuer \u00e0 la stabilit\u00e9 financi\u00e8re et \u00e0 la capacit\u00e9 d'innovation des organisations culturelles ?<\/p>\n\n\n\n<p>Ce faisant, le ministre demande d'examiner dans quelle mesure les bailleurs de fonds du secteur culturel sont compl\u00e9mentaires les uns des autres, comment les diff\u00e9rents instruments de financement sont li\u00e9s les uns aux autres et ce que cela signifie pour la stabilit\u00e9 et la capacit\u00e9 d'innovation des organisations culturelles.<\/p>\n\n\n\n<p>La ministre attire \u00e9galement l'attention sur les instruments de financement et les bailleurs de fonds qui sont encore peu utilis\u00e9s dans le secteur et sur le r\u00f4le des organisations culturelles elles-m\u00eames.<\/p>\n\n\n\n<h2 class=\"wp-block-heading\"><strong>Comit\u00e9 consultatif<\/strong><\/h2>\n\n\n\n<p>Pour ce processus, le Conseil a form\u00e9 un comit\u00e9 compos\u00e9 d'experts externes dans le domaine du financement de la culture et des questions administratives et financi\u00e8res. Au cours de la trajectoire, le comit\u00e9 m\u00e8nera des entretiens avec les parties prenantes du secteur afin de recueillir des exp\u00e9riences et des points de vue pratiques.<\/p>\n\n\n\n<h3 class=\"wp-block-heading\">Le comit\u00e9 est compos\u00e9 de&nbsp;<\/h3>\n\n\n\n<p><strong>Geert van Maanen (pr\u00e9sident)&nbsp;<\/strong>est un administrateur exp\u00e9riment\u00e9 qui a fait carri\u00e8re dans l'administration centrale, notamment en tant que secr\u00e9taire g\u00e9n\u00e9ral des minist\u00e8res des finances, des transports, des travaux publics et de la gestion de l'eau, ainsi que de la sant\u00e9, du bien-\u00eatre et du sport. Il poss\u00e8de une expertise dans les domaines de l'administration, des finances publiques et de la gouvernance. Van Maanen est actif dans le secteur culturel en tant que membre du conseil d'administration de Film by the Sea et impliqu\u00e9 dans le Conseil culturel de Z\u00e9lande.<\/p>\n\n\n\n<p><strong>Michel Knoppel<\/strong>&nbsp;est \u00e9conomiste financier et ma\u00eetre de conf\u00e9rences \u00e0 l'Amsterdam School of Real Estate et \u00e0 la Hogeschool van Amsterdam. Il est sp\u00e9cialis\u00e9 dans l'\u00e9conomie mon\u00e9taire, l'immobilier et la finance. Knoppel est actif en tant que superviseur et directeur dans le secteur culturel, notamment \u00e0 la Stichting Muziekschool Amsterdam et \u00e0 la Stichting LFMC. Il est \u00e9galement analyste financier \u00e0 l'Amsterdam Fund for the Arts.<\/p>\n\n\n\n<p><strong>Ellen Loots<\/strong>&nbsp;est professeur associ\u00e9 \u00e0 l'universit\u00e9 Erasmus de Rotterdam, sp\u00e9cialis\u00e9e dans l'entrepreneuriat et la cr\u00e9ativit\u00e9. Elle \u00e9tudie les mod\u00e8les de financement et la position sur le march\u00e9 du travail des cr\u00e9ateurs ind\u00e9pendants dans le secteur culturel et cr\u00e9atif. Loots a travaill\u00e9 avec le minist\u00e8re de l'OCW sur le projet \"In the Mix\" sur les combinaisons de financement pour les cr\u00e9ateurs.<\/p>\n\n\n\n<p><strong>Edo Righini<\/strong>&nbsp;est directeur g\u00e9n\u00e9ral du Muziekgebouw Frits Philips Eindhoven et pr\u00e9sident du secteur culturel d'Eindhoven. Auparavant, il \u00e9tait directeur adjoint et chef de d\u00e9partement au Conservatorium van Amsterdam. M. Righini a acquis une exp\u00e9rience administrative au Concertgebouw Jazz Orchestra et au Club de technologie avanc\u00e9e de l'\u00c9cole des hautes \u00e9tudes commerciales de Paris. Il est \u00e9galement membre du Conseil de la culture.<\/p>","protected":false},"excerpt":{"rendered":"<p>Le Conseil de la culture entame un processus consultatif sur la mani\u00e8re d'\u00e9largir et de p\u00e9renniser le financement du secteur culturel. Le comit\u00e9 consultatif sur le financement a \u00e9t\u00e9 cr\u00e9\u00e9 \u00e0 cet effet. Ce comit\u00e9 examine comment l'alignement entre les financements publics et priv\u00e9s peut \u00eatre mieux organis\u00e9 et quels sont les obstacles rencontr\u00e9s par les gouvernements, les financiers et les institutions culturelles lorsqu'ils cherchent \u00e0 attirer des fonds priv\u00e9s....&nbsp;<a href=\"https:\/\/staging.cultuurpers.nl\/fr\/2025\/03\/raad-voor-cultuur-onderzoekt-financiering-in-de-cultuursector\/\" rel=\"bookmark\">Lire la suite \"<span class=\"screen-reader-text\">Le Conseil \"Culture\" se penche sur le financement du secteur culturel<\/span><\/a><\/p>","protected":false},"author":13,"featured_media":71730,"comment_status":"open","ping_status":"closed","sticky":false,"template":"","format":"standard","meta":{"_eb_attr":"","_monsterinsights_skip_tracking":false,"_monsterinsights_sitenote_active":false,"_monsterinsights_sitenote_note":"","_monsterinsights_sitenote_category":0,"neve_meta_sidebar":"","neve_meta_container":"","neve_meta_enable_content_width":"","neve_meta_content_width":0,"neve_meta_title_alignment":"","neve_meta_author_avatar":"","neve_post_elements_order":"","neve_meta_disable_header":"","neve_meta_disable_footer":"","neve_meta_disable_title":"","neve_meta_reading_time":"","_themeisle_gutenberg_block_has_review":false,"_jetpack_memberships_contains_paid_content":false,"activitypub_content_warning":null,"activitypub_content_visibility":"","activitypub_max_image_attachments":3,"activitypub_interaction_policy_quote":"anyone","activitypub_status":"federated","footnotes":"","jetpack_publicize_message":"","jetpack_publicize_feature_enabled":true,"jetpack_social_post_already_shared":false,"jetpack_social_options":{"image_generator_settings":{"template":"highway","enabled":false},"version":2}},"categories":[15614,11917],"tags":[1148,923],"class_list":["post-96840","post","type-post","status-publish","format-standard","has-post-thumbnail","hentry","category-beleid","category-persberichten","tag-raad-voor-cultuur","tag-subsidie"],"aioseo_notices":[],"jetpack_publicize_connections":[],"jetpack_featured_media_url":"https:\/\/staging.cultuurpers.nl\/wp-content\/uploads\/2021\/11\/raadvcultiir.jpg","jetpack-related-posts":[{"id":11505,"url":"https:\/\/staging.cultuurpers.nl\/fr\/2013\/04\/raad-voor-cultuur-verblijdt-ministers-met-aardig-briefje\/","url_meta":{"origin":96840,"position":0},"title":"Le Conseil de la culture fait plaisir aux ministres avec une note sympathique","author":"een van onze leden","date":"11 avril 2013","format":false,"excerpt":"Vrijdag 12 april is er een 'Filmtop' in Eye, Amsterdam. Overheid, producenten en financiers praten er een dagje over wat er moet gebeuren om de Nederlandse filmindustrie de winter door te helpen. Deze Filmtop is er gekomen op verzoek van de filmmakers, die hopen op een Nederlandse variant van het\u2026","rel":"","context":"Dans &quot;ACTUEEL&quot;","block_context":{"text":"ACTUEEL","link":"https:\/\/staging.cultuurpers.nl\/fr\/genre\/nieuws\/"},"img":{"alt_text":"","src":"https:\/\/i0.wp.com\/staging.cultuurpers.nl\/wp-content\/uploads\/2013\/04\/EYE_film_institute_Netherlands_amsterdam.jpg?resize=350%2C200&ssl=1","width":350,"height":200,"srcset":"https:\/\/i0.wp.com\/staging.cultuurpers.nl\/wp-content\/uploads\/2013\/04\/EYE_film_institute_Netherlands_amsterdam.jpg?resize=350%2C200&ssl=1 1x, https:\/\/i0.wp.com\/staging.cultuurpers.nl\/wp-content\/uploads\/2013\/04\/EYE_film_institute_Netherlands_amsterdam.jpg?resize=525%2C300&ssl=1 1.5x, https:\/\/i0.wp.com\/staging.cultuurpers.nl\/wp-content\/uploads\/2013\/04\/EYE_film_institute_Netherlands_amsterdam.jpg?resize=700%2C400&ssl=1 2x"},"classes":[]},{"id":16511,"url":"https:\/\/staging.cultuurpers.nl\/fr\/2014\/06\/raad-voor-cultuur-zegt-het-nu-ook-de-geefwet-mislukt\/","url_meta":{"origin":96840,"position":1},"title":"Le Conseil de la culture l'affirme : la loi sur les dons a \u00e9chou\u00e9, et le reste aussi.","author":"Henri Drost","date":"25 juin 2014","format":false,"excerpt":"Weet u het nog? De pleister die Halbe Zijlstra de cultuursector bood in de vorm van de Geefwet? Fiscale voordeeltjes zouden absoluut leiden tot meer sponsoring waardoor de gevolgen van de bezuinigsmaatregelen lang niet zo dramatisch zouden zijn als de sector zelf riep. Een lachtertje, die hele Geefwet, schreven wij\u2026","rel":"","context":"Dans &quot;ACTUEEL&quot;","block_context":{"text":"ACTUEEL","link":"https:\/\/staging.cultuurpers.nl\/fr\/genre\/nieuws\/"},"img":{"alt_text":"","src":"","width":0,"height":0},"classes":[]},{"id":98631,"url":"https:\/\/staging.cultuurpers.nl\/fr\/2025\/09\/raad-voor-cultuur-openbaart-vertrouwelijk-advies-panorama-mesdag\/","url_meta":{"origin":96840,"position":2},"title":"Le Conseil de la culture r\u00e9v\u00e8le un avis confidentiel Panorama Mesdag","author":"een van onze leden","date":"22 septembre 2025","format":false,"excerpt":"Communiqu\u00e9 de presse | 22-09-2025 | 11:55 Le vendredi 19 septembre, le Mus\u00e9e Panorama Mesdag a transf\u00e9r\u00e9 sa collection et son b\u00e2timent \u00e0 l'\u00c9tat des Pays-Bas. Le mus\u00e9e a d\u00e9sormais l'obligation l\u00e9gale de g\u00e9rer la collection et le b\u00e2timent et de les rendre accessibles au public. Pour mener \u00e0 bien cette t\u00e2che, \u00e0 partir de 2026, le...","rel":"","context":"Dans &quot;ACTUEEL&quot;","block_context":{"text":"ACTUEEL","link":"https:\/\/staging.cultuurpers.nl\/fr\/genre\/nieuws\/"},"img":{"alt_text":"","src":"","width":0,"height":0},"classes":[]},{"id":90163,"url":"https:\/\/staging.cultuurpers.nl\/fr\/2023\/03\/raad-voor-cultuur-zet-ontwerpkracht-in-voor-vernieuwing-cultuurbestel\/","url_meta":{"origin":96840,"position":3},"title":"Le Conseil de la Culture d\u00e9ploie un pouvoir de conception pour le renouvellement du syst\u00e8me culturel","author":"een van onze leden","date":"15 mars 2023","format":false,"excerpt":"De Raad voor Cultuur krijgt ruimte voor uitwerking van de vernieuwing van het cultuurbestel vanaf 2029. Staatssecretaris Uslu van Cultuur en Media heeft de raad verzocht om voor het einde van dit jaar hierover advies uit te brengen. \"Als raad kunnen we niet wachten om deze vraag samen met de\u2026","rel":"","context":"Dans &quot;ACTUEEL&quot;","block_context":{"text":"ACTUEEL","link":"https:\/\/staging.cultuurpers.nl\/fr\/genre\/nieuws\/"},"img":{"alt_text":"","src":"","width":0,"height":0},"classes":[]}],"jetpack_shortlink":"https:\/\/wp.me\/p3yKke-pbW","jetpack_sharing_enabled":true,"_links":{"self":[{"href":"https:\/\/staging.cultuurpers.nl\/fr\/wp-json\/wp\/v2\/posts\/96840","targetHints":{"allow":["GET"]}}],"collection":[{"href":"https:\/\/staging.cultuurpers.nl\/fr\/wp-json\/wp\/v2\/posts"}],"about":[{"href":"https:\/\/staging.cultuurpers.nl\/fr\/wp-json\/wp\/v2\/types\/post"}],"author":[{"embeddable":true,"href":"https:\/\/staging.cultuurpers.nl\/fr\/wp-json\/wp\/v2\/users\/13"}],"replies":[{"embeddable":true,"href":"https:\/\/staging.cultuurpers.nl\/fr\/wp-json\/wp\/v2\/comments?post=96840"}],"version-history":[{"count":1,"href":"https:\/\/staging.cultuurpers.nl\/fr\/wp-json\/wp\/v2\/posts\/96840\/revisions"}],"predecessor-version":[{"id":96841,"href":"https:\/\/staging.cultuurpers.nl\/fr\/wp-json\/wp\/v2\/posts\/96840\/revisions\/96841"}],"wp:featuredmedia":[{"embeddable":true,"href":"https:\/\/staging.cultuurpers.nl\/fr\/wp-json\/wp\/v2\/media\/71730"}],"wp:attachment":[{"href":"https:\/\/staging.cultuurpers.nl\/fr\/wp-json\/wp\/v2\/media?parent=96840"}],"wp:term":[{"taxonomy":"category","embeddable":true,"href":"https:\/\/staging.cultuurpers.nl\/fr\/wp-json\/wp\/v2\/categories?post=96840"},{"taxonomy":"post_tag","embeddable":true,"href":"https:\/\/staging.cultuurpers.nl\/fr\/wp-json\/wp\/v2\/tags?post=96840"}],"curies":[{"name":"wp","href":"https:\/\/api.w.org\/{rel}","templated":true}]}}