{"id":96770,"date":"2025-03-13T17:11:36","date_gmt":"2025-03-13T16:11:36","guid":{"rendered":"https:\/\/cultureelpersbureau.nl\/?p=96770"},"modified":"2025-03-31T12:05:18","modified_gmt":"2025-03-31T10:05:18","slug":"theater-sonnevanck-het-nut-presenteren-roos-ariadne-8-over-liefde-en-andere-walgelijke-dingen","status":"publish","type":"post","link":"https:\/\/staging.cultuurpers.nl\/fr\/2025\/03\/theater-sonnevanck-het-nut-presenteren-roos-ariadne-8-over-liefde-en-andere-walgelijke-dingen\/","title":{"rendered":"Le Th\u00e9\u00e2tre Sonnevanck &amp; The NUT pr\u00e9sentent : Rose &amp; Ariadne (8+) : L'amour et d'autres choses d\u00e9go\u00fbtantes\u00a0"},"content":{"rendered":"<p><strong>Mars 2025 - Le Th\u00e9\u00e2tre Sonnevanck et le NUT reviennent en 2025 avec la reprise du spectacle \u00e0 succ\u00e8s. <em>Rose et Ariane<\/em>. The 'plea for emotions in all shapes and sizes' (Theaterkrant, 2020) est une coproduction dans laquelle le texte sc\u00e9nique de Floor Leene s'inspire traditionnellement des mythes grecs anciens : cette fois-ci, il s'agit de l'histoire du fil d'Ariane. Mise en sc\u00e8ne de Dani\u00ebl van Klaveren, interpr\u00e9tation de Karlijn van Kruchten et Patsy Kroonenberg.&nbsp;<\/strong><\/p>\n\n\n\n<p>Au <em>Rose et Ariane<\/em> Suivez le fil du labyrinthe grec jusqu'\u00e0 la chambre de Rose. Ariane s'y est retrouv\u00e9e lorsqu'elle a aid\u00e9 le beau Th\u00e9s\u00e9e \u00e0 \u00e9chapper \u00e0 un Minotaure particuli\u00e8rement hostile. Aujourd'hui, il l'a abandonn\u00e9e, \u00e0 sa grande fureur. Rose se tient dans sa nouvelle chambre, fra\u00eechement repeinte apr\u00e8s le divorce et le d\u00e9m\u00e9nagement de ses parents. Rose n'est pas en col\u00e8re. Pas m\u00eame maintenant qu'ils ont mis son chien Nickel sur le march\u00e9. Parce que Rose ne se met pas en col\u00e8re, elle n'est pas comme \u00e7a... Ou bien est-ce le cas ?<\/p>\n\n\n\n<p>Rose &amp; Ariadne est une \u00e9mission difficile sur les \u00e9motions de toutes formes et de toutes tailles. Comment faire face \u00e0 des sentiments qui vous submergent ? Comment leur donner une place ? Parvenez-vous toujours \u00e0 compter jusqu'\u00e0 dix ? Une aventure passionnante pour toute la famille : \u00e0 partir de 8 ans. Le spectacle fait le tour de plusieurs \u00e9coles primaires et peut \u00eatre vu les 2, 3 et 4 mai au studio NUT et le 25 mai au th\u00e9\u00e2tre BonteHond.&nbsp;<\/p>\n\n\n\n<p><strong>Cr\u00e9dits<\/strong><\/p>\n\n\n\n<ul class=\"wp-block-list\">\n<li>Texte : Floor Leenen&nbsp;<\/li>\n\n\n\n<li>R\u00e9alis\u00e9 par Daniel van Klaveren&nbsp;<\/li>\n\n\n\n<li>Pi\u00e8ce : Karlijn van Kruchten et Patsy Kroonenberg&nbsp;<\/li>\n\n\n\n<li>Costumes : Maartje Prins&nbsp;<\/li>\n\n\n\n<li>Photos de la sc\u00e8ne : Bart Grietens&nbsp;<\/li>\n<\/ul>\n\n\n\n<p><strong>Dates de jeu<\/strong><\/p>\n\n\n\n<ul class=\"wp-block-list\">\n<li>16 mars : Premi\u00e8re \u00e0 huis clos au Th\u00e9\u00e2tre Sonnevanck<\/li>\n\n\n\n<li>(<em>A partir de ce moment-l\u00e0, j'ai fait des tourn\u00e9es dans diff\u00e9rentes \u00e9coles primaires.)<\/em><\/li>\n\n\n\n<li>2, 3 et 4 mai : Studio van het NUT, Berlijnplein, Utrecht.\u00a0<\/li>\n<\/ul>\n\n\n\n<p><\/p>","protected":false},"excerpt":{"rendered":"<p>Mars 2025 - Le Th\u00e9\u00e2tre Sonnevanck et le NUT reviennent en 2025 avec la reprise de la pi\u00e8ce \u00e0 succ\u00e8s Roos &amp; Ariadne. Ce \"plaidoyer pour des \u00e9motions de toutes formes et de toutes tailles\" (Theaterkrant, 2020) est une coproduction dans laquelle le texte sc\u00e9nique de Floor Leene s'inspire traditionnellement des anciens mythes grecs : cette fois-ci, l'histoire de...&nbsp;<a href=\"https:\/\/staging.cultuurpers.nl\/fr\/2025\/03\/theater-sonnevanck-het-nut-presenteren-roos-ariadne-8-over-liefde-en-andere-walgelijke-dingen\/\" rel=\"bookmark\">Lire la suite \"<span class=\"screen-reader-text\">Le Th\u00e9\u00e2tre Sonnevanck &amp; The NUT pr\u00e9sentent : Rose &amp; Ariadne (8+) : L'amour et d'autres choses d\u00e9go\u00fbtantes\u00a0<\/span><\/a><\/p>","protected":false},"author":13,"featured_media":96771,"comment_status":"open","ping_status":"closed","sticky":false,"template":"","format":"standard","meta":{"_eb_attr":"","_monsterinsights_skip_tracking":false,"_monsterinsights_sitenote_active":false,"_monsterinsights_sitenote_note":"","_monsterinsights_sitenote_category":0,"neve_meta_sidebar":"","neve_meta_container":"","neve_meta_enable_content_width":"","neve_meta_content_width":0,"neve_meta_title_alignment":"","neve_meta_author_avatar":"","neve_post_elements_order":"","neve_meta_disable_header":"","neve_meta_disable_footer":"","neve_meta_disable_title":"","neve_meta_reading_time":"","_themeisle_gutenberg_block_has_review":false,"_jetpack_memberships_contains_paid_content":false,"activitypub_content_warning":"","activitypub_content_visibility":"","activitypub_max_image_attachments":3,"activitypub_interaction_policy_quote":"anyone","activitypub_status":"federated","footnotes":"","jetpack_publicize_message":"","jetpack_publicize_feature_enabled":true,"jetpack_social_post_already_shared":false,"jetpack_social_options":{"image_generator_settings":{"template":"highway","enabled":false},"version":2}},"categories":[11917,8843,4759],"tags":[15099,513,5614],"class_list":["post-96770","post","type-post","status-publish","format-standard","has-post-thumbnail","hentry","category-persberichten","category-podiumkunst","category-theater-podiumkunst-2","tag-het-nut","tag-jeugdtheater","tag-sonnevanck"],"aioseo_notices":[],"jetpack_publicize_connections":[],"jetpack_featured_media_url":"https:\/\/staging.cultuurpers.nl\/wp-content\/uploads\/2025\/03\/Roos-Ariadne-Bart-Grietens-4-scaled.jpg","jetpack-related-posts":[{"id":39115,"url":"https:\/\/staging.cultuurpers.nl\/fr\/2016\/09\/ariadne-auf-naxos-nederlandse-reisopera\/","url_meta":{"origin":96770,"position":0},"title":"Ariadne auf Naxos par la Nederlandse Reisopera entre dans l'histoire.","author":"Henri Drost","date":"12 septembre 2016","format":false,"excerpt":"Menig regisseur zit met de handen in het haar bij Strauss\u2019 Ariadne auf Naxos. Verwonderlijk is dat niet. In de proloog, van zo'n drie kwartier, krijgt de componist via de \u2018Haushoffmeister\u2019 van de rijkste man van Wenen te horen dat hij geacht wordt zijn opera buffa gelijktijdig te brengen met\u2026","rel":"","context":"Dans &quot;OPERA&quot;","block_context":{"text":"OPERA","link":"https:\/\/staging.cultuurpers.nl\/fr\/genre\/podiumkunst\/opera-podiumkunst-2\/"},"img":{"alt_text":"","src":"https:\/\/i0.wp.com\/staging.cultuurpers.nl\/wp-content\/uploads\/2016\/09\/AriadneAufNaxos-NRO054.jpg?resize=350%2C200&ssl=1","width":350,"height":200,"srcset":"https:\/\/i0.wp.com\/staging.cultuurpers.nl\/wp-content\/uploads\/2016\/09\/AriadneAufNaxos-NRO054.jpg?resize=350%2C200&ssl=1 1x, https:\/\/i0.wp.com\/staging.cultuurpers.nl\/wp-content\/uploads\/2016\/09\/AriadneAufNaxos-NRO054.jpg?resize=525%2C300&ssl=1 1.5x, https:\/\/i0.wp.com\/staging.cultuurpers.nl\/wp-content\/uploads\/2016\/09\/AriadneAufNaxos-NRO054.jpg?resize=700%2C400&ssl=1 2x, https:\/\/i0.wp.com\/staging.cultuurpers.nl\/wp-content\/uploads\/2016\/09\/AriadneAufNaxos-NRO054.jpg?resize=1050%2C600&ssl=1 3x, https:\/\/i0.wp.com\/staging.cultuurpers.nl\/wp-content\/uploads\/2016\/09\/AriadneAufNaxos-NRO054.jpg?resize=1400%2C800&ssl=1 4x"},"classes":[]},{"id":42873,"url":"https:\/\/staging.cultuurpers.nl\/fr\/2016\/12\/de-7-voorstellingen-die-je-had-willen-zien-in-2016-waarvan-er-een-nog-te-zien-is-in-2017-en-een-absoluut-nooit-meer\/","url_meta":{"origin":96770,"position":1},"title":"Sept spectacles que tu aurais aim\u00e9 voir en 2016 (mais ne perds pas espoir).","author":"Henri Drost","date":"29 d\u00e9cembre 2016","format":false,"excerpt":"In Den Haag vinden ze het zonde van het geld. Laat ze. Hier zeven voorstellingen die \u2018die zonde\u2019 meer dan waard waren. Mona, Ariadne, Mariken, maar ook adembenemend circustheater, een geheim huwelijk, een genre overstijgende \u00a0satire en het grootste decor ooit. 1. Mona, NTJong (jeugdtheater\/toneel). https:\/\/www.youtube.com\/watch?v=Uk3cqHU0gBo Het is de grootste\u2026","rel":"","context":"Dans &quot;Alleen voor leden&quot;","block_context":{"text":"Alleen voor leden","link":"https:\/\/staging.cultuurpers.nl\/fr\/genre\/service\/members-only\/"},"img":{"alt_text":"","src":"https:\/\/i0.wp.com\/staging.cultuurpers.nl\/wp-content\/uploads\/2016\/12\/AriadneAufNaxos-NRO059.jpg?resize=350%2C200&ssl=1","width":350,"height":200,"srcset":"https:\/\/i0.wp.com\/staging.cultuurpers.nl\/wp-content\/uploads\/2016\/12\/AriadneAufNaxos-NRO059.jpg?resize=350%2C200&ssl=1 1x, https:\/\/i0.wp.com\/staging.cultuurpers.nl\/wp-content\/uploads\/2016\/12\/AriadneAufNaxos-NRO059.jpg?resize=525%2C300&ssl=1 1.5x, https:\/\/i0.wp.com\/staging.cultuurpers.nl\/wp-content\/uploads\/2016\/12\/AriadneAufNaxos-NRO059.jpg?resize=700%2C400&ssl=1 2x, https:\/\/i0.wp.com\/staging.cultuurpers.nl\/wp-content\/uploads\/2016\/12\/AriadneAufNaxos-NRO059.jpg?resize=1050%2C600&ssl=1 3x, https:\/\/i0.wp.com\/staging.cultuurpers.nl\/wp-content\/uploads\/2016\/12\/AriadneAufNaxos-NRO059.jpg?resize=1400%2C800&ssl=1 4x"},"classes":[]},{"id":39000,"url":"https:\/\/staging.cultuurpers.nl\/fr\/2016\/09\/dale-ariadne-auf-naxos\/","url_meta":{"origin":96770,"position":2},"title":"Ariadne auf Naxos de Laurence Dale : un op\u00e9ra plein de couples insolites","author":"Henri Drost","date":"9 septembre 2016","format":false,"excerpt":"De grote zaal van het Enschedese Wilminktheater is leeg, net als de orkestbak. Op het immense podium het decor voor de proloog van Strauss\u2019 Ariadne auf Naxos. Theatertechnici bespreken licht- en boventitelingscues, iedereen oogt ontspannen. Ook regisseur Laurence Dale. Het is vier uur vrijdagmiddag, twee weken voor de premi\u00e8re op\u2026","rel":"","context":"Dans &quot;OPERA&quot;","block_context":{"text":"OPERA","link":"https:\/\/staging.cultuurpers.nl\/fr\/genre\/podiumkunst\/opera-podiumkunst-2\/"},"img":{"alt_text":"","src":"https:\/\/i0.wp.com\/staging.cultuurpers.nl\/wp-content\/uploads\/2016\/09\/ariadne1.jpg?resize=350%2C200&ssl=1","width":350,"height":200,"srcset":"https:\/\/i0.wp.com\/staging.cultuurpers.nl\/wp-content\/uploads\/2016\/09\/ariadne1.jpg?resize=350%2C200&ssl=1 1x, https:\/\/i0.wp.com\/staging.cultuurpers.nl\/wp-content\/uploads\/2016\/09\/ariadne1.jpg?resize=525%2C300&ssl=1 1.5x, https:\/\/i0.wp.com\/staging.cultuurpers.nl\/wp-content\/uploads\/2016\/09\/ariadne1.jpg?resize=700%2C400&ssl=1 2x"},"classes":[]},{"id":38845,"url":"https:\/\/staging.cultuurpers.nl\/fr\/2016\/09\/de-5-voorstellingen-die-je-moet-zien-in-september\/","url_meta":{"origin":96770,"position":3},"title":"Cinq spectacles l\u00e9gendaires \u00e0 voir absolument en septembre","author":"Henri Drost","date":"3 septembre 2016","format":false,"excerpt":"Septembre, le mois du festival de th\u00e9\u00e2tre n\u00e9erlandais et du Fringe Festival plein d'anciens et de nouveaux spectacles que tu dois voir. Mais il se passe aussi beaucoup de choses dans le reste du pays \u00e0 l'occasion de la rentr\u00e9e th\u00e9\u00e2trale. Cinq spectacles \u00e0 ne pas manquer. Toneelgroep Maastricht, Eyes wide shut (th\u00e9\u00e2tre) 'Le nouveau Shakespeare', on l'a d\u00e9j\u00e0 appel\u00e9, je...","rel":"","context":"Dans &quot;ACTUEEL&quot;","block_context":{"text":"ACTUEEL","link":"https:\/\/staging.cultuurpers.nl\/fr\/genre\/nieuws\/"},"img":{"alt_text":"","src":"https:\/\/i0.wp.com\/staging.cultuurpers.nl\/wp-content\/uploads\/2016\/09\/dick-bos.jpg?resize=350%2C200&ssl=1","width":350,"height":200},"classes":[]},{"id":38120,"url":"https:\/\/staging.cultuurpers.nl\/fr\/2016\/08\/anders-huismerk-theater-sonnevanck-op-tfboulevard\/","url_meta":{"origin":96770,"position":4},"title":"\u00catre diff\u00e9rent : la marque maison du Th\u00e9\u00e2tre Sonnevanck sur #tfboulevard","author":"Henri Drost","date":"13 ao\u00fbt 2016","format":false,"excerpt":"De held die zijn eigen kracht niet kent (Wildeman); een mad scientist die voor iedereen te snel gaat (Galileo); een gedroomde keizerin die bedankt voor het sprookjeshuwelijk en uit haar rol stapt (Sisi); cavia\u2019s die in opstand komen tegen de populariteitswedstrijd waarin ze verzeild zijn geraakt (Cavia!) en een lelijk\u2026","rel":"","context":"Dans &quot;Boulevard&quot;","block_context":{"text":"Boulevard","link":"https:\/\/staging.cultuurpers.nl\/fr\/genre\/service\/specials\/boulevard\/"},"img":{"alt_text":"","src":"https:\/\/i0.wp.com\/staging.cultuurpers.nl\/wp-content\/uploads\/2016\/08\/Lelijk-1dje-Sonnevanck-Edwin-Deen-691x463.png?resize=350%2C200&ssl=1","width":350,"height":200,"srcset":"https:\/\/i0.wp.com\/staging.cultuurpers.nl\/wp-content\/uploads\/2016\/08\/Lelijk-1dje-Sonnevanck-Edwin-Deen-691x463.png?resize=350%2C200&ssl=1 1x, https:\/\/i0.wp.com\/staging.cultuurpers.nl\/wp-content\/uploads\/2016\/08\/Lelijk-1dje-Sonnevanck-Edwin-Deen-691x463.png?resize=525%2C300&ssl=1 1.5x"},"classes":[]}],"jetpack_shortlink":"https:\/\/wp.me\/p3yKke-paO","jetpack_sharing_enabled":true,"_links":{"self":[{"href":"https:\/\/staging.cultuurpers.nl\/fr\/wp-json\/wp\/v2\/posts\/96770","targetHints":{"allow":["GET"]}}],"collection":[{"href":"https:\/\/staging.cultuurpers.nl\/fr\/wp-json\/wp\/v2\/posts"}],"about":[{"href":"https:\/\/staging.cultuurpers.nl\/fr\/wp-json\/wp\/v2\/types\/post"}],"author":[{"embeddable":true,"href":"https:\/\/staging.cultuurpers.nl\/fr\/wp-json\/wp\/v2\/users\/13"}],"replies":[{"embeddable":true,"href":"https:\/\/staging.cultuurpers.nl\/fr\/wp-json\/wp\/v2\/comments?post=96770"}],"version-history":[{"count":2,"href":"https:\/\/staging.cultuurpers.nl\/fr\/wp-json\/wp\/v2\/posts\/96770\/revisions"}],"predecessor-version":[{"id":96950,"href":"https:\/\/staging.cultuurpers.nl\/fr\/wp-json\/wp\/v2\/posts\/96770\/revisions\/96950"}],"wp:featuredmedia":[{"embeddable":true,"href":"https:\/\/staging.cultuurpers.nl\/fr\/wp-json\/wp\/v2\/media\/96771"}],"wp:attachment":[{"href":"https:\/\/staging.cultuurpers.nl\/fr\/wp-json\/wp\/v2\/media?parent=96770"}],"wp:term":[{"taxonomy":"category","embeddable":true,"href":"https:\/\/staging.cultuurpers.nl\/fr\/wp-json\/wp\/v2\/categories?post=96770"},{"taxonomy":"post_tag","embeddable":true,"href":"https:\/\/staging.cultuurpers.nl\/fr\/wp-json\/wp\/v2\/tags?post=96770"}],"curies":[{"name":"wp","href":"https:\/\/api.w.org\/{rel}","templated":true}]}}