{"id":96714,"date":"2025-03-06T14:56:26","date_gmt":"2025-03-06T13:56:26","guid":{"rendered":"https:\/\/cultureelpersbureau.nl\/?p=96714"},"modified":"2025-03-06T15:26:13","modified_gmt":"2025-03-06T14:26:13","slug":"samenwerking-napk-en-vpf","status":"publish","type":"post","link":"https:\/\/staging.cultuurpers.nl\/fr\/2025\/03\/samenwerking-napk-en-vpf\/","title":{"rendered":"Coop\u00e9ration entre la NAPK et la VPF"},"content":{"rendered":"<p>\u00c0 partir du 1er mars 2025, la Nederlandse Associatie voor Podiumkunsten (NAPK) et les Verenigde Podiumkunsten Festivals (VPF) travailleront ensemble dans le cadre des nouveaux Platform Festivals. Les festivals de la plate-forme seront int\u00e9gr\u00e9s \u00e0 la NAPK.<\/p>\n\n\n\n<p>La coop\u00e9ration entre la NAPK et VPF renforce la d\u00e9fense des int\u00e9r\u00eats des producteurs et des festivals d'arts du spectacle et permet d'acc\u00e9der \u00e0 un r\u00e9seau plus vaste et \u00e0 davantage d'expertise. Cela renforce la position de la NAPK et des festivals dans le secteur culturel.<\/p>\n\n\n\n<h2 class=\"wp-block-heading\"><strong>\u00c0 propos du VPF<\/strong><\/h2>\n\n\n\n<p>Le VPF est une alliance de plus de 60 festivals d'arts du spectacle aux Pays-Bas. Ces festivals sont des lieux de rencontre importants o\u00f9 les gens appr\u00e9cient la musique, la danse, l'art, le cirque et le th\u00e9\u00e2tre. Ils sont r\u00e9put\u00e9s pour l'excellence de leur programmation, de leurs artistes, de leur organisation et de leurs installations. Depuis 2016, la VPF d\u00e9fend les int\u00e9r\u00eats des festivals des arts du spectacle aupr\u00e8s des politiciens et du gouvernement.<\/p>\n\n\n\n<h2 class=\"wp-block-heading\"><strong>A propos de NAPK<\/strong><\/h2>\n\n\n\n<p>NAPK est l'association commerciale des producteurs professionnels d'arts du spectacle aux Pays-Bas. Elle repr\u00e9sente plus de 195 compagnies et ensembles, du th\u00e9\u00e2tre jeune public \u00e0 la musique classique. La NAPK s'engage en faveur de bonnes pratiques en mati\u00e8re d'emploi et d'une position forte des arts du spectacle dans la soci\u00e9t\u00e9 en \u0153uvrant pour un march\u00e9 du travail sain, la d\u00e9fense des int\u00e9r\u00eats et la professionnalisation des op\u00e9rations commerciales.<\/p>","protected":false},"excerpt":{"rendered":"<p>\u00c0 partir du 1er mars 2025, la Nederlandse Associatie voor Podiumkunsten (NAPK) et les Verenigde Podiumkunsten Festivals (VPF) travailleront ensemble dans le cadre des nouveaux Platform Festivals. Les festivals de la plate-forme seront int\u00e9gr\u00e9s \u00e0 la NAPK. La coop\u00e9ration entre la NAPK et les VPF renforce la repr\u00e9sentation des int\u00e9r\u00eats des producteurs et des festivals d'arts du spectacle et permet d'acc\u00e9der \u00e0 un r\u00e9seau plus large et \u00e0 une expertise plus importante....&nbsp;<a href=\"https:\/\/staging.cultuurpers.nl\/fr\/2025\/03\/samenwerking-napk-en-vpf\/\" rel=\"bookmark\">Lire la suite \"<span class=\"screen-reader-text\">Coop\u00e9ration entre la NAPK et la VPF<\/span><\/a><\/p>","protected":false},"author":13,"featured_media":18690,"comment_status":"open","ping_status":"closed","sticky":false,"template":"","format":"standard","meta":{"_eb_attr":"","_monsterinsights_skip_tracking":false,"_monsterinsights_sitenote_active":false,"_monsterinsights_sitenote_note":"","_monsterinsights_sitenote_category":0,"neve_meta_sidebar":"","neve_meta_container":"","neve_meta_enable_content_width":"","neve_meta_content_width":0,"neve_meta_title_alignment":"","neve_meta_author_avatar":"","neve_post_elements_order":"","neve_meta_disable_header":"","neve_meta_disable_footer":"","neve_meta_disable_title":"","neve_meta_reading_time":"","_themeisle_gutenberg_block_has_review":false,"_jetpack_memberships_contains_paid_content":false,"activitypub_content_warning":"","activitypub_content_visibility":"","activitypub_max_image_attachments":3,"activitypub_interaction_policy_quote":"anyone","activitypub_status":"federated","footnotes":"","jetpack_publicize_message":"","jetpack_publicize_feature_enabled":true,"jetpack_social_post_already_shared":false,"jetpack_social_options":{"image_generator_settings":{"template":"highway","enabled":false},"version":2}},"categories":[15614,11917],"tags":[3904],"class_list":["post-96714","post","type-post","status-publish","format-standard","has-post-thumbnail","hentry","category-beleid","category-persberichten","tag-napk"],"aioseo_notices":[],"jetpack_publicize_connections":[],"jetpack_featured_media_url":"https:\/\/staging.cultuurpers.nl\/wp-content\/uploads\/2014\/12\/napk.png","jetpack-related-posts":[{"id":15563,"url":"https:\/\/staging.cultuurpers.nl\/fr\/2014\/05\/meer-films-bioscoop-door-digitalisering-aldus-onderzoek\/","url_meta":{"origin":96714,"position":0},"title":"Plus de films dans les salles de cin\u00e9ma en raison de la num\u00e9risation, selon une enqu\u00eate.","author":"Leo Bankersen","date":"15 mai 2014","format":false,"excerpt":"De digitale doekenstrijd in de bioscoop laat nog even op zich wachten. Voorlopig profiteert de filmliefhebber, zo blijkt uit onderzoek. Zo'n kleine twee jaar geleden werd de digitalisering van het Nederlandse bioscoopbedrijf afgerond. Alle bioscopen en filmhuizen projecteren sinds 2012 digitaal. In de projectiecabine betekende het verdwijnen van de 35mm\u2026","rel":"","context":"Dans &quot;ACTUEEL&quot;","block_context":{"text":"ACTUEEL","link":"https:\/\/staging.cultuurpers.nl\/fr\/genre\/nieuws\/"},"img":{"alt_text":"","src":"https:\/\/i0.wp.com\/staging.cultuurpers.nl\/wp-content\/uploads\/2014\/05\/Onderzoek-digitalisering.jpg?resize=350%2C200&ssl=1","width":350,"height":200,"srcset":"https:\/\/i0.wp.com\/staging.cultuurpers.nl\/wp-content\/uploads\/2014\/05\/Onderzoek-digitalisering.jpg?resize=350%2C200&ssl=1 1x, https:\/\/i0.wp.com\/staging.cultuurpers.nl\/wp-content\/uploads\/2014\/05\/Onderzoek-digitalisering.jpg?resize=525%2C300&ssl=1 1.5x"},"classes":[]},{"id":95158,"url":"https:\/\/staging.cultuurpers.nl\/fr\/2024\/09\/napk-lanceert-duurzaamheid-award-voor-de-podiumkunsten\/","url_meta":{"origin":96714,"position":1},"title":"NAPK lance un prix de la durabilit\u00e9 pour les arts du spectacle","author":"een van onze leden","date":"5 septembre 2024","format":false,"excerpt":"Amsterdam, 5 september 2024 - De Nederlandse Associatie voor Podiumkunsten (NAPK) heeft tijdens het Nederlands Theater Festival 2024 een nieuwe award gelanceerd. Deze prijs is bedoeld voor een persoon, instantie of groep die volgens de jury een wezenlijke bijdrage heeft geleverd aan het (ecologisch) verduurzamen van de Nederlandse podiumkunsten. Doel\u2026","rel":"","context":"Dans &quot;ACTUEEL&quot;","block_context":{"text":"ACTUEEL","link":"https:\/\/staging.cultuurpers.nl\/fr\/genre\/nieuws\/"},"img":{"alt_text":"","src":"https:\/\/i0.wp.com\/staging.cultuurpers.nl\/wp-content\/uploads\/2024\/09\/napkduurzaamheid.png?resize=350%2C200&ssl=1","width":350,"height":200,"srcset":"https:\/\/i0.wp.com\/staging.cultuurpers.nl\/wp-content\/uploads\/2024\/09\/napkduurzaamheid.png?resize=350%2C200&ssl=1 1x, https:\/\/i0.wp.com\/staging.cultuurpers.nl\/wp-content\/uploads\/2024\/09\/napkduurzaamheid.png?resize=525%2C300&ssl=1 1.5x"},"classes":[]},{"id":94689,"url":"https:\/\/staging.cultuurpers.nl\/fr\/2024\/07\/napk-lanceert-campagne-laathetdoeknietvallen\/","url_meta":{"origin":96714,"position":2},"title":"La NAPK lance la campagne 1TP5Ne laisse pas tomber le tissu","author":"een van onze leden","date":"4 juillet 2024","format":false,"excerpt":"Amsterdam, 4 juli 2024 - Gisteren zijn de besluiten en adviezen van het Fonds Podiumkunsten, Fonds voor Cultuurparticipatie en de Raad voor Cultuur bekendgemaakt. Naast een enorme overvraag van het budget, zien we grote verschuivingen qua nieuwe instroom en disciplines. Dit raakt meer dan 50 gezelschappen die verbonden zijn aan\u2026","rel":"","context":"Dans &quot;beleid&quot;","block_context":{"text":"beleid","link":"https:\/\/staging.cultuurpers.nl\/fr\/genre\/beleid\/"},"img":{"alt_text":"logo Nederladse associatie voor Podiumkunsten","src":"https:\/\/i0.wp.com\/staging.cultuurpers.nl\/wp-content\/uploads\/2014\/12\/napk.png?resize=350%2C200&ssl=1","width":350,"height":200,"srcset":"https:\/\/i0.wp.com\/staging.cultuurpers.nl\/wp-content\/uploads\/2014\/12\/napk.png?resize=350%2C200&ssl=1 1x, https:\/\/i0.wp.com\/staging.cultuurpers.nl\/wp-content\/uploads\/2014\/12\/napk.png?resize=525%2C300&ssl=1 1.5x, https:\/\/i0.wp.com\/staging.cultuurpers.nl\/wp-content\/uploads\/2014\/12\/napk.png?resize=700%2C400&ssl=1 2x"},"classes":[]},{"id":79718,"url":"https:\/\/staging.cultuurpers.nl\/fr\/2022\/05\/conferentie-aanpak-grensoverschrijdend-gedrag-in-culturele-sector-succes\/","url_meta":{"origin":96714,"position":3},"title":"CONF\u00c9RENCE SUR LA LUTTE CONTRE LES COMPORTEMENTS TRANSFRONTALIERS DANS LE SECTEUR CULTUREL","author":"een van onze leden","date":"17 mai 2022","format":false,"excerpt":"Le lundi 16 mai, la conf\u00e9rence Safe on the Floor s'est d\u00e9roul\u00e9e \u00e0 Amare (La Haye). Cette conf\u00e9rence a \u00e9t\u00e9 organis\u00e9e pour aborder les comportements transgressifs sur le lieu de travail dans le secteur culturel et discuter des moyens d'y rem\u00e9dier. La conf\u00e9rence a \u00e9t\u00e9 ouverte par le secr\u00e9taire d'\u00c9tat \u00e0 la culture et aux m\u00e9dias Gunay Uslu.","rel":"","context":"Dans &quot;ACTUEEL&quot;","block_context":{"text":"ACTUEEL","link":"https:\/\/staging.cultuurpers.nl\/fr\/genre\/nieuws\/"},"img":{"alt_text":"","src":"https:\/\/i0.wp.com\/staging.cultuurpers.nl\/wp-content\/uploads\/2022\/05\/boyhazes-Ernestine-Comvalius-en-Gunay-Uslu-1144-2.jpg?resize=350%2C200&ssl=1","width":350,"height":200,"srcset":"https:\/\/i0.wp.com\/staging.cultuurpers.nl\/wp-content\/uploads\/2022\/05\/boyhazes-Ernestine-Comvalius-en-Gunay-Uslu-1144-2.jpg?resize=350%2C200&ssl=1 1x, https:\/\/i0.wp.com\/staging.cultuurpers.nl\/wp-content\/uploads\/2022\/05\/boyhazes-Ernestine-Comvalius-en-Gunay-Uslu-1144-2.jpg?resize=525%2C300&ssl=1 1.5x, https:\/\/i0.wp.com\/staging.cultuurpers.nl\/wp-content\/uploads\/2022\/05\/boyhazes-Ernestine-Comvalius-en-Gunay-Uslu-1144-2.jpg?resize=700%2C400&ssl=1 2x, https:\/\/i0.wp.com\/staging.cultuurpers.nl\/wp-content\/uploads\/2022\/05\/boyhazes-Ernestine-Comvalius-en-Gunay-Uslu-1144-2.jpg?resize=1050%2C600&ssl=1 3x, https:\/\/i0.wp.com\/staging.cultuurpers.nl\/wp-content\/uploads\/2022\/05\/boyhazes-Ernestine-Comvalius-en-Gunay-Uslu-1144-2.jpg?resize=1400%2C800&ssl=1 4x"},"classes":[]}],"jetpack_shortlink":"https:\/\/wp.me\/p3yKke-p9U","jetpack_sharing_enabled":true,"_links":{"self":[{"href":"https:\/\/staging.cultuurpers.nl\/fr\/wp-json\/wp\/v2\/posts\/96714","targetHints":{"allow":["GET"]}}],"collection":[{"href":"https:\/\/staging.cultuurpers.nl\/fr\/wp-json\/wp\/v2\/posts"}],"about":[{"href":"https:\/\/staging.cultuurpers.nl\/fr\/wp-json\/wp\/v2\/types\/post"}],"author":[{"embeddable":true,"href":"https:\/\/staging.cultuurpers.nl\/fr\/wp-json\/wp\/v2\/users\/13"}],"replies":[{"embeddable":true,"href":"https:\/\/staging.cultuurpers.nl\/fr\/wp-json\/wp\/v2\/comments?post=96714"}],"version-history":[{"count":1,"href":"https:\/\/staging.cultuurpers.nl\/fr\/wp-json\/wp\/v2\/posts\/96714\/revisions"}],"predecessor-version":[{"id":96715,"href":"https:\/\/staging.cultuurpers.nl\/fr\/wp-json\/wp\/v2\/posts\/96714\/revisions\/96715"}],"wp:featuredmedia":[{"embeddable":true,"href":"https:\/\/staging.cultuurpers.nl\/fr\/wp-json\/wp\/v2\/media\/18690"}],"wp:attachment":[{"href":"https:\/\/staging.cultuurpers.nl\/fr\/wp-json\/wp\/v2\/media?parent=96714"}],"wp:term":[{"taxonomy":"category","embeddable":true,"href":"https:\/\/staging.cultuurpers.nl\/fr\/wp-json\/wp\/v2\/categories?post=96714"},{"taxonomy":"post_tag","embeddable":true,"href":"https:\/\/staging.cultuurpers.nl\/fr\/wp-json\/wp\/v2\/tags?post=96714"}],"curies":[{"name":"wp","href":"https:\/\/api.w.org\/{rel}","templated":true}]}}