{"id":96709,"date":"2025-03-06T14:47:29","date_gmt":"2025-03-06T13:47:29","guid":{"rendered":"https:\/\/cultureelpersbureau.nl\/?p=96709"},"modified":"2025-03-06T14:47:32","modified_gmt":"2025-03-06T13:47:32","slug":"de-amerikaanse-ya-bestellerauteur-jandy-nelson-komt-naar-utrecht","status":"publish","type":"post","link":"https:\/\/staging.cultuurpers.nl\/fr\/2025\/03\/de-amerikaanse-ya-bestellerauteur-jandy-nelson-komt-naar-utrecht\/","title":{"rendered":"Jandy Nelson, auteur am\u00e9ricain de best-sellers YA, vient \u00e0 Utrecht"},"content":{"rendered":"<div class=\"su-note\"  style=\"border-color:#e5e54c;border-radius:3px;-moz-border-radius:3px;-webkit-border-radius:3px;\"><div class=\"su-note-inner su-u-clearfix su-u-trim\" style=\"background-color:#FFFF66;border-color:#ffffff;color:#333333;border-radius:3px;-moz-border-radius:3px;-webkit-border-radius:3px;\">YALFU Book Talk : Jandy Nelson<br \/><strong>Dimanche 6 avril \u00e0 Vogelfrei<\/strong> <\/div><\/div>Le dimanche 6 avril, l'auteure am\u00e9ricaine de romans jeunesse Jandy Nelson sera \u00e0 Utrecht ! Au Vogelfrei, ILFU organise un YALFU Book Talk avec Nelson sur son travail et son nouveau livre Als de wereld wankelt, un roman solide comme le roc, d\u00e9bordant d'amour, de secrets et d'enchantement. Elle a d\u00e9j\u00e0 \u00e9crit le best-seller prim\u00e9 I Give You the Sun.<\/p>\n\n\n\n<p><strong>Jandy Nelson sera interview\u00e9e par notre animatrice habituelle de YALFU, Samya Hafsaoui. L'auteure d\u00e9dicacera ensuite ses livres.<\/strong><\/p>\n\n\n\n<p><strong>L'ILFU organise cet \u00e9v\u00e9nement en collaboration avec Blossom Books. <em>Quand le monde vacille\u00a0<\/em>(traduit par Aim\u00e9e Warmerdam et Merel Leene) est publi\u00e9.<\/strong><\/p>\n\n\n\n<p>Jandy Nelson est l'auteur de\u00a0<em>Je vous donne le soleil,<\/em>\u00a0<em>Le paradis commence \u00e0 vos pieds<\/em>\u00a0et\u00a0<em>Quand le monde vacille<\/em>. Avant de se lancer dans l'\u00e9criture, elle a travaill\u00e9 pour l'agence litt\u00e9raire Manus. Nelson a \u00e9tudi\u00e9 <em>\u00e9criture cr\u00e9ative\u00a0<\/em>Elle est titulaire d'un master en po\u00e9sie de l'universit\u00e9 de Brown. Elle a ensuite obtenu un second master, consacr\u00e9 \u00e0 la litt\u00e9rature YA et \u00e0 l'\u00e9criture pour les enfants.<\/p>\n\n\n\n<p>Ik geef je de zon a remport\u00e9 plusieurs prix : il a notamment \u00e9t\u00e9 nomm\u00e9 pour le Jury Enfants et Jeunes Flandres, et a \u00e9t\u00e9 \u00e9lu Meilleur Jeune Adulte 2015 par. <em>Mercredi<\/em>\u00a0et par\u00a0<em>New York Times<\/em>\u00a0\u00e0 <em>Livre remarquable de l'ann\u00e9e<\/em>. Son dernier livre,\u00a0<em>Quand le monde vacille<\/em>Il a d\u00e9j\u00e0 \u00e9t\u00e9 traduit en 18 langues et a figur\u00e9 sur les listes de Barnes &amp; Noble, de Kirkus et d'autres \u00e9diteurs.\u00a0<em>Irish Times<\/em>.<\/p>\n\n\n\n<p><em>Quand le monde vacille<\/em> raconte l'histoire de la famille Fall. Cette famille vit dans la chaude r\u00e9gion viticole du nord de la Californie, dans une vall\u00e9e o\u00f9 le soleil tombe du ciel et o\u00f9 le vent diabolique souffle si fort qu'il vous fait perdre la t\u00eate.<\/p>\n\n\n\n<p>Il y a des ann\u00e9es, le p\u00e8re des enfants Fall a myst\u00e9rieusement disparu, brisant la famille en quatre morceaux. Avec des voyages, des rivalit\u00e9s, des mal\u00e9dictions familiales, des histoires d'amour au sein d'histoires d'amour au sein d'histoires d'amour, des peines et des joies transmises de g\u00e9n\u00e9ration en g\u00e9n\u00e9ration, c'est l'histoire \u00e9tincelante du pass\u00e9 et du pr\u00e9sent compliqu\u00e9s d'une famille. Ce n'est qu'en racontant leur propre histoire qu'ils peuvent esp\u00e9rer r\u00e9\u00e9crire leur avenir.<\/p>\n\n\n\n<h2 class=\"wp-block-heading\"><br \/>Informations sur l'\u00e9v\u00e9nement<\/h2>\n\n\n\n<p>YALFU Book Talk avec Jandy Nelson<br \/>Mod\u00e9rateur : Samya Hafsaoui<br \/>Date : Dimanche 6 avril, 15h<br \/>Lieu : Vogelfrei (Nijverheidsweg 6 \u00e0 Utrecht)<br \/>Prix : 12,50<br \/><a href=\"https:\/\/ilfu.com\/agenda\/yalfu-book-talk-jandy-nelson\">Plus d'informations et de billets : www.ilfu.com<\/a><\/p>\n\n\n\n<h2 class=\"wp-block-heading\">\u00c0 propos de l'ILFU<\/h2>\n\n\n\n<p>ILFU (International Literature Festival Utrecht) est un festival annuel ainsi qu'une plateforme quotidienne en ligne pour la litt\u00e9rature. Nous faisons venir les meilleurs \u00e9crivains du monde \u00e0 Utrecht pendant notre festival, nous publions des \u0153uvres command\u00e9es sur notre plateforme et nous proposons divers cours pour vous plonger dans le contexte et l'histoire de la litt\u00e9rature.\u00a0<\/p>\n\n\n\n<div class=\"su-note\"  style=\"border-color:#e5e54c;border-radius:3px;-moz-border-radius:3px;-webkit-border-radius:3px;\"><div class=\"su-note-inner su-u-clearfix su-u-trim\" style=\"background-color:#FFFF66;border-color:#ffffff;color:#333333;border-radius:3px;-moz-border-radius:3px;-webkit-border-radius:3px;\">Pour en savoir plus sur l'ILFU <a href=\"http:\/\/www.ilfu.com\">ilfu.com<\/a><br \/><\/div><\/div>","protected":false},"excerpt":{"rendered":"<p>Le dimanche 6 avril, l'auteure am\u00e9ricaine de romans jeunesse Jandy Nelson sera \u00e0 Utrecht ! Au Vogelfrei, ILFU organise un YALFU Book Talk avec Nelson sur son travail et son nouveau livre Als de wereld wankelt, un roman solide comme le roc, d\u00e9bordant d'amour, de secrets et d'enchantement. Elle a d\u00e9j\u00e0 \u00e9crit le best-seller prim\u00e9 I Give You the Sun. Jandy Nelson est interview\u00e9e par notre...&nbsp;<a href=\"https:\/\/staging.cultuurpers.nl\/fr\/2025\/03\/de-amerikaanse-ya-bestellerauteur-jandy-nelson-komt-naar-utrecht\/\" rel=\"bookmark\">Lire la suite \"<span class=\"screen-reader-text\">Jandy Nelson, auteur am\u00e9ricain de best-sellers YA, vient \u00e0 Utrecht<\/span><\/a><\/p>","protected":false},"author":13,"featured_media":96710,"comment_status":"open","ping_status":"closed","sticky":false,"template":"","format":"standard","meta":{"_eb_attr":"","_monsterinsights_skip_tracking":false,"_monsterinsights_sitenote_active":false,"_monsterinsights_sitenote_note":"","_monsterinsights_sitenote_category":0,"neve_meta_sidebar":"","neve_meta_container":"","neve_meta_enable_content_width":"","neve_meta_content_width":0,"neve_meta_title_alignment":"","neve_meta_author_avatar":"","neve_post_elements_order":"","neve_meta_disable_header":"","neve_meta_disable_footer":"","neve_meta_disable_title":"","neve_meta_reading_time":"","_themeisle_gutenberg_block_has_review":false,"_jetpack_memberships_contains_paid_content":false,"activitypub_content_warning":null,"activitypub_content_visibility":"","activitypub_max_image_attachments":3,"activitypub_interaction_policy_quote":"anyone","activitypub_status":"federated","footnotes":"","jetpack_publicize_message":"","jetpack_publicize_feature_enabled":true,"jetpack_social_post_already_shared":false,"jetpack_social_options":{"image_generator_settings":{"template":"highway","enabled":false},"version":2}},"categories":[4763,11917],"tags":[8274,16372],"class_list":["post-96709","post","type-post","status-publish","format-standard","has-post-thumbnail","hentry","category-literatuur-2","category-persberichten","tag-ilfu","tag-young-adult"],"aioseo_notices":[],"jetpack_publicize_connections":[],"jetpack_featured_media_url":"https:\/\/staging.cultuurpers.nl\/wp-content\/uploads\/2025\/03\/67c08692583f1.png","jetpack-related-posts":[{"id":94700,"url":"https:\/\/staging.cultuurpers.nl\/fr\/2024\/07\/ticketverkoop-voor-alle-programmas-van-ilfu-2024-gestart\/","url_meta":{"origin":96709,"position":0},"title":"La vente de billets pour tous les programmes de l'ILFU 2024 est lanc\u00e9e.","author":"een van onze leden","date":"9 juillet 2024","format":false,"excerpt":"Nieuwe namen bevestigd: o.a. David Nicholls, Tommy Orange, Maggie Stiefvater, Teun van de Keuken en Carolina Trujillo. David Nicholls - foto: Sophia Spring | Tommy Orange - foto: Elena SeibertMaggie Stiefvater - foto: Stephen Voss | Teun van de Keuken - foto: Keke KeukelaarCarolina Trujillo - foto: NRC| Rachel Kushner\u2026","rel":"","context":"Dans &quot;LITERAIR&quot;","block_context":{"text":"LITERAIR","link":"https:\/\/staging.cultuurpers.nl\/fr\/genre\/literatuur-2\/"},"img":{"alt_text":"","src":"https:\/\/i0.wp.com\/staging.cultuurpers.nl\/wp-content\/uploads\/2024\/07\/0ff4ce6f-325f-e66a-c8e3-bf541fc8c924.jpg?resize=350%2C200&ssl=1","width":350,"height":200,"srcset":"https:\/\/i0.wp.com\/staging.cultuurpers.nl\/wp-content\/uploads\/2024\/07\/0ff4ce6f-325f-e66a-c8e3-bf541fc8c924.jpg?resize=350%2C200&ssl=1 1x, https:\/\/i0.wp.com\/staging.cultuurpers.nl\/wp-content\/uploads\/2024\/07\/0ff4ce6f-325f-e66a-c8e3-bf541fc8c924.jpg?resize=525%2C300&ssl=1 1.5x, https:\/\/i0.wp.com\/staging.cultuurpers.nl\/wp-content\/uploads\/2024\/07\/0ff4ce6f-325f-e66a-c8e3-bf541fc8c924.jpg?resize=700%2C400&ssl=1 2x, https:\/\/i0.wp.com\/staging.cultuurpers.nl\/wp-content\/uploads\/2024\/07\/0ff4ce6f-325f-e66a-c8e3-bf541fc8c924.jpg?resize=1050%2C600&ssl=1 3x, https:\/\/i0.wp.com\/staging.cultuurpers.nl\/wp-content\/uploads\/2024\/07\/0ff4ce6f-325f-e66a-c8e3-bf541fc8c924.jpg?resize=1400%2C800&ssl=1 4x"},"classes":[]},{"id":78009,"url":"https:\/\/staging.cultuurpers.nl\/fr\/2022\/05\/auteurs-jennifer-egan-en-douglas-stuart-op-bezoek-in-utrecht\/","url_meta":{"origin":96709,"position":1},"title":"Les auteurs Jennifer Egan et Douglas Stuart en visite \u00e0 Utrecht","author":"een van onze leden","date":"3 mai 2022","format":false,"excerpt":"ILFU verwelkomt op 20 mei 2020 gelauwerd auteur Jennifer Egan en Booker Prize-winnaar Douglas Stuart in Utrecht voor een unieke dubbele Book Talk. Beide auteurs publiceerden begin april nieuwe romans, die elk op hun eigen manier de (westerse) samenleving becommentari\u00ebren. De romans sluiten daarbij aan op de missie van het\u2026","rel":"","context":"Dans &quot;LITERAIR&quot;","block_context":{"text":"LITERAIR","link":"https:\/\/staging.cultuurpers.nl\/fr\/genre\/literatuur-2\/"},"img":{"alt_text":"","src":"https:\/\/i0.wp.com\/staging.cultuurpers.nl\/wp-content\/uploads\/2022\/05\/jennifer-egan-and-Douglas-Steward.png?resize=350%2C200&ssl=1","width":350,"height":200,"srcset":"https:\/\/i0.wp.com\/staging.cultuurpers.nl\/wp-content\/uploads\/2022\/05\/jennifer-egan-and-Douglas-Steward.png?resize=350%2C200&ssl=1 1x, https:\/\/i0.wp.com\/staging.cultuurpers.nl\/wp-content\/uploads\/2022\/05\/jennifer-egan-and-Douglas-Steward.png?resize=525%2C300&ssl=1 1.5x, https:\/\/i0.wp.com\/staging.cultuurpers.nl\/wp-content\/uploads\/2022\/05\/jennifer-egan-and-Douglas-Steward.png?resize=700%2C400&ssl=1 2x, https:\/\/i0.wp.com\/staging.cultuurpers.nl\/wp-content\/uploads\/2022\/05\/jennifer-egan-and-Douglas-Steward.png?resize=1050%2C600&ssl=1 3x"},"classes":[]},{"id":91325,"url":"https:\/\/staging.cultuurpers.nl\/fr\/2023\/07\/nieuwe-namen-voor-ilfu-ilfu-vindt-dit-jaar-plaats-van-23-september-t-m-7-oktober\/","url_meta":{"origin":96709,"position":2},"title":"De nouveaux noms pour l'ILFU - L'ILFU aura lieu cette ann\u00e9e du 23 septembre au 7 octobre.","author":"een van onze leden","date":"7 juillet 2023","format":false,"excerpt":"Het openingsweekeinde van het International Literature Festival Utrecht bestaat uit een optreden van Maggie Nelson, het NK Poetry Slam, de Utrechtse Boekenmarkt, de start van de 1000-Dichtersmarathon en de inauguratie van Babs Gons als Dichter des Vaderlands. In de twee weken daarna vinden optredens plaats van o.a. Philippe Claudel, Jeanette\u2026","rel":"","context":"Dans &quot;LITERAIR&quot;","block_context":{"text":"LITERAIR","link":"https:\/\/staging.cultuurpers.nl\/fr\/genre\/literatuur-2\/"},"img":{"alt_text":"logo ilfu","src":"https:\/\/i0.wp.com\/staging.cultuurpers.nl\/wp-content\/uploads\/2023\/01\/c8db5ec9-5589-68d7-ecf1-c299c0810d12.png?resize=350%2C200&ssl=1","width":350,"height":200,"srcset":"https:\/\/i0.wp.com\/staging.cultuurpers.nl\/wp-content\/uploads\/2023\/01\/c8db5ec9-5589-68d7-ecf1-c299c0810d12.png?resize=350%2C200&ssl=1 1x, https:\/\/i0.wp.com\/staging.cultuurpers.nl\/wp-content\/uploads\/2023\/01\/c8db5ec9-5589-68d7-ecf1-c299c0810d12.png?resize=525%2C300&ssl=1 1.5x, https:\/\/i0.wp.com\/staging.cultuurpers.nl\/wp-content\/uploads\/2023\/01\/c8db5ec9-5589-68d7-ecf1-c299c0810d12.png?resize=700%2C400&ssl=1 2x, https:\/\/i0.wp.com\/staging.cultuurpers.nl\/wp-content\/uploads\/2023\/01\/c8db5ec9-5589-68d7-ecf1-c299c0810d12.png?resize=1050%2C600&ssl=1 3x"},"classes":[]},{"id":71069,"url":"https:\/\/staging.cultuurpers.nl\/fr\/2021\/09\/71069\/","url_meta":{"origin":96709,"position":3},"title":"Le festival litt\u00e9raire ILFU ajoute une nouvelle journ\u00e9e de festival sur les sujets br\u00fblants de notre \u00e9poque.\u00a0","author":"een van onze leden","date":"7 septembre 2021","format":false,"excerpt":"O.a. Ayaan Hirsi Ali, Lale G\u00fcl, Roberto Saviano en Alfred Birney maken hun opwachting in Utrecht Op zaterdag 25 september vindt de eerste editie van Exploring Stories plaats: een speciale festivaldag op het ILFU gewijd aan de \u2018hete hangijzers\u2019 oftewel actuele thema\u2019s van onze tijd. Op Exploring Stories staan onderwerpen\u2026","rel":"","context":"Dans &quot;ACTUEEL&quot;","block_context":{"text":"ACTUEEL","link":"https:\/\/staging.cultuurpers.nl\/fr\/genre\/nieuws\/"},"img":{"alt_text":"","src":"https:\/\/i0.wp.com\/staging.cultuurpers.nl\/wp-content\/uploads\/2021\/09\/ilfuayaan.png?resize=350%2C200&ssl=1","width":350,"height":200,"srcset":"https:\/\/i0.wp.com\/staging.cultuurpers.nl\/wp-content\/uploads\/2021\/09\/ilfuayaan.png?resize=350%2C200&ssl=1 1x, https:\/\/i0.wp.com\/staging.cultuurpers.nl\/wp-content\/uploads\/2021\/09\/ilfuayaan.png?resize=525%2C300&ssl=1 1.5x, https:\/\/i0.wp.com\/staging.cultuurpers.nl\/wp-content\/uploads\/2021\/09\/ilfuayaan.png?resize=700%2C400&ssl=1 2x, https:\/\/i0.wp.com\/staging.cultuurpers.nl\/wp-content\/uploads\/2021\/09\/ilfuayaan.png?resize=1050%2C600&ssl=1 3x, https:\/\/i0.wp.com\/staging.cultuurpers.nl\/wp-content\/uploads\/2021\/09\/ilfuayaan.png?resize=1400%2C800&ssl=1 4x"},"classes":[]},{"id":89457,"url":"https:\/\/staging.cultuurpers.nl\/fr\/2023\/02\/margaret-atwood-komt-in-de-boekenweek-naar-utrecht\/","url_meta":{"origin":96709,"position":4},"title":"Margaret Atwood vient \u00e0 Utrecht pendant la semaine du livre","author":"een van onze leden","date":"9 f\u00e9vrier 2023","format":false,"excerpt":"Margaret Atwood, de succesauteur van onder meer The Handmaid\u2019s Tale, komt op de laatste dag van de boekenweek, zondag 19 maart 2023, naar Utrecht voor een exclusief optreden op het ILFU in TivoliVredenburgs popzaal Ronda. Daar zal ze in een gesprek met Janine Abbring haar nieuwe boek Old Babes in\u2026","rel":"","context":"Dans &quot;LITERAIR&quot;","block_context":{"text":"LITERAIR","link":"https:\/\/staging.cultuurpers.nl\/fr\/genre\/literatuur-2\/"},"img":{"alt_text":"Cover van Besjes in het Bos door Margaret Atwood","src":"https:\/\/i0.wp.com\/staging.cultuurpers.nl\/wp-content\/uploads\/2023\/02\/24e156ce-9f62-f6a6-a6a8-679d75180beb.jpeg?resize=350%2C200&ssl=1","width":350,"height":200,"srcset":"https:\/\/i0.wp.com\/staging.cultuurpers.nl\/wp-content\/uploads\/2023\/02\/24e156ce-9f62-f6a6-a6a8-679d75180beb.jpeg?resize=350%2C200&ssl=1 1x, https:\/\/i0.wp.com\/staging.cultuurpers.nl\/wp-content\/uploads\/2023\/02\/24e156ce-9f62-f6a6-a6a8-679d75180beb.jpeg?resize=525%2C300&ssl=1 1.5x"},"classes":[]},{"id":83570,"url":"https:\/\/staging.cultuurpers.nl\/fr\/2022\/06\/ilfu-in-het-teken-van-fictie-bij-de-feiten\/","url_meta":{"origin":96709,"position":5},"title":"ILFU sur le th\u00e8me de la fiction aux faits","author":"een van onze leden","date":"8 juin 2022","format":false,"excerpt":"Het Internationaal Literatuurfestival Utrecht (ILFU) vindt dit jaar plaats van 23 september t\/m 8 oktober, onder het motto \u2018de fictie bij de feiten\u2019. Het thema sluit aan bij het online platform dat ILFU in april lanceerde en waarvoor inmiddels 856 van de beoogde 1.000 leden zich hebben aangesloten. Het festival\u2026","rel":"","context":"Dans &quot;LITERAIR&quot;","block_context":{"text":"LITERAIR","link":"https:\/\/staging.cultuurpers.nl\/fr\/genre\/literatuur-2\/"},"img":{"alt_text":"","src":"https:\/\/i0.wp.com\/staging.cultuurpers.nl\/wp-content\/uploads\/2022\/06\/4bda61cd-dd9b-3c65-952c-5b384cf2d53d.jpeg?resize=350%2C200&ssl=1","width":350,"height":200,"srcset":"https:\/\/i0.wp.com\/staging.cultuurpers.nl\/wp-content\/uploads\/2022\/06\/4bda61cd-dd9b-3c65-952c-5b384cf2d53d.jpeg?resize=350%2C200&ssl=1 1x, https:\/\/i0.wp.com\/staging.cultuurpers.nl\/wp-content\/uploads\/2022\/06\/4bda61cd-dd9b-3c65-952c-5b384cf2d53d.jpeg?resize=525%2C300&ssl=1 1.5x, https:\/\/i0.wp.com\/staging.cultuurpers.nl\/wp-content\/uploads\/2022\/06\/4bda61cd-dd9b-3c65-952c-5b384cf2d53d.jpeg?resize=700%2C400&ssl=1 2x, https:\/\/i0.wp.com\/staging.cultuurpers.nl\/wp-content\/uploads\/2022\/06\/4bda61cd-dd9b-3c65-952c-5b384cf2d53d.jpeg?resize=1050%2C600&ssl=1 3x, https:\/\/i0.wp.com\/staging.cultuurpers.nl\/wp-content\/uploads\/2022\/06\/4bda61cd-dd9b-3c65-952c-5b384cf2d53d.jpeg?resize=1400%2C800&ssl=1 4x"},"classes":[]}],"jetpack_shortlink":"https:\/\/wp.me\/p3yKke-p9P","jetpack_sharing_enabled":true,"_links":{"self":[{"href":"https:\/\/staging.cultuurpers.nl\/fr\/wp-json\/wp\/v2\/posts\/96709","targetHints":{"allow":["GET"]}}],"collection":[{"href":"https:\/\/staging.cultuurpers.nl\/fr\/wp-json\/wp\/v2\/posts"}],"about":[{"href":"https:\/\/staging.cultuurpers.nl\/fr\/wp-json\/wp\/v2\/types\/post"}],"author":[{"embeddable":true,"href":"https:\/\/staging.cultuurpers.nl\/fr\/wp-json\/wp\/v2\/users\/13"}],"replies":[{"embeddable":true,"href":"https:\/\/staging.cultuurpers.nl\/fr\/wp-json\/wp\/v2\/comments?post=96709"}],"version-history":[{"count":1,"href":"https:\/\/staging.cultuurpers.nl\/fr\/wp-json\/wp\/v2\/posts\/96709\/revisions"}],"predecessor-version":[{"id":96711,"href":"https:\/\/staging.cultuurpers.nl\/fr\/wp-json\/wp\/v2\/posts\/96709\/revisions\/96711"}],"wp:featuredmedia":[{"embeddable":true,"href":"https:\/\/staging.cultuurpers.nl\/fr\/wp-json\/wp\/v2\/media\/96710"}],"wp:attachment":[{"href":"https:\/\/staging.cultuurpers.nl\/fr\/wp-json\/wp\/v2\/media?parent=96709"}],"wp:term":[{"taxonomy":"category","embeddable":true,"href":"https:\/\/staging.cultuurpers.nl\/fr\/wp-json\/wp\/v2\/categories?post=96709"},{"taxonomy":"post_tag","embeddable":true,"href":"https:\/\/staging.cultuurpers.nl\/fr\/wp-json\/wp\/v2\/tags?post=96709"}],"curies":[{"name":"wp","href":"https:\/\/api.w.org\/{rel}","templated":true}]}}