{"id":96705,"date":"2025-03-06T11:25:49","date_gmt":"2025-03-06T10:25:49","guid":{"rendered":"https:\/\/cultureelpersbureau.nl\/?p=96705"},"modified":"2025-03-06T11:25:53","modified_gmt":"2025-03-06T10:25:53","slug":"raad-voor-cultuur-stelt-monitorcommissies-in-voor-bis-2025-2028","status":"publish","type":"post","link":"https:\/\/staging.cultuurpers.nl\/fr\/2025\/03\/raad-voor-cultuur-stelt-monitorcommissies-in-voor-bis-2025-2028\/","title":{"rendered":"Le Conseil Culture met en place des comit\u00e9s de suivi pour le BIS 2025-2028"},"content":{"rendered":"<p>Dans les ann\u00e9es \u00e0 venir, le Conseil de la culture surveillera la mani\u00e8re dont les institutions culturelles subventionn\u00e9es dans le cadre de l'infrastructure culturelle de base (ICB) mettent en \u0153uvre leurs plans. Pour ce faire, nous disposons de 17 comit\u00e9s de suivi, compos\u00e9s de plus d'une centaine d'experts du secteur culturel. Les informations recueillies aident le Conseil \u00e0 surveiller les institutions, \u00e0 interpr\u00e9ter les tendances et les d\u00e9veloppements et \u00e0 contribuer au bon fonctionnement du syst\u00e8me.  Le...&nbsp;<\/p>\n\n\n\n<p>La composition des comit\u00e9s a \u00e9t\u00e9 choisie avec soin. Le Conseil a cherch\u00e9 \u00e0 obtenir un large \u00e9ventail d'expertises, de mani\u00e8re \u00e0 ce que soient repr\u00e9sent\u00e9es \u00e0 la fois les connaissances des disciplines \u00e9tablies et les pratiques innovantes et interdisciplinaires. Il a \u00e9galement veill\u00e9 \u00e0 une r\u00e9partition \u00e9quilibr\u00e9e en termes de r\u00e9gion, d'\u00e2ge, de sexe et d'origine culturelle. L'ind\u00e9pendance et la pr\u00e9vention des conflits d'int\u00e9r\u00eats (ou de l'apparence de conflits d'int\u00e9r\u00eats) ont \u00e9t\u00e9 soigneusement pr\u00e9serv\u00e9es.&nbsp;<\/p>\n\n\n\n<h2 class=\"wp-block-heading\"><strong>Comment fonctionne le contr\u00f4le ?<\/strong><\/h2>\n\n\n\n<p>Les comit\u00e9s de suivi commenceront par des r\u00e9unions introductives en mars et avril, au cours desquelles ils d\u00e9termineront conjointement les points focaux de suivi. De 2025 \u00e0 2027, les membres des comit\u00e9s visiteront de mani\u00e8re ind\u00e9pendante les activit\u00e9s des institutions de la BRI, analyseront les documents politiques et les rapports annuels et s'entretiendront avec les institutions. \u00c0 l'automne 2026, les comit\u00e9s organisent des entretiens avec les institutions pour discuter des observations et tirer des le\u00e7ons pour l'avenir.<\/p>\n\n\n\n<p>Le Conseil de la culture a pour mission l\u00e9gale de contr\u00f4ler les institutions BIS, comme le stipule la loi sur la politique culturelle sp\u00e9cifique. Les conclusions des comit\u00e9s de suivi contribuent au travail consultatif du Conseil en mati\u00e8re de politique et de subventions.&nbsp;<\/p>\n\n\n\n<p>Vous vous demandez qui fait partie des comit\u00e9s ? Consultez la composition ici :&nbsp;<a href=\"https:\/\/www.raadvoorcultuur.nl\/over-ons\/monitoringscommissies\">https:\/\/www.raadvoorcultuur.nl\/over-ons\/monitoringscommissies<\/a><\/p>","protected":false},"excerpt":{"rendered":"<p>Dans les ann\u00e9es \u00e0 venir, le Conseil de la culture surveillera la mani\u00e8re dont les institutions culturelles subventionn\u00e9es dans le cadre de l'infrastructure culturelle de base (ICB) mettent en \u0153uvre leurs plans. Pour ce faire, nous disposons de 17 comit\u00e9s de suivi, compos\u00e9s de plus d'une centaine d'experts du secteur culturel. Les informations recueillies permettent au Conseil de suivre les institutions, d'interpr\u00e9ter les tendances et les d\u00e9veloppements et de contribuer...&nbsp;<a href=\"https:\/\/staging.cultuurpers.nl\/fr\/2025\/03\/raad-voor-cultuur-stelt-monitorcommissies-in-voor-bis-2025-2028\/\" rel=\"bookmark\">Lire la suite \"<span class=\"screen-reader-text\">Le Conseil Culture met en place des comit\u00e9s de suivi pour le BIS 2025-2028<\/span><\/a><\/p>","protected":false},"author":13,"featured_media":25581,"comment_status":"open","ping_status":"closed","sticky":false,"template":"","format":"standard","meta":{"_eb_attr":"","_monsterinsights_skip_tracking":false,"_monsterinsights_sitenote_active":false,"_monsterinsights_sitenote_note":"","_monsterinsights_sitenote_category":0,"neve_meta_sidebar":"","neve_meta_container":"","neve_meta_enable_content_width":"","neve_meta_content_width":0,"neve_meta_title_alignment":"","neve_meta_author_avatar":"","neve_post_elements_order":"","neve_meta_disable_header":"","neve_meta_disable_footer":"","neve_meta_disable_title":"","neve_meta_reading_time":"","_themeisle_gutenberg_block_has_review":false,"_jetpack_memberships_contains_paid_content":false,"activitypub_content_warning":null,"activitypub_content_visibility":"","activitypub_max_image_attachments":3,"activitypub_interaction_policy_quote":"anyone","activitypub_status":"federated","footnotes":"","jetpack_publicize_message":"","jetpack_publicize_feature_enabled":true,"jetpack_social_post_already_shared":false,"jetpack_social_options":{"image_generator_settings":{"template":"highway","enabled":false},"version":2}},"categories":[1,15614,11917],"tags":[1148],"class_list":["post-96705","post","type-post","status-publish","format-standard","has-post-thumbnail","hentry","category-nieuws","category-beleid","category-persberichten","tag-raad-voor-cultuur"],"aioseo_notices":[],"jetpack_publicize_connections":[],"jetpack_featured_media_url":"https:\/\/staging.cultuurpers.nl\/wp-content\/uploads\/2015\/10\/raad-voor-cultuur.jpg","jetpack-related-posts":[{"id":94655,"url":"https:\/\/staging.cultuurpers.nl\/fr\/2024\/07\/uitkomst-beoordeling-raad-ruimte-voor-nieuwkomers-en-regio\/","url_meta":{"origin":96705,"position":0},"title":"Conseil d'\u00e9valuation des r\u00e9sultats : place aux nouveaux venus et \u00e0 la r\u00e9gion","author":"een van onze leden","date":"3 juillet 2024","format":false,"excerpt":"Culturele basisinfrastructuur (BIS) 2025-2028 Twaalf nieuwkomers en 54 culturele instellingen in de regio's buiten de Randstad krijgen een plek in de Culturele basisinfrastructuur. Dat is de uitkomst van de beoordeling van de subsidieaanvragen door de Raad voor Cultuur. De raad brengt vandaag zijn advies over de BIS-aanvragen uit aan de\u2026","rel":"","context":"Dans &quot;beleid&quot;","block_context":{"text":"beleid","link":"https:\/\/staging.cultuurpers.nl\/fr\/genre\/beleid\/"},"img":{"alt_text":"logo raad voor cultuur","src":"https:\/\/i0.wp.com\/staging.cultuurpers.nl\/wp-content\/uploads\/2015\/10\/raad-voor-cultuur.jpg?resize=350%2C200&ssl=1","width":350,"height":200,"srcset":"https:\/\/i0.wp.com\/staging.cultuurpers.nl\/wp-content\/uploads\/2015\/10\/raad-voor-cultuur.jpg?resize=350%2C200&ssl=1 1x, https:\/\/i0.wp.com\/staging.cultuurpers.nl\/wp-content\/uploads\/2015\/10\/raad-voor-cultuur.jpg?resize=525%2C300&ssl=1 1.5x, https:\/\/i0.wp.com\/staging.cultuurpers.nl\/wp-content\/uploads\/2015\/10\/raad-voor-cultuur.jpg?resize=700%2C400&ssl=1 2x"},"classes":[]},{"id":89018,"url":"https:\/\/staging.cultuurpers.nl\/fr\/2022\/12\/advies-gevraagd-over-aanvraag-en-beoordelingsproces-bis-25-28\/","url_meta":{"origin":96705,"position":1},"title":"Demande de conseils sur le processus de demande et d'\u00e9valuation BIS 25-28","author":"een van onze leden","date":"16 d\u00e9cembre 2022","format":false,"excerpt":"De Raad voor Cultuur brengt naar verwachting in maart 2023 een advies uit aan staatssecretaris Uslu (OCW) over het aanvraag- en beoordelingsproces voor de Culturele basisinfrastructuur in de periode 2025-2028 (BIS 25-28). De staatssecretaris heeft hier om gevraagd. Om tot het advies te komen heeft de raad onder meer een\u2026","rel":"","context":"Dans &quot;ACTUEEL&quot;","block_context":{"text":"ACTUEEL","link":"https:\/\/staging.cultuurpers.nl\/fr\/genre\/nieuws\/"},"img":{"alt_text":"","src":"","width":0,"height":0},"classes":[]},{"id":90334,"url":"https:\/\/staging.cultuurpers.nl\/fr\/2023\/04\/raad-voor-cultuur-brengt-advies-uit-over-aanvraagproces-cultuursubsidies\/","url_meta":{"origin":96705,"position":2},"title":"Le Conseil de la Culture \u00e9met un avis sur le processus de demande de financement culturel","author":"een van onze leden","date":"3 avril 2023","format":false,"excerpt":"Le processus de demande de subventions culturelles aupr\u00e8s de l'\u00c9tat pourrait \u00eatre plus simple et plus clair. Le secteur b\u00e9n\u00e9ficierait \u00e9galement d'une \u00e9valuation moins passive des codes de conduite applicables en mati\u00e8re de pratiques \u00e9quitables, de bonne gouvernance, de diversit\u00e9 et d'inclusion. Cela exige quelque chose de la part des institutions, mais cela permet aussi d'avoir un secteur plus r\u00e9sistant et \u00e0 l'\u00e9preuve du temps. C'est ce qu'affirme un conseiller...","rel":"","context":"Dans &quot;ACTUEEL&quot;","block_context":{"text":"ACTUEEL","link":"https:\/\/staging.cultuurpers.nl\/fr\/genre\/nieuws\/"},"img":{"alt_text":"logo raad voor cultuur","src":"https:\/\/i0.wp.com\/staging.cultuurpers.nl\/wp-content\/uploads\/2015\/10\/raad-voor-cultuur.jpg?resize=350%2C200&ssl=1","width":350,"height":200,"srcset":"https:\/\/i0.wp.com\/staging.cultuurpers.nl\/wp-content\/uploads\/2015\/10\/raad-voor-cultuur.jpg?resize=350%2C200&ssl=1 1x, https:\/\/i0.wp.com\/staging.cultuurpers.nl\/wp-content\/uploads\/2015\/10\/raad-voor-cultuur.jpg?resize=525%2C300&ssl=1 1.5x, https:\/\/i0.wp.com\/staging.cultuurpers.nl\/wp-content\/uploads\/2015\/10\/raad-voor-cultuur.jpg?resize=700%2C400&ssl=1 2x"},"classes":[]},{"id":95257,"url":"https:\/\/staging.cultuurpers.nl\/fr\/2024\/09\/minister-bruins-ocw-neemt-de-adviezen-van-de-raad-voor-cultuur-over-voor-de-toekenning-van-rijkssubsidies-aan-115-instellingen-in-de-culturele-basisinfrastructuur-2025-2028\/","url_meta":{"origin":96705,"position":3},"title":"Le ministre Bruins (OCW) adopte les recommandations du Conseil de la culture pour l'attribution de subventions publiques \u00e0 115 institutions de l'infrastructure culturelle de base 2025-2028.","author":"een van onze leden","date":"17 septembre 2024","format":false,"excerpt":"Besluiten Culturele basisinfrastructuur 2025-202817 september 2024 | 15:39 Bruins neemt het advies van de Raad voor Cultuur over om 117 aanvragen, van in totaal 115 instellingen, voor de culturele basisinfrastructuur (bis) te honoreren. Bij 13 instellingen heeft de raad voorwaardelijk positief geadviseerd. Die instellingen dienen voor 1 november 2024 te\u2026","rel":"","context":"Dans &quot;ACTUEEL&quot;","block_context":{"text":"ACTUEEL","link":"https:\/\/staging.cultuurpers.nl\/fr\/genre\/nieuws\/"},"img":{"alt_text":"","src":"https:\/\/i0.wp.com\/staging.cultuurpers.nl\/wp-content\/uploads\/2024\/09\/Schermafdruk-van-2024-09-17-15-36-09.png?resize=350%2C200&ssl=1","width":350,"height":200,"srcset":"https:\/\/i0.wp.com\/staging.cultuurpers.nl\/wp-content\/uploads\/2024\/09\/Schermafdruk-van-2024-09-17-15-36-09.png?resize=350%2C200&ssl=1 1x, https:\/\/i0.wp.com\/staging.cultuurpers.nl\/wp-content\/uploads\/2024\/09\/Schermafdruk-van-2024-09-17-15-36-09.png?resize=525%2C300&ssl=1 1.5x, https:\/\/i0.wp.com\/staging.cultuurpers.nl\/wp-content\/uploads\/2024\/09\/Schermafdruk-van-2024-09-17-15-36-09.png?resize=700%2C400&ssl=1 2x, https:\/\/i0.wp.com\/staging.cultuurpers.nl\/wp-content\/uploads\/2024\/09\/Schermafdruk-van-2024-09-17-15-36-09.png?resize=1050%2C600&ssl=1 3x, https:\/\/i0.wp.com\/staging.cultuurpers.nl\/wp-content\/uploads\/2024\/09\/Schermafdruk-van-2024-09-17-15-36-09.png?resize=1400%2C800&ssl=1 4x"},"classes":[]}],"jetpack_shortlink":"https:\/\/wp.me\/p3yKke-p9L","jetpack_sharing_enabled":true,"_links":{"self":[{"href":"https:\/\/staging.cultuurpers.nl\/fr\/wp-json\/wp\/v2\/posts\/96705","targetHints":{"allow":["GET"]}}],"collection":[{"href":"https:\/\/staging.cultuurpers.nl\/fr\/wp-json\/wp\/v2\/posts"}],"about":[{"href":"https:\/\/staging.cultuurpers.nl\/fr\/wp-json\/wp\/v2\/types\/post"}],"author":[{"embeddable":true,"href":"https:\/\/staging.cultuurpers.nl\/fr\/wp-json\/wp\/v2\/users\/13"}],"replies":[{"embeddable":true,"href":"https:\/\/staging.cultuurpers.nl\/fr\/wp-json\/wp\/v2\/comments?post=96705"}],"version-history":[{"count":1,"href":"https:\/\/staging.cultuurpers.nl\/fr\/wp-json\/wp\/v2\/posts\/96705\/revisions"}],"predecessor-version":[{"id":96706,"href":"https:\/\/staging.cultuurpers.nl\/fr\/wp-json\/wp\/v2\/posts\/96705\/revisions\/96706"}],"wp:featuredmedia":[{"embeddable":true,"href":"https:\/\/staging.cultuurpers.nl\/fr\/wp-json\/wp\/v2\/media\/25581"}],"wp:attachment":[{"href":"https:\/\/staging.cultuurpers.nl\/fr\/wp-json\/wp\/v2\/media?parent=96705"}],"wp:term":[{"taxonomy":"category","embeddable":true,"href":"https:\/\/staging.cultuurpers.nl\/fr\/wp-json\/wp\/v2\/categories?post=96705"},{"taxonomy":"post_tag","embeddable":true,"href":"https:\/\/staging.cultuurpers.nl\/fr\/wp-json\/wp\/v2\/tags?post=96705"}],"curies":[{"name":"wp","href":"https:\/\/api.w.org\/{rel}","templated":true}]}}