{"id":96481,"date":"2025-02-04T10:43:31","date_gmt":"2025-02-04T09:43:31","guid":{"rendered":"https:\/\/cultureelpersbureau.nl\/?p=96481"},"modified":"2025-02-04T10:43:35","modified_gmt":"2025-02-04T09:43:35","slug":"monumentale-nieuwe-entree-tivolivredenburg-in-utrecht-opent-8-februari","status":"publish","type":"post","link":"https:\/\/staging.cultuurpers.nl\/fr\/2025\/02\/monumentale-nieuwe-entree-tivolivredenburg-in-utrecht-opent-8-februari\/","title":{"rendered":"La nouvelle entr\u00e9e monumentale du TivoliVredenburg \u00e0 Utrecht ouvre le 8 f\u00e9vrier"},"content":{"rendered":"<p><em>Foyers r\u00e9nov\u00e9s, rues redessin\u00e9es et nouvelle entr\u00e9e ouverte au public<\/em><\/p>\n\n\n\n<p><strong>Utrecht s'enrichit d'un extraordinaire lieu de rencontre culturel. Sur la Vredenburgplein, TivoliVredenburg ouvrira ses portes au public tous les jours. Les foyers r\u00e9nov\u00e9s, les rues redessin\u00e9es et la nouvelle entr\u00e9e forment ensemble un hommage architectural \u00e0 l'architecte Herman Herzberger. Pendant la journ\u00e9e, il accueillera d\u00e9sormais presque quotidiennement des programmes musicaux gratuits, une biblioth\u00e8que musicale, des expositions et des \u00e9v\u00e9nements de petite envergure pour et par la ville.<\/strong><\/p>\n\n\n\n<p>Apr\u00e8s six mois de travaux, l'aile monumentale de l'architecte Herman Hertzberger a retrouv\u00e9 sa splendeur d'antan. AHH, le cabinet de Hertzberger, a con\u00e7u la nouvelle fa\u00e7ade et l'entr\u00e9e publique elle-m\u00eame. Le b\u00e2timent est dot\u00e9 de nouvelles fa\u00e7ades transparentes et l'entr\u00e9e sur la Vredenburgplein a \u00e9t\u00e9 rouverte.&nbsp;<\/p>\n\n\n\n<h2 class=\"wp-block-heading\"><strong>Foyers r\u00e9nov\u00e9s<\/strong><\/h2>\n\n\n\n<p>Les foyers entourant le Grand Hall ont \u00e9t\u00e9 transform\u00e9s en lieux de rencontre atmosph\u00e9riques que les Utrechters peuvent utiliser quotidiennement comme espace libre. L'architecture particuli\u00e8re de Hertzberger a \u00e9t\u00e9 remise en valeur : il y a de nouveaux bars, des si\u00e8ges et des espaces de d\u00e9tente, le plancher en bois est de retour, l'\u00e9clairage a \u00e9t\u00e9 modifi\u00e9 et la logistique des foyers a \u00e9t\u00e9 grandement am\u00e9lior\u00e9e. La conception a \u00e9t\u00e9 r\u00e9alis\u00e9e par le collectif d'architectes prim\u00e9 deMunnik-deJong-Steinhauser, connu entre autres pour l'am\u00e9nagement int\u00e9rieur du Forum Groningen.<\/p>\n\n\n\n<p>Les foyers recevront une autre \"touche finale\" spectaculaire : une \u0153uvre d'art textile \u00e9labor\u00e9e par la designer Mae Engelgeer sera ajout\u00e9e dans les mois \u00e0 venir pour accueillir chaleureusement les visiteurs.<\/p>\n\n\n\n<h2 class=\"wp-block-heading\"><strong>Approche par zone<\/strong><\/h2>\n\n\n\n<p>L'entr\u00e9e de la Vredenburgplein fait partie d'un projet d'am\u00e9lioration de la zone autour de TivoliVredenburg. La municipalit\u00e9 d'Utrecht, TivoliVredenburg, Hoog Catharijne et les habitants ont travaill\u00e9 ensemble pour rendre plus attrayante une zone tr\u00e8s fr\u00e9quent\u00e9e du centre-ville. Les Hollandse Toren et Vlaamse Toren, deux itin\u00e9raires p\u00e9destres importants vers et depuis la gare et entre Wijk C et le centre-ville, ont \u00e9t\u00e9 r\u00e9am\u00e9nag\u00e9s avec de la verdure, de la lumi\u00e8re, de l'art, du patrimoine et de l'espace pour les rencontres. De grandes jardini\u00e8res et des bancs ont \u00e9t\u00e9 install\u00e9s et, avec la remise en place d'un morceau de mur du monast\u00e8re du XIIe si\u00e8cle, l'un des plus anciens vestiges de l'Utrecht m\u00e9di\u00e9val se trouve \u00e0 nouveau \u00e0 cet endroit.<\/p>\n\n\n\n<h2 class=\"wp-block-heading\"><strong>Ouverture festive<\/strong><\/h2>\n\n\n\n<p>Le 8 f\u00e9vrier, on c\u00e9l\u00e9brera le fait que la nouvelle entr\u00e9e et le nouveau foyer sont en grande partie termin\u00e9s. Le public sera le bienvenu de 10 \u00e0 16 heures. Il y aura des spectacles sur la nouvelle sc\u00e8ne ouverte de Vredenburg, une exposition sur l'architecte Herman Hertzberger \u00e0 visiter, des visites guid\u00e9es et un parcours de sculptures. La nouvelle entr\u00e9e et le nouveau foyer seront d\u00e9sormais ouverts au public du mardi au samedi, de 10 heures \u00e0 16 heures. Les visiteurs peuvent y voir des expositions et des \u0153uvres d'art, \u00e9tudier, lire ou prendre une tasse de caf\u00e9 ou de soupe, par exemple. Depuis le march\u00e9 de la Vredenburgplein, il est d\u00e9sormais possible d'entrer directement.<\/p>\n\n\n\n<h2 class=\"wp-block-heading\"><strong>Donateurs<\/strong><\/h2>\n\n\n\n<p>Ce projet de r\u00e9novation a \u00e9t\u00e9 rendu possible gr\u00e2ce aux contributions d'entreprises, de donateurs, de fonds et de la municipalit\u00e9 d'Utrecht. Nous remercions tout particuli\u00e8rement les visiteurs qui ont fait un don lors de l'achat de leur billet et toutes les personnes qui ont contribu\u00e9 au crowdfunding. Gr\u00e2ce \u00e0 eux, TivoliVredenburg et Utrecht sont devenus encore plus beaux.<\/p>","protected":false},"excerpt":{"rendered":"<p>Des foyers r\u00e9nov\u00e9s, des rues redessin\u00e9es et une nouvelle entr\u00e9e ouverte au public Utrecht se dote d'un extraordinaire lieu de rencontre culturel. Sur la Vredenburgplein, TivoliVredenburg ouvrira ses portes au public tous les jours. Les foyers r\u00e9nov\u00e9s, les rues redessin\u00e9es et la nouvelle entr\u00e9e forment ensemble un hommage architectural \u00e0 l'architecte Herman Herzberger. Pendant la journ\u00e9e, \u00e0 partir de maintenant&nbsp;<a href=\"https:\/\/staging.cultuurpers.nl\/fr\/2025\/02\/monumentale-nieuwe-entree-tivolivredenburg-in-utrecht-opent-8-februari\/\" rel=\"bookmark\">Lire la suite \"<span class=\"screen-reader-text\">La nouvelle entr\u00e9e monumentale du TivoliVredenburg \u00e0 Utrecht ouvre le 8 f\u00e9vrier<\/span><\/a><\/p>","protected":false},"author":13,"featured_media":96482,"comment_status":"open","ping_status":"closed","sticky":false,"template":"","format":"standard","meta":{"_eb_attr":"","_monsterinsights_skip_tracking":false,"_monsterinsights_sitenote_active":false,"_monsterinsights_sitenote_note":"","_monsterinsights_sitenote_category":0,"neve_meta_sidebar":"","neve_meta_container":"","neve_meta_enable_content_width":"","neve_meta_content_width":0,"neve_meta_title_alignment":"","neve_meta_author_avatar":"","neve_post_elements_order":"","neve_meta_disable_header":"","neve_meta_disable_footer":"","neve_meta_disable_title":"","neve_meta_reading_time":"","_themeisle_gutenberg_block_has_review":false,"_jetpack_memberships_contains_paid_content":false,"activitypub_content_warning":null,"activitypub_content_visibility":null,"activitypub_max_image_attachments":3,"activitypub_interaction_policy_quote":"anyone","activitypub_status":"federated","footnotes":"","jetpack_publicize_message":"","jetpack_publicize_feature_enabled":true,"jetpack_social_post_already_shared":false,"jetpack_social_options":{"image_generator_settings":{"template":"highway","enabled":false},"version":2}},"categories":[1,11917,8843],"tags":[4465,657],"class_list":["post-96481","post","type-post","status-publish","format-standard","has-post-thumbnail","hentry","category-nieuws","category-persberichten","category-podiumkunst","tag-tivolivredenburg","tag-utrecht"],"aioseo_notices":[],"jetpack_publicize_connections":[],"jetpack_featured_media_url":"https:\/\/staging.cultuurpers.nl\/wp-content\/uploads\/2025\/02\/Foyer-TivoliVredenburg-333-Verbeterd-NR-min.jpg","jetpack-related-posts":[{"id":97181,"url":"https:\/\/staging.cultuurpers.nl\/fr\/2025\/05\/nieuwe-gratis-te-bezoeken-concertenreeks-in-tivolivredenburg\/","url_meta":{"origin":96481,"position":0},"title":"Nouvelle s\u00e9rie de concerts gratuits \u00e0 TivoliVredenburg","author":"een van onze leden","date":"1 mai 2025","format":false,"excerpt":"Concerts sur la sc\u00e8ne ouverte de Vredenburg &amp; Mercredi de l'orgue - de mai \u00e0 juin 2025 Suite au succ\u00e8s des concerts gratuits du midi et des concerts de la sc\u00e8ne ouverte de Rabo, TivoliVredenburg propose deux nouvelles s\u00e9ries : des concerts d'orgue le mercredi matin dans le grand hall et des concerts intimes le mardi matin sur la sc\u00e8ne ouverte de Vredenburg. Les concerts gratuits du midi sont bien connus \u00e0 Utrecht....","rel":"","context":"Dans &quot;MUZIEK&quot;","block_context":{"text":"MUZIEK","link":"https:\/\/staging.cultuurpers.nl\/fr\/genre\/podiumkunst\/muziek-podiumkunst-2\/"},"img":{"alt_text":"","src":"https:\/\/i0.wp.com\/staging.cultuurpers.nl\/wp-content\/uploads\/2025\/05\/Vredenburg-Open-Stage-c-Ben-Houdijk-scaled.jpg?resize=350%2C200&ssl=1","width":350,"height":200,"srcset":"https:\/\/i0.wp.com\/staging.cultuurpers.nl\/wp-content\/uploads\/2025\/05\/Vredenburg-Open-Stage-c-Ben-Houdijk-scaled.jpg?resize=350%2C200&ssl=1 1x, https:\/\/i0.wp.com\/staging.cultuurpers.nl\/wp-content\/uploads\/2025\/05\/Vredenburg-Open-Stage-c-Ben-Houdijk-scaled.jpg?resize=525%2C300&ssl=1 1.5x, https:\/\/i0.wp.com\/staging.cultuurpers.nl\/wp-content\/uploads\/2025\/05\/Vredenburg-Open-Stage-c-Ben-Houdijk-scaled.jpg?resize=700%2C400&ssl=1 2x, https:\/\/i0.wp.com\/staging.cultuurpers.nl\/wp-content\/uploads\/2025\/05\/Vredenburg-Open-Stage-c-Ben-Houdijk-scaled.jpg?resize=1050%2C600&ssl=1 3x, https:\/\/i0.wp.com\/staging.cultuurpers.nl\/wp-content\/uploads\/2025\/05\/Vredenburg-Open-Stage-c-Ben-Houdijk-scaled.jpg?resize=1400%2C800&ssl=1 4x"},"classes":[]},{"id":23322,"url":"https:\/\/staging.cultuurpers.nl\/fr\/2015\/06\/tivolivredenburg-is-zelf-festival\/","url_meta":{"origin":96481,"position":1},"title":"TivoliVredenburg est lui-m\u00eame un festival","author":"Wijbrand Schaap","date":"14 juin 2015","format":"video","excerpt":"Feestelijk verdwalen. In welk nieuwbouwpand kan dat nog? Het kan in het Utrechtse TivoliVredenburg, het gebouw dat nu een jaar officieel open is. Zaterdag 13 juni werd die verjaardag gevierd met een herhaling van het openingsfeestje. Omdat dat zo'n onverwacht succes was. Tijdens die herhaling werd opnieuw duidelijk waarom: TivoliVredenburg\u2026","rel":"","context":"Dans &quot;MUZIEK&quot;","block_context":{"text":"MUZIEK","link":"https:\/\/staging.cultuurpers.nl\/fr\/genre\/podiumkunst\/muziek-podiumkunst-2\/"},"img":{"alt_text":"","src":"","width":0,"height":0},"classes":[]},{"id":96626,"url":"https:\/\/staging.cultuurpers.nl\/fr\/2025\/02\/u-pashouders-voor-e5-naar-tivolivredenburg\/","url_meta":{"origin":96481,"position":2},"title":"Les d\u00e9tenteurs d'un laissez-passer U-pas peuvent se rendre \u00e0 TivoliVredenburg pour 5 \u20ac.","author":"een van onze leden","date":"20 f\u00e9vrier 2025","format":false,"excerpt":"Bezitters van een U-pas kunnen de komende maanden voor 5 euro naar bijna alle concerten, festivals en andere programma\u2019s in TivoliVredenburg. Het Utrechtse muziekgebouw wil hiermee drempels voor cultuurbezoek verder verlagen en livemuziek toegankelijk maken voor iedereen in de stad \u2013 ook Utrechters met een kleine portemonnee.\u00a0 De missie van\u2026","rel":"","context":"Dans &quot;beleid&quot;","block_context":{"text":"beleid","link":"https:\/\/staging.cultuurpers.nl\/fr\/genre\/beleid\/"},"img":{"alt_text":"","src":"https:\/\/i0.wp.com\/staging.cultuurpers.nl\/wp-content\/uploads\/2025\/02\/1114EefjeDeVisser008__byWardMevis-2-min-scaled.jpg?resize=350%2C200&ssl=1","width":350,"height":200,"srcset":"https:\/\/i0.wp.com\/staging.cultuurpers.nl\/wp-content\/uploads\/2025\/02\/1114EefjeDeVisser008__byWardMevis-2-min-scaled.jpg?resize=350%2C200&ssl=1 1x, https:\/\/i0.wp.com\/staging.cultuurpers.nl\/wp-content\/uploads\/2025\/02\/1114EefjeDeVisser008__byWardMevis-2-min-scaled.jpg?resize=525%2C300&ssl=1 1.5x, https:\/\/i0.wp.com\/staging.cultuurpers.nl\/wp-content\/uploads\/2025\/02\/1114EefjeDeVisser008__byWardMevis-2-min-scaled.jpg?resize=700%2C400&ssl=1 2x, https:\/\/i0.wp.com\/staging.cultuurpers.nl\/wp-content\/uploads\/2025\/02\/1114EefjeDeVisser008__byWardMevis-2-min-scaled.jpg?resize=1050%2C600&ssl=1 3x, https:\/\/i0.wp.com\/staging.cultuurpers.nl\/wp-content\/uploads\/2025\/02\/1114EefjeDeVisser008__byWardMevis-2-min-scaled.jpg?resize=1400%2C800&ssl=1 4x"},"classes":[]},{"id":59335,"url":"https:\/\/staging.cultuurpers.nl\/fr\/2019\/01\/zonder-tivolivredenburg-was-het-niets-geworden-met-de-verbetering-van-het-utrechtse-stationsgebied\/","url_meta":{"origin":96481,"position":3},"title":"Sans TivoliVredenburg, l'am\u00e9lioration du quartier de la gare d'Utrecht n'aurait abouti \u00e0 rien.","author":"Wijbrand Schaap","date":"24 janvier 2019","format":false,"excerpt":"Er is een artiestencaf\u00e9 in Utrecht dat maar weinig Utrechters kennen. En dan bedoel ik niet Theatercaf\u00e9 De Bastaard, waar inmidddels een hele generatie acteurs, filmmakers en schrijvers vandaan komt, maar de artiestenfoyer van TivoliVredenburg. Ik heb er een paar keer gegeten en rondgehangen, als embedded verslaggever van De Nacht\u2026","rel":"","context":"Dans &quot;ACTUEEL&quot;","block_context":{"text":"ACTUEEL","link":"https:\/\/staging.cultuurpers.nl\/fr\/genre\/nieuws\/"},"img":{"alt_text":"TivoliVredenburg tijdens de bouw. Foto: Wijbrand Schaap","src":"https:\/\/i0.wp.com\/staging.cultuurpers.nl\/wp-content\/uploads\/2019\/01\/IMG_5004.jpg?resize=350%2C200&ssl=1","width":350,"height":200,"srcset":"https:\/\/i0.wp.com\/staging.cultuurpers.nl\/wp-content\/uploads\/2019\/01\/IMG_5004.jpg?resize=350%2C200&ssl=1 1x, https:\/\/i0.wp.com\/staging.cultuurpers.nl\/wp-content\/uploads\/2019\/01\/IMG_5004.jpg?resize=525%2C300&ssl=1 1.5x, https:\/\/i0.wp.com\/staging.cultuurpers.nl\/wp-content\/uploads\/2019\/01\/IMG_5004.jpg?resize=700%2C400&ssl=1 2x, https:\/\/i0.wp.com\/staging.cultuurpers.nl\/wp-content\/uploads\/2019\/01\/IMG_5004.jpg?resize=1050%2C600&ssl=1 3x, https:\/\/i0.wp.com\/staging.cultuurpers.nl\/wp-content\/uploads\/2019\/01\/IMG_5004.jpg?resize=1400%2C800&ssl=1 4x"},"classes":[]},{"id":24861,"url":"https:\/\/staging.cultuurpers.nl\/fr\/2015\/09\/orgel-ontbreekt-nooit-gerenommeerde-concertzaal-haag\/","url_meta":{"origin":96481,"position":4},"title":"L'orgue a disparu ! Pas de salle de concert renomm\u00e9e pour le complexe culturel de La Haye","author":"Ruben Brugman","date":"4 septembre 2015","format":false,"excerpt":"Jeudi dernier, une nouvelle consultation a eu lieu \u00e0 La Haye au sujet du nouveau complexe culturel de Jo Coenen. Les opposants voulaient que les plans soient retir\u00e9s de la table, ce qui n'\u00e9tait plus possible \u00e0 ce stade. Mais un argument frappant \u00e9tait que ce palais culturel ne ferait jamais partie des salles de concert renomm\u00e9es parce qu'il n'a pas d'orgue. Une erreur ou un probl\u00e8me majeur ?","rel":"","context":"Dans &quot;ACTUEEL&quot;","block_context":{"text":"ACTUEEL","link":"https:\/\/staging.cultuurpers.nl\/fr\/genre\/nieuws\/"},"img":{"alt_text":"","src":"https:\/\/i0.wp.com\/staging.cultuurpers.nl\/wp-content\/uploads\/2015\/09\/jo_coenen_-_1.jpg?resize=350%2C200&ssl=1","width":350,"height":200,"srcset":"https:\/\/i0.wp.com\/staging.cultuurpers.nl\/wp-content\/uploads\/2015\/09\/jo_coenen_-_1.jpg?resize=350%2C200&ssl=1 1x, https:\/\/i0.wp.com\/staging.cultuurpers.nl\/wp-content\/uploads\/2015\/09\/jo_coenen_-_1.jpg?resize=525%2C300&ssl=1 1.5x, https:\/\/i0.wp.com\/staging.cultuurpers.nl\/wp-content\/uploads\/2015\/09\/jo_coenen_-_1.jpg?resize=700%2C400&ssl=1 2x, https:\/\/i0.wp.com\/staging.cultuurpers.nl\/wp-content\/uploads\/2015\/09\/jo_coenen_-_1.jpg?resize=1050%2C600&ssl=1 3x, https:\/\/i0.wp.com\/staging.cultuurpers.nl\/wp-content\/uploads\/2015\/09\/jo_coenen_-_1.jpg?resize=1400%2C800&ssl=1 4x"},"classes":[]},{"id":52548,"url":"https:\/\/staging.cultuurpers.nl\/fr\/2017\/09\/dichters-sterren-zinderende-nacht17-waarom-editie-35-beste-was\/","url_meta":{"origin":96481,"position":5},"title":"Les po\u00e8tes sont les vedettes de l'\u00e9tourdissante #Night17 (pourquoi l'\u00e9dition 35 \u00e9tait la meilleure)","author":"Wijbrand Schaap","date":"17 septembre 2017","format":false,"excerpt":"Laat je niet belazeren door de getallen. De verkoopcijfers en oplages van dichtbundels zeggen helemaal niets over de populariteit van po\u00ebzie in Nederland. Dat blijkt niet alleen uit onderzoek. Je kunt het ook gewoon concluderen uit het feit dat er een Nacht van de Po\u00ebzie bestaat in Nederland. Zaterdag 16\u2026","rel":"","context":"Dans &quot;Alleen voor leden&quot;","block_context":{"text":"Alleen voor leden","link":"https:\/\/staging.cultuurpers.nl\/fr\/genre\/service\/members-only\/"},"img":{"alt_text":"Loungende toeschouwers in TivoliVredenburg (Foto: auteur)","src":"https:\/\/i0.wp.com\/staging.cultuurpers.nl\/wp-content\/uploads\/2017\/09\/20170916_201142.jpg?resize=350%2C200&ssl=1","width":350,"height":200,"srcset":"https:\/\/i0.wp.com\/staging.cultuurpers.nl\/wp-content\/uploads\/2017\/09\/20170916_201142.jpg?resize=350%2C200&ssl=1 1x, https:\/\/i0.wp.com\/staging.cultuurpers.nl\/wp-content\/uploads\/2017\/09\/20170916_201142.jpg?resize=525%2C300&ssl=1 1.5x, https:\/\/i0.wp.com\/staging.cultuurpers.nl\/wp-content\/uploads\/2017\/09\/20170916_201142.jpg?resize=700%2C400&ssl=1 2x, https:\/\/i0.wp.com\/staging.cultuurpers.nl\/wp-content\/uploads\/2017\/09\/20170916_201142.jpg?resize=1050%2C600&ssl=1 3x, https:\/\/i0.wp.com\/staging.cultuurpers.nl\/wp-content\/uploads\/2017\/09\/20170916_201142.jpg?resize=1400%2C800&ssl=1 4x"},"classes":[]}],"jetpack_shortlink":"https:\/\/wp.me\/p3yKke-p69","jetpack_sharing_enabled":true,"_links":{"self":[{"href":"https:\/\/staging.cultuurpers.nl\/fr\/wp-json\/wp\/v2\/posts\/96481","targetHints":{"allow":["GET"]}}],"collection":[{"href":"https:\/\/staging.cultuurpers.nl\/fr\/wp-json\/wp\/v2\/posts"}],"about":[{"href":"https:\/\/staging.cultuurpers.nl\/fr\/wp-json\/wp\/v2\/types\/post"}],"author":[{"embeddable":true,"href":"https:\/\/staging.cultuurpers.nl\/fr\/wp-json\/wp\/v2\/users\/13"}],"replies":[{"embeddable":true,"href":"https:\/\/staging.cultuurpers.nl\/fr\/wp-json\/wp\/v2\/comments?post=96481"}],"version-history":[{"count":1,"href":"https:\/\/staging.cultuurpers.nl\/fr\/wp-json\/wp\/v2\/posts\/96481\/revisions"}],"predecessor-version":[{"id":96484,"href":"https:\/\/staging.cultuurpers.nl\/fr\/wp-json\/wp\/v2\/posts\/96481\/revisions\/96484"}],"wp:featuredmedia":[{"embeddable":true,"href":"https:\/\/staging.cultuurpers.nl\/fr\/wp-json\/wp\/v2\/media\/96482"}],"wp:attachment":[{"href":"https:\/\/staging.cultuurpers.nl\/fr\/wp-json\/wp\/v2\/media?parent=96481"}],"wp:term":[{"taxonomy":"category","embeddable":true,"href":"https:\/\/staging.cultuurpers.nl\/fr\/wp-json\/wp\/v2\/categories?post=96481"},{"taxonomy":"post_tag","embeddable":true,"href":"https:\/\/staging.cultuurpers.nl\/fr\/wp-json\/wp\/v2\/tags?post=96481"}],"curies":[{"name":"wp","href":"https:\/\/api.w.org\/{rel}","templated":true}]}}