{"id":96460,"date":"2025-02-03T13:37:44","date_gmt":"2025-02-03T12:37:44","guid":{"rendered":"https:\/\/cultureelpersbureau.nl\/?p=96460"},"modified":"2025-02-03T13:37:48","modified_gmt":"2025-02-03T12:37:48","slug":"marlou-stolk-nieuw-zakelijk-directeur-maas-theater-en-dans","status":"publish","type":"post","link":"https:\/\/staging.cultuurpers.nl\/fr\/2025\/02\/marlou-stolk-nieuw-zakelijk-directeur-maas-theater-en-dans\/","title":{"rendered":"MARLOU STOLK NOUVELLE DIRECTRICE COMMERCIALE MAAS THEATRE AND DANCE"},"content":{"rendered":"<p><strong>Marlou Stolk sera la nouvelle directrice commerciale de Maas theatre and dance. \u00c0 partir du 1er avril, elle succ\u00e9dera \u00e0 Winfred Voordendag, directeur commercial par int\u00e9rim, et formera le conseil d'administration de Maas Theatre and Dance avec le directeur artistique Ren\u00e9 Geerlings et la directrice artistique par int\u00e9rim Carole van Ditzhuyzen. Marlou travaille dans le secteur culturel depuis 30 ans, principalement \u00e0 Rotterdam, dont 14 ans \u00e0 divers postes de direction et de gestion. L'organisation et Marlou attendent son arriv\u00e9e avec beaucoup de confiance et d'enthousiasme.&nbsp;&nbsp;<\/strong><\/p>\n\n\n\n<p>Cobi van Beek, pr\u00e9sident du conseil de surveillance de Maas theatre and dance :<\/p>\n\n\n\n<p><em>La Meuse est un complexe artistique qui fonctionne bien. Il convient donc \u00e0 une directrice d'entreprise dot\u00e9e d'une grande exp\u00e9rience, qui garde la t\u00eate froide, laisse parler son c\u0153ur, ose douter et peut \u00eatre s\u00fbre. Avec la direction artistique et une repr\u00e9sentation de l'organisation, le conseil de surveillance a choisi Marlou Stolk en toute confiance. Nous nous r\u00e9jouissons de voir Marlou renforcer et poursuivre la direction et le leadership tr\u00e8s engag\u00e9s de Maas.<\/em><\/p>\n\n\n\n<p>Marlou (1975) est une gestionnaire du changement et une conseill\u00e8re strat\u00e9gique exp\u00e9riment\u00e9e qui poss\u00e8de une vaste exp\u00e9rience dans le secteur culturel. Elle a notamment \u00e9t\u00e9 responsable de l'\u00e9ducation et de l'interaction au Theater Rotterdam et au Het Nationale Theater (a.i.) et conseill\u00e8re strat\u00e9gique aupr\u00e8s de diverses institutions, dont le Kenniscentrum Cultuuronderwijs Rotterdam et le Korzo Theater. Avant cela, elle a \u00e9galement \u00e9t\u00e9 chef de programme pour l'\u00e9ducation et les jeunes talents au Ro Theatre.&nbsp;<\/p>\n\n\n\n<p>Elle occupe \u00e9galement des fonctions auxiliaires dans de nombreux endroits, comme membre du comit\u00e9 th\u00e9\u00e2tre, film et danse (national) au Fonds pour la culture, conseill\u00e8re au Fonds pour les arts de la sc\u00e8ne, pr\u00e9sidente du conseil d'administration de No Mad Is Me (Giovanni Brand) et de Meander Immersive. Marlou vit \u00e0 Rotterdam et se r\u00e9jouit de commencer \u00e0 travailler \u00e0 Maas :<\/p>\n\n\n\n<p><em>\"C'est avec beaucoup d'enthousiasme que je prends mes fonctions de directeur commercial de Maas Theatre and Dance en avril. Maas sait mieux que quiconque \u00e9tablir un lien entre les arts de la sc\u00e8ne pour la jeunesse et un large public, tout en laissant la place \u00e0 diff\u00e9rentes perspectives. J'en ai souvent fait l'exp\u00e9rience moi-m\u00eame, \u00e0 la fois dans le public et dans le cadre de collaborations. Depuis mon domicile \u00e0 Rotterdam, je me r\u00e9jouis de poursuivre le d\u00e9veloppement et le renforcement de l'organisation, en collaboration avec l'\u00e9quipe.<\/em><\/p>","protected":false},"excerpt":{"rendered":"<p>Marlou Stolk sera la nouvelle directrice commerciale de Maas theatre and dance. \u00c0 partir du 1er avril, elle succ\u00e9dera \u00e0 Winfred Voordendag, directeur commercial par int\u00e9rim, et formera le conseil d'administration de Maas theatre and dance avec le directeur artistique Ren\u00e9 Geerlings et la directrice artistique par int\u00e9rim Carole van Ditzhuyzen. Marlou a travaill\u00e9 dans le&nbsp;<a href=\"https:\/\/staging.cultuurpers.nl\/fr\/2025\/02\/marlou-stolk-nieuw-zakelijk-directeur-maas-theater-en-dans\/\" rel=\"bookmark\">Lire la suite \"<span class=\"screen-reader-text\">MARLOU STOLK NOUVELLE DIRECTRICE COMMERCIALE MAAS THEATRE AND DANCE<\/span><\/a><\/p>","protected":false},"author":13,"featured_media":96465,"comment_status":"open","ping_status":"closed","sticky":false,"template":"","format":"standard","meta":{"_eb_attr":"","_monsterinsights_skip_tracking":false,"_monsterinsights_sitenote_active":false,"_monsterinsights_sitenote_note":"","_monsterinsights_sitenote_category":0,"neve_meta_sidebar":"","neve_meta_container":"","neve_meta_enable_content_width":"","neve_meta_content_width":0,"neve_meta_title_alignment":"","neve_meta_author_avatar":"","neve_post_elements_order":"","neve_meta_disable_header":"","neve_meta_disable_footer":"","neve_meta_disable_title":"","neve_meta_reading_time":"","_themeisle_gutenberg_block_has_review":false,"_jetpack_memberships_contains_paid_content":false,"activitypub_content_warning":null,"activitypub_content_visibility":null,"activitypub_max_image_attachments":3,"activitypub_interaction_policy_quote":"anyone","activitypub_status":"federated","footnotes":"","jetpack_publicize_message":"","jetpack_publicize_feature_enabled":true,"jetpack_social_post_already_shared":false,"jetpack_social_options":{"image_generator_settings":{"template":"highway","enabled":false},"version":2}},"categories":[15614,11917],"tags":[13473],"class_list":["post-96460","post","type-post","status-publish","format-standard","has-post-thumbnail","hentry","category-beleid","category-persberichten","tag-maas-theater-en-dans"],"aioseo_notices":[],"jetpack_publicize_connections":[],"jetpack_featured_media_url":"https:\/\/staging.cultuurpers.nl\/wp-content\/uploads\/2025\/02\/maastdzl.jpg","jetpack-related-posts":[{"id":95299,"url":"https:\/\/staging.cultuurpers.nl\/fr\/2024\/09\/persbericht-20-september-2024-winfred-voordendag-interim-zakelijk-directeur-maas-theater-en-dans\/","url_meta":{"origin":96460,"position":0},"title":"Communiqu\u00e9 de presse 20 septembre 2024 : Winfred Voordendag directeur commercial par int\u00e9rim Maas th\u00e9\u00e2tre et danse.","author":"een van onze leden","date":"20 septembre 2024","format":false,"excerpt":"Winfred Voordendag neemt per 1 november 2024 het zakelijk directeurschap ad interim over van vertrekkend directeur Bernadette Stokvis. Winfred werkt al 25 jaar als zakelijk leider of directeur in de kunstensector en kijkt er naar uit om aan de slag te gaan bij Maas. Cobi van Beek, voorzitter van de\u2026","rel":"","context":"Dans &quot;beleid&quot;","block_context":{"text":"beleid","link":"https:\/\/staging.cultuurpers.nl\/fr\/genre\/beleid\/"},"img":{"alt_text":"","src":"https:\/\/i0.wp.com\/staging.cultuurpers.nl\/wp-content\/uploads\/2024\/09\/%C2%A9piethermans.nl-06-DSC_0287-scaled.jpg?resize=350%2C200&ssl=1","width":350,"height":200,"srcset":"https:\/\/i0.wp.com\/staging.cultuurpers.nl\/wp-content\/uploads\/2024\/09\/%C2%A9piethermans.nl-06-DSC_0287-scaled.jpg?resize=350%2C200&ssl=1 1x, https:\/\/i0.wp.com\/staging.cultuurpers.nl\/wp-content\/uploads\/2024\/09\/%C2%A9piethermans.nl-06-DSC_0287-scaled.jpg?resize=525%2C300&ssl=1 1.5x, https:\/\/i0.wp.com\/staging.cultuurpers.nl\/wp-content\/uploads\/2024\/09\/%C2%A9piethermans.nl-06-DSC_0287-scaled.jpg?resize=700%2C400&ssl=1 2x, https:\/\/i0.wp.com\/staging.cultuurpers.nl\/wp-content\/uploads\/2024\/09\/%C2%A9piethermans.nl-06-DSC_0287-scaled.jpg?resize=1050%2C600&ssl=1 3x"},"classes":[]},{"id":94124,"url":"https:\/\/staging.cultuurpers.nl\/fr\/2024\/04\/bernadette-stokvis-vertrekt-einde-zomer-als-zakelijk-directeur-van-maas-theater-en-dans\/","url_meta":{"origin":96460,"position":1},"title":"BERNADETTE STOKVIS QUITTE \u00c0 LA FIN DE L'\u00c9T\u00c9 SON POSTE DE DIRECTRICE COMMERCIALE DE MAAS THEATRE AND DANCE","author":"een van onze leden","date":"24 avril 2024","format":false,"excerpt":"Bernadette Stokvis vertrekt na 11 jaar dienstverband als zakelijk directeur van Maas theater en dans. Haar opvolger wordt binnenkort geworven. Sinds 2013 is Stokvis zakelijk directeur bij Maas. Daarvoor was zij initiator, artistiek co\u00f6rdinator en later zakelijk directeur van Korzo Den Haag. Mede dankzij haar leiding is Maas een BIS-gezelschap\u2026","rel":"","context":"Dans &quot;beleid&quot;","block_context":{"text":"beleid","link":"https:\/\/staging.cultuurpers.nl\/fr\/genre\/beleid\/"},"img":{"alt_text":"Bernadette Stokvis door Fred Ernst","src":"https:\/\/i0.wp.com\/staging.cultuurpers.nl\/wp-content\/uploads\/2024\/04\/image001.jpg?resize=350%2C200&ssl=1","width":350,"height":200,"srcset":"https:\/\/i0.wp.com\/staging.cultuurpers.nl\/wp-content\/uploads\/2024\/04\/image001.jpg?resize=350%2C200&ssl=1 1x, https:\/\/i0.wp.com\/staging.cultuurpers.nl\/wp-content\/uploads\/2024\/04\/image001.jpg?resize=525%2C300&ssl=1 1.5x, https:\/\/i0.wp.com\/staging.cultuurpers.nl\/wp-content\/uploads\/2024\/04\/image001.jpg?resize=700%2C400&ssl=1 2x, https:\/\/i0.wp.com\/staging.cultuurpers.nl\/wp-content\/uploads\/2024\/04\/image001.jpg?resize=1050%2C600&ssl=1 3x, https:\/\/i0.wp.com\/staging.cultuurpers.nl\/wp-content\/uploads\/2024\/04\/image001.jpg?resize=1400%2C800&ssl=1 4x"},"classes":[]},{"id":94672,"url":"https:\/\/staging.cultuurpers.nl\/fr\/2024\/07\/met-extra-geld-gaat-maas-voor-meer-impact-op-jong-publiek\/","url_meta":{"origin":96460,"position":2},"title":"AVEC DE L'ARGENT SUPPL\u00c9MENTAIRE, MAAS CHERCHE \u00c0 AVOIR PLUS D'IMPACT SUR LE JEUNE PUBLIC","author":"een van onze leden","date":"3 juillet 2024","format":false,"excerpt":"Maas ontvangt positieve adviezen voor het kunstenplan 2025-2028. Op woensdag 3 juli ontving Maas theater en dans het verlossende woord vanuit het Rijk: de komende vier jaar blijft Maas onderdeel van de Nederlandse Basisinfrastructuur (BIS). Voor dit kunstenplan is meer geld aangevraagd en toegekend dan het vorige kunstenplan. De week\u2026","rel":"","context":"Dans &quot;ACTUEEL&quot;","block_context":{"text":"ACTUEEL","link":"https:\/\/staging.cultuurpers.nl\/fr\/genre\/nieuws\/"},"img":{"alt_text":"","src":"","width":0,"height":0},"classes":[]},{"id":72305,"url":"https:\/\/staging.cultuurpers.nl\/fr\/2021\/12\/twee-livestreams-en-persconferentie-voor-peuters-door-maas-theater-en-dans\/","url_meta":{"origin":96460,"position":3},"title":"DEUX LIVESTREAMS ET UNE CONF\u00c9RENCE DE PRESSE POUR LES TOUT-PETITS PAR MAAS THEATRE AND DANCE","author":"een van onze leden","date":"28 d\u00e9cembre 2021","format":false,"excerpt":"Het weekend van vrijdag 7, zaterdag 8 en zondag 9 januari 2022 wordt een bijzonder theaterweekend ondanks de lockdown, want dan gaat Maas theater en dans twee bestaande voorstellingen \u00e9n een unieke Peuterpersconferentie live uitzenden. De Grote Red Je Reet Show (6+) en Lampje (8-108 jr) zouden in de kerstvakantie\u2026","rel":"","context":"Dans &quot;Alleen voor leden&quot;","block_context":{"text":"Alleen voor leden","link":"https:\/\/staging.cultuurpers.nl\/fr\/genre\/service\/members-only\/"},"img":{"alt_text":"","src":"https:\/\/i0.wp.com\/staging.cultuurpers.nl\/wp-content\/uploads\/2021\/12\/Peuterpersconferentie_Maas-theater-en-dans-scaled.jpg?resize=350%2C200&ssl=1","width":350,"height":200,"srcset":"https:\/\/i0.wp.com\/staging.cultuurpers.nl\/wp-content\/uploads\/2021\/12\/Peuterpersconferentie_Maas-theater-en-dans-scaled.jpg?resize=350%2C200&ssl=1 1x, https:\/\/i0.wp.com\/staging.cultuurpers.nl\/wp-content\/uploads\/2021\/12\/Peuterpersconferentie_Maas-theater-en-dans-scaled.jpg?resize=525%2C300&ssl=1 1.5x, https:\/\/i0.wp.com\/staging.cultuurpers.nl\/wp-content\/uploads\/2021\/12\/Peuterpersconferentie_Maas-theater-en-dans-scaled.jpg?resize=700%2C400&ssl=1 2x, https:\/\/i0.wp.com\/staging.cultuurpers.nl\/wp-content\/uploads\/2021\/12\/Peuterpersconferentie_Maas-theater-en-dans-scaled.jpg?resize=1050%2C600&ssl=1 3x, https:\/\/i0.wp.com\/staging.cultuurpers.nl\/wp-content\/uploads\/2021\/12\/Peuterpersconferentie_Maas-theater-en-dans-scaled.jpg?resize=1400%2C800&ssl=1 4x"},"classes":[]}],"jetpack_shortlink":"https:\/\/wp.me\/p3yKke-p5O","jetpack_sharing_enabled":true,"_links":{"self":[{"href":"https:\/\/staging.cultuurpers.nl\/fr\/wp-json\/wp\/v2\/posts\/96460","targetHints":{"allow":["GET"]}}],"collection":[{"href":"https:\/\/staging.cultuurpers.nl\/fr\/wp-json\/wp\/v2\/posts"}],"about":[{"href":"https:\/\/staging.cultuurpers.nl\/fr\/wp-json\/wp\/v2\/types\/post"}],"author":[{"embeddable":true,"href":"https:\/\/staging.cultuurpers.nl\/fr\/wp-json\/wp\/v2\/users\/13"}],"replies":[{"embeddable":true,"href":"https:\/\/staging.cultuurpers.nl\/fr\/wp-json\/wp\/v2\/comments?post=96460"}],"version-history":[{"count":1,"href":"https:\/\/staging.cultuurpers.nl\/fr\/wp-json\/wp\/v2\/posts\/96460\/revisions"}],"predecessor-version":[{"id":96467,"href":"https:\/\/staging.cultuurpers.nl\/fr\/wp-json\/wp\/v2\/posts\/96460\/revisions\/96467"}],"wp:featuredmedia":[{"embeddable":true,"href":"https:\/\/staging.cultuurpers.nl\/fr\/wp-json\/wp\/v2\/media\/96465"}],"wp:attachment":[{"href":"https:\/\/staging.cultuurpers.nl\/fr\/wp-json\/wp\/v2\/media?parent=96460"}],"wp:term":[{"taxonomy":"category","embeddable":true,"href":"https:\/\/staging.cultuurpers.nl\/fr\/wp-json\/wp\/v2\/categories?post=96460"},{"taxonomy":"post_tag","embeddable":true,"href":"https:\/\/staging.cultuurpers.nl\/fr\/wp-json\/wp\/v2\/tags?post=96460"}],"curies":[{"name":"wp","href":"https:\/\/api.w.org\/{rel}","templated":true}]}}