{"id":96455,"date":"2025-02-03T11:35:12","date_gmt":"2025-02-03T10:35:12","guid":{"rendered":"https:\/\/cultureelpersbureau.nl\/?p=96455"},"modified":"2025-02-03T11:35:14","modified_gmt":"2025-02-03T10:35:14","slug":"de-toekomst-speelt-op-delft-fringe-festival","status":"publish","type":"post","link":"https:\/\/staging.cultuurpers.nl\/fr\/2025\/02\/de-toekomst-speelt-op-delft-fringe-festival\/","title":{"rendered":"L'avenir se joue au Delft Fringe Festival !"},"content":{"rendered":"<p><em>D\u00e9couvrez de nouveaux talents gr\u00e2ce \u00e0 des repr\u00e9sentations en personne dans toute la ville.<\/em><\/p>\n\n\n\n<p><strong>Delft, lundi 3 f\u00e9vrier -&nbsp;<\/strong><strong>Du 27 mai au 9 juin, Delft sera la sc\u00e8ne de nouveaux cr\u00e9ateurs talentueux pendant neuf jours. Dans 30 lieux sp\u00e9ciaux de la ville, 26 talents surprendront et \u00e9mouvront les visiteurs avec de la danse, du th\u00e9\u00e2tre, de la musique, du cabaret et tout ce qu'il y a entre les deux. Les spectacles racontent souvent des histoires tr\u00e8s personnelles. Les exp\u00e9riences personnelles sont amplifi\u00e9es sur sc\u00e8ne, mais touchent toujours un fond de v\u00e9rit\u00e9. Les visiteurs d\u00e9couvrent comment les arts du spectacle peuvent rendre des th\u00e8mes profonds \u00e9tonnamment l\u00e9gers et discutables. En riant et en pleurant, des questions telles que le climat, les relations, le deuil, l'adoption, l'aide \u00e0 la jeunesse et l'IA sont abord\u00e9es.&nbsp;<\/strong><\/p>\n\n\n\n<p><em>Le Delft Fringe Festival, dans une p\u00e9riode pleine de f\u00eates (Ascension, Vendredi saint et Pentec\u00f4te), vaut la peine de rester \u00e0 la maison ! La vente des billets commence le samedi 12 avril.<\/em><\/p>\n\n\n\n<p>Au cours des 15 derni\u00e8res ann\u00e9es, le Delft Fringe Festival est devenu l'un des festivals de th\u00e9\u00e2tre les plus importants pour les nouveaux cr\u00e9ateurs. Le r\u00f4le du festival dans la formation et le mentorat d'artistes talentueux n'est pas pass\u00e9 inaper\u00e7u. Cette ann\u00e9e, le Delft Fringe Festival est l'une des six nouvelles institutions \u00e0 recevoir le soutien de l'Union europ\u00e9enne.&nbsp;<a href=\"https:\/\/zyyvax.clicks.mlsend.com\/tl\/cl\/eyJ2Ijoie1wiYVwiOjI2NTU0OCxcImxcIjoxNDUyOTk4MTkxOTQyMjIzNjMsXCJyXCI6MTQ1Mjk5ODMyNjQxMTYwNjMzfSIsInMiOiIxNjRlYmIyMGM4MmQ2NzUwIn0\" target=\"_blank\" rel=\"noreferrer noopener\">a re\u00e7u un prix du Fonds Podiumkunsten<\/a>. Une r\u00e9ussite remarquable \u00e0 une \u00e9poque o\u00f9 les organisations culturelles doivent souvent se battre pour rester \u00e0 flot.<\/p>\n\n\n\n<h2 class=\"wp-block-heading\">Dystopia, laur\u00e9at du public, sur sc\u00e8ne<\/h2>\n\n\n\n<p>Traditionnellement, le&nbsp;<a href=\"https:\/\/zyyvax.clicks.mlsend.com\/tl\/cl\/eyJ2Ijoie1wiYVwiOjI2NTU0OCxcImxcIjoxNDUyOTk4MTkxOTczNjgwOTIsXCJyXCI6MTQ1Mjk5ODMyNjQxMTYwNjMzfSIsInMiOiJjYjQ2OTk2ZTg2NDk5MjU4In0\" target=\"_blank\" rel=\"noreferrer noopener\">laur\u00e9at du prix du public 2024<\/a>Le collectif th\u00e9\u00e2tral Dystopia est de retour sur sc\u00e8ne en 2025. Dystopia est un bel exemple du Festival Fringe de Delft en tant que lieu de croissance pour les nouveaux talents. Apr\u00e8s trois ans de spectacle dans le programme, ce collectif a remport\u00e9 le prix du public. Il s'agit d'une forme de cabaret zap et de science-fiction douce, teint\u00e9e d'humour noir. Tamara Griffioen, directrice artistique du Delft Fringe Festival : \"Dystopia convient parfaitement au Delft Fringe Festival. Ils proposent des concepts th\u00e9\u00e2traux fantastiques et savent \u00e9galement utiliser l'environnement dans leur spectacle, quel que soit l'endroit o\u00f9 ils se produisent. C'est tr\u00e8s intelligent !&nbsp;<a href=\"https:\/\/zyyvax.clicks.mlsend.com\/tl\/cl\/eyJ2Ijoie1wiYVwiOjI2NTU0OCxcImxcIjoxNDUyOTk4MTkyMDA1MTM4MjIsXCJyXCI6MTQ1Mjk5ODMyNjQxMTYwNjMzfSIsInMiOiI5Y2JmYTQ0OTYwYTU4ZmI5In0\" target=\"_blank\" rel=\"noreferrer noopener\"><\/a><\/p>\n\n\n\n<p><a href=\"https:\/\/zyyvax.clicks.mlsend.com\/tl\/cl\/eyJ2Ijoie1wiYVwiOjI2NTU0OCxcImxcIjoxNDUyOTk4MTkyMDQ3MDgxMjcsXCJyXCI6MTQ1Mjk5ODMyNjQxMTYwNjMzfSIsInMiOiIxYTI3MDRhMDc0Y2E3YjdjIn0\" target=\"_blank\" rel=\"noreferrer noopener\">Voir la liste compl\u00e8te des cr\u00e9ateurs au Delft Fringe Festival 2025.<\/a><\/p>\n\n\n\n<h2 class=\"wp-block-heading\">Emplacements sp\u00e9ciaux<\/h2>\n\n\n\n<p>Le Delft Fringe Festival se d\u00e9roule en 2025 dans 30 lieux sp\u00e9ciaux \u00e0 travers la ville. Des salles de s\u00e9jour confortables et intimes aux sites industriels bruts. Outre les lieux familiers qui participent avec enthousiasme au festival depuis des ann\u00e9es, tels que l'ancien h\u00f4tel de ville monumental sur le Markt, le moulin s\u00e9culaire de Roos et la Nieuwe Kerk, de nouveaux lieux sont au programme cette ann\u00e9e.<\/p>\n\n\n\n<p>Le Kabeldistrict aan de Schie est un nouveau \"p\u00f4le\" qui prendra vie lors du deuxi\u00e8me week-end du festival cette ann\u00e9e. Sur le site de l'ancienne usine de c\u00e2bles n\u00e9erlandaise, un lieu charg\u00e9 d'histoire et d'industrie, les visiteurs pourront assister \u00e0 des spectacles dans cinq lieux : Loft Studio, HAL015, Bouldercentrum Delfts Bleau, Buitentent et KD Lab.<\/p>\n\n\n\n<h2 class=\"wp-block-heading\">Festival Fringe de Delft<\/h2>\n\n\n\n<p>Le Delft Fringe Festival est un tremplin unique pour la carri\u00e8re de nouveaux artistes. Depuis 15 ans, le festival fait irruption dans la ville juste avant l'\u00e9t\u00e9. Profitez de deux semaines de cabaret, de danse, de musique et plus encore dans des salons, des mus\u00e9es, des monuments et des caf\u00e9s. Ancr\u00e9 dans la ville, le festival rassemble les nouveaux cr\u00e9ateurs et le public dans des lieux inattendus, en utilisant la ville de Delft comme sc\u00e8ne.<\/p>","protected":false},"excerpt":{"rendered":"<p>Delft, lundi 3 f\u00e9vrier - Du 27 mai au 9 juin, Delft sera la sc\u00e8ne de nouveaux cr\u00e9ateurs talentueux pendant neuf jours. Dans 30 lieux sp\u00e9ciaux de la ville, 26 talents surprendront et \u00e9mouvront les visiteurs avec de la danse, du th\u00e9\u00e2tre, de la musique, du cabaret et tout ce qu'il y a entre les deux. Les spectacles racontent souvent des histoires tr\u00e8s personnelles. A vous...&nbsp;<a href=\"https:\/\/staging.cultuurpers.nl\/fr\/2025\/02\/de-toekomst-speelt-op-delft-fringe-festival\/\" rel=\"bookmark\">Lire la suite \"<span class=\"screen-reader-text\">L'avenir se joue au Delft Fringe Festival !<\/span><\/a><\/p>","protected":false},"author":13,"featured_media":96456,"comment_status":"open","ping_status":"closed","sticky":false,"template":"","format":"standard","meta":{"_eb_attr":"","_monsterinsights_skip_tracking":false,"_monsterinsights_sitenote_active":false,"_monsterinsights_sitenote_note":"","_monsterinsights_sitenote_category":0,"neve_meta_sidebar":"","neve_meta_container":"","neve_meta_enable_content_width":"","neve_meta_content_width":0,"neve_meta_title_alignment":"","neve_meta_author_avatar":"","neve_post_elements_order":"","neve_meta_disable_header":"","neve_meta_disable_footer":"","neve_meta_disable_title":"","neve_meta_reading_time":"","_themeisle_gutenberg_block_has_review":false,"_jetpack_memberships_contains_paid_content":false,"activitypub_content_warning":null,"activitypub_content_visibility":null,"activitypub_max_image_attachments":3,"activitypub_interaction_policy_quote":"anyone","activitypub_status":"federated","footnotes":"","jetpack_publicize_message":"","jetpack_publicize_feature_enabled":true,"jetpack_social_post_already_shared":false,"jetpack_social_options":{"image_generator_settings":{"template":"highway","enabled":false},"version":2}},"categories":[11917,8843],"tags":[15861],"class_list":["post-96455","post","type-post","status-publish","format-standard","has-post-thumbnail","hentry","category-persberichten","category-podiumkunst","tag-delft-fringe-festival"],"aioseo_notices":[],"jetpack_publicize_connections":[],"jetpack_featured_media_url":"https:\/\/staging.cultuurpers.nl\/wp-content\/uploads\/2025\/02\/wTEbkcady4j5LonBNgdlO2DQ4nZuPohnGyTNTT9Q.jpg","jetpack-related-posts":[{"id":95424,"url":"https:\/\/staging.cultuurpers.nl\/fr\/2024\/10\/gezocht-nieuwe-makers-met-ontregelende-podiumkunsten-open-call-delft-fringe-festival-2025-t-m-30-november-2024\/","url_meta":{"origin":96455,"position":0},"title":"Wanted : nouveaux cr\u00e9ateurs avec des arts de la sc\u00e8ne perturbateurs : Appel ouvert Delft Fringe Festival 2025, jusqu'au 30 novembre 2024","author":"een van onze leden","date":"8 octobre 2024","format":false,"excerpt":"Delft, dinsdag 8 oktober, 2024\u00a0-\u00a0De 14e editie van Delft Fringe Festival opent met een open callde deuren voor nieuwe makers. In 2025 zijn er 25 speelplekken te vullen op het festival. Met spannende, hilarische, ontroerende, verrassende, ontregelende en vernieuwende voorstellingen. Het festival laat zich graag verrassen door alle ongetemde talenten,\u2026","rel":"","context":"Dans &quot;Delft Fringe Festival&quot;","block_context":{"text":"Delft Fringe Festival","link":"https:\/\/staging.cultuurpers.nl\/fr\/genre\/service\/specials\/delft-fringe-festival\/"},"img":{"alt_text":"","src":"https:\/\/i0.wp.com\/staging.cultuurpers.nl\/wp-content\/uploads\/2024\/10\/Lola-Creative-Concepts-Octatube-Jurjen-Bolsenbroek-1junii2024-86-scaled.jpg?resize=350%2C200&ssl=1","width":350,"height":200,"srcset":"https:\/\/i0.wp.com\/staging.cultuurpers.nl\/wp-content\/uploads\/2024\/10\/Lola-Creative-Concepts-Octatube-Jurjen-Bolsenbroek-1junii2024-86-scaled.jpg?resize=350%2C200&ssl=1 1x, https:\/\/i0.wp.com\/staging.cultuurpers.nl\/wp-content\/uploads\/2024\/10\/Lola-Creative-Concepts-Octatube-Jurjen-Bolsenbroek-1junii2024-86-scaled.jpg?resize=525%2C300&ssl=1 1.5x, https:\/\/i0.wp.com\/staging.cultuurpers.nl\/wp-content\/uploads\/2024\/10\/Lola-Creative-Concepts-Octatube-Jurjen-Bolsenbroek-1junii2024-86-scaled.jpg?resize=700%2C400&ssl=1 2x, https:\/\/i0.wp.com\/staging.cultuurpers.nl\/wp-content\/uploads\/2024\/10\/Lola-Creative-Concepts-Octatube-Jurjen-Bolsenbroek-1junii2024-86-scaled.jpg?resize=1050%2C600&ssl=1 3x, https:\/\/i0.wp.com\/staging.cultuurpers.nl\/wp-content\/uploads\/2024\/10\/Lola-Creative-Concepts-Octatube-Jurjen-Bolsenbroek-1junii2024-86-scaled.jpg?resize=1400%2C800&ssl=1 4x"},"classes":[]},{"id":96945,"url":"https:\/\/staging.cultuurpers.nl\/fr\/2025\/03\/beleef-de-wereld-door-de-ogen-van-nieuwe-makers-op-delft-fringe-festival\/","url_meta":{"origin":96455,"position":1},"title":"D\u00e9couvrez le monde \u00e0 travers les yeux de nouveaux cr\u00e9ateurs au Delft Fringe Festival","author":"een van onze leden","date":"31 mars 2025","format":false,"excerpt":"Geniet van de toekomst van podiumkunst met persoonlijke voorstellingen door de hele stad Delft, maandag 31 maart\u00a0-\u00a0Van 27 mei tot en met 8 juni kan je Delft Fringe Festival beleven op 30 locaties door de hele stad \u2013 van historische parels tot het rauwe Kabeldistrict. Delft staat negen dagen lang\u2026","rel":"","context":"Dans &quot;Delft Fringe Festival&quot;","block_context":{"text":"Delft Fringe Festival","link":"https:\/\/staging.cultuurpers.nl\/fr\/genre\/service\/specials\/delft-fringe-festival\/"},"img":{"alt_text":"","src":"https:\/\/i0.wp.com\/staging.cultuurpers.nl\/wp-content\/uploads\/2025\/03\/Steunbeeld-Delft-Fringe-Festival-Horizontaal-Fotograaf_-Sjoerd-Derine-scaled.jpg?resize=350%2C200&ssl=1","width":350,"height":200,"srcset":"https:\/\/i0.wp.com\/staging.cultuurpers.nl\/wp-content\/uploads\/2025\/03\/Steunbeeld-Delft-Fringe-Festival-Horizontaal-Fotograaf_-Sjoerd-Derine-scaled.jpg?resize=350%2C200&ssl=1 1x, https:\/\/i0.wp.com\/staging.cultuurpers.nl\/wp-content\/uploads\/2025\/03\/Steunbeeld-Delft-Fringe-Festival-Horizontaal-Fotograaf_-Sjoerd-Derine-scaled.jpg?resize=525%2C300&ssl=1 1.5x, https:\/\/i0.wp.com\/staging.cultuurpers.nl\/wp-content\/uploads\/2025\/03\/Steunbeeld-Delft-Fringe-Festival-Horizontaal-Fotograaf_-Sjoerd-Derine-scaled.jpg?resize=700%2C400&ssl=1 2x, https:\/\/i0.wp.com\/staging.cultuurpers.nl\/wp-content\/uploads\/2025\/03\/Steunbeeld-Delft-Fringe-Festival-Horizontaal-Fotograaf_-Sjoerd-Derine-scaled.jpg?resize=1050%2C600&ssl=1 3x, https:\/\/i0.wp.com\/staging.cultuurpers.nl\/wp-content\/uploads\/2025\/03\/Steunbeeld-Delft-Fringe-Festival-Horizontaal-Fotograaf_-Sjoerd-Derine-scaled.jpg?resize=1400%2C800&ssl=1 4x"},"classes":[]},{"id":97514,"url":"https:\/\/staging.cultuurpers.nl\/fr\/2025\/06\/collectief-teder-wint-publieksprijs-delft-fringe-festival-2025-feministisch-muziektheater-dat-de-grenzen-van-het-bespreekbare-opzoekt\/","url_meta":{"origin":96455,"position":2},"title":"Collective Teder remporte le prix du public Delft Fringe Festival 2025 : th\u00e9\u00e2tre musical f\u00e9ministe qui explore les limites du discutable","author":"een van onze leden","date":"9 juin 2025","format":false,"excerpt":"Delft, zondag 8 juni\u00a0-\u00a0De afgelopen twee weken veranderde heel Delft in een podium. Van molen tot woonkamer en van boulderhal tot yogastudio. Op 30 locaties in de stad speelden 28 makers hun voorstelling. Van verrassende premi\u00e8res tot ontroerende optredens en prachtige ontmoetingen: we hebben genoten. Zondag 8 juni sloot het\u2026","rel":"","context":"Dans &quot;ACTUEEL&quot;","block_context":{"text":"ACTUEEL","link":"https:\/\/staging.cultuurpers.nl\/fr\/genre\/nieuws\/"},"img":{"alt_text":"","src":"https:\/\/i0.wp.com\/staging.cultuurpers.nl\/wp-content\/uploads\/2025\/06\/Collectief-Teder-wint-de-Delft-Fringe-Festival-Publieksprijs-2025-Fotograaf_-Jurjen-Bolsenbroek.jpg-scaled.jpg?resize=350%2C200&ssl=1","width":350,"height":200,"srcset":"https:\/\/i0.wp.com\/staging.cultuurpers.nl\/wp-content\/uploads\/2025\/06\/Collectief-Teder-wint-de-Delft-Fringe-Festival-Publieksprijs-2025-Fotograaf_-Jurjen-Bolsenbroek.jpg-scaled.jpg?resize=350%2C200&ssl=1 1x, https:\/\/i0.wp.com\/staging.cultuurpers.nl\/wp-content\/uploads\/2025\/06\/Collectief-Teder-wint-de-Delft-Fringe-Festival-Publieksprijs-2025-Fotograaf_-Jurjen-Bolsenbroek.jpg-scaled.jpg?resize=525%2C300&ssl=1 1.5x, https:\/\/i0.wp.com\/staging.cultuurpers.nl\/wp-content\/uploads\/2025\/06\/Collectief-Teder-wint-de-Delft-Fringe-Festival-Publieksprijs-2025-Fotograaf_-Jurjen-Bolsenbroek.jpg-scaled.jpg?resize=700%2C400&ssl=1 2x, https:\/\/i0.wp.com\/staging.cultuurpers.nl\/wp-content\/uploads\/2025\/06\/Collectief-Teder-wint-de-Delft-Fringe-Festival-Publieksprijs-2025-Fotograaf_-Jurjen-Bolsenbroek.jpg-scaled.jpg?resize=1050%2C600&ssl=1 3x"},"classes":[]},{"id":97299,"url":"https:\/\/staging.cultuurpers.nl\/fr\/2025\/05\/aftellen-tot-de-start-van-delft-fringe-festival-op-27-mei\/","url_meta":{"origin":96455,"position":3},"title":"Compte \u00e0 rebours avant le d\u00e9but du Delft Fringe Festival le 27 mai","author":"een van onze leden","date":"15 mai 2025","format":false,"excerpt":"Laat je verrassen en inspireren door persoonlijke verhalen\u00a0met een lach en een traan. Delft, donderdag 15 mei\u00a0- Het is bijna\u00a0zover! Op dinsdag 27 mei om 19.30 uur opent de 14e editie van het Delft Fringe Festival met een feestelijke avond in Theater de Veste. Met 30 artiesten dit jaar\u00a0op het\u2026","rel":"","context":"Dans &quot;Delft Fringe Festival&quot;","block_context":{"text":"Delft Fringe Festival","link":"https:\/\/staging.cultuurpers.nl\/fr\/genre\/service\/specials\/delft-fringe-festival\/"},"img":{"alt_text":"","src":"https:\/\/i0.wp.com\/staging.cultuurpers.nl\/wp-content\/uploads\/2025\/05\/myPHt46IrD7Q0pymufV0CS0BKsthFMBUoYVLr7F8-scaled.webp?resize=350%2C200&ssl=1","width":350,"height":200,"srcset":"https:\/\/i0.wp.com\/staging.cultuurpers.nl\/wp-content\/uploads\/2025\/05\/myPHt46IrD7Q0pymufV0CS0BKsthFMBUoYVLr7F8-scaled.webp?resize=350%2C200&ssl=1 1x, https:\/\/i0.wp.com\/staging.cultuurpers.nl\/wp-content\/uploads\/2025\/05\/myPHt46IrD7Q0pymufV0CS0BKsthFMBUoYVLr7F8-scaled.webp?resize=525%2C300&ssl=1 1.5x, https:\/\/i0.wp.com\/staging.cultuurpers.nl\/wp-content\/uploads\/2025\/05\/myPHt46IrD7Q0pymufV0CS0BKsthFMBUoYVLr7F8-scaled.webp?resize=700%2C400&ssl=1 2x, https:\/\/i0.wp.com\/staging.cultuurpers.nl\/wp-content\/uploads\/2025\/05\/myPHt46IrD7Q0pymufV0CS0BKsthFMBUoYVLr7F8-scaled.webp?resize=1050%2C600&ssl=1 3x, https:\/\/i0.wp.com\/staging.cultuurpers.nl\/wp-content\/uploads\/2025\/05\/myPHt46IrD7Q0pymufV0CS0BKsthFMBUoYVLr7F8-scaled.webp?resize=1400%2C800&ssl=1 4x"},"classes":[]}],"jetpack_shortlink":"https:\/\/wp.me\/p3yKke-p5J","jetpack_sharing_enabled":true,"_links":{"self":[{"href":"https:\/\/staging.cultuurpers.nl\/fr\/wp-json\/wp\/v2\/posts\/96455","targetHints":{"allow":["GET"]}}],"collection":[{"href":"https:\/\/staging.cultuurpers.nl\/fr\/wp-json\/wp\/v2\/posts"}],"about":[{"href":"https:\/\/staging.cultuurpers.nl\/fr\/wp-json\/wp\/v2\/types\/post"}],"author":[{"embeddable":true,"href":"https:\/\/staging.cultuurpers.nl\/fr\/wp-json\/wp\/v2\/users\/13"}],"replies":[{"embeddable":true,"href":"https:\/\/staging.cultuurpers.nl\/fr\/wp-json\/wp\/v2\/comments?post=96455"}],"version-history":[{"count":1,"href":"https:\/\/staging.cultuurpers.nl\/fr\/wp-json\/wp\/v2\/posts\/96455\/revisions"}],"predecessor-version":[{"id":96458,"href":"https:\/\/staging.cultuurpers.nl\/fr\/wp-json\/wp\/v2\/posts\/96455\/revisions\/96458"}],"wp:featuredmedia":[{"embeddable":true,"href":"https:\/\/staging.cultuurpers.nl\/fr\/wp-json\/wp\/v2\/media\/96456"}],"wp:attachment":[{"href":"https:\/\/staging.cultuurpers.nl\/fr\/wp-json\/wp\/v2\/media?parent=96455"}],"wp:term":[{"taxonomy":"category","embeddable":true,"href":"https:\/\/staging.cultuurpers.nl\/fr\/wp-json\/wp\/v2\/categories?post=96455"},{"taxonomy":"post_tag","embeddable":true,"href":"https:\/\/staging.cultuurpers.nl\/fr\/wp-json\/wp\/v2\/tags?post=96455"}],"curies":[{"name":"wp","href":"https:\/\/api.w.org\/{rel}","templated":true}]}}