{"id":96176,"date":"2025-01-29T13:55:43","date_gmt":"2025-01-29T12:55:43","guid":{"rendered":"https:\/\/cultureelpersbureau.nl\/?p=96176"},"modified":"2025-01-29T13:55:48","modified_gmt":"2025-01-29T12:55:48","slug":"benoeming-nieuw-lid-raad-van-toezicht-amsterdam-museum","status":"publish","type":"post","link":"https:\/\/staging.cultuurpers.nl\/fr\/2025\/01\/benoeming-nieuw-lid-raad-van-toezicht-amsterdam-museum\/","title":{"rendered":"Nomination d'un nouveau membre au conseil de surveillance du mus\u00e9e d'Amsterdam"},"content":{"rendered":"<p>Mels Huige a rejoint le conseil de surveillance du mus\u00e9e d'Amsterdam. Le conseil ex\u00e9cutif de la municipalit\u00e9 d'Amsterdam a r\u00e9cemment nomm\u00e9 le nouveau membre. La semaine derni\u00e8re, la premi\u00e8re r\u00e9union du conseil de surveillance a eu lieu, \u00e0 laquelle Huige a particip\u00e9.\u00a0<\/p>\n\n\n\n<p>Mels Huige (1978) a fait ses \u00e9tudes \u00e0 Maastricht (ma\u00eetrise en \u00e9conomie d'entreprise) et \u00e0 Rotterdam (universit\u00e9 RSM Erasmus) et il travaille et vit \u00e0 Amsterdam. Dans son travail quotidien en tant qu'investisseur dans des PME industrielles, il a beaucoup \u00e0 faire avec l'aspect financier des petites et moyennes organisations. Il conna\u00eet les tenants et les aboutissants financiers des organisations, en particulier celles qui comptent entre 20 et 200 employ\u00e9s. <\/p>\n\n\n\n<p>M. Huige a de l'exp\u00e9rience en tant que gestionnaire final de grands projets tels que les r\u00e9novations, les relocalisations, l'att\u00e9nuation des risques et le (re)financement. Son exp\u00e9rience manag\u00e9riale s'est concr\u00e9tis\u00e9e en tant que directeur de l'Association n\u00e9erlandaise des soci\u00e9t\u00e9s de capital-risque. En outre, Huige est socialement engag\u00e9. Il a occup\u00e9 des postes b\u00e9n\u00e9voles dans le domaine des sports et de la culture et au sein du Industrieele Groote Club. Il a \u00e9t\u00e9 et est toujours associ\u00e9 \u00e0 Fundament, Young Patrons, Young Urban, Van Loon 672 et Vereniging Rembrandt, entre autres.<\/p>\n\n\n\n<p>Mels Huige succ\u00e8de \u00e0 Jan de Rooij, qui quitte le conseil de surveillance du mus\u00e9e d'Amsterdam apr\u00e8s huit ans (deux mandats). Le conseil de surveillance du mus\u00e9e d'Amsterdam voit en Mels Huige un superviseur qui, gr\u00e2ce \u00e0 la combinaison de son exp\u00e9rience dans le domaine de la finance et de la gestion et de son engagement social, peut apporter une bonne contribution au conseil de surveillance du mus\u00e9e.<\/p>\n\n\n\n<p>Avec ces nominations, le conseil de surveillance du mus\u00e9e d'Amsterdam se compose de :<\/p>\n\n\n\n<ul class=\"wp-block-list\">\n<li>Jurenne Hooi (pr\u00e9sident)<\/li>\n\n\n\n<li>Benno Friedberg<\/li>\n\n\n\n<li>Tim Verlaan<\/li>\n\n\n\n<li>Garance Reus-Deelder<\/li>\n\n\n\n<li>Patricia de Weichs de Wenne<\/li>\n\n\n\n<li>Robbert Maruanaija<\/li>\n\n\n\n<li>Mels Huige<\/li>\n<\/ul>","protected":false},"excerpt":{"rendered":"<p>Mels Huige a rejoint le conseil de surveillance du mus\u00e9e d'Amsterdam. Le conseil ex\u00e9cutif de la municipalit\u00e9 d'Amsterdam a r\u00e9cemment nomm\u00e9 le nouveau membre. La semaine derni\u00e8re, la premi\u00e8re r\u00e9union du conseil de surveillance a eu lieu, \u00e0 laquelle Mels Huige a particip\u00e9. Mels Huige (1978) a fait ses \u00e9tudes \u00e0 Maastricht (ma\u00eetrise en \u00e9conomie d'entreprise) et \u00e0 l'Universit\u00e9 de Londres.&nbsp;<a href=\"https:\/\/staging.cultuurpers.nl\/fr\/2025\/01\/benoeming-nieuw-lid-raad-van-toezicht-amsterdam-museum\/\" rel=\"bookmark\">Lire la suite \"<span class=\"screen-reader-text\">Nomination d'un nouveau membre au conseil de surveillance du mus\u00e9e d'Amsterdam<\/span><\/a><\/p>","protected":false},"author":13,"featured_media":96177,"comment_status":"open","ping_status":"closed","sticky":false,"template":"","format":"standard","meta":{"_eb_attr":"","_monsterinsights_skip_tracking":false,"_monsterinsights_sitenote_active":false,"_monsterinsights_sitenote_note":"","_monsterinsights_sitenote_category":0,"neve_meta_sidebar":"","neve_meta_container":"","neve_meta_enable_content_width":"","neve_meta_content_width":0,"neve_meta_title_alignment":"","neve_meta_author_avatar":"","neve_post_elements_order":"","neve_meta_disable_header":"","neve_meta_disable_footer":"","neve_meta_disable_title":"","neve_meta_reading_time":"","_themeisle_gutenberg_block_has_review":false,"_jetpack_memberships_contains_paid_content":false,"activitypub_content_warning":null,"activitypub_content_visibility":null,"activitypub_max_image_attachments":3,"activitypub_interaction_policy_quote":"anyone","activitypub_status":"federated","footnotes":"","jetpack_publicize_message":"","jetpack_publicize_feature_enabled":true,"jetpack_social_post_already_shared":false,"jetpack_social_options":{"image_generator_settings":{"template":"highway","enabled":false},"version":2}},"categories":[1,15614,10340,11917],"tags":[13413],"class_list":["post-96176","post","type-post","status-publish","format-standard","has-post-thumbnail","hentry","category-nieuws","category-beleid","category-erfgoed","category-persberichten","tag-amsterdam-museum"],"aioseo_notices":[],"jetpack_publicize_connections":[],"jetpack_featured_media_url":"https:\/\/staging.cultuurpers.nl\/wp-content\/uploads\/2025\/01\/Mels-Huige.-Foto-privearchief-scaled.jpg","jetpack-related-posts":[{"id":93816,"url":"https:\/\/staging.cultuurpers.nl\/fr\/2024\/03\/benoeming-twee-nieuwe-leden-raad-van-toezicht-amsterdam-museum\/","url_meta":{"origin":96176,"position":0},"title":"Nomination de deux nouveaux membres du conseil de surveillance Mus\u00e9e d'Amsterdam","author":"een van onze leden","date":"14 mars 2024","format":false,"excerpt":"Robbert Maruanaija en Patricia de Weichs de Wenne zijn toegetreden tot de raad van toezicht van het Amsterdam Museum. De wethouder van Kunst en Cultuur van de gemeente Amsterdam, Touria Meliani, benoemde de nieuwe leden. Robbert Maruanaija Robbert Maruanaija (1986, geboren en woonachtig in Amsterdam) begon zijn werkzame leven als\u2026","rel":"","context":"Dans &quot;beleid&quot;","block_context":{"text":"beleid","link":"https:\/\/staging.cultuurpers.nl\/fr\/genre\/beleid\/"},"img":{"alt_text":"","src":"https:\/\/i0.wp.com\/staging.cultuurpers.nl\/wp-content\/uploads\/2022\/02\/Nieuwe-website-Amsterdam-Museum-Bravoure-scaled.jpg?resize=350%2C200&ssl=1","width":350,"height":200,"srcset":"https:\/\/i0.wp.com\/staging.cultuurpers.nl\/wp-content\/uploads\/2022\/02\/Nieuwe-website-Amsterdam-Museum-Bravoure-scaled.jpg?resize=350%2C200&ssl=1 1x, https:\/\/i0.wp.com\/staging.cultuurpers.nl\/wp-content\/uploads\/2022\/02\/Nieuwe-website-Amsterdam-Museum-Bravoure-scaled.jpg?resize=525%2C300&ssl=1 1.5x, https:\/\/i0.wp.com\/staging.cultuurpers.nl\/wp-content\/uploads\/2022\/02\/Nieuwe-website-Amsterdam-Museum-Bravoure-scaled.jpg?resize=700%2C400&ssl=1 2x, https:\/\/i0.wp.com\/staging.cultuurpers.nl\/wp-content\/uploads\/2022\/02\/Nieuwe-website-Amsterdam-Museum-Bravoure-scaled.jpg?resize=1050%2C600&ssl=1 3x, https:\/\/i0.wp.com\/staging.cultuurpers.nl\/wp-content\/uploads\/2022\/02\/Nieuwe-website-Amsterdam-Museum-Bravoure-scaled.jpg?resize=1400%2C800&ssl=1 4x"},"classes":[]},{"id":53395,"url":"https:\/\/staging.cultuurpers.nl\/fr\/2017\/10\/ook-raad-toezicht-geldt-nevenfuncties-per-se-pre\/","url_meta":{"origin":96176,"position":1},"title":"\u00c9galement pour le conseil de surveillance : de nombreux postes annexes ne sont pas n\u00e9cessairement un avantage.","author":"Maarten van der Meer","date":"20 octobre 2017","format":false,"excerpt":"De commotie over de nevenfunctie, of eigenlijk gewoon tweede baan, van Beatrix Ruf raakt aan een aantal belangrijke kernwaarden voor het goed functioneren van de samenleving in zijn algemeen en de cultuursector in het bijzonder. Om te beginnen dat samenwerking gebaseerd is op vertrouwen. De Raad van Toezicht mocht er\u2026","rel":"","context":"Dans &quot;ACTUEEL&quot;","block_context":{"text":"ACTUEEL","link":"https:\/\/staging.cultuurpers.nl\/fr\/genre\/nieuws\/"},"img":{"alt_text":"","src":"https:\/\/i0.wp.com\/staging.cultuurpers.nl\/wp-content\/uploads\/2017\/10\/Screen-Shot-2013-10-17-at-5.51.01-PM-672x474.png?resize=350%2C200&ssl=1","width":350,"height":200,"srcset":"https:\/\/i0.wp.com\/staging.cultuurpers.nl\/wp-content\/uploads\/2017\/10\/Screen-Shot-2013-10-17-at-5.51.01-PM-672x474.png?resize=350%2C200&ssl=1 1x, https:\/\/i0.wp.com\/staging.cultuurpers.nl\/wp-content\/uploads\/2017\/10\/Screen-Shot-2013-10-17-at-5.51.01-PM-672x474.png?resize=525%2C300&ssl=1 1.5x"},"classes":[]},{"id":38926,"url":"https:\/\/staging.cultuurpers.nl\/fr\/2016\/09\/vacature-lid-raad-toezicht-amsterdams-fonds-kunst-afk\/","url_meta":{"origin":96176,"position":2},"title":"Le Fonds d'Amsterdam pour les Arts (AFK) recherche un membre du conseil de surveillance","author":"een van onze leden","date":"6 septembre 2016","format":false,"excerpt":"Amsterdams Fonds voor de Kunst (AFK) zoekt per 1-1-2017 een lid voor de Raad van Toezicht Het AFK investeert in kunst die het leven in de stad verrijkt. Het AFK verstrekt subsidies aan kunstenaars en culturele organisaties, jaagt innovatie aan en stimuleert de kwaliteit, dynamiek en pluriformiteit van de Amsterdamse\u2026","rel":"","context":"Dans &quot;ACTUEEL&quot;","block_context":{"text":"ACTUEEL","link":"https:\/\/staging.cultuurpers.nl\/fr\/genre\/nieuws\/"},"img":{"alt_text":"AFK - Amsterdams Fonds voor de Kunst","src":"https:\/\/i0.wp.com\/staging.cultuurpers.nl\/wp-content\/uploads\/2016\/09\/bow.jpg?resize=350%2C200&ssl=1","width":350,"height":200,"srcset":"https:\/\/i0.wp.com\/staging.cultuurpers.nl\/wp-content\/uploads\/2016\/09\/bow.jpg?resize=350%2C200&ssl=1 1x, https:\/\/i0.wp.com\/staging.cultuurpers.nl\/wp-content\/uploads\/2016\/09\/bow.jpg?resize=525%2C300&ssl=1 1.5x, https:\/\/i0.wp.com\/staging.cultuurpers.nl\/wp-content\/uploads\/2016\/09\/bow.jpg?resize=700%2C400&ssl=1 2x, https:\/\/i0.wp.com\/staging.cultuurpers.nl\/wp-content\/uploads\/2016\/09\/bow.jpg?resize=1050%2C600&ssl=1 3x"},"classes":[]},{"id":96184,"url":"https:\/\/staging.cultuurpers.nl\/fr\/2025\/01\/raad-voor-cultuur-adviescommissie-governance-van-start\/","url_meta":{"origin":96176,"position":3},"title":"Conseil Culture : lancement du comit\u00e9 consultatif sur la gouvernance","author":"een van onze leden","date":"29 janvier 2025","format":false,"excerpt":"Le Conseil de la culture a lanc\u00e9 un processus consultatif sur la supervision dans le secteur culturel et cr\u00e9atif. Avec son comit\u00e9 de gouvernance, le Conseil examine comment la supervision interne peut \u00eatre am\u00e9lior\u00e9e afin que les organisations puissent fonctionner durablement et renforcer leur position. L'avis devrait \u00eatre pr\u00e9sent\u00e9 vers l'\u00e9t\u00e9 2025. Pourquoi ce conseil","rel":"","context":"Dans &quot;ACTUEEL&quot;","block_context":{"text":"ACTUEEL","link":"https:\/\/staging.cultuurpers.nl\/fr\/genre\/nieuws\/"},"img":{"alt_text":"","src":"https:\/\/i0.wp.com\/staging.cultuurpers.nl\/wp-content\/uploads\/2025\/01\/29-01-governance.jpg?resize=350%2C200&ssl=1","width":350,"height":200,"srcset":"https:\/\/i0.wp.com\/staging.cultuurpers.nl\/wp-content\/uploads\/2025\/01\/29-01-governance.jpg?resize=350%2C200&ssl=1 1x, https:\/\/i0.wp.com\/staging.cultuurpers.nl\/wp-content\/uploads\/2025\/01\/29-01-governance.jpg?resize=525%2C300&ssl=1 1.5x, https:\/\/i0.wp.com\/staging.cultuurpers.nl\/wp-content\/uploads\/2025\/01\/29-01-governance.jpg?resize=700%2C400&ssl=1 2x"},"classes":[]},{"id":89337,"url":"https:\/\/staging.cultuurpers.nl\/fr\/2023\/01\/nancy-jouwe-benoemd-als-lid-van-de-raad-voor-cultuur\/","url_meta":{"origin":96176,"position":4},"title":"Nancy Jouwe nomm\u00e9e membre du Conseil de la Culture","author":"een van onze leden","date":"28 janvier 2023","format":false,"excerpt":"Mevrouw Nancy Jouwe wordt benoemd als lid van de Raad voor Cultuur. De ministerraad heeft daarmee ingestemd op voorstel van staatssecretaris Uslu van Cultuur en Media. De benoeming gaat in op 15 februari 2023 voor een periode van vier jaar. Jouwe studeerde Algemene Letteren aan de Universiteiten van Utrecht en\u2026","rel":"","context":"Dans &quot;ACTUEEL&quot;","block_context":{"text":"ACTUEEL","link":"https:\/\/staging.cultuurpers.nl\/fr\/genre\/nieuws\/"},"img":{"alt_text":"Nancy Jouwe - via Raad voor Cultuur","src":"https:\/\/i0.wp.com\/staging.cultuurpers.nl\/wp-content\/uploads\/2023\/01\/nancy-jouwe-1024.jpg?resize=350%2C200&ssl=1","width":350,"height":200,"srcset":"https:\/\/i0.wp.com\/staging.cultuurpers.nl\/wp-content\/uploads\/2023\/01\/nancy-jouwe-1024.jpg?resize=350%2C200&ssl=1 1x, https:\/\/i0.wp.com\/staging.cultuurpers.nl\/wp-content\/uploads\/2023\/01\/nancy-jouwe-1024.jpg?resize=525%2C300&ssl=1 1.5x, https:\/\/i0.wp.com\/staging.cultuurpers.nl\/wp-content\/uploads\/2023\/01\/nancy-jouwe-1024.jpg?resize=700%2C400&ssl=1 2x"},"classes":[]},{"id":80294,"url":"https:\/\/staging.cultuurpers.nl\/fr\/2022\/05\/deirdre-carasso-benoemd-als-lid-van-de-raad-voor-cultuur\/","url_meta":{"origin":96176,"position":5},"title":"Deirdre Carasso nomm\u00e9e membre du Conseil de la Culture","author":"een van onze leden","date":"20 mai 2022","format":false,"excerpt":"Mevrouw drs. Deirdre Carasso wordt benoemd als lid van de Raad voor Cultuur. De ministerraad heeft daarmee ingestemd op voorstel van staatssecretaris Uslu van Cultuur en Media. De benoeming gaat in op 1 juli 2022 voor een periode van vier jaar. Deirdre Carasso studeerde Kunstgeschiedenis aan de Universiteit van Amsterdam\u2026","rel":"","context":"Dans &quot;FAITS DIVERS&quot;","block_context":{"text":"FAITS DIVERS","link":"https:\/\/staging.cultuurpers.nl\/fr\/genre\/faits-divers\/"},"img":{"alt_text":"","src":"https:\/\/i0.wp.com\/www.raadvoorcultuur.nl\/binaries\/medium\/content\/gallery\/raadvoorcultuur\/content-afbeeldingen\/raad\/deidre-830-553.jpg?resize=350%2C200&ssl=1","width":350,"height":200,"srcset":"https:\/\/i0.wp.com\/www.raadvoorcultuur.nl\/binaries\/medium\/content\/gallery\/raadvoorcultuur\/content-afbeeldingen\/raad\/deidre-830-553.jpg?resize=350%2C200&ssl=1 1x, https:\/\/i0.wp.com\/www.raadvoorcultuur.nl\/binaries\/medium\/content\/gallery\/raadvoorcultuur\/content-afbeeldingen\/raad\/deidre-830-553.jpg?resize=525%2C300&ssl=1 1.5x, https:\/\/i0.wp.com\/www.raadvoorcultuur.nl\/binaries\/medium\/content\/gallery\/raadvoorcultuur\/content-afbeeldingen\/raad\/deidre-830-553.jpg?resize=700%2C400&ssl=1 2x"},"classes":[]}],"jetpack_shortlink":"https:\/\/wp.me\/p3yKke-p1e","jetpack_sharing_enabled":true,"_links":{"self":[{"href":"https:\/\/staging.cultuurpers.nl\/fr\/wp-json\/wp\/v2\/posts\/96176","targetHints":{"allow":["GET"]}}],"collection":[{"href":"https:\/\/staging.cultuurpers.nl\/fr\/wp-json\/wp\/v2\/posts"}],"about":[{"href":"https:\/\/staging.cultuurpers.nl\/fr\/wp-json\/wp\/v2\/types\/post"}],"author":[{"embeddable":true,"href":"https:\/\/staging.cultuurpers.nl\/fr\/wp-json\/wp\/v2\/users\/13"}],"replies":[{"embeddable":true,"href":"https:\/\/staging.cultuurpers.nl\/fr\/wp-json\/wp\/v2\/comments?post=96176"}],"version-history":[{"count":1,"href":"https:\/\/staging.cultuurpers.nl\/fr\/wp-json\/wp\/v2\/posts\/96176\/revisions"}],"predecessor-version":[{"id":96178,"href":"https:\/\/staging.cultuurpers.nl\/fr\/wp-json\/wp\/v2\/posts\/96176\/revisions\/96178"}],"wp:featuredmedia":[{"embeddable":true,"href":"https:\/\/staging.cultuurpers.nl\/fr\/wp-json\/wp\/v2\/media\/96177"}],"wp:attachment":[{"href":"https:\/\/staging.cultuurpers.nl\/fr\/wp-json\/wp\/v2\/media?parent=96176"}],"wp:term":[{"taxonomy":"category","embeddable":true,"href":"https:\/\/staging.cultuurpers.nl\/fr\/wp-json\/wp\/v2\/categories?post=96176"},{"taxonomy":"post_tag","embeddable":true,"href":"https:\/\/staging.cultuurpers.nl\/fr\/wp-json\/wp\/v2\/tags?post=96176"}],"curies":[{"name":"wp","href":"https:\/\/api.w.org\/{rel}","templated":true}]}}