{"id":96145,"date":"2025-01-24T11:40:15","date_gmt":"2025-01-24T10:40:15","guid":{"rendered":"https:\/\/cultureelpersbureau.nl\/?p=96145"},"modified":"2025-01-24T11:40:19","modified_gmt":"2025-01-24T10:40:19","slug":"holland-festival-brengt-unieke-stream-van-armeense-bird-of-a-thousand-voices","status":"publish","type":"post","link":"https:\/\/staging.cultuurpers.nl\/fr\/2025\/01\/holland-festival-brengt-unieke-stream-van-armeense-bird-of-a-thousand-voices\/","title":{"rendered":"Le Holland Festival offre un flux unique d'\"oiseaux aux mille voix\" arm\u00e9niens"},"content":{"rendered":"<p>Pendant le Holland Festival 2024<em>&nbsp;L'oiseau aux mille voix<\/em>&nbsp;au Muziekgebouw. Pour ceux qui n'ont pas pu \u00eatre pr\u00e9sents \u00e0 ce moment-l\u00e0, ou qui voudraient revoir cette performance sp\u00e9ciale, il est possible de la regarder en ligne (en tant que vid\u00e9o \u00e0 la demande). Le streaming sera disponible du vendredi 28 f\u00e9vrier 00h01 au dimanche 2 mars 23h59.&nbsp;<\/p>\n\n\n\n<p>\u2018<em>Des musiciens ph\u00e9nom\u00e9naux, une narration \u00e9tonnante et une sc\u00e9nographie \u00e9l\u00e9gante<\/em>.\u2019<\/p>\n\n\n\n<p>- Lib\u00e9ration conditionnelle<\/p>\n\n\n\n<p>\u2018<em>Cette performance musicale bouleversante (...) est puissante dans sa subtilit\u00e9 m\u00eal\u00e9e d'explosivit\u00e9.<\/em>\u2018<\/p>\n\n\n\n<p>- Journal du th\u00e9\u00e2tre<\/p>\n\n\n\n<p>Un ancien conte folklorique arm\u00e9nien sur la recherche de l'harmonie dans le monde prend vie de mani\u00e8re spectaculaire lors d'un concert dans un d\u00e9cor fantastique et \u00e9mouvant avec un spectacle de lumi\u00e8re intriguant.<\/p>\n\n\n\n<p>Le pianiste et compositeur virtuose de jazz et de rock Tigran Hamasyan a remport\u00e9 un prix important au North Sea Jazz, entre autres, et a \u00e9t\u00e9 \u00e9lu artiste international de l'ann\u00e9e 2021 en Allemagne. Il fusionne ing\u00e9nieusement ses compositions et improvisations avec la musique traditionnelle de son Arm\u00e9nie natale, o\u00f9 il est retourn\u00e9 depuis les \u00c9tats-Unis. Il travaille pour&nbsp;<em>L'oiseau aux mille voix&nbsp;<\/em>avec Ruben van Leer, connu pour ses projets multim\u00e9dias \u00e9tonnants et r\u00e9volutionnaires, et avec l'artiste visuel Boris Acket, responsable de la mise en sc\u00e8ne audiovisuelle. Avec la toute nouvelle musique pour piano de Hamasyan, la voix ang\u00e9lique d'Areni Agbabian et une installation lumineuse interactive, le mythe qui fascine Hamasyan depuis l'enfance prend vie.&nbsp;<\/p>\n\n\n\n<div class=\"su-note\"  style=\"border-color:#e5e54c;border-radius:3px;-moz-border-radius:3px;-webkit-border-radius:3px;\"><div class=\"su-note-inner su-u-clearfix su-u-trim\" style=\"background-color:#FFFF66;border-color:#ffffff;color:#333333;border-radius:3px;-moz-border-radius:3px;-webkit-border-radius:3px;\">Plus d'informations et vente de billets :\u00a0<a href=\"https:\/\/hollandfestival.nl\/nl\/stream-the-bird-of-a-thousand-voices\">https:\/\/hollandfestival.nl\/nl\/stream-the-bird-of-a-thousand-voices<\/a><\/div><\/div>","protected":false},"excerpt":{"rendered":"<p>L'Oiseau aux mille voix a \u00e9t\u00e9 pr\u00e9sent\u00e9 au Muziekgebouw lors du Holland Festival 2024. Pour ceux qui n'ont pas pu \u00eatre pr\u00e9sents \u00e0 l'\u00e9poque, ou qui voudraient revoir cette repr\u00e9sentation sp\u00e9ciale, il est possible de regarder la repr\u00e9sentation en ligne (en tant que vid\u00e9o \u00e0 la demande). Le streaming sera disponible du vendredi 28 f\u00e9vrier 00h01 au dimanche 2 mars 23h59.  Ph\u00e9nom\u00e9nal...&nbsp;<a href=\"https:\/\/staging.cultuurpers.nl\/fr\/2025\/01\/holland-festival-brengt-unieke-stream-van-armeense-bird-of-a-thousand-voices\/\" rel=\"bookmark\">Lire la suite \"<span class=\"screen-reader-text\">Le Holland Festival offre un flux unique d'\"oiseaux aux mille voix\" arm\u00e9niens<\/span><\/a><\/p>","protected":false},"author":13,"featured_media":96146,"comment_status":"open","ping_status":"closed","sticky":false,"template":"","format":"standard","meta":{"_eb_attr":"","_monsterinsights_skip_tracking":false,"_monsterinsights_sitenote_active":false,"_monsterinsights_sitenote_note":"","_monsterinsights_sitenote_category":0,"neve_meta_sidebar":"","neve_meta_container":"","neve_meta_enable_content_width":"","neve_meta_content_width":0,"neve_meta_title_alignment":"","neve_meta_author_avatar":"","neve_post_elements_order":"","neve_meta_disable_header":"","neve_meta_disable_footer":"","neve_meta_disable_title":"","neve_meta_reading_time":"","_themeisle_gutenberg_block_has_review":false,"_jetpack_memberships_contains_paid_content":false,"activitypub_content_warning":null,"activitypub_content_visibility":null,"activitypub_max_image_attachments":3,"activitypub_interaction_policy_quote":"anyone","activitypub_status":"federated","footnotes":"","jetpack_publicize_message":"","jetpack_publicize_feature_enabled":true,"jetpack_social_post_already_shared":false,"jetpack_social_options":{"image_generator_settings":{"template":"highway","enabled":false},"version":2}},"categories":[9392,11917,8843],"tags":[6776],"class_list":["post-96145","post","type-post","status-publish","format-standard","has-post-thumbnail","hentry","category-internet","category-persberichten","category-podiumkunst","tag-holland-festival"],"aioseo_notices":[],"jetpack_publicize_connections":[],"jetpack_featured_media_url":"https:\/\/staging.cultuurpers.nl\/wp-content\/uploads\/2025\/01\/a1PSZ000000KgpX2AS_1660x727.jpg","jetpack-related-posts":[{"id":92831,"url":"https:\/\/staging.cultuurpers.nl\/fr\/2023\/11\/eerste-voorstellingen-holland-festival-2024-bekend\/","url_meta":{"origin":96145,"position":0},"title":"Les premi\u00e8res repr\u00e9sentations du Holland Festival 2024 sont annonc\u00e9es","author":"een van onze leden","date":"27 novembre 2023","format":false,"excerpt":"La vente des billets commence le 28 novembre pour les quatre premi\u00e8res repr\u00e9sentations de la 77e \u00e9dition du Holland Festival.   11 000 Saiten (\"11 000 cordes\") du compositeur Georg Friedrich Haas est une exp\u00e9rience sonore spectaculaire au Gashouder d'Amsterdam, par cinquante pianistes et l'ensemble Klangforum Wien. Le chor\u00e9graphe Trajal Harrell revient avec The Romeo, sa nouvelle...","rel":"","context":"Dans &quot;Holland Festival&quot;","block_context":{"text":"Holland Festival","link":"https:\/\/staging.cultuurpers.nl\/fr\/genre\/service\/specials\/holland-festival\/"},"img":{"alt_text":"The Romeo - Orpheas_Emirzas","src":"https:\/\/i0.wp.com\/staging.cultuurpers.nl\/wp-content\/uploads\/2023\/11\/The_Romeo_Orpheas_Emirzas_7-scaled.jpg?resize=350%2C200&ssl=1","width":350,"height":200,"srcset":"https:\/\/i0.wp.com\/staging.cultuurpers.nl\/wp-content\/uploads\/2023\/11\/The_Romeo_Orpheas_Emirzas_7-scaled.jpg?resize=350%2C200&ssl=1 1x, https:\/\/i0.wp.com\/staging.cultuurpers.nl\/wp-content\/uploads\/2023\/11\/The_Romeo_Orpheas_Emirzas_7-scaled.jpg?resize=525%2C300&ssl=1 1.5x, https:\/\/i0.wp.com\/staging.cultuurpers.nl\/wp-content\/uploads\/2023\/11\/The_Romeo_Orpheas_Emirzas_7-scaled.jpg?resize=700%2C400&ssl=1 2x, https:\/\/i0.wp.com\/staging.cultuurpers.nl\/wp-content\/uploads\/2023\/11\/The_Romeo_Orpheas_Emirzas_7-scaled.jpg?resize=1050%2C600&ssl=1 3x, https:\/\/i0.wp.com\/staging.cultuurpers.nl\/wp-content\/uploads\/2023\/11\/The_Romeo_Orpheas_Emirzas_7-scaled.jpg?resize=1400%2C800&ssl=1 4x"},"classes":[]},{"id":94446,"url":"https:\/\/staging.cultuurpers.nl\/fr\/2024\/06\/muziek-met-ballen-voor-beatrix-op-holland-festival\/","url_meta":{"origin":96145,"position":1},"title":"De la musique avec des balles pour Beatrix au Holland Festival","author":"Wijbrand Schaap","date":"9 juin 2024","format":false,"excerpt":"Jazz-Rock, het bestaat nog. In al die jaren dat ik in het theater zat, boeken las of naar David Bowie of Rufus Wainwright luisterde, was ik het een beetje vergeten. Muziek van echte mannen, Heavy Metal voor mensen die ervoor hebben doorgeleerd, Gothic maar dan met meerdere conservatoriumdiploma's op zak.\u2026","rel":"","context":"Dans &quot;Featured&quot;","block_context":{"text":"Featured","link":"https:\/\/staging.cultuurpers.nl\/fr\/genre\/featured\/"},"img":{"alt_text":"","src":"https:\/\/i0.wp.com\/staging.cultuurpers.nl\/wp-content\/uploads\/2024\/06\/Tigran-Hamasyan.jpg?resize=350%2C200&ssl=1","width":350,"height":200,"srcset":"https:\/\/i0.wp.com\/staging.cultuurpers.nl\/wp-content\/uploads\/2024\/06\/Tigran-Hamasyan.jpg?resize=350%2C200&ssl=1 1x, https:\/\/i0.wp.com\/staging.cultuurpers.nl\/wp-content\/uploads\/2024\/06\/Tigran-Hamasyan.jpg?resize=525%2C300&ssl=1 1.5x, https:\/\/i0.wp.com\/staging.cultuurpers.nl\/wp-content\/uploads\/2024\/06\/Tigran-Hamasyan.jpg?resize=700%2C400&ssl=1 2x, https:\/\/i0.wp.com\/staging.cultuurpers.nl\/wp-content\/uploads\/2024\/06\/Tigran-Hamasyan.jpg?resize=1050%2C600&ssl=1 3x"},"classes":[]},{"id":94274,"url":"https:\/\/staging.cultuurpers.nl\/fr\/2024\/05\/braziliaanse-vibes-en-grensverleggende-voorstellingen-in-het-holland-festival\/","url_meta":{"origin":96145,"position":2},"title":"Des vibrations br\u00e9siliennes et des performances r\u00e9volutionnaires au Holland Festival\u00a0","author":"een van onze leden","date":"16 mai 2024","format":false,"excerpt":"Nog drie weken en het Holland Festival gaat weer van start! De 77e editie van het Holland Festival opent op 6 juni in de Amsterdamse Gashouder met Rite of Spring, een dubbelprogramma waarin Stravinsky\u2019s Le Sacre du printemps de inspiratie vormt voor een film van de Griekse filmmaker en beeldend\u2026","rel":"","context":"Dans &quot;Holland Festival&quot;","block_context":{"text":"Holland Festival","link":"https:\/\/staging.cultuurpers.nl\/fr\/genre\/service\/specials\/holland-festival\/"},"img":{"alt_text":"pr-beeld Holland Festival","src":"https:\/\/i0.wp.com\/staging.cultuurpers.nl\/wp-content\/uploads\/2024\/05\/HF24_HF_persbericht_header2_1500-scaled.jpg?resize=350%2C200&ssl=1","width":350,"height":200,"srcset":"https:\/\/i0.wp.com\/staging.cultuurpers.nl\/wp-content\/uploads\/2024\/05\/HF24_HF_persbericht_header2_1500-scaled.jpg?resize=350%2C200&ssl=1 1x, https:\/\/i0.wp.com\/staging.cultuurpers.nl\/wp-content\/uploads\/2024\/05\/HF24_HF_persbericht_header2_1500-scaled.jpg?resize=525%2C300&ssl=1 1.5x, https:\/\/i0.wp.com\/staging.cultuurpers.nl\/wp-content\/uploads\/2024\/05\/HF24_HF_persbericht_header2_1500-scaled.jpg?resize=700%2C400&ssl=1 2x, https:\/\/i0.wp.com\/staging.cultuurpers.nl\/wp-content\/uploads\/2024\/05\/HF24_HF_persbericht_header2_1500-scaled.jpg?resize=1050%2C600&ssl=1 3x, https:\/\/i0.wp.com\/staging.cultuurpers.nl\/wp-content\/uploads\/2024\/05\/HF24_HF_persbericht_header2_1500-scaled.jpg?resize=1400%2C800&ssl=1 4x"},"classes":[]},{"id":94591,"url":"https:\/\/staging.cultuurpers.nl\/fr\/2024\/07\/holland-festival-2024-afgesloten-met-succesvolle-24-uur-durende-the-second-woman\/","url_meta":{"origin":96145,"position":3},"title":"Le Holland Festival 2024 s'est achev\u00e9 avec le succ\u00e8s de 24 heures The Second Woman.\u00a0","author":"een van onze leden","date":"1 juillet 2024","format":false,"excerpt":"De 77e editie van het Holland Festival sloot af op 29 juni met een minutenlang durende staande ovatie voor Georgina Verbaan die een fenomenale acteerprestatie liet zien in de\u00a0The Second Woman, een voorstelling van Anna Breckon en Nat Randall, waarin ze een vol etmaal lang met honderd meest niet professionele\u2026","rel":"","context":"Dans &quot;Holland Festival&quot;","block_context":{"text":"Holland Festival","link":"https:\/\/staging.cultuurpers.nl\/fr\/genre\/service\/specials\/holland-festival\/"},"img":{"alt_text":"","src":"https:\/\/i0.wp.com\/staging.cultuurpers.nl\/wp-content\/uploads\/2024\/07\/eindehf-scaled.jpg?resize=350%2C200&ssl=1","width":350,"height":200,"srcset":"https:\/\/i0.wp.com\/staging.cultuurpers.nl\/wp-content\/uploads\/2024\/07\/eindehf-scaled.jpg?resize=350%2C200&ssl=1 1x, https:\/\/i0.wp.com\/staging.cultuurpers.nl\/wp-content\/uploads\/2024\/07\/eindehf-scaled.jpg?resize=525%2C300&ssl=1 1.5x, https:\/\/i0.wp.com\/staging.cultuurpers.nl\/wp-content\/uploads\/2024\/07\/eindehf-scaled.jpg?resize=700%2C400&ssl=1 2x, https:\/\/i0.wp.com\/staging.cultuurpers.nl\/wp-content\/uploads\/2024\/07\/eindehf-scaled.jpg?resize=1050%2C600&ssl=1 3x, https:\/\/i0.wp.com\/staging.cultuurpers.nl\/wp-content\/uploads\/2024\/07\/eindehf-scaled.jpg?resize=1400%2C800&ssl=1 4x"},"classes":[]},{"id":57225,"url":"https:\/\/staging.cultuurpers.nl\/fr\/2018\/06\/hewar-en-gurfjieff-ensemble-hollandfestival-muziek-verenigt-twee-geplaagde-volkeren\/","url_meta":{"origin":96145,"position":4},"title":"Ensemble Hewar et Gurdjieff @Hollandfestival : la musique unit deux peuples en difficult\u00e9","author":"Thea Derks","date":"24 juin 2018","format":false,"excerpt":"Na het spetterende slot van Ishtar van Dima Orsho staat het publiek als \u00e9\u00e9n man op en barst los in een ovationeel applaus. Ik word bijkans verdoofd door het luide gejoel en gejuich waarmee de leden van Hewar en het Gurdjief Ensemble overstelpt worden. Verbijsterd kijk ik om me heen:\u2026","rel":"","context":"Dans &quot;Holland Festival&quot;","block_context":{"text":"Holland Festival","link":"https:\/\/staging.cultuurpers.nl\/fr\/genre\/service\/specials\/holland-festival\/"},"img":{"alt_text":"","src":"https:\/\/i0.wp.com\/staging.cultuurpers.nl\/wp-content\/uploads\/2018\/06\/gurdjieff-ensemble-meets-hewar-gurdjieff-ensemble-andranik-sahakyan.jpg?resize=350%2C200&ssl=1","width":350,"height":200,"srcset":"https:\/\/i0.wp.com\/staging.cultuurpers.nl\/wp-content\/uploads\/2018\/06\/gurdjieff-ensemble-meets-hewar-gurdjieff-ensemble-andranik-sahakyan.jpg?resize=350%2C200&ssl=1 1x, https:\/\/i0.wp.com\/staging.cultuurpers.nl\/wp-content\/uploads\/2018\/06\/gurdjieff-ensemble-meets-hewar-gurdjieff-ensemble-andranik-sahakyan.jpg?resize=525%2C300&ssl=1 1.5x, https:\/\/i0.wp.com\/staging.cultuurpers.nl\/wp-content\/uploads\/2018\/06\/gurdjieff-ensemble-meets-hewar-gurdjieff-ensemble-andranik-sahakyan.jpg?resize=700%2C400&ssl=1 2x, https:\/\/i0.wp.com\/staging.cultuurpers.nl\/wp-content\/uploads\/2018\/06\/gurdjieff-ensemble-meets-hewar-gurdjieff-ensemble-andranik-sahakyan.jpg?resize=1050%2C600&ssl=1 3x, https:\/\/i0.wp.com\/staging.cultuurpers.nl\/wp-content\/uploads\/2018\/06\/gurdjieff-ensemble-meets-hewar-gurdjieff-ensemble-andranik-sahakyan.jpg?resize=1400%2C800&ssl=1 4x"},"classes":[]}],"jetpack_shortlink":"https:\/\/wp.me\/p3yKke-p0J","jetpack_sharing_enabled":true,"_links":{"self":[{"href":"https:\/\/staging.cultuurpers.nl\/fr\/wp-json\/wp\/v2\/posts\/96145","targetHints":{"allow":["GET"]}}],"collection":[{"href":"https:\/\/staging.cultuurpers.nl\/fr\/wp-json\/wp\/v2\/posts"}],"about":[{"href":"https:\/\/staging.cultuurpers.nl\/fr\/wp-json\/wp\/v2\/types\/post"}],"author":[{"embeddable":true,"href":"https:\/\/staging.cultuurpers.nl\/fr\/wp-json\/wp\/v2\/users\/13"}],"replies":[{"embeddable":true,"href":"https:\/\/staging.cultuurpers.nl\/fr\/wp-json\/wp\/v2\/comments?post=96145"}],"version-history":[{"count":1,"href":"https:\/\/staging.cultuurpers.nl\/fr\/wp-json\/wp\/v2\/posts\/96145\/revisions"}],"predecessor-version":[{"id":96147,"href":"https:\/\/staging.cultuurpers.nl\/fr\/wp-json\/wp\/v2\/posts\/96145\/revisions\/96147"}],"wp:featuredmedia":[{"embeddable":true,"href":"https:\/\/staging.cultuurpers.nl\/fr\/wp-json\/wp\/v2\/media\/96146"}],"wp:attachment":[{"href":"https:\/\/staging.cultuurpers.nl\/fr\/wp-json\/wp\/v2\/media?parent=96145"}],"wp:term":[{"taxonomy":"category","embeddable":true,"href":"https:\/\/staging.cultuurpers.nl\/fr\/wp-json\/wp\/v2\/categories?post=96145"},{"taxonomy":"post_tag","embeddable":true,"href":"https:\/\/staging.cultuurpers.nl\/fr\/wp-json\/wp\/v2\/tags?post=96145"}],"curies":[{"name":"wp","href":"https:\/\/api.w.org\/{rel}","templated":true}]}}