{"id":96127,"date":"2025-01-22T13:59:58","date_gmt":"2025-01-22T12:59:58","guid":{"rendered":"https:\/\/cultureelpersbureau.nl\/?p=96127"},"modified":"2025-01-22T14:00:03","modified_gmt":"2025-01-22T13:00:03","slug":"josine-gilissen-versterkt-directie-theaterfestival-boulevard","status":"publish","type":"post","link":"https:\/\/staging.cultuurpers.nl\/fr\/2025\/01\/josine-gilissen-versterkt-directie-theaterfestival-boulevard\/","title":{"rendered":"Josine Gilissen renforce la direction du Theatre Festival Boulevard"},"content":{"rendered":"<p><strong>Le 1er avril 2025, Josine Gilissen prendra ses fonctions de directrice-directrice du Theatre Festival Boulevard et de la Stichting BosseNova \u00e0 's-Hertogenbosch. Elle formera avec Dana Kibbelaar le conseil d'administration bic\u00e9phale des deux organisations. Kibbelaar occupe cette fonction depuis 2022 et formait auparavant un duo avec Tessa Smeulers, qui s'est retir\u00e9e apr\u00e8s l'\u00e9dition 2024. Le conseil d'administration de<\/strong><\/p>\n\n\n\n<p>Le conseil de surveillance du Theatre Festival Boulevard a choisi Josine Gilissen \u00e0 l'unanimit\u00e9 et est impressionn\u00e9 par son sens de l'esprit d'\u00e9quipe, qui sied au festival, \u00e0 son personnel et \u00e0 ses b\u00e9n\u00e9voles. Elle est d\u00e9sarmante et apporte un regard neuf. Mme Gilissen ne conna\u00eet pas seulement le secteur national et international, mais la r\u00e9gion de Boulevard est aussi son port d'attache.<\/p>\n\n\n\n<p><strong>Josine Gilissen<\/strong>&nbsp;poss\u00e8de une vaste exp\u00e9rience dans le secteur culturel. Apr\u00e8s avoir obtenu son dipl\u00f4me d'\u00e9tudes th\u00e9\u00e2trales \u00e0 Utrecht, elle a travaill\u00e9 successivement pour ZT Hollandia, NTGent et le groupe d'acteurs Wunderbaum, o\u00f9 elle est rest\u00e9e pendant plus de dix ans. Elle est ensuite devenue directrice commerciale de la compagnie de th\u00e9\u00e2tre pour jeunes Het Filiaal theatremakers \u00e0 Utrecht. Depuis 2023, elle travaille \u00e0 son compte, notamment en tant que directrice commerciale int\u00e9rimaire de De Kleine Komedie, Vocal Statements et Het NUT. Elle est \u00e9galement conseill\u00e8re externe aupr\u00e8s d'un certain nombre d'organisations culturelles et membre du conseil d'administration de plusieurs entreprises.<\/p>\n\n\n\n<p><strong>Josine Gilissen<\/strong>Le festival de th\u00e9\u00e2tre Boulevard joue un r\u00f4le dans ma vie depuis de nombreuses ann\u00e9es. Au cours des 15 derni\u00e8res ann\u00e9es, j'ai r\u00e9guli\u00e8rement collabor\u00e9 avec le festival et j'appr\u00e9cie \u00e9galement d'y venir en tant que visiteur. Je suis impressionn\u00e9 par la fa\u00e7on dont le festival offre un espace pour regarder au-del\u00e0 et colorer en dehors des lignes. Je suis donc honor\u00e9 de travailler pour ce festival et j'ai h\u00e2te de travailler avec Dana et toute l'\u00e9quipe et de rencontrer notre public\".<\/p>\n\n\n\n<p><strong>Dana Kibbelaar<\/strong>Le pr\u00e9sident de la Commission europ\u00e9enne a d\u00e9clar\u00e9 : \"Bienvenue Josine ! C'est avec grand plaisir que je me r\u00e9jouis de notre collaboration pour le d\u00e9veloppement du Theatre Festival Boulevard et de Bosse Nova.<\/p>\n\n\n\n<p>Je suis convaincu que vos vastes connaissances et vos excellents r\u00e9sultats renforceront l'\u00e9quipe Boulevard dans sa mission commune. Ensemble, nous d\u00e9fendons le pouvoir de l'art !<\/p>\n\n\n\n<p><strong>Heleen Herbert,&nbsp;<\/strong>Pr\u00e9sident du conseil de surveillance :<\/p>\n\n\n\n<p>\"C'est avec conviction que nous avons choisi un mod\u00e8le de gouvernance bic\u00e9phale en 2022 en tant que conseil de surveillance. Ce faisant, nous r\u00e9pondons au besoin d'un leadership large et d'une durabilit\u00e9 des pratiques de travail. Avec l'arriv\u00e9e de Josine Gilissen, nous poursuivons vigoureusement cette ligne. Nous sommes convaincus que la nouvelle \u00e9quipe de direction contribuera \u00e9nergiquement \u00e0 un secteur plus inclusif et \u00e0 plusieurs voix, ainsi qu'\u00e0 une plus grande accessibilit\u00e9 des arts du spectacle. Cela n'a pas de prix. Surtout \u00e0 une \u00e9poque o\u00f9 la compr\u00e9hension mutuelle et l'imagination dans notre soci\u00e9t\u00e9 ont besoin d'un coup de pouce.<\/p>\n\n\n\n<div class=\"su-note\"  style=\"border-color:#e5e54c;border-radius:3px;-moz-border-radius:3px;-webkit-border-radius:3px;\"><div class=\"su-note-inner su-u-clearfix su-u-trim\" style=\"background-color:#FFFF66;border-color:#ffffff;color:#333333;border-radius:3px;-moz-border-radius:3px;-webkit-border-radius:3px;\">Le festival de th\u00e9\u00e2tre Boulevard 2025 se d\u00e9roule du 7 au 17 ao\u00fbt.<\/div><\/div>","protected":false},"excerpt":{"rendered":"<p>Le 1er avril 2025, Josine Gilissen prendra ses fonctions de directrice-directrice du Theatre Festival Boulevard et de la Stichting BosseNova \u00e0 's-Hertogenbosch. Elle formera avec Dana Kibbelaar le conseil d'administration bic\u00e9phale des deux organisations. Kibbelaar occupe cette fonction depuis 2022 et formait auparavant un duo avec Tessa Smeulers, qui s'est retir\u00e9e apr\u00e8s l'\u00e9dition 2024. Le conseil d'administration de&nbsp;<a href=\"https:\/\/staging.cultuurpers.nl\/fr\/2025\/01\/josine-gilissen-versterkt-directie-theaterfestival-boulevard\/\" rel=\"bookmark\">Lire la suite \"<span class=\"screen-reader-text\">Josine Gilissen renforce la direction du Theatre Festival Boulevard<\/span><\/a><\/p>","protected":false},"author":13,"featured_media":96128,"comment_status":"open","ping_status":"closed","sticky":false,"template":"","format":"standard","meta":{"_eb_attr":"","_monsterinsights_skip_tracking":false,"_monsterinsights_sitenote_active":false,"_monsterinsights_sitenote_note":"","_monsterinsights_sitenote_category":0,"neve_meta_sidebar":"","neve_meta_container":"","neve_meta_enable_content_width":"","neve_meta_content_width":0,"neve_meta_title_alignment":"","neve_meta_author_avatar":"","neve_post_elements_order":"","neve_meta_disable_header":"","neve_meta_disable_footer":"","neve_meta_disable_title":"","neve_meta_reading_time":"","_themeisle_gutenberg_block_has_review":false,"_jetpack_memberships_contains_paid_content":false,"activitypub_content_warning":null,"activitypub_content_visibility":null,"activitypub_max_image_attachments":3,"activitypub_interaction_policy_quote":"anyone","activitypub_status":"federated","footnotes":"","jetpack_publicize_message":"","jetpack_publicize_feature_enabled":true,"jetpack_social_post_already_shared":false,"jetpack_social_options":{"image_generator_settings":{"template":"highway","enabled":false},"version":2}},"categories":[1,15614,8832,11917,8843],"tags":[],"class_list":["post-96127","post","type-post","status-publish","format-standard","has-post-thumbnail","hentry","category-nieuws","category-beleid","category-boulevard","category-persberichten","category-podiumkunst"],"aioseo_notices":[],"jetpack_publicize_connections":[],"jetpack_featured_media_url":"https:\/\/staging.cultuurpers.nl\/wp-content\/uploads\/2025\/01\/Directie-Boulevard_KarinJonkers_LR-jan-25.jpg","jetpack-related-posts":[{"id":72743,"url":"https:\/\/staging.cultuurpers.nl\/fr\/2022\/02\/tessa-smeulers-en-dana-kibbelaar-vormen-nieuwe-directie-theaterfestival-boulevard\/","url_meta":{"origin":96127,"position":0},"title":"Tessa Smeulers et Dana Kibbelaar forment la nouvelle direction du Theatre Festival Boulevard. \u00a0","author":"een van onze leden","date":"1 f\u00e9vrier 2022","format":false,"excerpt":"De Raad van Toezicht van Stichting Theaterfestival Boulevard en Stichting Bosse Nova heeft op 1 februari bekendgemaakt dat Tessa Smeulers en Dana Kibbelaar aangesteld worden als directeur-bestuurders van beide stichtingen. Zij volgen per 1 april Peggy Olislaegers op, die als interim directeur-bestuurder de opdracht had een nieuw bestuursmodel voor het\u2026","rel":"","context":"Dans &quot;ACTUEEL&quot;","block_context":{"text":"ACTUEEL","link":"https:\/\/staging.cultuurpers.nl\/fr\/genre\/nieuws\/"},"img":{"alt_text":"","src":"https:\/\/i0.wp.com\/staging.cultuurpers.nl\/wp-content\/uploads\/2022\/02\/TESSA_DANA_BLVRD_2021_KarinJonkers_highres-scaled.jpg?resize=350%2C200&ssl=1","width":350,"height":200,"srcset":"https:\/\/i0.wp.com\/staging.cultuurpers.nl\/wp-content\/uploads\/2022\/02\/TESSA_DANA_BLVRD_2021_KarinJonkers_highres-scaled.jpg?resize=350%2C200&ssl=1 1x, https:\/\/i0.wp.com\/staging.cultuurpers.nl\/wp-content\/uploads\/2022\/02\/TESSA_DANA_BLVRD_2021_KarinJonkers_highres-scaled.jpg?resize=525%2C300&ssl=1 1.5x, https:\/\/i0.wp.com\/staging.cultuurpers.nl\/wp-content\/uploads\/2022\/02\/TESSA_DANA_BLVRD_2021_KarinJonkers_highres-scaled.jpg?resize=700%2C400&ssl=1 2x, https:\/\/i0.wp.com\/staging.cultuurpers.nl\/wp-content\/uploads\/2022\/02\/TESSA_DANA_BLVRD_2021_KarinJonkers_highres-scaled.jpg?resize=1050%2C600&ssl=1 3x, https:\/\/i0.wp.com\/staging.cultuurpers.nl\/wp-content\/uploads\/2022\/02\/TESSA_DANA_BLVRD_2021_KarinJonkers_highres-scaled.jpg?resize=1400%2C800&ssl=1 4x"},"classes":[]},{"id":94728,"url":"https:\/\/staging.cultuurpers.nl\/fr\/2024\/07\/directeur-tessa-smeulers-verlaat-boulevard-na-15-jaar\/","url_meta":{"origin":96127,"position":1},"title":"La directrice Tessa Smeulers quitte Boulevard apr\u00e8s 15 ans de carri\u00e8re","author":"een van onze leden","date":"12 juillet 2024","format":false,"excerpt":"Cet \u00e9t\u00e9, la quaranti\u00e8me \u00e9dition du Theatre Festival Boulevard sera c\u00e9l\u00e9br\u00e9e \u00e0 's-Hertogenbosch, avec de nouveaux noms et de vieilles connaissances. Pour Tessa Smeulers, directrice et metteuse en sc\u00e8ne, cette ann\u00e9e anniversaire sp\u00e9ciale est l'occasion de changer de cap. Apr\u00e8s 15 ans, elle fera ses adieux au Boulevard le 1er septembre. La t\u00eate et le c\u0153ur \"Pendant des ann\u00e9es, ma t\u00eate et mon c\u0153ur ont \u00e9t\u00e9 li\u00e9s\".","rel":"","context":"Dans &quot;ACTUEEL&quot;","block_context":{"text":"ACTUEEL","link":"https:\/\/staging.cultuurpers.nl\/fr\/genre\/nieuws\/"},"img":{"alt_text":"","src":"https:\/\/i0.wp.com\/staging.cultuurpers.nl\/wp-content\/uploads\/2024\/07\/2024_06_06_BLVRD_Tessa_KarinJonkers_2-PERS-e1720786814736.jpg?resize=350%2C200&ssl=1","width":350,"height":200,"srcset":"https:\/\/i0.wp.com\/staging.cultuurpers.nl\/wp-content\/uploads\/2024\/07\/2024_06_06_BLVRD_Tessa_KarinJonkers_2-PERS-e1720786814736.jpg?resize=350%2C200&ssl=1 1x, https:\/\/i0.wp.com\/staging.cultuurpers.nl\/wp-content\/uploads\/2024\/07\/2024_06_06_BLVRD_Tessa_KarinJonkers_2-PERS-e1720786814736.jpg?resize=525%2C300&ssl=1 1.5x, https:\/\/i0.wp.com\/staging.cultuurpers.nl\/wp-content\/uploads\/2024\/07\/2024_06_06_BLVRD_Tessa_KarinJonkers_2-PERS-e1720786814736.jpg?resize=700%2C400&ssl=1 2x, https:\/\/i0.wp.com\/staging.cultuurpers.nl\/wp-content\/uploads\/2024\/07\/2024_06_06_BLVRD_Tessa_KarinJonkers_2-PERS-e1720786814736.jpg?resize=1050%2C600&ssl=1 3x, https:\/\/i0.wp.com\/staging.cultuurpers.nl\/wp-content\/uploads\/2024\/07\/2024_06_06_BLVRD_Tessa_KarinJonkers_2-PERS-e1720786814736.jpg?resize=1400%2C800&ssl=1 4x"},"classes":[]},{"id":94693,"url":"https:\/\/staging.cultuurpers.nl\/fr\/2024\/07\/positieve-adviezen-voor-theaterfestival-boulevard\/","url_meta":{"origin":96127,"position":2},"title":"Avis positifs pour Theatre Festival Boulevard","author":"een van onze leden","date":"4 juillet 2024","format":false,"excerpt":"Cette semaine, le Fonds Podiumkunsten et la Province du Brabant-Septentrional ont annonc\u00e9 que le Theatre Festival Boulevard recevra \u00e9galement des subsides pour les quatre prochaines ann\u00e9es. Le mercredi 3 juillet, le Fonds des arts de la sc\u00e8ne a rendu son avis sur les subventions culturelles nationales pour la p\u00e9riode 2025-2028. Le Theatre Festival Boulevard est extr\u00eamement fier de l'avis positif du Fonds. Merci...","rel":"","context":"Dans &quot;ACTUEEL&quot;","block_context":{"text":"ACTUEEL","link":"https:\/\/staging.cultuurpers.nl\/fr\/genre\/nieuws\/"},"img":{"alt_text":"Boulevard op de Parade","src":"https:\/\/i0.wp.com\/staging.cultuurpers.nl\/wp-content\/uploads\/2024\/01\/boulevardparade.jpg?resize=350%2C200&ssl=1","width":350,"height":200,"srcset":"https:\/\/i0.wp.com\/staging.cultuurpers.nl\/wp-content\/uploads\/2024\/01\/boulevardparade.jpg?resize=350%2C200&ssl=1 1x, https:\/\/i0.wp.com\/staging.cultuurpers.nl\/wp-content\/uploads\/2024\/01\/boulevardparade.jpg?resize=525%2C300&ssl=1 1.5x, https:\/\/i0.wp.com\/staging.cultuurpers.nl\/wp-content\/uploads\/2024\/01\/boulevardparade.jpg?resize=700%2C400&ssl=1 2x, https:\/\/i0.wp.com\/staging.cultuurpers.nl\/wp-content\/uploads\/2024\/01\/boulevardparade.jpg?resize=1050%2C600&ssl=1 3x, https:\/\/i0.wp.com\/staging.cultuurpers.nl\/wp-content\/uploads\/2024\/01\/boulevardparade.jpg?resize=1400%2C800&ssl=1 4x"},"classes":[]},{"id":87687,"url":"https:\/\/staging.cultuurpers.nl\/fr\/2022\/08\/podcast-editie-2022-baadt-in-zomerwarmte-en-vindt-een-nieuw-hart-lyrisch-ja-tfboulevard\/","url_meta":{"origin":96127,"position":3},"title":"Podcast ! Edition 2022 se baigne dans la chaleur de l'\u00e9t\u00e9 et trouve un nouveau c\u0153ur (lyriquement ? Oui.) #fboulevard","author":"Wijbrand Schaap","date":"10 ao\u00fbt 2022","format":false,"excerpt":"Nous faisons le point \u00e0 mi-parcours de cette \u00e9dition du Theatre Festival Boulevard \u00e0 Den Bosch. L'animateur Wijbrand Schaap le fait en compagnie de Dana Kibbelaar, membre depuis cette ann\u00e9e de la direction bic\u00e9phale (avec Tessa Smeulers), de l'\u00e9crivain et journaliste Jowi Schmitz, de la critique de danse Helen Westerik, et des cr\u00e9ateurs Oscar Kocken et Jellie Schippers.","rel":"","context":"Dans &quot;ACTUEEL&quot;","block_context":{"text":"ACTUEEL","link":"https:\/\/staging.cultuurpers.nl\/fr\/genre\/nieuws\/"},"img":{"alt_text":"","src":"https:\/\/i0.wp.com\/staging.cultuurpers.nl\/wp-content\/uploads\/2022\/08\/boulevard2022domkoepel-scaled.jpg?resize=350%2C200&ssl=1","width":350,"height":200,"srcset":"https:\/\/i0.wp.com\/staging.cultuurpers.nl\/wp-content\/uploads\/2022\/08\/boulevard2022domkoepel-scaled.jpg?resize=350%2C200&ssl=1 1x, https:\/\/i0.wp.com\/staging.cultuurpers.nl\/wp-content\/uploads\/2022\/08\/boulevard2022domkoepel-scaled.jpg?resize=525%2C300&ssl=1 1.5x, https:\/\/i0.wp.com\/staging.cultuurpers.nl\/wp-content\/uploads\/2022\/08\/boulevard2022domkoepel-scaled.jpg?resize=700%2C400&ssl=1 2x, https:\/\/i0.wp.com\/staging.cultuurpers.nl\/wp-content\/uploads\/2022\/08\/boulevard2022domkoepel-scaled.jpg?resize=1050%2C600&ssl=1 3x, https:\/\/i0.wp.com\/staging.cultuurpers.nl\/wp-content\/uploads\/2022\/08\/boulevard2022domkoepel-scaled.jpg?resize=1400%2C800&ssl=1 4x"},"classes":[]},{"id":93168,"url":"https:\/\/staging.cultuurpers.nl\/fr\/2024\/01\/theaterfestival-boulevard-keert-met-de-40e-editie-definitief-terug-naar-de-binnenstad\/","url_meta":{"origin":96127,"position":4},"title":"Le festival de th\u00e9\u00e2tre Boulevard revient pour de bon au centre-ville avec sa 40e \u00e9dition","author":"een van onze leden","date":"9 janvier 2024","format":false,"excerpt":"In augustus keert Theaterfestival Boulevard terug naar de binnenstad van \u2018s-Hertogenbosch. Na drie mooie jaren in het Zuiderpark komt het festivalhart terug naar de Parade. De afgelopen drie jaar bouwde Boulevard haar festivalhart op in het Zuiderpark, met een dependance op de Parade en voorstellingen dwars door de stad. De\u2026","rel":"","context":"Dans &quot;Boulevard&quot;","block_context":{"text":"Boulevard","link":"https:\/\/staging.cultuurpers.nl\/fr\/genre\/service\/specials\/boulevard\/"},"img":{"alt_text":"Boulevard op de Parade","src":"https:\/\/i0.wp.com\/staging.cultuurpers.nl\/wp-content\/uploads\/2024\/01\/boulevardparade.jpg?resize=350%2C200&ssl=1","width":350,"height":200,"srcset":"https:\/\/i0.wp.com\/staging.cultuurpers.nl\/wp-content\/uploads\/2024\/01\/boulevardparade.jpg?resize=350%2C200&ssl=1 1x, https:\/\/i0.wp.com\/staging.cultuurpers.nl\/wp-content\/uploads\/2024\/01\/boulevardparade.jpg?resize=525%2C300&ssl=1 1.5x, https:\/\/i0.wp.com\/staging.cultuurpers.nl\/wp-content\/uploads\/2024\/01\/boulevardparade.jpg?resize=700%2C400&ssl=1 2x, https:\/\/i0.wp.com\/staging.cultuurpers.nl\/wp-content\/uploads\/2024\/01\/boulevardparade.jpg?resize=1050%2C600&ssl=1 3x, https:\/\/i0.wp.com\/staging.cultuurpers.nl\/wp-content\/uploads\/2024\/01\/boulevardparade.jpg?resize=1400%2C800&ssl=1 4x"},"classes":[]},{"id":69275,"url":"https:\/\/staging.cultuurpers.nl\/fr\/2021\/03\/viktorien-van-hulst-vertrekt-bij-theaterfestival-boulevard\/","url_meta":{"origin":96127,"position":5},"title":"Viktorien van Hulst quitte le Theatre Festival Boulevard.","author":"een van onze leden","date":"11 mars 2021","format":false,"excerpt":"Na ruim zes jaar directeurschap verlaat Viktorien van Hulst Stichting Theaterfestival Boulevard \u2019s-Hertogenbosch en Stichting Bosse Nova. Zij start per 1 juli als directeur-bestuurder bij het Fonds Podiumkunsten, waar ze Henri\u00ebtte Post opvolgt. Het Fonds Podiumkunsten geeft namens de Rijksoverheid ondersteuning aan alle vormen van professionele podiumkunsten en heeft daarvoor\u2026","rel":"","context":"Dans &quot;Boulevard&quot;","block_context":{"text":"Boulevard","link":"https:\/\/staging.cultuurpers.nl\/fr\/genre\/service\/specials\/boulevard\/"},"img":{"alt_text":"","src":"https:\/\/i0.wp.com\/staging.cultuurpers.nl\/wp-content\/uploads\/2021\/03\/2018-08-02-BLVRD-OPENING_cKarinJonkers005.jpg?resize=350%2C200&ssl=1","width":350,"height":200,"srcset":"https:\/\/i0.wp.com\/staging.cultuurpers.nl\/wp-content\/uploads\/2021\/03\/2018-08-02-BLVRD-OPENING_cKarinJonkers005.jpg?resize=350%2C200&ssl=1 1x, https:\/\/i0.wp.com\/staging.cultuurpers.nl\/wp-content\/uploads\/2021\/03\/2018-08-02-BLVRD-OPENING_cKarinJonkers005.jpg?resize=525%2C300&ssl=1 1.5x, https:\/\/i0.wp.com\/staging.cultuurpers.nl\/wp-content\/uploads\/2021\/03\/2018-08-02-BLVRD-OPENING_cKarinJonkers005.jpg?resize=700%2C400&ssl=1 2x, https:\/\/i0.wp.com\/staging.cultuurpers.nl\/wp-content\/uploads\/2021\/03\/2018-08-02-BLVRD-OPENING_cKarinJonkers005.jpg?resize=1050%2C600&ssl=1 3x, https:\/\/i0.wp.com\/staging.cultuurpers.nl\/wp-content\/uploads\/2021\/03\/2018-08-02-BLVRD-OPENING_cKarinJonkers005.jpg?resize=1400%2C800&ssl=1 4x"},"classes":[]}],"jetpack_shortlink":"https:\/\/wp.me\/p3yKke-p0r","jetpack_sharing_enabled":true,"_links":{"self":[{"href":"https:\/\/staging.cultuurpers.nl\/fr\/wp-json\/wp\/v2\/posts\/96127","targetHints":{"allow":["GET"]}}],"collection":[{"href":"https:\/\/staging.cultuurpers.nl\/fr\/wp-json\/wp\/v2\/posts"}],"about":[{"href":"https:\/\/staging.cultuurpers.nl\/fr\/wp-json\/wp\/v2\/types\/post"}],"author":[{"embeddable":true,"href":"https:\/\/staging.cultuurpers.nl\/fr\/wp-json\/wp\/v2\/users\/13"}],"replies":[{"embeddable":true,"href":"https:\/\/staging.cultuurpers.nl\/fr\/wp-json\/wp\/v2\/comments?post=96127"}],"version-history":[{"count":1,"href":"https:\/\/staging.cultuurpers.nl\/fr\/wp-json\/wp\/v2\/posts\/96127\/revisions"}],"predecessor-version":[{"id":96129,"href":"https:\/\/staging.cultuurpers.nl\/fr\/wp-json\/wp\/v2\/posts\/96127\/revisions\/96129"}],"wp:featuredmedia":[{"embeddable":true,"href":"https:\/\/staging.cultuurpers.nl\/fr\/wp-json\/wp\/v2\/media\/96128"}],"wp:attachment":[{"href":"https:\/\/staging.cultuurpers.nl\/fr\/wp-json\/wp\/v2\/media?parent=96127"}],"wp:term":[{"taxonomy":"category","embeddable":true,"href":"https:\/\/staging.cultuurpers.nl\/fr\/wp-json\/wp\/v2\/categories?post=96127"},{"taxonomy":"post_tag","embeddable":true,"href":"https:\/\/staging.cultuurpers.nl\/fr\/wp-json\/wp\/v2\/tags?post=96127"}],"curies":[{"name":"wp","href":"https:\/\/api.w.org\/{rel}","templated":true}]}}