{"id":96084,"date":"2025-01-17T18:11:51","date_gmt":"2025-01-17T17:11:51","guid":{"rendered":"https:\/\/cultureelpersbureau.nl\/?p=96084"},"modified":"2025-01-17T18:11:54","modified_gmt":"2025-01-17T17:11:54","slug":"minister-bruins-sluit-cultuurconvenanten-met-medeoverheden-op-eurosonic-noorderslag","status":"publish","type":"post","link":"https:\/\/staging.cultuurpers.nl\/fr\/2025\/01\/minister-bruins-sluit-cultuurconvenanten-met-medeoverheden-op-eurosonic-noorderslag\/","title":{"rendered":"Le ministre Bruins signe des accords culturels avec d'autres gouvernements \u00e0 l'Eurosonic Noorderslag"},"content":{"rendered":"\n<p><strong>Minister Bruins (Onderwijs, Cultuur en Wetenschap) heeft in negen[1] cultuurconvenanten afspraken gemaakt met provincies, gemeenten en de cultuurregio\u2019s[2] voor de periode 2025-2028. Voor het eerst zijn alle twaalf provincies hierin vertegenwoordigd. In de convenanten staan afspraken tussen het ministerie en de medeoverheden, vanuit het gedeelde belang van cultuur, over de gezamenlijke verantwoordelijkheid voor de cultuursector en de onderlinge samenwerking op cultuurgebied. De convenanten zijn ondertekend tijdens ESNS (Eurosonic Noorderslag), een jaarlijks muziekfestival in Groningen.\u00a0<\/strong><\/p>\n\n\n\n<p>Eppo Bruins, minister van Onderwijs, Cultuur en Wetenschap: &#8220;<em>Cultuur is bij uitstek iets van ons allemaal. We maken daarom met verschillende overheden afspraken over de inzet van cultuurbeleid en de prioriteiten die we hieraan geven. De aandacht voor talent heeft hierin een belangrijke rol, waarbij we vooral creatieve makers de ruimte willen geven om zich te ontplooien. Zo werken we aan het fundament van een levendige en toekomstbestendige culturele sector.&#8221;<\/em><\/p>\n\n\n\n<p>In de convenanten maken OCW en de medeoverheden afspraken over gezamenlijke prioriteiten op cultuurgebied. Daarmee wordt de culturele sector in het hele land versterkt. Zo worden in alle convenanten de subsidies aan meerjarig ondersteunde instellingen vastgelegd en afspraken gemaakt over het naleven van de culturele codes, eerlijke beloning voor makers, het belang van talentontwikkeling en de omgang met publieke collecties. Daarnaast worden specifieke afspraken gemaakt die aansluiten op de behoeften van de individuele regio\u2019s. De negen convenanten bieden een stevige basis voor de waardevolle samenwerking tussen overheden op het gebied van cultuur in de komende vier jaar.\u00a0 De convenantsafspraken dragen bij aan het lokale maakklimaat, waardoor regionale talentennetwerken zoals bijvoorbeeld Muziekhub NOORD in We The North en PLAN Brabant in BrabantStad zich kunnen ontwikkelen.<\/p>\n\n\n\n<p>De negen cultuurconvenanten zijn op 17 januari 2025 ondertekend tijdens ESNS, een jaarlijks muziekfestival en conferentie in Groningen, waar Europees en Nederlands muziektalent in de schijnwerpers wordt gezet en muziekprofessionals samenkomen om kennis op te doen over nieuwe ontwikkelingen in de muziekindustrie.<\/p>\n\n\n\n[1] De convenantsgebieden waarmee afspraken zijn gemaakt zijn Flevoland, Landsdeel Oost, Limburg, Noord-Brabant, Noord-Holland, Utrecht, We the North, Zeeland en Zuid-Holland.<\/p>\n\n\n\n[2] De cultuurregio\u2019s zijn samenwerkingsverbanden tussen provincies en gemeenten op gebied van cultuurbeleid. Er zijn 19 cultuurregio\u2019s verspreid over Nederland.<\/p>\n","protected":false},"excerpt":{"rendered":"<p>Minister Bruins (Onderwijs, Cultuur en Wetenschap) heeft in negen[1] cultuurconvenanten afspraken gemaakt met provincies, gemeenten en de cultuurregio\u2019s[2] voor de periode 2025-2028. Voor het eerst zijn alle twaalf provincies hierin vertegenwoordigd. In de convenanten staan afspraken tussen het ministerie en de medeoverheden, vanuit het gedeelde belang van cultuur, over de gezamenlijke verantwoordelijkheid voor de cultuursector&hellip;&nbsp;<a href=\"https:\/\/staging.cultuurpers.nl\/fr\/2025\/01\/minister-bruins-sluit-cultuurconvenanten-met-medeoverheden-op-eurosonic-noorderslag\/\" rel=\"bookmark\">Read More &raquo;<span class=\"screen-reader-text\">Minister Bruins sluit cultuurconvenanten met medeoverheden op Eurosonic Noorderslag<\/span><\/a><\/p>\n","protected":false},"author":13,"featured_media":65060,"comment_status":"open","ping_status":"closed","sticky":false,"template":"","format":"standard","meta":{"_eb_attr":"","_monsterinsights_skip_tracking":false,"_monsterinsights_sitenote_active":false,"_monsterinsights_sitenote_note":"","_monsterinsights_sitenote_category":0,"neve_meta_sidebar":"","neve_meta_container":"","neve_meta_enable_content_width":"","neve_meta_content_width":0,"neve_meta_title_alignment":"","neve_meta_author_avatar":"","neve_post_elements_order":"","neve_meta_disable_header":"","neve_meta_disable_footer":"","neve_meta_disable_title":"","neve_meta_reading_time":"","_themeisle_gutenberg_block_has_review":false,"_jetpack_memberships_contains_paid_content":false,"activitypub_content_warning":null,"activitypub_content_visibility":null,"activitypub_max_image_attachments":3,"activitypub_interaction_policy_quote":"anyone","activitypub_status":"federated","footnotes":"","jetpack_publicize_message":"","jetpack_publicize_feature_enabled":true,"jetpack_social_post_already_shared":false,"jetpack_social_options":{"image_generator_settings":{"template":"highway","enabled":false},"version":2}},"categories":[15614,11917],"tags":[9041],"class_list":["post-96084","post","type-post","status-publish","format-standard","has-post-thumbnail","hentry","category-beleid","category-persberichten","tag-ministerie-van-ocw"],"aioseo_notices":[],"jetpack_publicize_connections":[],"jetpack_featured_media_url":"https:\/\/staging.cultuurpers.nl\/wp-content\/uploads\/2020\/05\/Logo_ministerie_OCW.svg_.png","jetpack-related-posts":[{"id":65806,"url":"https:\/\/staging.cultuurpers.nl\/fr\/2020\/06\/eurosonic-noorderslag-en-scapino-mogelijk-gered-maar-dan-wel-ten-koste-van-nieuwe-kunstaankopen-tkcultuur\/","url_meta":{"origin":96084,"position":0},"title":"Eurosonic\/Noorderslag et Scapino sont peut-\u00eatre sauv\u00e9s. Mais au d\u00e9triment de nouvelles acquisitions d'\u0153uvres d'art. #tkculture","author":"Wijbrand Schaap","date":"29 juin 2020","format":false,"excerpt":"Creativiteit uit zich in de Nederlandse politiek vooral in het boekhouden. Op 29 juni, vlak voor het begin van het drie maanden durende zomerreces, vond de Tweede Kamer zowaar geld om popfestival Noorderslag en dansgezelschap Scapino te redden van de ondergang. Die ondergang zou in het nieuwe kunstenplan, dat in\u2026","rel":"","context":"Dans &quot;ACTUEEL&quot;","block_context":{"text":"ACTUEEL","link":"https:\/\/staging.cultuurpers.nl\/fr\/genre\/nieuws\/"},"img":{"alt_text":"","src":"https:\/\/i0.wp.com\/staging.cultuurpers.nl\/wp-content\/uploads\/2020\/06\/Schermafdruk-van-2020-06-29-13-57-41.png?resize=350%2C200&ssl=1","width":350,"height":200,"srcset":"https:\/\/i0.wp.com\/staging.cultuurpers.nl\/wp-content\/uploads\/2020\/06\/Schermafdruk-van-2020-06-29-13-57-41.png?resize=350%2C200&ssl=1 1x, https:\/\/i0.wp.com\/staging.cultuurpers.nl\/wp-content\/uploads\/2020\/06\/Schermafdruk-van-2020-06-29-13-57-41.png?resize=525%2C300&ssl=1 1.5x, https:\/\/i0.wp.com\/staging.cultuurpers.nl\/wp-content\/uploads\/2020\/06\/Schermafdruk-van-2020-06-29-13-57-41.png?resize=700%2C400&ssl=1 2x"},"classes":[]},{"id":97275,"url":"https:\/\/staging.cultuurpers.nl\/fr\/2025\/05\/raad-voor-cultuur-doet-aanbevelingen-voor-het-nieuwe-cultuurbestel\/","url_meta":{"origin":96084,"position":1},"title":"Le Conseil de la culture formule des recommandations pour un nouveau syst\u00e8me culturel","author":"een van onze leden","date":"12 mai 2025","format":false,"excerpt":"De Raad voor Cultuur adviseert om de subsidieperiode voor culturele instellingen en fondsen structureel aan te passen van vier naar acht jaar. Dit biedt meer ruimte voor artistieke vernieuwing en stimuleert samenwerking en verdieping. Ook verlaagt het de administratieve lasten en versterkt het de positie van instellingen als samenwerkingspartner voor\u2026","rel":"","context":"Dans &quot;beleid&quot;","block_context":{"text":"beleid","link":"https:\/\/staging.cultuurpers.nl\/fr\/genre\/beleid\/"},"img":{"alt_text":"logo raad voor cultuur","src":"https:\/\/i0.wp.com\/staging.cultuurpers.nl\/wp-content\/uploads\/2015\/10\/raad-voor-cultuur.jpg?resize=350%2C200&ssl=1","width":350,"height":200,"srcset":"https:\/\/i0.wp.com\/staging.cultuurpers.nl\/wp-content\/uploads\/2015\/10\/raad-voor-cultuur.jpg?resize=350%2C200&ssl=1 1x, https:\/\/i0.wp.com\/staging.cultuurpers.nl\/wp-content\/uploads\/2015\/10\/raad-voor-cultuur.jpg?resize=525%2C300&ssl=1 1.5x, https:\/\/i0.wp.com\/staging.cultuurpers.nl\/wp-content\/uploads\/2015\/10\/raad-voor-cultuur.jpg?resize=700%2C400&ssl=1 2x"},"classes":[]},{"id":93267,"url":"https:\/\/staging.cultuurpers.nl\/fr\/2024\/01\/grensoverschrijdend-gedrag-nog-steeds-een-groot-probleem-in-de-muzieksector\/","url_meta":{"origin":96084,"position":2},"title":"Les comportements transfrontaliers restent un probl\u00e8me majeur dans l'industrie de la musique","author":"een van onze leden","date":"18 janvier 2024","format":false,"excerpt":"Nieuws uit de sector. De muzieksector moet veiliger en inclusiever. Die conclusie trekt de industrie zelf na onderzoek van Movisie onder bijna 1.000 muziekprofessionals. Daarin zegt meer dan 50% van de respondenten dat zij te maken hebben gehad met grensoverschrijdend gedrag tijdens hun werk in de vorm van discriminatie, agressie\u2026","rel":"","context":"Dans &quot;ACTUEEL&quot;","block_context":{"text":"ACTUEEL","link":"https:\/\/staging.cultuurpers.nl\/fr\/genre\/nieuws\/"},"img":{"alt_text":"","src":"","width":0,"height":0},"classes":[]},{"id":96699,"url":"https:\/\/staging.cultuurpers.nl\/fr\/2025\/03\/minister-bruins-wil-bijzondere-middeleeuwse-ring-in-nederland-houden\/","url_meta":{"origin":96084,"position":3},"title":"Le ministre Bruins souhaite que l'anneau m\u00e9di\u00e9val sp\u00e9cial reste aux Pays-Bas","author":"een van onze leden","date":"6 mars 2025","format":false,"excerpt":"Minister Bruins (Onderwijs, Cultuur en Wetenschap) wil voorkomen dat een gouden middeleeuwse ring in het buitenland wordt verkocht. Hij heeft het proces gestart om de ring voor Nederland te behouden, na een verzoek om deze voor verkoop naar het buitenland te vervoeren. De minister heeft besloten dat het object in\u2026","rel":"","context":"Dans &quot;beleid&quot;","block_context":{"text":"beleid","link":"https:\/\/staging.cultuurpers.nl\/fr\/genre\/beleid\/"},"img":{"alt_text":"","src":"https:\/\/i0.wp.com\/staging.cultuurpers.nl\/wp-content\/uploads\/2025\/03\/eb91f986-a666-7728-cf2f-36bac09b617a.jpg?resize=350%2C200&ssl=1","width":350,"height":200,"srcset":"https:\/\/i0.wp.com\/staging.cultuurpers.nl\/wp-content\/uploads\/2025\/03\/eb91f986-a666-7728-cf2f-36bac09b617a.jpg?resize=350%2C200&ssl=1 1x, https:\/\/i0.wp.com\/staging.cultuurpers.nl\/wp-content\/uploads\/2025\/03\/eb91f986-a666-7728-cf2f-36bac09b617a.jpg?resize=525%2C300&ssl=1 1.5x, https:\/\/i0.wp.com\/staging.cultuurpers.nl\/wp-content\/uploads\/2025\/03\/eb91f986-a666-7728-cf2f-36bac09b617a.jpg?resize=700%2C400&ssl=1 2x, https:\/\/i0.wp.com\/staging.cultuurpers.nl\/wp-content\/uploads\/2025\/03\/eb91f986-a666-7728-cf2f-36bac09b617a.jpg?resize=1050%2C600&ssl=1 3x, https:\/\/i0.wp.com\/staging.cultuurpers.nl\/wp-content\/uploads\/2025\/03\/eb91f986-a666-7728-cf2f-36bac09b617a.jpg?resize=1400%2C800&ssl=1 4x"},"classes":[]}],"jetpack_shortlink":"https:\/\/wp.me\/p3yKke-oZK","jetpack_sharing_enabled":true,"_links":{"self":[{"href":"https:\/\/staging.cultuurpers.nl\/fr\/wp-json\/wp\/v2\/posts\/96084","targetHints":{"allow":["GET"]}}],"collection":[{"href":"https:\/\/staging.cultuurpers.nl\/fr\/wp-json\/wp\/v2\/posts"}],"about":[{"href":"https:\/\/staging.cultuurpers.nl\/fr\/wp-json\/wp\/v2\/types\/post"}],"author":[{"embeddable":true,"href":"https:\/\/staging.cultuurpers.nl\/fr\/wp-json\/wp\/v2\/users\/13"}],"replies":[{"embeddable":true,"href":"https:\/\/staging.cultuurpers.nl\/fr\/wp-json\/wp\/v2\/comments?post=96084"}],"version-history":[{"count":1,"href":"https:\/\/staging.cultuurpers.nl\/fr\/wp-json\/wp\/v2\/posts\/96084\/revisions"}],"predecessor-version":[{"id":96085,"href":"https:\/\/staging.cultuurpers.nl\/fr\/wp-json\/wp\/v2\/posts\/96084\/revisions\/96085"}],"wp:featuredmedia":[{"embeddable":true,"href":"https:\/\/staging.cultuurpers.nl\/fr\/wp-json\/wp\/v2\/media\/65060"}],"wp:attachment":[{"href":"https:\/\/staging.cultuurpers.nl\/fr\/wp-json\/wp\/v2\/media?parent=96084"}],"wp:term":[{"taxonomy":"category","embeddable":true,"href":"https:\/\/staging.cultuurpers.nl\/fr\/wp-json\/wp\/v2\/categories?post=96084"},{"taxonomy":"post_tag","embeddable":true,"href":"https:\/\/staging.cultuurpers.nl\/fr\/wp-json\/wp\/v2\/tags?post=96084"}],"curies":[{"name":"wp","href":"https:\/\/api.w.org\/{rel}","templated":true}]}}