{"id":96035,"date":"2025-01-13T15:26:58","date_gmt":"2025-01-13T14:26:58","guid":{"rendered":"https:\/\/cultureelpersbureau.nl\/?p=96035"},"modified":"2025-01-13T15:37:36","modified_gmt":"2025-01-13T14:37:36","slug":"vpro-boeken-10-jaar-podium-klassiek-en-groenteman-in-amersfoort-de-culturele-tv-zondagavond-houdt-dapper-stand","status":"publish","type":"post","link":"https:\/\/staging.cultuurpers.nl\/fr\/2025\/01\/vpro-boeken-10-jaar-podium-klassiek-en-groenteman-in-amersfoort-de-culturele-tv-zondagavond-houdt-dapper-stand\/","title":{"rendered":"VPRO Books, 10 ans de Podium Klassiek et Groenteman \u00e0 Amersfoort : les dimanches soirs de la t\u00e9l\u00e9vision culturelle tiennent courageusement leur rang"},"content":{"rendered":"<p>Floris Kortie est devenu adulte. Le plus joyeux drille de l'industrie de la musique classique a prouv\u00e9 en 2024 qu'il pouvait porter Podium Klassiek \u00e0 lui tout seul. Il est tout \u00e0 son honneur d'avoir r\u00e9ussi \u00e0 sortir d'une crise profonde la suite de Podium Witteman, o\u00f9 il avait le droit d'\u00eatre en roue libre en tant que neveu perspicace. Apr\u00e8s le d\u00e9part de Mike Bodd\u00e9, qui a d\u00e9clar\u00e9 qu'il voulait plus d'argent, et le d\u00e9part tragique de Dieuwertje Blok pour des raisons de sant\u00e9, il a sembl\u00e9 pendant un certain temps que nous \u00e9tions dans une situation de crise. <a href=\"https:\/\/staging.cultuurpers.nl\/2023\/09\/floris-kortie-verdient-alle-steun-bij-zijn-podium-klassiek-solo\/\">maison de la mort<\/a> avait abouti. L'ASBL Classique pourrait-elle survivre sans un vieux routier comme Paul Witteman ?&nbsp;<\/p>\n\n\n\n<p>Le dimanche 12 janvier, le vieux routier s'est assis avec fiert\u00e9, mais aussi un peu de suffisance, au premier rang du public lors de l'\u00e9mission anniversaire du programme qui a vu le jour sous son nom, entour\u00e9 de son r\u00e9dacteur en chef de l'\u00e9poque, aujourd'hui r\u00e9dacteur en chef de Classical \u00e0 l'ONP, Makira Mual. Il y a de quoi \u00eatre fier, car Podium Klassiek est comme une maison heureuse. Il offre de nombreuses occasions de s'extasier sur la musique classique et de renverser ces vaches sacr\u00e9es un peu plus tard avec un morceau de jazz, de musique du monde ou de Cor Bakker.&nbsp;<\/p>\n\n\n\n<h2 class=\"wp-block-heading\">Le voyageur en musique<\/h2>\n\n\n\n<p>Cette \u00e9mission festive a \u00e9t\u00e9 marqu\u00e9e par un retour en arri\u00e8re sur des programmes musicaux aujourd'hui disparus qui ne s'appelaient pas Countdown ou Toppop. En particulier <a href=\"https:\/\/www.youtube.com\/watch?v=SGd01lmTsgk\">Le voyageur en musique<\/a> \u00e9voquait des sentiments chaleureux. Cela s'est r\u00e9percut\u00e9 sur l'audience. Bien que l'on puisse \u00e9galement comprendre qu'un programme aussi exclusif ferait tr\u00e8s bien l'affaire sous la forme d'un rag ou d'un podcast avec un enthousiaste\/pr\u00e9sentateur ringard plongeant dans les profondeurs avec un coll\u00e8gue musicien pendant une heure.&nbsp;<\/p>\n\n\n\n<p>Qu'une telle chose ait \u00e9t\u00e9 possible sur le premier r\u00e9seau de la t\u00e9l\u00e9vision nationale rend nostalgique. Il fut un temps o\u00f9 l'on acceptait que les programmes soient faits pour 25 000 t\u00e9l\u00e9spectateurs, qui ne regarderaient jamais Maestro, m\u00eame si on les y obligeait.&nbsp;<\/p>\n\n\n\n<h2 class=\"wp-block-heading\">Lotje Ijzermans<\/h2>\n\n\n\n<p>Les programmes culturels qui pr\u00e9c\u00e8dent et suivent Podium Klassiek ne sont pas diffus\u00e9s en direct. Pour les livres, ce n'est pas toujours n\u00e9cessaire. En ce qui me concerne, ils pourraient \u00eatre plus d\u00e9tach\u00e9s de l'actualit\u00e9. Par exemple, qu'on ne pose pas au m\u00eame \u00e9crivain les m\u00eames questions sur son nouveau livre et qu'on ne lui donne pas les m\u00eames r\u00e9ponses qui ont d\u00e9j\u00e0 \u00e9t\u00e9 trait\u00e9es dans des dizaines d'autres m\u00e9dias.&nbsp;<\/p>\n\n\n\n<p>Mais alors, la VPRO Books peut-elle ignorer Herman Koch ? Quoi qu'il en soit, la deuxi\u00e8me \u00e9mission a \u00e9t\u00e9 beaucoup plus surprenante le dimanche 12 janvier. Lotje Ijzermans s'est entretenue de mani\u00e8re int\u00e9ressante avec des \u00e9crivains qui avaient quelque chose \u00e0 dire que nous ne connaissions pas encore.&nbsp;<\/p>\n\n\n\n<h2 class=\"wp-block-heading\">L'orchestre de Gijs Groenteman<\/h2>\n\n\n\n<p>Le mois dernier, Groenteman \u00e9tait dans un dr\u00f4le de petit th\u00e9\u00e2tre \u00e0 Amersfoort. Lors de la premi\u00e8re \u00e9mission, il a pu assister \u00e0 un spectacle grandiose avec la reine du gospel des Pays-Bas. N'\u00e9tait-il pas dommage que cette \u00e9mission, remplie de racines surinamaises, co\u00efncide avec les \"fun\u00e9railles populaires\" de Desi Bouterse, et qu'elle n'ait rien \u00e0 voir avec ce sujet ? C'est le seul moment o\u00f9 le journaliste en moi a regrett\u00e9 que l'\u00e9mission ait \u00e9t\u00e9 enregistr\u00e9e un gros mois plus t\u00f4t,&nbsp;<\/p>\n\n\n\n<p>Il reste que le Groenteman du dimanche devrait avoir un autre groupe maison. Il devrait s'inspirer de Podium Klassiek. L'orchestre maison de ce programme, Fuse, est tr\u00e8s demand\u00e9 sur les sc\u00e8nes nationales et compte des musiciens attrayants. L'orchestre de Groenteman n'a pas cet attrait. Ils sont l\u00e0 pour accompagner. Les chanteurs ont l'air d'\u00eatre des chanteurs de fond, et tous les musiciens refusent de se d\u00e9marquer.&nbsp;<\/p>\n\n\n\n<p>Ne serait-il pas agr\u00e9able d'y avoir un club de caract\u00e8re, comme Fuse ? Un tel club pourrait ouvrir de nouveaux horizons aux invit\u00e9s principaux de l'\u00e9mission. Nous attendrons la prochaine saison pour cela.\u00a0<\/p>","protected":false},"excerpt":{"rendered":"<p>Floris Kortie a atteint l'\u00e2ge adulte. Le plus joyeux drille de l'industrie de la musique classique a prouv\u00e9 en 2024 qu'il pouvait porter Podium Klassiek \u00e0 lui tout seul. Il est tout \u00e0 son honneur d'avoir r\u00e9ussi \u00e0 sortir d'une crise profonde la suite de Podium Witteman, o\u00f9 il avait le droit d'\u00eatre en roue libre en tant que neveu perspicace. Apr\u00e8s le d\u00e9part de Mike Bodd\u00e9, qui, selon lui, est plus...&nbsp;<a href=\"https:\/\/staging.cultuurpers.nl\/fr\/2025\/01\/vpro-boeken-10-jaar-podium-klassiek-en-groenteman-in-amersfoort-de-culturele-tv-zondagavond-houdt-dapper-stand\/\" rel=\"bookmark\">Lire la suite \"<span class=\"screen-reader-text\">VPRO Books, 10 ans de Podium Klassiek et Groenteman \u00e0 Amersfoort : les dimanches soirs de la t\u00e9l\u00e9vision culturelle tiennent courageusement leur rang<\/span><\/a><\/p>","protected":false},"author":4,"featured_media":96036,"comment_status":"open","ping_status":"closed","sticky":false,"template":"","format":"standard","meta":{"_eb_attr":"","_monsterinsights_skip_tracking":false,"_monsterinsights_sitenote_active":false,"_monsterinsights_sitenote_note":"","_monsterinsights_sitenote_category":0,"neve_meta_sidebar":"","neve_meta_container":"","neve_meta_enable_content_width":"","neve_meta_content_width":0,"neve_meta_title_alignment":"","neve_meta_author_avatar":"","neve_post_elements_order":"","neve_meta_disable_header":"","neve_meta_disable_footer":"","neve_meta_disable_title":"","neve_meta_reading_time":"","_themeisle_gutenberg_block_has_review":false,"_jetpack_memberships_contains_paid_content":false,"activitypub_content_warning":null,"activitypub_content_visibility":null,"activitypub_max_image_attachments":3,"activitypub_interaction_policy_quote":"anyone","activitypub_status":"federated","footnotes":"","jetpack_publicize_message":"","jetpack_publicize_feature_enabled":true,"jetpack_social_post_already_shared":false,"jetpack_social_options":{"image_generator_settings":{"template":"highway","enabled":false},"version":2}},"categories":[6095,4763,8843,8842,11687],"tags":[15842,16349,16350,58,16351],"class_list":["post-96035","post","type-post","status-publish","format-standard","has-post-thumbnail","hentry","category-featured","category-literatuur-2","category-podiumkunst","category-televisie","category-donatie-gevraagd","tag-floris-kortie","tag-gijs-groenteman","tag-npo-klassiek","tag-recensie","tag-vpro-boeken"],"aioseo_notices":[],"jetpack_publicize_connections":[],"jetpack_featured_media_url":"https:\/\/staging.cultuurpers.nl\/wp-content\/uploads\/2025\/01\/Screenshot-From-2025-01-13-15-15-07.png","jetpack-related-posts":[{"id":93545,"url":"https:\/\/staging.cultuurpers.nl\/fr\/2024\/02\/de-tv-zondagavond-is-weer-leuk-voor-mensen-die-niet-van-boeren-en-bakken-houden\/","url_meta":{"origin":96035,"position":0},"title":"La t\u00e9l\u00e9vision du dimanche soir est \u00e0 nouveau amusante pour les personnes qui n'aiment pas l'agriculture et la p\u00e2tisserie.\u00a0","author":"Wijbrand Schaap","date":"14 f\u00e9vrier 2024","format":false,"excerpt":"L'ancien domaine de la VPRO, \u00e9tabli au cours de d\u00e9cennies de simplisme m\u00e9ticuleux et d\u00e9sesp\u00e9r\u00e9, de Tegenlicht et de Zomer- dan Wintergasten, a d\u00e9p\u00e9ri pendant un certain temps. La terreur des t\u00e9l\u00e9spectateurs a fragment\u00e9 les offres \u00e9litistes et s\u00fbres. BNNVARA a cherch\u00e9 un ton et ne l'a pas trouv\u00e9. Les omnivores culturels comme votre serviteur ne pouvaient plus allumer impun\u00e9ment la t\u00e9l\u00e9vision 2 pour la regarder apr\u00e8s la fin de l'ann\u00e9e.","rel":"","context":"Dans &quot;beleid&quot;","block_context":{"text":"beleid","link":"https:\/\/staging.cultuurpers.nl\/fr\/genre\/beleid\/"},"img":{"alt_text":"Floris Kortie op de nieuwe webpagina van Podium Klassiek","src":"https:\/\/i0.wp.com\/staging.cultuurpers.nl\/wp-content\/uploads\/2023\/09\/Schermafdruk-van-2023-09-11-11-25-34-e1694425163835.png?resize=350%2C200&ssl=1","width":350,"height":200,"srcset":"https:\/\/i0.wp.com\/staging.cultuurpers.nl\/wp-content\/uploads\/2023\/09\/Schermafdruk-van-2023-09-11-11-25-34-e1694425163835.png?resize=350%2C200&ssl=1 1x, https:\/\/i0.wp.com\/staging.cultuurpers.nl\/wp-content\/uploads\/2023\/09\/Schermafdruk-van-2023-09-11-11-25-34-e1694425163835.png?resize=525%2C300&ssl=1 1.5x, https:\/\/i0.wp.com\/staging.cultuurpers.nl\/wp-content\/uploads\/2023\/09\/Schermafdruk-van-2023-09-11-11-25-34-e1694425163835.png?resize=700%2C400&ssl=1 2x, https:\/\/i0.wp.com\/staging.cultuurpers.nl\/wp-content\/uploads\/2023\/09\/Schermafdruk-van-2023-09-11-11-25-34-e1694425163835.png?resize=1050%2C600&ssl=1 3x, https:\/\/i0.wp.com\/staging.cultuurpers.nl\/wp-content\/uploads\/2023\/09\/Schermafdruk-van-2023-09-11-11-25-34-e1694425163835.png?resize=1400%2C800&ssl=1 4x"},"classes":[]},{"id":91872,"url":"https:\/\/staging.cultuurpers.nl\/fr\/2023\/09\/floris-kortie-verdient-alle-steun-bij-zijn-podium-klassiek-solo\/","url_meta":{"origin":96035,"position":1},"title":"Floris Kortie m\u00e9rite tout le soutien possible dans son solo de Podium Klassiek.","author":"Wijbrand Schaap","date":"11 septembre 2023","format":false,"excerpt":"Le dimanche 10 septembre, Podium Klassiek a ouvert la saison dans une version tr\u00e8s d\u00e9pouill\u00e9e. Floris Kortie \u00e9tait tout seul. Dans le monde de la radiodiffusion publique et de la musique classique, o\u00f9 les choses sont g\u00e9n\u00e9ralement fix\u00e9es trois ans \u00e0 l'avance, il se passait quelque chose. Je sentais que la fin approchait.","rel":"","context":"Dans &quot;ACTUEEL&quot;","block_context":{"text":"ACTUEEL","link":"https:\/\/staging.cultuurpers.nl\/fr\/genre\/nieuws\/"},"img":{"alt_text":"Floris Kortie op de nieuwe webpagina van Podium Klassiek","src":"https:\/\/i0.wp.com\/staging.cultuurpers.nl\/wp-content\/uploads\/2023\/09\/Schermafdruk-van-2023-09-11-11-25-34-e1694425163835.png?resize=350%2C200&ssl=1","width":350,"height":200,"srcset":"https:\/\/i0.wp.com\/staging.cultuurpers.nl\/wp-content\/uploads\/2023\/09\/Schermafdruk-van-2023-09-11-11-25-34-e1694425163835.png?resize=350%2C200&ssl=1 1x, https:\/\/i0.wp.com\/staging.cultuurpers.nl\/wp-content\/uploads\/2023\/09\/Schermafdruk-van-2023-09-11-11-25-34-e1694425163835.png?resize=525%2C300&ssl=1 1.5x, https:\/\/i0.wp.com\/staging.cultuurpers.nl\/wp-content\/uploads\/2023\/09\/Schermafdruk-van-2023-09-11-11-25-34-e1694425163835.png?resize=700%2C400&ssl=1 2x, https:\/\/i0.wp.com\/staging.cultuurpers.nl\/wp-content\/uploads\/2023\/09\/Schermafdruk-van-2023-09-11-11-25-34-e1694425163835.png?resize=1050%2C600&ssl=1 3x, https:\/\/i0.wp.com\/staging.cultuurpers.nl\/wp-content\/uploads\/2023\/09\/Schermafdruk-van-2023-09-11-11-25-34-e1694425163835.png?resize=1400%2C800&ssl=1 4x"},"classes":[]},{"id":19146,"url":"https:\/\/staging.cultuurpers.nl\/fr\/2014\/12\/niet-alleen-kunststof-tv-ook-ntr-podium-stopt-leve-podium-witteman\/","url_meta":{"origin":96035,"position":2},"title":"Il n'y a pas que Kunststof TV, NTR Podium s'arr\u00eate aussi. Longue vie \u00e0 Podium Witteman.","author":"Ruben Brugman","date":"29 d\u00e9cembre 2014","format":false,"excerpt":"NTR Podium: h\u00e9t televisieprogramma over muziek en dans, stopt ermee. Vanavond is de laatste uitzending met het Harmonium van John Adams door het Residentie Orkest. In 2015 maakt NTR Podium\u00a0plaats voor het nieuwe Podium Witteman. Dat gaat vooral\u00a0over klassieke muziek en jazz. Het\u00a0andere cultuurprogramma van de NTR, de live talkshow\u2026","rel":"","context":"Dans &quot;ACTUEEL&quot;","block_context":{"text":"ACTUEEL","link":"https:\/\/staging.cultuurpers.nl\/fr\/genre\/nieuws\/"},"img":{"alt_text":"NTR Podium","src":"https:\/\/i0.wp.com\/staging.cultuurpers.nl\/wp-content\/uploads\/2014\/12\/podium_header_home.jpg?resize=350%2C200&ssl=1","width":350,"height":200,"srcset":"https:\/\/i0.wp.com\/staging.cultuurpers.nl\/wp-content\/uploads\/2014\/12\/podium_header_home.jpg?resize=350%2C200&ssl=1 1x, https:\/\/i0.wp.com\/staging.cultuurpers.nl\/wp-content\/uploads\/2014\/12\/podium_header_home.jpg?resize=525%2C300&ssl=1 1.5x, https:\/\/i0.wp.com\/staging.cultuurpers.nl\/wp-content\/uploads\/2014\/12\/podium_header_home.jpg?resize=700%2C400&ssl=1 2x"},"classes":[]},{"id":21240,"url":"https:\/\/staging.cultuurpers.nl\/fr\/2015\/03\/tiende-tijl-is-goed-bewijst-podium-witteman\/","url_meta":{"origin":96035,"position":3},"title":"De Tiende van Tijl est bon, prouve Podium Witteman","author":"Frans van Hilten","date":"27 mars 2015","format":false,"excerpt":"Op deze website brak ik in december 2014 een lans voor tv-programma\u2019s als Maestro, die in de ogen van sommigen klassieke muziek als te makkelijk presenteerden. Diezelfde mensen zullen waarschijnlijk ook geen goed woord over hebben voor De Tiende van Tijl, waarin cabaretier Tijl Beckand klassieke muziek introduceert aan de\u2026","rel":"","context":"Dans &quot;MEDIA&quot;","block_context":{"text":"MEDIA","link":"https:\/\/staging.cultuurpers.nl\/fr\/genre\/media\/"},"img":{"alt_text":"De Tiende van Tijl promo","src":"https:\/\/i0.wp.com\/staging.cultuurpers.nl\/wp-content\/uploads\/2015\/03\/tijl2.png?resize=350%2C200&ssl=1","width":350,"height":200,"srcset":"https:\/\/i0.wp.com\/staging.cultuurpers.nl\/wp-content\/uploads\/2015\/03\/tijl2.png?resize=350%2C200&ssl=1 1x, https:\/\/i0.wp.com\/staging.cultuurpers.nl\/wp-content\/uploads\/2015\/03\/tijl2.png?resize=525%2C300&ssl=1 1.5x, https:\/\/i0.wp.com\/staging.cultuurpers.nl\/wp-content\/uploads\/2015\/03\/tijl2.png?resize=700%2C400&ssl=1 2x"},"classes":[]},{"id":32912,"url":"https:\/\/staging.cultuurpers.nl\/fr\/2016\/05\/witteman-is-de-etappe-eh-weg-kwijt\/","url_meta":{"origin":96035,"position":4},"title":"Podium Witteman a perdu l'\u00e9tape, euh, la voie.","author":"Frans van Hilten","date":"3 mai 2016","format":false,"excerpt":"Het hele jaar door besteedt de publieke omroep veel tijd aan sport. Voor WK, Tour of Spelen worden cultuuruitzendingen wekenlang zonder pardon afgelast. If you can\u2019t beat them, join them, moet Paul Witteman gedacht hebben, of wellicht stelden de kijkcijfers teleur, want hij wijdde 1 mei een hele uitzending Podium\u2026","rel":"","context":"Dans &quot;MUZIEK&quot;","block_context":{"text":"MUZIEK","link":"https:\/\/staging.cultuurpers.nl\/fr\/genre\/podiumkunst\/muziek-podiumkunst-2\/"},"img":{"alt_text":"","src":"https:\/\/i0.wp.com\/staging.cultuurpers.nl\/wp-content\/uploads\/2016\/05\/Witteman-wieler2.jpg?resize=350%2C200&ssl=1","width":350,"height":200,"srcset":"https:\/\/i0.wp.com\/staging.cultuurpers.nl\/wp-content\/uploads\/2016\/05\/Witteman-wieler2.jpg?resize=350%2C200&ssl=1 1x, https:\/\/i0.wp.com\/staging.cultuurpers.nl\/wp-content\/uploads\/2016\/05\/Witteman-wieler2.jpg?resize=525%2C300&ssl=1 1.5x, https:\/\/i0.wp.com\/staging.cultuurpers.nl\/wp-content\/uploads\/2016\/05\/Witteman-wieler2.jpg?resize=700%2C400&ssl=1 2x"},"classes":[]},{"id":63305,"url":"https:\/\/staging.cultuurpers.nl\/fr\/2020\/01\/waarom-vpro-mondo-een-programma-is-om-te-koesteren\/","url_meta":{"origin":96035,"position":5},"title":"Pourquoi VPRO Mondo est un programme \u00e0 ch\u00e9rir","author":"Wijbrand Schaap","date":"27 janvier 2020","format":false,"excerpt":"In de jaren negentig van de vorige eeuw was de BBC 2 voor mij een reden om thuis te blijven. Het ging dan even niet om de afleveringen van Star Trek die ze bleven uitzenden, terwijl de Nederlandse tv elke vorm van verbeelding probeerde buiten te sluiten. Nee, het had\u2026","rel":"","context":"Dans &quot;MEDIA&quot;","block_context":{"text":"MEDIA","link":"https:\/\/staging.cultuurpers.nl\/fr\/genre\/media\/"},"img":{"alt_text":"","src":"https:\/\/i0.wp.com\/staging.cultuurpers.nl\/wp-content\/uploads\/2020\/01\/Schermafdruk_2020-01-27_17-43-30.png?resize=350%2C200&ssl=1","width":350,"height":200,"srcset":"https:\/\/i0.wp.com\/staging.cultuurpers.nl\/wp-content\/uploads\/2020\/01\/Schermafdruk_2020-01-27_17-43-30.png?resize=350%2C200&ssl=1 1x, https:\/\/i0.wp.com\/staging.cultuurpers.nl\/wp-content\/uploads\/2020\/01\/Schermafdruk_2020-01-27_17-43-30.png?resize=525%2C300&ssl=1 1.5x, https:\/\/i0.wp.com\/staging.cultuurpers.nl\/wp-content\/uploads\/2020\/01\/Schermafdruk_2020-01-27_17-43-30.png?resize=700%2C400&ssl=1 2x, https:\/\/i0.wp.com\/staging.cultuurpers.nl\/wp-content\/uploads\/2020\/01\/Schermafdruk_2020-01-27_17-43-30.png?resize=1050%2C600&ssl=1 3x"},"classes":[]}],"jetpack_shortlink":"https:\/\/wp.me\/p3yKke-oYX","jetpack_sharing_enabled":true,"_links":{"self":[{"href":"https:\/\/staging.cultuurpers.nl\/fr\/wp-json\/wp\/v2\/posts\/96035","targetHints":{"allow":["GET"]}}],"collection":[{"href":"https:\/\/staging.cultuurpers.nl\/fr\/wp-json\/wp\/v2\/posts"}],"about":[{"href":"https:\/\/staging.cultuurpers.nl\/fr\/wp-json\/wp\/v2\/types\/post"}],"author":[{"embeddable":true,"href":"https:\/\/staging.cultuurpers.nl\/fr\/wp-json\/wp\/v2\/users\/4"}],"replies":[{"embeddable":true,"href":"https:\/\/staging.cultuurpers.nl\/fr\/wp-json\/wp\/v2\/comments?post=96035"}],"version-history":[{"count":2,"href":"https:\/\/staging.cultuurpers.nl\/fr\/wp-json\/wp\/v2\/posts\/96035\/revisions"}],"predecessor-version":[{"id":96039,"href":"https:\/\/staging.cultuurpers.nl\/fr\/wp-json\/wp\/v2\/posts\/96035\/revisions\/96039"}],"wp:featuredmedia":[{"embeddable":true,"href":"https:\/\/staging.cultuurpers.nl\/fr\/wp-json\/wp\/v2\/media\/96036"}],"wp:attachment":[{"href":"https:\/\/staging.cultuurpers.nl\/fr\/wp-json\/wp\/v2\/media?parent=96035"}],"wp:term":[{"taxonomy":"category","embeddable":true,"href":"https:\/\/staging.cultuurpers.nl\/fr\/wp-json\/wp\/v2\/categories?post=96035"},{"taxonomy":"post_tag","embeddable":true,"href":"https:\/\/staging.cultuurpers.nl\/fr\/wp-json\/wp\/v2\/tags?post=96035"}],"curies":[{"name":"wp","href":"https:\/\/api.w.org\/{rel}","templated":true}]}}